{"id":135762,"date":"2026-03-08T13:33:19","date_gmt":"2026-03-08T16:33:19","guid":{"rendered":"https:\/\/historiadofutebol.com\/blog\/?p=135762"},"modified":"2026-03-08T13:33:32","modified_gmt":"2026-03-08T16:33:32","slug":"escudo-raro-de-1926-ypiranga-futebol-clube-campinas-sp","status":"publish","type":"post","link":"https:\/\/historiadofutebol.com\/blog\/?p=135762","title":{"rendered":"Escudo raro de 1926: Ypiranga Futebol Clube &#8211; Campinas (SP)"},"content":{"rendered":"<div class=\"wp-block-image\">\n<figure class=\"aligncenter size-large\"><img loading=\"lazy\" decoding=\"async\" width=\"500\" height=\"328\" src=\"https:\/\/historiadofutebol.com\/blog\/wp-content\/uploads\/2026\/03\/YFC-500x328.jpg\" alt=\"\" class=\"wp-image-135763\" srcset=\"https:\/\/historiadofutebol.com\/blog\/wp-content\/uploads\/2026\/03\/YFC-500x328.jpg 500w, https:\/\/historiadofutebol.com\/blog\/wp-content\/uploads\/2026\/03\/YFC-300x197.jpg 300w, https:\/\/historiadofutebol.com\/blog\/wp-content\/uploads\/2026\/03\/YFC-768x505.jpg 768w, https:\/\/historiadofutebol.com\/blog\/wp-content\/uploads\/2026\/03\/YFC-624x410.jpg 624w, https:\/\/historiadofutebol.com\/blog\/wp-content\/uploads\/2026\/03\/YFC.jpg 997w\" sizes=\"auto, (max-width: 500px) 100vw, 500px\" \/><\/figure><\/div>\n\n\n<h2 class=\"wp-block-heading\"><strong><em><mark style=\"background-color:rgba(0, 0, 0, 0);color:#094f1a\" class=\"has-inline-color\">Por S\u00e9rgio Mello<\/mark><\/em><\/strong><\/h2>\n\n\n\n<p><mark style=\"background-color:rgba(0, 0, 0, 0);color:#000000\" class=\"has-inline-color\">O <strong><em>Ypiranga Futebol<\/em><\/strong> <strong><em>Clube<\/em><\/strong> foi uma agremia\u00e7\u00e3o da cidade de Campinas, que fica no Interior do estado de S\u00e3o Paulo. Com uma popula\u00e7\u00e3o de <strong><em>1.139.047 habitantes<\/em><\/strong>, segundo o Censo do <strong><em>IBGE<\/em><\/strong> <em>(Instituto Brasileiro de Geografia e Estat\u00edstica)<\/em>, de <strong><em>2022<\/em><\/strong>, fica a 99 km da capital paulista.<\/mark><\/p>\n\n\n\n<p><mark style=\"background-color:rgba(0, 0, 0, 0);color:#000000\" class=\"has-inline-color\">A hist\u00f3ria come\u00e7ou em <strong><em>mar\u00e7o de 1911<\/em><\/strong>, quando um grupo formado por militantes e alunos do <strong><em>Externato S\u00e3o Jo\u00e3o<\/em><\/strong> apaixonados pelo <em>\u2018Esporte Bret\u00e3o\u2019<\/em> resolveram fundar o <strong><em>Ypiranga Foot Ball Club<\/em><\/strong>.<\/mark><\/p>\n\n\n\n<p><mark style=\"background-color:rgba(0, 0, 0, 0);color:#000000\" class=\"has-inline-color\">O clube rapidamente cresceu e a diretoria entendeu que era necess\u00e1rio reorganizar o clube, a fim de que a agremia\u00e7\u00e3o pudesse dar \u201c<em>voos mais altos<\/em>\u201d, e assim aconteceu<strong><em> no domingo, do dia 19 de outubro de 1913<\/em><\/strong>. Vale registrar que esta \u00e9 a <strong><em>data oficial de funda\u00e7\u00e3o<\/em><\/strong> que consta nos documentos arquivados na prefeitura de Campinas.<\/mark><\/p>\n\n\n\n<p><mark style=\"background-color:rgba(0, 0, 0, 0);color:#000000\" class=\"has-inline-color\">Em rela\u00e7\u00e3o a <strong><em>Sede social<\/em><\/strong> h\u00e1 <em>dois registros<\/em>: em <strong><em>1925<\/em><\/strong>, ficava na <strong><em>Avenida (atual: Rua) Sete de Setembro, s\/n, no bairro da Vila Industrial<\/em><\/strong>. A segunda, em <strong><em>1927<\/em><\/strong>, era situada na<strong><em> Avenida Jo\u00e3o Jorge, n\u00ba 93, tamb\u00e9m na Vila Industrial, em Campinas\/SP<\/em><\/strong>.<\/mark><\/p>\n\n\n<div class=\"wp-block-image\">\n<figure class=\"aligncenter size-large\"><img loading=\"lazy\" decoding=\"async\" width=\"225\" height=\"500\" src=\"https:\/\/historiadofutebol.com\/blog\/wp-content\/uploads\/2026\/03\/YPIRANGA-225x500.jpg\" alt=\"\" class=\"wp-image-135764\" srcset=\"https:\/\/historiadofutebol.com\/blog\/wp-content\/uploads\/2026\/03\/YPIRANGA-225x500.jpg 225w, https:\/\/historiadofutebol.com\/blog\/wp-content\/uploads\/2026\/03\/YPIRANGA-135x300.jpg 135w, https:\/\/historiadofutebol.com\/blog\/wp-content\/uploads\/2026\/03\/YPIRANGA.jpg 561w\" sizes=\"auto, (max-width: 225px) 100vw, 225px\" \/><\/figure><\/div>\n\n\n<h2 class=\"wp-block-heading\"><strong><em><mark style=\"background-color:rgba(0, 0, 0, 0);color:#000000\" class=\"has-inline-color\">Cinco vezes no Paulista do Interior<\/mark><\/em><\/strong><\/h2>\n\n\n\n<p><mark style=\"background-color:rgba(0, 0, 0, 0);color:#000000\" class=\"has-inline-color\">Disputou <strong><em>cinco edi\u00e7\u00f5es<\/em><\/strong> do <strong><em>Campeonato Paulista do Interior<\/em><\/strong>: <em>tr\u00eas organizada<\/em> pela <strong><em>APEA<\/em><\/strong><em> (Associa\u00e7\u00e3o Paulista de Esportes Atl\u00e9ticos),<\/em> em <strong><em>1926<\/em><\/strong>, <strong><em>1927<\/em><\/strong> e <strong><em>1933<\/em><\/strong>; e duas pela <strong><em>LAF<\/em><\/strong> <em>(Liga de Amadores de Football)<\/em>, em <strong><em>1928<\/em><\/strong> e <strong><em>1929<\/em><\/strong>. \u00a0<\/mark><\/p>\n\n\n<div class=\"wp-block-image\">\n<figure class=\"aligncenter size-large\"><img loading=\"lazy\" decoding=\"async\" width=\"500\" height=\"113\" src=\"https:\/\/historiadofutebol.com\/blog\/wp-content\/uploads\/2026\/03\/578d24ca-a944-47c5-af32-96ca30cd6a03-500x113.jpg\" alt=\"\" class=\"wp-image-135765\" srcset=\"https:\/\/historiadofutebol.com\/blog\/wp-content\/uploads\/2026\/03\/578d24ca-a944-47c5-af32-96ca30cd6a03-500x113.jpg 500w, https:\/\/historiadofutebol.com\/blog\/wp-content\/uploads\/2026\/03\/578d24ca-a944-47c5-af32-96ca30cd6a03-300x68.jpg 300w, https:\/\/historiadofutebol.com\/blog\/wp-content\/uploads\/2026\/03\/578d24ca-a944-47c5-af32-96ca30cd6a03-768x173.jpg 768w, https:\/\/historiadofutebol.com\/blog\/wp-content\/uploads\/2026\/03\/578d24ca-a944-47c5-af32-96ca30cd6a03-624x141.jpg 624w, https:\/\/historiadofutebol.com\/blog\/wp-content\/uploads\/2026\/03\/578d24ca-a944-47c5-af32-96ca30cd6a03.jpg 1384w\" sizes=\"auto, (max-width: 500px) 100vw, 500px\" \/><\/figure><\/div>\n\n\n<p><strong><mark style=\"background-color:rgba(0, 0, 0, 0);color:#0b5d1a\" class=\"has-inline-color\"><em><u>ARTE<\/u>:<\/em><\/mark><\/strong><em><mark style=\"background-color:rgba(0, 0, 0, 0);color:#0b5d1a\" class=\"has-inline-color\"> desenho do escudo e uniforme \u2013 S\u00e9rgio Mello<\/mark><\/em><\/p>\n\n\n\n<p><strong><mark style=\"background-color:rgba(0, 0, 0, 0);color:#8c7e0e\" class=\"has-inline-color\"><em><u>FOTO<\/u>: <\/em><\/mark><\/strong><em><mark style=\"background-color:rgba(0, 0, 0, 0);color:#8c7e0e\" class=\"has-inline-color\">Rio Sportivo (RJ)<\/mark><\/em><\/p>\n\n\n\n<p><strong><mark style=\"background-color:rgba(0, 0, 0, 0);color:#0b6f1d\" class=\"has-inline-color\"><em><u>FONTES<\/u>: <\/em><\/mark><\/strong><em><mark style=\"background-color:rgba(0, 0, 0, 0);color:#0b6f1d\" class=\"has-inline-color\">Pesquisadores e Historiadores, Mois\u00e9s H. Cunha e Fernando Pereira \u2013 Enciclop\u00e9dia do Futebol Paulista<\/mark><\/em><\/p>\n","protected":false},"excerpt":{"rendered":"<p>Por S\u00e9rgio Mello O Ypiranga Futebol Clube foi uma agremia\u00e7\u00e3o da cidade de Campinas, que fica no Interior do estado de S\u00e3o Paulo. Com uma popula\u00e7\u00e3o de 1.139.047 habitantes, segundo o Censo do IBGE (Instituto Brasileiro de Geografia e Estat\u00edstica), de 2022, fica a 99 km da capital paulista. A hist\u00f3ria come\u00e7ou em mar\u00e7o de [&hellip;]<\/p>\n","protected":false},"author":55,"featured_media":0,"comment_status":"open","ping_status":"closed","sticky":false,"template":"","format":"standard","meta":{"footnotes":""},"categories":[203,531,926,83,59,345,3,51],"tags":[],"class_list":["post-135762","post","type-post","status-publish","format-standard","hentry","category-sergio-mello","category-carencias","category-clubes-de-futebol","category-x9-curiosidades","category-escudos","category-fotos-historicas","category-historia-do-futebol","category-sao-paulo"],"_links":{"self":[{"href":"https:\/\/historiadofutebol.com\/blog\/index.php?rest_route=\/wp\/v2\/posts\/135762","targetHints":{"allow":["GET"]}}],"collection":[{"href":"https:\/\/historiadofutebol.com\/blog\/index.php?rest_route=\/wp\/v2\/posts"}],"about":[{"href":"https:\/\/historiadofutebol.com\/blog\/index.php?rest_route=\/wp\/v2\/types\/post"}],"author":[{"embeddable":true,"href":"https:\/\/historiadofutebol.com\/blog\/index.php?rest_route=\/wp\/v2\/users\/55"}],"replies":[{"embeddable":true,"href":"https:\/\/historiadofutebol.com\/blog\/index.php?rest_route=%2Fwp%2Fv2%2Fcomments&post=135762"}],"version-history":[{"count":2,"href":"https:\/\/historiadofutebol.com\/blog\/index.php?rest_route=\/wp\/v2\/posts\/135762\/revisions"}],"predecessor-version":[{"id":135767,"href":"https:\/\/historiadofutebol.com\/blog\/index.php?rest_route=\/wp\/v2\/posts\/135762\/revisions\/135767"}],"wp:attachment":[{"href":"https:\/\/historiadofutebol.com\/blog\/index.php?rest_route=%2Fwp%2Fv2%2Fmedia&parent=135762"}],"wp:term":[{"taxonomy":"category","embeddable":true,"href":"https:\/\/historiadofutebol.com\/blog\/index.php?rest_route=%2Fwp%2Fv2%2Fcategories&post=135762"},{"taxonomy":"post_tag","embeddable":true,"href":"https:\/\/historiadofutebol.com\/blog\/index.php?rest_route=%2Fwp%2Fv2%2Ftags&post=135762"}],"curies":[{"name":"wp","href":"https:\/\/api.w.org\/{rel}","templated":true}]}}