{"id":135752,"date":"2026-03-07T00:09:40","date_gmt":"2026-03-07T03:09:40","guid":{"rendered":"https:\/\/historiadofutebol.com\/blog\/?p=135752"},"modified":"2026-03-07T01:02:27","modified_gmt":"2026-03-07T04:02:27","slug":"barreira-do-andarai-futebol-clube-rio-de-janeiro-rj-revelou-o-craque-evaristo-de-macedo","status":"publish","type":"post","link":"https:\/\/historiadofutebol.com\/blog\/?p=135752","title":{"rendered":"Barreira do Andara\u00ed Futebol Clube &#8211; Rio de Janeiro (RJ): revelou o craque Evaristo de Macedo!"},"content":{"rendered":"\n<h2 class=\"wp-block-heading\"><strong><em><mark style=\"background-color:rgba(0, 0, 0, 0);color:#000000\" class=\"has-inline-color\">Por S\u00e9rgio Mello<\/mark><\/em><\/strong><\/h2>\n\n\n<div class=\"wp-block-image\">\n<figure class=\"aligncenter size-large\"><img loading=\"lazy\" decoding=\"async\" width=\"500\" height=\"203\" src=\"https:\/\/historiadofutebol.com\/blog\/wp-content\/uploads\/2026\/03\/Barreira-do-Andarai-FC-1938-500x203.jpg\" alt=\"\" class=\"wp-image-135753\" srcset=\"https:\/\/historiadofutebol.com\/blog\/wp-content\/uploads\/2026\/03\/Barreira-do-Andarai-FC-1938-500x203.jpg 500w, https:\/\/historiadofutebol.com\/blog\/wp-content\/uploads\/2026\/03\/Barreira-do-Andarai-FC-1938-300x122.jpg 300w, https:\/\/historiadofutebol.com\/blog\/wp-content\/uploads\/2026\/03\/Barreira-do-Andarai-FC-1938-768x311.jpg 768w, https:\/\/historiadofutebol.com\/blog\/wp-content\/uploads\/2026\/03\/Barreira-do-Andarai-FC-1938-624x253.jpg 624w, https:\/\/historiadofutebol.com\/blog\/wp-content\/uploads\/2026\/03\/Barreira-do-Andarai-FC-1938.jpg 1512w\" sizes=\"auto, (max-width: 500px) 100vw, 500px\" \/><\/figure><\/div>\n\n\n<p><mark style=\"background-color:rgba(0, 0, 0, 0);color:#000000\" class=\"has-inline-color\">O <strong><em>Barreira do Andara\u00ed Futebol Clube<\/em><\/strong> foi uma agremia\u00e7\u00e3o da cidade do Rio de Janeiro (RJ). <strong><em>Fundado no s\u00e1bado, do dia 20 de Agosto de 1938<\/em><\/strong>, inspirado por <em>Jo\u00e3o de Barros Rainha<\/em>, tinha a sua <strong><em>Sede social<\/em><\/strong>, localizado na <strong><em>Rua Leopoldo, n\u00ba 991 (come\u00e7o do morro Arrelia) &#8211; Andara\u00ed, na Zona Norte do Rio (RJ)<\/em><\/strong>.&nbsp;<\/mark><\/p>\n\n\n\n<p><mark style=\"background-color:rgba(0, 0, 0, 0);color:#000000\" class=\"has-inline-color\">As suas cores eram o <strong><em>preto<\/em><\/strong> e o <strong><em>branco<\/em><\/strong>. O <strong><em>1\u00ba uniforme<\/em><\/strong> em homenagem ao <strong><em>Vasco da Gama<\/em><\/strong>, enquanto o segundo, em homenagem ao <strong><em>Botafogo<\/em><\/strong>. O seu <strong><em>1\u00ba S\u00f3cio<\/em><\/strong> foi <em>Jo\u00e3o Barros Rainha<\/em>.<\/mark><\/p>\n\n\n<div class=\"wp-block-image\">\n<figure class=\"aligncenter size-large is-resized\"><img loading=\"lazy\" decoding=\"async\" width=\"500\" height=\"295\" src=\"https:\/\/historiadofutebol.com\/blog\/wp-content\/uploads\/2026\/03\/Barreira-do-Andarai-FC-500x295.jpg\" alt=\"\" class=\"wp-image-135759\" style=\"width:655px;height:auto\" srcset=\"https:\/\/historiadofutebol.com\/blog\/wp-content\/uploads\/2026\/03\/Barreira-do-Andarai-FC-500x295.jpg 500w, https:\/\/historiadofutebol.com\/blog\/wp-content\/uploads\/2026\/03\/Barreira-do-Andarai-FC-300x177.jpg 300w, https:\/\/historiadofutebol.com\/blog\/wp-content\/uploads\/2026\/03\/Barreira-do-Andarai-FC-624x368.jpg 624w, https:\/\/historiadofutebol.com\/blog\/wp-content\/uploads\/2026\/03\/Barreira-do-Andarai-FC.jpg 662w\" sizes=\"auto, (max-width: 500px) 100vw, 500px\" \/><figcaption class=\"wp-element-caption\"><mark style=\"background-color:rgba(0, 0, 0, 0);color:#15136f\" class=\"has-inline-color\">Vista da sede do <strong>Barreira do Andara\u00ed F. C.<\/strong>, no momento interditado, em face do pouco caso da diretoria anterior. Os atuais diretores est\u00e3o lutando para obter a alvar\u00e1 de funcionamento.<\/mark><\/figcaption><\/figure><\/div>\n\n\n<h2 class=\"wp-block-heading\"><strong><mark style=\"background-color:rgba(0, 0, 0, 0);color:#000000\" class=\"has-inline-color\">Primeira Diretoria<\/mark><\/strong><\/h2>\n\n\n\n<p><strong><em>Presidente &#8211;<\/em><\/strong><em> Jo\u00e3o Dutra Barbosa<\/em>;<\/p>\n\n\n\n<p><strong><em>Vice-presidente &#8211;<\/em><\/strong><em> \u00c1lvaro Pereira de Ara\u00fajo<\/em>;<\/p>\n\n\n\n<p><strong><em>1\u00ba Secret\u00e1rio &#8211;<\/em><\/strong><em> Jo\u00e3o Barros Rainha<\/em>;<\/p>\n\n\n\n<p><strong><em>2\u00ba Secret\u00e1rio &#8211;<\/em><\/strong><em> \u00c1lvaro Pinto dos Santos<\/em>;<\/p>\n\n\n\n<p><strong><em>1\u00ba Tesoureiro &#8211;<\/em><\/strong><em> Eduardo Gon\u00e7alves de Moura<\/em>;<\/p>\n\n\n\n<p><strong><em>2\u00ba Tesoureiro &#8211;<\/em><\/strong><em> Bronliliber Vale da Fonseca<\/em>;<\/p>\n\n\n\n<p><strong><em>1\u00ba Procurador &#8211;<\/em><\/strong><em> Odillo Jos\u00e9 Quintanilha<\/em>;<\/p>\n\n\n\n<p><strong><em>2\u00ba Procurador &#8211;<\/em><\/strong><em> Sebasti\u00e3o Belis\u00e1rio<\/em>;<\/p>\n\n\n\n<p><strong><em>Diretor de Esportes &#8211;<\/em><\/strong><em> Isaltino Ant\u00f4nio de Oliveira<\/em>.<\/p>\n\n\n\n<p><mark style=\"background-color:rgba(0, 0, 0, 0);color:#000000\" class=\"has-inline-color\">Em <strong><em>1968<\/em><\/strong>, o clube contava com <strong><em>200 s\u00f3cios contribuintes<\/em><\/strong>, com o valor<strong><em> NCr$ 0,20 (vinte centavos de cruzeiros novos)<\/em><\/strong>. O clube contava com as categorias de <em>Aspirantes<\/em> e <em>Amadores<\/em>. Al\u00e9m do futebol, o clube oferecia <em>Bailes<\/em>, <em>jogos de sal\u00e3o e voleibol<\/em>.<\/mark><\/p>\n\n\n<div class=\"wp-block-image\">\n<figure class=\"aligncenter size-large\"><img loading=\"lazy\" decoding=\"async\" width=\"500\" height=\"465\" src=\"https:\/\/historiadofutebol.com\/blog\/wp-content\/uploads\/2026\/03\/evaristo2-500x465.jpg\" alt=\"\" class=\"wp-image-135754\" srcset=\"https:\/\/historiadofutebol.com\/blog\/wp-content\/uploads\/2026\/03\/evaristo2-500x465.jpg 500w, https:\/\/historiadofutebol.com\/blog\/wp-content\/uploads\/2026\/03\/evaristo2-300x279.jpg 300w, https:\/\/historiadofutebol.com\/blog\/wp-content\/uploads\/2026\/03\/evaristo2-768x714.jpg 768w, https:\/\/historiadofutebol.com\/blog\/wp-content\/uploads\/2026\/03\/evaristo2-624x580.jpg 624w, https:\/\/historiadofutebol.com\/blog\/wp-content\/uploads\/2026\/03\/evaristo2.jpg 1000w\" sizes=\"auto, (max-width: 500px) 100vw, 500px\" \/><figcaption class=\"wp-element-caption\"><mark style=\"background-color:rgba(0, 0, 0, 0);color:#1d0c78\" class=\"has-inline-color\">Evaristo em dois momentos: \u00e0 esquerda com a camisa do Barcelona e \u00e0 direita com o Real Madrid<\/mark><\/figcaption><\/figure><\/div>\n\n\n<h2 class=\"wp-block-heading\"><strong><mark style=\"background-color:rgba(0, 0, 0, 0);color:#000000\" class=\"has-inline-color\">Craque e \u00eddolo do Barcelona e Real Madrid come\u00e7ou no Barreira do Andara\u00ed<\/mark><\/strong><\/h2>\n\n\n\n<p><mark style=\"background-color:rgba(0, 0, 0, 0);color:#000000\" class=\"has-inline-color\">Esse modesto clube, sem nenhum t\u00edtulo conquistado, talvez passaria em branco, se no seu curr\u00edculo n\u00e3o constasse um dos maiores jogadores do Brasil e mundo: <em>Evaristo de Macedo<\/em>, que passou pelo <strong><em>Madureira (1950-52)<\/em><\/strong>, <strong><em>Flamengo (1953-57 e 1964-66)<\/em><\/strong>, <strong><em>Sele\u00e7\u00e3o Brasileira (1955-57)<\/em><\/strong>, <strong><em>Barcelona\/ESP (1957-62)<\/em><\/strong> e <strong><em>Real Madrid\/ESP (1962-64)<\/em><\/strong>.<\/mark><\/p>\n\n\n\n<p><mark style=\"background-color:rgba(0, 0, 0, 0);color:#000000\" class=\"has-inline-color\">Evaristo, ent\u00e3o morando no <em>bairro do Graja\u00fa<\/em>, come\u00e7ou a jogar futebol com os rapazes do <em>morro da Arrelia<\/em>. Era o <em>meia direita<\/em> efetivo do <strong><em>Barreira do Andara\u00ed<\/em><\/strong>. A partir de 1950, come\u00e7ou no Madureira aos 17 anos, trilhando uma carreira rica em talento e grandes conquistas. Outro craque que saiu do Barreira do Andara\u00ed foi <em>Jorge Costa<\/em>, que jogou no <strong><em>Fluminense<\/em><\/strong>.<\/mark><\/p>\n\n\n<div class=\"wp-block-image\">\n<figure class=\"aligncenter size-large is-resized\"><img loading=\"lazy\" decoding=\"async\" width=\"500\" height=\"359\" src=\"https:\/\/historiadofutebol.com\/blog\/wp-content\/uploads\/2026\/03\/A-Manha-RJ-Foto-Barreira-do-Andarai-1952-500x359.jpg\" alt=\"\" class=\"wp-image-135755\" style=\"width:655px;height:auto\" srcset=\"https:\/\/historiadofutebol.com\/blog\/wp-content\/uploads\/2026\/03\/A-Manha-RJ-Foto-Barreira-do-Andarai-1952-500x359.jpg 500w, https:\/\/historiadofutebol.com\/blog\/wp-content\/uploads\/2026\/03\/A-Manha-RJ-Foto-Barreira-do-Andarai-1952-300x215.jpg 300w, https:\/\/historiadofutebol.com\/blog\/wp-content\/uploads\/2026\/03\/A-Manha-RJ-Foto-Barreira-do-Andarai-1952-768x551.jpg 768w, https:\/\/historiadofutebol.com\/blog\/wp-content\/uploads\/2026\/03\/A-Manha-RJ-Foto-Barreira-do-Andarai-1952-624x448.jpg 624w, https:\/\/historiadofutebol.com\/blog\/wp-content\/uploads\/2026\/03\/A-Manha-RJ-Foto-Barreira-do-Andarai-1952.jpg 1105w\" sizes=\"auto, (max-width: 500px) 100vw, 500px\" \/><figcaption class=\"wp-element-caption\"><strong>Foto de 1952<\/strong><\/figcaption><\/figure><\/div>\n\n\n<h2 class=\"wp-block-heading\"><strong><mark style=\"background-color:rgba(0, 0, 0, 0);color:#000000\" class=\"has-inline-color\">Filiou no DA<\/mark><\/strong><\/h2>\n\n\n\n<p><mark style=\"background-color:rgba(0, 0, 0, 0);color:#000000\" class=\"has-inline-color\"><em>Na sexta-feira, do dia 27 de junho de 1952<\/em>, iniciou o processo para se filiar ao<em> <strong>Departamento Aut\u00f4nomo<\/strong> <strong>(DA)<\/strong>, <\/em>da<em> <strong>Federa\u00e7\u00e3o Metropolitana de Futebol (FMF)<\/strong>. <\/em>No entanto, a filia\u00e7\u00e3o s\u00f3 aconteceu, de forma oficial, quase dois anos depois: <em>na sexta-feira, do dia 11 de junho de 1954<\/em>. Na <em>d\u00e9cada de 50<\/em>, o clube j\u00e1 possu\u00eda a sua <em>Pra\u00e7a de Esportes<\/em>. Disputou duas edi\u00e7\u00f5es do <strong><em>Campeonato Tribuna da Imprensa<\/em><\/strong>: <strong><em>1958<\/em><\/strong> e <strong><em>1960<\/em><\/strong>.<\/mark><\/p>\n\n\n<div class=\"wp-block-image\">\n<figure class=\"aligncenter size-large\"><img loading=\"lazy\" decoding=\"async\" width=\"331\" height=\"500\" src=\"https:\/\/historiadofutebol.com\/blog\/wp-content\/uploads\/2026\/03\/A-Manha-RJ-Foto-Barreira-do-Andarai-1952-3-331x500.jpg\" alt=\"\" class=\"wp-image-135756\" srcset=\"https:\/\/historiadofutebol.com\/blog\/wp-content\/uploads\/2026\/03\/A-Manha-RJ-Foto-Barreira-do-Andarai-1952-3-331x500.jpg 331w, https:\/\/historiadofutebol.com\/blog\/wp-content\/uploads\/2026\/03\/A-Manha-RJ-Foto-Barreira-do-Andarai-1952-3-199x300.jpg 199w, https:\/\/historiadofutebol.com\/blog\/wp-content\/uploads\/2026\/03\/A-Manha-RJ-Foto-Barreira-do-Andarai-1952-3-768x1160.jpg 768w, https:\/\/historiadofutebol.com\/blog\/wp-content\/uploads\/2026\/03\/A-Manha-RJ-Foto-Barreira-do-Andarai-1952-3-1017x1536.jpg 1017w, https:\/\/historiadofutebol.com\/blog\/wp-content\/uploads\/2026\/03\/A-Manha-RJ-Foto-Barreira-do-Andarai-1952-3-624x943.jpg 624w, https:\/\/historiadofutebol.com\/blog\/wp-content\/uploads\/2026\/03\/A-Manha-RJ-Foto-Barreira-do-Andarai-1952-3.jpg 1065w\" sizes=\"auto, (max-width: 331px) 100vw, 331px\" \/><\/figure><\/div>\n\n\n<h2 class=\"wp-block-heading\"><strong><mark style=\"background-color:rgba(0, 0, 0, 0);color:#000000\" class=\"has-inline-color\">Barreira do Andara\u00ed aplicou goleada de 15 a 0<\/mark><\/strong><\/h2>\n\n\n\n<p><mark style=\"background-color:rgba(0, 0, 0, 0);color:#000000\" class=\"has-inline-color\"><em>No domingo, do dia 08 de junho de 1952<\/em>, o <strong><em>Barreira do Andara\u00ed<\/em><\/strong> n\u00e3o teve d\u00f3 e goleou o <strong><em>Horizonte Futebol Clube<\/em><\/strong> espetacularmente pelo placar de <strong><em>15 a 0<\/em><\/strong>. Na preliminar, disputada entre as equipes de aspirantes, terminou com a vit\u00f3ria do <strong><em>Horizonte<\/em><\/strong> pelo escore de <strong><em>2 a 1<\/em><\/strong>.<\/mark><\/p>\n\n\n\n<p><mark style=\"background-color:rgba(0, 0, 0, 0);color:#000000\" class=\"has-inline-color\">O quadro do <strong><em>Barreira do Andara\u00ed<\/em><\/strong>, foi o seguinte: <em>Everaldo; Ja\u00fa e Vani: Zezinho Cabe\u00e7\u00e3o, Picol\u00e9 e Rubinho; Artur, Clovis, Arubinha, Evati, Evaristo e Peixinho<\/em>.<\/mark><\/p>\n\n\n\n<p><mark style=\"background-color:rgba(0, 0, 0, 0);color:#000000\" class=\"has-inline-color\">Os tentos do quadro vencedor foram assinalados: por <em>Clovis<\/em> e <em>Peixinho<\/em>, com quatro tentos cada; <em>Arubinha<\/em>, tr\u00eas gols; <em>Evaristo<\/em>, duas vezes; <em>Picol\u00e9<\/em> e <em>Artur<\/em>, com um tento cada.<\/mark><\/p>\n\n\n<div class=\"wp-block-image\">\n<figure class=\"aligncenter size-large is-resized\"><img loading=\"lazy\" decoding=\"async\" width=\"500\" height=\"288\" src=\"https:\/\/historiadofutebol.com\/blog\/wp-content\/uploads\/2026\/03\/Tribuna-da-Imprensa-RJ-1958-Barreira-do-Andarai-500x288.jpg\" alt=\"\" class=\"wp-image-135757\" style=\"width:655px;height:auto\" srcset=\"https:\/\/historiadofutebol.com\/blog\/wp-content\/uploads\/2026\/03\/Tribuna-da-Imprensa-RJ-1958-Barreira-do-Andarai-500x288.jpg 500w, https:\/\/historiadofutebol.com\/blog\/wp-content\/uploads\/2026\/03\/Tribuna-da-Imprensa-RJ-1958-Barreira-do-Andarai-300x173.jpg 300w, https:\/\/historiadofutebol.com\/blog\/wp-content\/uploads\/2026\/03\/Tribuna-da-Imprensa-RJ-1958-Barreira-do-Andarai-768x442.jpg 768w, https:\/\/historiadofutebol.com\/blog\/wp-content\/uploads\/2026\/03\/Tribuna-da-Imprensa-RJ-1958-Barreira-do-Andarai-1536x885.jpg 1536w, https:\/\/historiadofutebol.com\/blog\/wp-content\/uploads\/2026\/03\/Tribuna-da-Imprensa-RJ-1958-Barreira-do-Andarai-624x359.jpg 624w, https:\/\/historiadofutebol.com\/blog\/wp-content\/uploads\/2026\/03\/Tribuna-da-Imprensa-RJ-1958-Barreira-do-Andarai.jpg 1587w\" sizes=\"auto, (max-width: 500px) 100vw, 500px\" \/><figcaption class=\"wp-element-caption\"><strong><mark style=\"background-color:rgba(0, 0, 0, 0);color:#000000\" class=\"has-inline-color\">Foto de 1958<\/mark><\/strong><\/figcaption><\/figure><\/div>\n\n\n<h2 class=\"wp-block-heading\"><strong><mark style=\"background-color:rgba(0, 0, 0, 0);color:#000000\" class=\"has-inline-color\">Anos 60: tempos dif\u00edceis<\/mark><\/strong><\/h2>\n\n\n\n<p><mark style=\"background-color:rgba(0, 0, 0, 0);color:#000000\" class=\"has-inline-color\">Em <strong><em>1968<\/em><\/strong>, o modesto clube passava por dificuldades. A sede era alugada, onde o clube tentava reabri-la, gra\u00e7as a neglig\u00eancia da diretoria anterior. Apesar de lutar com muita dificuldade, o <strong><em>Barreira do Andara\u00ed Futebol Clube<\/em><\/strong> pretendia disputar os campeonatos do <strong><em>Departamento Aut\u00f4nomo<\/em><\/strong>.<\/mark><\/p>\n\n\n\n<p><mark style=\"background-color:rgba(0, 0, 0, 0);color:#000000\" class=\"has-inline-color\">O <strong><em>clube<\/em><\/strong> chegou a realizar algumas partidas amistosas a fim de os atletas n\u00e3o perdessem a forma f\u00edsica. Apesar de todo o esfor\u00e7o, o clube acabou sucumbindo, deixando \u00f3rf\u00e3o os moradores <em>Arrelia<\/em>.<\/mark><\/p>\n\n\n<div class=\"wp-block-image\">\n<figure class=\"aligncenter size-large\"><img loading=\"lazy\" decoding=\"async\" width=\"468\" height=\"500\" src=\"https:\/\/historiadofutebol.com\/blog\/wp-content\/uploads\/2026\/03\/Gazeta-de-Noticias-RJ-1952-Barreira-do-Andarai-468x500.jpg\" alt=\"\" class=\"wp-image-135758\" srcset=\"https:\/\/historiadofutebol.com\/blog\/wp-content\/uploads\/2026\/03\/Gazeta-de-Noticias-RJ-1952-Barreira-do-Andarai-468x500.jpg 468w, https:\/\/historiadofutebol.com\/blog\/wp-content\/uploads\/2026\/03\/Gazeta-de-Noticias-RJ-1952-Barreira-do-Andarai-281x300.jpg 281w, https:\/\/historiadofutebol.com\/blog\/wp-content\/uploads\/2026\/03\/Gazeta-de-Noticias-RJ-1952-Barreira-do-Andarai-768x820.jpg 768w, https:\/\/historiadofutebol.com\/blog\/wp-content\/uploads\/2026\/03\/Gazeta-de-Noticias-RJ-1952-Barreira-do-Andarai-624x666.jpg 624w, https:\/\/historiadofutebol.com\/blog\/wp-content\/uploads\/2026\/03\/Gazeta-de-Noticias-RJ-1952-Barreira-do-Andarai.jpg 1180w\" sizes=\"auto, (max-width: 468px) 100vw, 468px\" \/><figcaption class=\"wp-element-caption\"><strong>Foto de 1952<\/strong><\/figcaption><\/figure><\/div>\n\n\n<h2 class=\"wp-block-heading\"><strong><mark style=\"background-color:rgba(0, 0, 0, 0);color:#000000\" class=\"has-inline-color\">Diretoria de 1968<\/mark><\/strong><\/h2>\n\n\n\n<p><strong><em>Presidente &#8211;<\/em><\/strong><em> Silvio da Rosa Vaz Balieiro<\/em>;<\/p>\n\n\n\n<p><strong><em>Vice-Presidente &#8211;<\/em><\/strong><em> Armindo Pereira da Fonseca<\/em>;<\/p>\n\n\n\n<p><strong><em>1\u00ba Tesoureiro &#8211;<\/em><\/strong><em> Eduardo Gon\u00e7alves<\/em>;<\/p>\n\n\n\n<p><strong><em>2\u00ba Tesoureiro &#8211;<\/em><\/strong><em> Alberto Ferreira Neves<\/em>;<\/p>\n\n\n\n<p><strong><em>1\u00ba Secret\u00e1rio &#8211;<\/em><\/strong><em> Jo\u00e3o Alves Pinto da Silva<\/em>;<\/p>\n\n\n\n<p><strong><em>2\u00ba Secret\u00e1rio &#8211;<\/em><\/strong><em> Delacir Neves de Sousa<\/em>;<\/p>\n\n\n\n<p><strong><em>1\u00ba Procurador &#8211;<\/em><\/strong><em> N\u00e9lson Jos\u00e9 da Silva<\/em>;<\/p>\n\n\n\n<p><strong><em>2\u00ba Procurador &#8211;<\/em><\/strong><em> Hildo Vieira da Silva<\/em>;<\/p>\n\n\n\n<p><strong><em>Diretor de Esportes &#8211;<\/em><\/strong><em> Jos\u00e9 Correia da Rocha<\/em>.<\/p>\n\n\n\n<h2 class=\"wp-block-heading\"><strong><em><mark style=\"background-color:rgba(0, 0, 0, 0);color:#000000\" class=\"has-inline-color\"><u>Algumas Forma\u00e7\u00f5es<\/u>:<\/mark><\/em><\/strong><\/h2>\n\n\n\n<p><mark style=\"background-color:rgba(0, 0, 0, 0);color:#000000\" class=\"has-inline-color\"><strong><em>Time base de 1942: <\/em><\/strong><em>Murilo; Ant\u00f4nio (Cidinho) e Boas Condi\u00e7\u00f5es (Cedinha); Niginho (Permenio), Silvio (Dudu) e Durval (Dininho); Dario (Mario ou Zezinho), Helinho (Alvinho ou Deny), Tuninho (Rainha), Jo\u00e3ozinho (Cozeca ou Haroldo) e Herminio (Cecy ou Pedro)<\/em>.<\/mark><\/p>\n\n\n\n<p><strong><em>Time base de 1946:<\/em><\/strong><em> Jo\u00e3o Pinto (Jagun\u00e7o); \u00c1lvaro (Beto ou Luiz) e Herminio (Niquinho); Ant\u00f4nio (\u00c1lvaro), Soldado (Cuica) e Negrinh\u00e3o (Humberto); Wilson (Victor), Jo\u00e3o (Rainha), Silvio (Toninho), Pedro (Sipinha) e Alcides (Tipinho). <strong>T\u00e9cnico:<\/strong> Pedro<\/em>.<\/p>\n\n\n\n<p><mark style=\"background-color:rgba(0, 0, 0, 0);color:#000000\" class=\"has-inline-color\"><strong><em>Time base de 1948:<\/em><\/strong><em> Jo\u00e3o Pinto; Fausto e Pedro; Zezinho Cabe\u00e7\u00e3o (Toninho), Rainha (Tesoura) e Neguinho (Herminio); Armindo (Cazeca), Caxambu (Nelson), Lua (Tonico), Vitor (Aldo) e Nelson (Lua)<\/em>.<\/mark><\/p>\n\n\n\n<p><strong><em>Time base de 1951:<\/em><\/strong><em> Jo\u00e3o Pinto; Ja\u00fa e Rubinho; Rainha (Zezinho), Aruba (Mam\u00e3o) e Soeni (Arnaldo); Nelson (Bira), Chiquinho (Artur), Borracha (Joinha), Kila\u00fa e Altair (Clovis). <strong>T\u00e9cnico:<\/strong> Bazilio Teixeira de Barros (ex-Guarani de Mag\u00e9)<\/em>.<\/p>\n\n\n\n<p><mark style=\"background-color:rgba(0, 0, 0, 0);color:#000000\" class=\"has-inline-color\"><strong><em>Time base de 1952:<\/em><\/strong><em> Jo\u00e3o Pinto (Everaldo ou Norival); Picol\u00e9 (Ja\u00fa) e Rubinho (Vani); Ja\u00fa, Floriano (Arnaldo) e Zezinho Cabe\u00e7\u00e3o (Rubinho); Chico (Rainha ou Domingo), Kilau (Darci ou Artur), Borracha (Nico ou Aruba), Clovis (Vani ou Garoto) e Peixinho (Tico)<\/em>.<\/mark><\/p>\n\n\n\n<p><strong><em>Time base de 1953:<\/em><\/strong><em> Everaldo (Jo\u00e3o Pinto ou Jaime); Ja\u00fa e Rubinho (Rainha II); Rainha, Jaime (Arubinha) e Artur (Moreno); Chiquinho (Roberto ou Zezinho), Clovis (Vani), Irami (Fernando), Belinho (Peixinho) e Tico-Tico (Tiburcio). <strong>T\u00e9cnico e presidente:<\/strong> Avelino Marques de Oliveira<\/em>.<\/p>\n\n\n\n<p><mark style=\"background-color:rgba(0, 0, 0, 0);color:#000000\" class=\"has-inline-color\"><strong><em>Time base de 1954:<\/em><\/strong><em> Jo\u00e3o Pinto (Darcy); Vani (Cascata) e Rubinho (Ant\u00f4nio); Zezinho (Esquerdinha), Roberto (H\u00e9lio) e Jaime (Prainha ou Floriano); Rainha (Serafim), Clovis (Pedrinho), Sapateiro (Chico ou Cabeludo), Artur (Dami\u00e3o ou Floriano) e Z\u00e9 (Nan\u00e1 ou Paulinho). <strong>T\u00e9cnico:<\/strong> Izaltino de Oliveira<\/em>.<\/mark><\/p>\n\n\n\n<p><strong><em>Time base de 1955:<\/em><\/strong><em> Darcy (Luiz); Esquerdinha e Vani; Arthur, Cavata e Serafim; Clovis, Roberto, Pedrinho, Tico-Tico e Dami\u00e3o<\/em>. <strong><em>T\u00e9cnico e presidente:<\/em><\/strong><em> Avelino Marques de Oliveira<\/em>.<\/p>\n\n\n\n<p><mark style=\"background-color:rgba(0, 0, 0, 0);color:#000000\" class=\"has-inline-color\"><strong><em>Time base de 1956:<\/em><\/strong><em> Jo\u00e3o Pinto (Paulo); Artur e Rubinho; Waldir, Rainha e Pascoal; Cil\u00f4nio, Sales, Jos\u00e9, Dami\u00e3o e Paulinho<\/em>.<\/mark><\/p>\n\n\n\n<p><strong><em>Time base de 1957:<\/em><\/strong><em> Jurandir; Alu\u00edzio e Vani; Paulo, Cascata e Rainha (Paulinho); Nen\u00e9m, \u00cdtalo, Z\u00e9 Maria, Waldir e Dami\u00e3o<\/em>.<\/p>\n\n\n\n<p><mark style=\"background-color:rgba(0, 0, 0, 0);color:#000000\" class=\"has-inline-color\"><strong><em>Time base de 1958:<\/em><\/strong><em> Jorge (Wany); Djalma (Alu\u00edsio) e Vani (Cascata); Tasca, Rainha e Waldir II (Djalma); Armando, Serafim (\u00cdtalo), Waldir I (Z\u00e9 Maria), Domingos (Augusto ou Jos\u00e9) e Augusto (Paulinho)<\/em>.<\/mark><\/p>\n\n\n\n<p><strong><mark style=\"background-color:rgba(0, 0, 0, 0);color:#171d8b\" class=\"has-inline-color\"><em><u>FOTOS<\/u>:<\/em><\/mark><\/strong><em><mark style=\"background-color:rgba(0, 0, 0, 0);color:#171d8b\" class=\"has-inline-color\"> O Globo Sportivo (RJ) \u2013 A Manh\u00e3 (RJ) \u2013 Tribuna da Imprensa (RJ)<\/mark><\/em><\/p>\n\n\n\n<p><strong><mark style=\"background-color:rgba(0, 0, 0, 0);color:#a42121\" class=\"has-inline-color\"><em><u>FONTES<\/u>:<\/em><\/mark><\/strong><em><mark style=\"background-color:rgba(0, 0, 0, 0);color:#a42121\" class=\"has-inline-color\"> A Luta Democr\u00e1tica (RJ) \u2013 A Manh\u00e3 (RJ) \u2013 Di\u00e1rio Carioca (RJ) \u2013 Gazeta de Not\u00edcias (RJ)\u2013 Imprensa Popular (RJ) \u2013 Jornal dos Sports (RJ) \u2013 O Globo Sportivo (RJ) \u2013 Tribuna da Imprensa (RJ)<\/mark><\/em><\/p>\n","protected":false},"excerpt":{"rendered":"<p>Por S\u00e9rgio Mello O Barreira do Andara\u00ed Futebol Clube foi uma agremia\u00e7\u00e3o da cidade do Rio de Janeiro (RJ). Fundado no s\u00e1bado, do dia 20 de Agosto de 1938, inspirado por Jo\u00e3o de Barros Rainha, tinha a sua Sede social, localizado na Rua Leopoldo, n\u00ba 991 (come\u00e7o do morro Arrelia) &#8211; Andara\u00ed, na Zona Norte [&hellip;]<\/p>\n","protected":false},"author":55,"featured_media":0,"comment_status":"open","ping_status":"closed","sticky":false,"template":"","format":"standard","meta":{"footnotes":""},"categories":[203,531,83,345,3,47,76],"tags":[],"class_list":["post-135752","post","type-post","status-publish","format-standard","hentry","category-sergio-mello","category-carencias","category-x9-curiosidades","category-fotos-historicas","category-historia-do-futebol","category-rio-de-janeiro","category-antigo-estado-do-rio"],"_links":{"self":[{"href":"https:\/\/historiadofutebol.com\/blog\/index.php?rest_route=\/wp\/v2\/posts\/135752","targetHints":{"allow":["GET"]}}],"collection":[{"href":"https:\/\/historiadofutebol.com\/blog\/index.php?rest_route=\/wp\/v2\/posts"}],"about":[{"href":"https:\/\/historiadofutebol.com\/blog\/index.php?rest_route=\/wp\/v2\/types\/post"}],"author":[{"embeddable":true,"href":"https:\/\/historiadofutebol.com\/blog\/index.php?rest_route=\/wp\/v2\/users\/55"}],"replies":[{"embeddable":true,"href":"https:\/\/historiadofutebol.com\/blog\/index.php?rest_route=%2Fwp%2Fv2%2Fcomments&post=135752"}],"version-history":[{"count":2,"href":"https:\/\/historiadofutebol.com\/blog\/index.php?rest_route=\/wp\/v2\/posts\/135752\/revisions"}],"predecessor-version":[{"id":135761,"href":"https:\/\/historiadofutebol.com\/blog\/index.php?rest_route=\/wp\/v2\/posts\/135752\/revisions\/135761"}],"wp:attachment":[{"href":"https:\/\/historiadofutebol.com\/blog\/index.php?rest_route=%2Fwp%2Fv2%2Fmedia&parent=135752"}],"wp:term":[{"taxonomy":"category","embeddable":true,"href":"https:\/\/historiadofutebol.com\/blog\/index.php?rest_route=%2Fwp%2Fv2%2Fcategories&post=135752"},{"taxonomy":"post_tag","embeddable":true,"href":"https:\/\/historiadofutebol.com\/blog\/index.php?rest_route=%2Fwp%2Fv2%2Ftags&post=135752"}],"curies":[{"name":"wp","href":"https:\/\/api.w.org\/{rel}","templated":true}]}}