{"id":135620,"date":"2026-02-25T21:39:30","date_gmt":"2026-02-26T00:39:30","guid":{"rendered":"https:\/\/historiadofutebol.com\/blog\/?p=135620"},"modified":"2026-02-26T12:32:58","modified_gmt":"2026-02-26T15:32:58","slug":"foto-rara-de-1958-estrela-futebol-clube-miguel-pereira-rj","status":"publish","type":"post","link":"https:\/\/historiadofutebol.com\/blog\/?p=135620","title":{"rendered":"Foto rara de 1958: Estrela Futebol Clube &#8211; Miguel Pereira (RJ)"},"content":{"rendered":"\n<h2 class=\"wp-block-heading\"><strong><em><mark style=\"background-color:rgba(0, 0, 0, 0);color:#0e621d\" class=\"has-inline-color\">Por S\u00e9rgio Mello<\/mark><\/em><\/strong><\/h2>\n\n\n<div class=\"wp-block-image\">\n<figure class=\"aligncenter size-large\"><img loading=\"lazy\" decoding=\"async\" width=\"500\" height=\"310\" src=\"https:\/\/historiadofutebol.com\/blog\/wp-content\/uploads\/2026\/02\/Estrela-FC-1958-500x310.jpg\" alt=\"\" class=\"wp-image-135621\" srcset=\"https:\/\/historiadofutebol.com\/blog\/wp-content\/uploads\/2026\/02\/Estrela-FC-1958-500x310.jpg 500w, https:\/\/historiadofutebol.com\/blog\/wp-content\/uploads\/2026\/02\/Estrela-FC-1958-300x186.jpg 300w, https:\/\/historiadofutebol.com\/blog\/wp-content\/uploads\/2026\/02\/Estrela-FC-1958-768x476.jpg 768w, https:\/\/historiadofutebol.com\/blog\/wp-content\/uploads\/2026\/02\/Estrela-FC-1958-624x387.jpg 624w, https:\/\/historiadofutebol.com\/blog\/wp-content\/uploads\/2026\/02\/Estrela-FC-1958.jpg 1101w\" sizes=\"auto, (max-width: 500px) 100vw, 500px\" \/><figcaption class=\"wp-element-caption\"><mark style=\"background-color:rgba(0, 0, 0, 0);color:#0c6623\" class=\"has-inline-color\">Modelo de 1958<\/mark><\/figcaption><\/figure><\/div>\n\n\n<p><mark style=\"background-color:rgba(0, 0, 0, 0);color:#000000\" class=\"has-inline-color\">O&nbsp;<strong><em>Estrela Futebol Clube<\/em> <\/strong>\u00e9 uma agremia\u00e7\u00e3o da cidade de Miguel Pereira, situada na&nbsp;<em>regi\u00e3o Centro-Sul Fluminense<\/em>&nbsp;<em>(Vale do Caf\u00e9)<\/em>, a cerca de&nbsp;<em>120 km<\/em>&nbsp;da capital do&nbsp;<em>estado do Rio de Janeiro<\/em>. Localizada na&nbsp;<em>Serra do Tingu\u00e1<\/em>, com uma popula\u00e7\u00e3o de&nbsp;<em>25.582 habitantes<\/em>&nbsp;<em>(segundo o Censo do IBGE\/2020)<\/em>, a aproximadamente&nbsp;<em>618 metros<\/em>&nbsp;acima do n\u00edvel do mar, a cidade \u00e9 conhecida por seu clima ameno e como est\u00e2ncia clim\u00e1tica.<\/mark><\/p>\n\n\n\n<p><mark style=\"background-color:rgba(0, 0, 0, 0);color:#000000\" class=\"has-inline-color\">Guarda a lembran\u00e7a e o privil\u00e9gio de ter sido o <strong><em>1\u00ba clube de futebol<\/em><\/strong> da vila, justamente durante os anos em que ela perdia a denomina\u00e7\u00e3o de <strong><em>munic\u00edpio de Estiva<\/em><\/strong> para se transformar em <strong><em>Professor Miguel Pereira<\/em><\/strong><em> (atual: munic\u00edpio de Miguel Pereira)<\/em>.<\/mark><\/p>\n\n\n\n<p><mark style=\"background-color:rgba(0, 0, 0, 0);color:#000000\" class=\"has-inline-color\">Foi <strong><em>Fundado na ter\u00e7a-feira, do dia 04 de setembro de 1928<\/em><\/strong>, o <strong><em>Estiva Atl\u00e9tico Clube<\/em><\/strong>, homenagem ao antigo nome da cidade, gra\u00e7as \u00e0 uni\u00e3o de uma humilde, por\u00e9m significativa parcela da popula\u00e7\u00e3o da vila, na qual destacavam-se comerciantes, ferrovi\u00e1rios e criadores de gado, o clube.<\/mark><\/p>\n\n\n\n<p><mark style=\"background-color:rgba(0, 0, 0, 0);color:#000000\" class=\"has-inline-color\">Ent\u00e3o sem sede, estatutos e sem dinheiro, representado unicamente por vinte e poucos jogadores de futebol que desejavam medir for\u00e7as com o <strong><em>Portela Atl\u00e9tico Clube<\/em><\/strong> &#8211; conseguiu motivar e arregimentar para os seus quadros alguns dos mais expressivos nomes da localidade na \u00e9poca, como: Bonif\u00e1cio de <em>Macedo Portella, Aur\u00e9lio Barile, Geraldino Caetano da Fraga (Dino), Nagib Ahouage, Rigoletto Cristofaro e Manoel &#8220;Manduca&#8221; Bernardes Sobrinho<\/em>, todos muito preocupados com a aus\u00eancia daquele esporte no lugar e, certamente, ro\u00eddos por uma justific\u00e1vel inveja ao ver a ascens\u00e3o do <strong><em>Portela Atl\u00e9tico Clube<\/em><\/strong> na regi\u00e3o.<\/mark><\/p>\n\n\n\n<p><mark style=\"background-color:rgba(0, 0, 0, 0);color:#000000\" class=\"has-inline-color\">Durante dois anos <strong><em>(1930)<\/em><\/strong>, reinou no rec\u00e9m-batizado munic\u00edpio de <strong><em>Miguel Pereira<\/em><\/strong> uma forte unanimidade em torno do <strong><em>Estiva Atl\u00e9tico Clube (na d\u00e9cada de 30, os jornais cariocas denominavam como: Estiva Football Club)<\/em><\/strong>, at\u00e9 porque seus pr\u00f3ceres assim deviam agir em contraposi\u00e7\u00e3o direta ao prest\u00edgio portelense.<\/mark><\/p>\n\n\n\n<p><mark style=\"background-color:rgba(0, 0, 0, 0);color:#000000\" class=\"has-inline-color\">Assim, naquele ano, os mais influentes conselheiros do <strong><em>Estiva Atl\u00e9tico Clube<\/em><\/strong> indicaram para o ambicionado cargo a <em>senhorita Concei\u00e7\u00e3o Set\u00fabal Ritter<\/em>, irm\u00e3 do <em>Dr. Oscar Set\u00fabal Ritter<\/em>, m\u00e9dico que frequentava Miguel Pereira com assiduidade e que tamb\u00e9m exercia um cargo na dire\u00e7\u00e3o daquela agremia\u00e7\u00e3o.<\/mark><\/p>\n\n\n<div class=\"wp-block-image\">\n<figure class=\"aligncenter size-large\"><img loading=\"lazy\" decoding=\"async\" width=\"500\" height=\"312\" src=\"https:\/\/historiadofutebol.com\/blog\/wp-content\/uploads\/2026\/02\/Estrela-FC-2011-500x312.jpg\" alt=\"\" class=\"wp-image-135622\" srcset=\"https:\/\/historiadofutebol.com\/blog\/wp-content\/uploads\/2026\/02\/Estrela-FC-2011-500x312.jpg 500w, https:\/\/historiadofutebol.com\/blog\/wp-content\/uploads\/2026\/02\/Estrela-FC-2011-300x187.jpg 300w, https:\/\/historiadofutebol.com\/blog\/wp-content\/uploads\/2026\/02\/Estrela-FC-2011-768x480.jpg 768w, https:\/\/historiadofutebol.com\/blog\/wp-content\/uploads\/2026\/02\/Estrela-FC-2011-624x390.jpg 624w, https:\/\/historiadofutebol.com\/blog\/wp-content\/uploads\/2026\/02\/Estrela-FC-2011.jpg 1081w\" sizes=\"auto, (max-width: 500px) 100vw, 500px\" \/><figcaption class=\"wp-element-caption\"><mark style=\"background-color:rgba(0, 0, 0, 0);color:#0d6323\" class=\"has-inline-color\">Modelo atual<\/mark><\/figcaption><\/figure><\/div>\n\n\n<h2 class=\"wp-block-heading\"><strong><mark style=\"background-color:rgba(0, 0, 0, 0);color:#136a17\" class=\"has-inline-color\">Escolha do nome da Madrinha gerou um \u2018<em>racha<\/em>\u2019<\/mark><\/strong><\/h2>\n\n\n\n<p><mark style=\"background-color:rgba(0, 0, 0, 0);color:#000000\" class=\"has-inline-color\">Em <strong><em>1930<\/em><\/strong>, por\u00e9m, uma incontorn\u00e1vel diverg\u00eancia, envolvendo a escolha da madrinha do clube, dividiu seus dirigentes. A situa\u00e7\u00e3o mostrou-se muito delicada, visto que o <em>cargo de madrinha<\/em> possu\u00eda uma dimens\u00e3o social extraordin\u00e1ria naqueles tempos de pioneirismo, sendo bastante ambicionado pelas senhoritas da localidade, at\u00e9 porque havia entre os desportistas um acordo t\u00e1cito de anualmente renov\u00e1-lo, dando assim oportunidade para que outras jovens da vila ocupassem um posto t\u00e3o prestigioso.<\/mark><\/p>\n\n\n\n<p><mark style=\"background-color:rgba(0, 0, 0, 0);color:#000000\" class=\"has-inline-color\">Esse choque de interesses provocou um desacordo irremedi\u00e1vel nas hostes do <strong><em>Estiva Atl\u00e9tico Clube<\/em><\/strong>, mesmo porque os demais dirigentes eram t\u00e3o teimosos quanto o pr\u00f3prio <em>Manduca<\/em>.<\/mark><\/p>\n\n\n<div class=\"wp-block-image\">\n<figure class=\"aligncenter size-large\"><img loading=\"lazy\" decoding=\"async\" width=\"500\" height=\"150\" src=\"https:\/\/historiadofutebol.com\/blog\/wp-content\/uploads\/2026\/02\/480518936_954587323530633_3500673839718415568_n-500x150.jpg\" alt=\"\" class=\"wp-image-135623\" srcset=\"https:\/\/historiadofutebol.com\/blog\/wp-content\/uploads\/2026\/02\/480518936_954587323530633_3500673839718415568_n-500x150.jpg 500w, https:\/\/historiadofutebol.com\/blog\/wp-content\/uploads\/2026\/02\/480518936_954587323530633_3500673839718415568_n-300x90.jpg 300w, https:\/\/historiadofutebol.com\/blog\/wp-content\/uploads\/2026\/02\/480518936_954587323530633_3500673839718415568_n-768x230.jpg 768w, https:\/\/historiadofutebol.com\/blog\/wp-content\/uploads\/2026\/02\/480518936_954587323530633_3500673839718415568_n-624x187.jpg 624w, https:\/\/historiadofutebol.com\/blog\/wp-content\/uploads\/2026\/02\/480518936_954587323530633_3500673839718415568_n.jpg 928w\" sizes=\"auto, (max-width: 500px) 100vw, 500px\" \/><figcaption class=\"wp-element-caption\"><mark style=\"background-color:rgba(0, 0, 0, 0);color:#106920\" class=\"has-inline-color\">Fachada da Sede com o escudo do Estrela F.C.<\/mark><\/figcaption><\/figure><\/div>\n\n\n<h2 class=\"wp-block-heading\"><mark style=\"background-color:rgba(0, 0, 0, 0);color:#146b27\" class=\"has-inline-color\"><strong>Tal \u2018racha\u2019 fez nascer o<\/strong> <strong><em>Miguel Pereira Atl\u00e9tico Clube<\/em><\/strong><\/mark><\/h2>\n\n\n\n<p><mark style=\"background-color:rgba(0, 0, 0, 0);color:#000000\" class=\"has-inline-color\">Tal escolha causou um profundo desagrado \u00e0 numerosa <em>fam\u00edlia Bernardes<\/em>, comandada por <em>Manoel Francisco Bernardes Sobrinho<\/em>, o <em>Manduca<\/em>, que j\u00e1 demonstrara o desejo de ver sua filha, <em>Maria Ramos Bernardes<\/em>, a <em>Mariquita<\/em>, ocupando solenemente aquela fun\u00e7\u00e3o social na cidade. Al\u00e9m do mais, a primeira indica\u00e7\u00e3o fora feita \u00e0 revelia dos <em>Bernardes<\/em>, e <em>Manduca<\/em>, seu respeitado patriarca, jamais aceitaria uma imposi\u00e7\u00e3o de tal natureza.<\/mark><\/p>\n\n\n\n<p><mark style=\"background-color:rgba(0, 0, 0, 0);color:#000000\" class=\"has-inline-color\">O conflito durou alguns dias e os dois lados n\u00e3o abriam m\u00e3o de suas intransigentes posturas pessoais. Assim, quando o nome de <em>Concei\u00e7\u00e3o Set\u00fabal Ritter<\/em> foi plenamente referendado em <em>Assembleia Geral<\/em> do <strong><em>Estiva<\/em><\/strong>, os <em>Bernardes<\/em> rebelaram-se em definitivo.<\/mark><\/p>\n\n\n\n<p><mark style=\"background-color:rgba(0, 0, 0, 0);color:#000000\" class=\"has-inline-color\">A primeira provid\u00eancia de <em>Manduca<\/em> foi reunir em sua resid\u00eancia os homens que o haviam apoiado em sua decis\u00e3o de se desligar do <strong><em>Estiva Atl\u00e9tico Clube<\/em><\/strong> e alguns outros convidados especiais, cujo prest\u00edgio na vila pudesse manter viva a sua ideia. L\u00e1 compareceram <em>Calm\u00e9rio Rodrigues Ferreira<\/em>, o <em>Juju<\/em>, e seus <em>irm\u00e3os Adalvet (Vevete) e Alzino Tintas, Felipe Carvalho, Dr. Jo\u00e3o Alberto Mas\u00f4, Ant\u00f4nio Ferreira Real, Domingos Leit\u00e3o, Francisco Peralta, Daniel Bernardes<\/em> e dezenas de outros solid\u00e1rios amigos. Ap\u00f3s a reuni\u00e3o foi decidido fundar o <strong><em>Miguel Pereira Atl\u00e9tico Clube<\/em><\/strong> <strong><em>no s\u00e1bado,<\/em><\/strong> <strong><em>do dia<\/em><\/strong> <strong><em>26 de abril de 1930<\/em><\/strong>.<\/mark><\/p>\n\n\n\n<h2 class=\"wp-block-heading\"><strong><mark style=\"background-color:rgba(0, 0, 0, 0);color:#11681b\" class=\"has-inline-color\">Estrela F. Club inaugura o seu campo em 1930<\/mark><\/strong><\/h2>\n\n\n\n<p><mark style=\"background-color:rgba(0, 0, 0, 0);color:#000000\" class=\"has-inline-color\"><em>No domingo, do dia 14 de dezembro de 1930<\/em>, aconteceu a <strong><em>inaugura\u00e7\u00e3o<\/em><\/strong> do <em>campo do <strong>Estiva F. Club<\/strong><\/em>. O <strong><em>Correio da Manh\u00e3<\/em><\/strong> assim escreveu o evento: \u201c<strong><em>\u00c0s 8 horas<\/em><\/strong><em> foi recebida na esta\u00e7\u00e3o pela directoria, seus associados e fam\u00edlias da localidade, a embaixada do <strong>Humayta Football Club<\/strong>, do Rio de Janeiro.<\/em><\/mark><\/p>\n\n\n\n<p><strong><mark style=\"background-color:rgba(0, 0, 0, 0);color:#000000\" class=\"has-inline-color\"><em>H\u00e1 1 hora<\/em><\/mark><\/strong><em><mark style=\"background-color:rgba(0, 0, 0, 0);color:#000000\" class=\"has-inline-color\"> o dr. Soares Filho, em nome da directoria, em discurso, fez entrega da fita a senhorita Concei\u00e7\u00e3o Bernardes Pinheiro, <strong>madrinha do club<\/strong>, que num improviso, agradeceu.<\/mark><\/em><\/p>\n\n\n\n<p><strong><mark style=\"background-color:rgba(0, 0, 0, 0);color:#000000\" class=\"has-inline-color\"><em>\u00c0s 2 horas<\/em><\/mark><\/strong><em><mark style=\"background-color:rgba(0, 0, 0, 0);color:#000000\" class=\"has-inline-color\"> realizou-se o encontro dos <strong>segundos teams<\/strong> do <strong>Humayta F. C.<\/strong>, e <strong>Estiva F. C.<\/strong>, com o resultado de <strong>2 x 1<\/strong> a favor do club visitante.<\/mark><\/em><\/p>\n\n\n\n<p><strong><mark style=\"background-color:rgba(0, 0, 0, 0);color:#000000\" class=\"has-inline-color\"><em>\u00c0s 8 1\/2<\/em><\/mark><\/strong><em><mark style=\"background-color:rgba(0, 0, 0, 0);color:#000000\" class=\"has-inline-color\">, teve in\u00edcio o encontro dos <strong>primeiros teams<\/strong> dos clubs acima, que depois de uma peleja deslumbrante, terminou por um empate de 3 x 8.<\/mark><\/em><\/p>\n\n\n\n<p><mark style=\"background-color:rgba(0, 0, 0, 0);color:#000000\" class=\"has-inline-color\"><strong><em>\u00c0s 5 horas<\/em><\/strong><em> foi servido uma mesa de doces ao club visitante e demais jogadores e aos convidados, falando nessa occasi\u00e3o o dr. Araujo Lima, que em nome da directoria, agradeceu aos convidados<\/em>\u201d.<\/mark><\/p>\n\n\n\n<h2 class=\"wp-block-heading\"><mark style=\"background-color:rgba(0, 0, 0, 0);color:#0f7021\" class=\"has-inline-color\"><strong><em>Estiva enfrentou o<\/em><\/strong> <strong><em>Combinado<\/em><\/strong> <strong><em>Haddock Lobo Football Club<\/em><\/strong><\/mark><\/h2>\n\n\n\n<p><mark style=\"background-color:rgba(0, 0, 0, 0);color:#000000\" class=\"has-inline-color\"><em>No domingo, do dia 26 de novembro de 1933<\/em>, o <strong><em>Estiva Football Club<\/em><\/strong> enfrentou o<strong><em> Combinado<\/em><\/strong> <strong><em>Haddock Lobo Football Club<\/em><\/strong>. O <strong><em>Jornal do Commercio<\/em><\/strong> assim descreveu o encontro: \u201c<em>Afim de enfrentar, <strong>Estiva F. Club<\/strong>, de Miguel Pereira, partir\u00e1, para aquella localidade o <strong>Combinado<\/strong><\/em> <strong><em>Haddock Lobo Football Club<\/em><\/strong><em>.<\/em><\/mark><\/p>\n\n\n\n<p><mark style=\"background-color:rgba(0, 0, 0, 0);color:#000000\" class=\"has-inline-color\"><em>Chefiando a embaixada seguir\u00e1 o Sr. Djalma de Souza e a convite <strong>do Haddock Lobo<\/strong>, seguir\u00e1 a embaixada do Esporte Club Guanabara. O <strong>Combinado<\/strong><\/em> <strong><em>Haddock Lobo<\/em><\/strong><em> vae conceder revanche ao <strong>Estiva<\/strong>, pois que j\u00e1 o venceu por <strong>5 x 0<\/strong>.<\/em><\/mark><\/p>\n\n\n\n<p><mark style=\"background-color:rgba(0, 0, 0, 0);color:#000000\" class=\"has-inline-color\"><em>A visita do <strong>Combinado<\/strong><\/em> <strong><em>Haddock Lobo<\/em><\/strong><em> a Miguel Pereira, coincide com o anniversario do <strong>Estiva<\/strong>, que tem a sua frente as esfor\u00e7adas figuras dos Srs. Aurelio Barille, Bonifacio Portella e Najibe<\/em>\u201d.<\/mark><\/p>\n\n\n\n<h2 class=\"wp-block-heading\"><strong><mark style=\"background-color:rgba(0, 0, 0, 0);color:#0f631c\" class=\"has-inline-color\">Sai&nbsp; \u2018Estiva\u2019 e entra \u2018Estrela\u2019<\/mark><\/strong><\/h2>\n\n\n\n<p>O <strong><em>Estiva Atl\u00e9tico Clube<\/em><\/strong> acabou alterando a sua nomenclatura para <strong><em>Estrela Futebol Clube<\/em><\/strong>, <strong><em>na quinta-feira, do dia 04 de abril de 1946<\/em><\/strong>, mantendo at\u00e9 os dias atuais. A sua <strong><em>Sede social<\/em><\/strong> fica localizado na <strong><em>Rua Francisco Alves, n\u00ba 60, no Centro de Miguel Pereira\/RJ<\/em><\/strong>.<\/p>\n\n\n<div class=\"wp-block-image\">\n<figure class=\"aligncenter size-large is-resized\"><img loading=\"lazy\" decoding=\"async\" width=\"494\" height=\"500\" src=\"https:\/\/historiadofutebol.com\/blog\/wp-content\/uploads\/2026\/02\/ESTRELA-1958-494x500.jpg\" alt=\"\" class=\"wp-image-135624\" style=\"width:655px;height:auto\" srcset=\"https:\/\/historiadofutebol.com\/blog\/wp-content\/uploads\/2026\/02\/ESTRELA-1958-494x500.jpg 494w, https:\/\/historiadofutebol.com\/blog\/wp-content\/uploads\/2026\/02\/ESTRELA-1958-296x300.jpg 296w, https:\/\/historiadofutebol.com\/blog\/wp-content\/uploads\/2026\/02\/ESTRELA-1958-768x778.jpg 768w, https:\/\/historiadofutebol.com\/blog\/wp-content\/uploads\/2026\/02\/ESTRELA-1958-624x632.jpg 624w, https:\/\/historiadofutebol.com\/blog\/wp-content\/uploads\/2026\/02\/ESTRELA-1958.jpg 1121w\" sizes=\"auto, (max-width: 494px) 100vw, 494px\" \/><figcaption class=\"wp-element-caption\"><mark style=\"background-color:rgba(0, 0, 0, 0);color:#000000\" class=\"has-inline-color\"><strong>Time com a seguinte escala\u00e7\u00e3o: <\/strong><em>Manoel; Jair e Manoelito; Pedrinho, Paulo e Luiz; Jaime, Cabe\u00e7\u00e3o, J. Pretinho. Morici e M\u00e1rio<\/em>.<\/mark><\/figcaption><\/figure><\/div>\n\n\n<h2 class=\"wp-block-heading\"><strong><mark style=\"background-color:rgba(0, 0, 0, 0);color:#18692f\" class=\"has-inline-color\">Estrela F.C. vence o Caf\u00e9 Palheta F.C.<\/mark><\/strong><\/h2>\n\n\n\n<p><mark style=\"background-color:rgba(0, 0, 0, 0);color:#000000\" class=\"has-inline-color\"><em>No domingo, do dia 09 de fevereiro de 1958<\/em>, vibraram os torcedores simpatizantes do futebol amadorista da bela localidade de Miguel Pereira, na tarde de domingo \u00faltimo, com a realiza\u00e7\u00e3o do encontro entre as equipes do <strong><em>Estrela Futebol Clube<\/em><\/strong>, e a do <strong><em>Caf\u00e9 Palheta Futebol Clube<\/em><\/strong>, do Rio.<\/mark><\/p>\n\n\n\n<p><mark style=\"background-color:rgba(0, 0, 0, 0);color:#000000\" class=\"has-inline-color\">A referida peleja agradou plenamente, a todos que compareceram ao campo dado o bom futebol posto em pr\u00e1tica pelas duas equipes, notadamente a do <strong><em>Caf\u00e9 Palheta Futebol Clube<\/em><\/strong>, que mesmo a despeito de ser derrotado realizou uma boa exibi\u00e7\u00e3o, s\u00f3 n\u00e3o conseguindo um melhor resultado pela falta de pontaria dos seus dianteiros, sem que com isto se diminua o feito do conjunto local, que teve sua vit\u00f3ria valorizada pela atua\u00e7\u00e3o do advers\u00e1rio.<\/mark><\/p>\n\n\n\n<p><mark style=\"background-color:rgba(0, 0, 0, 0);color:#000000\" class=\"has-inline-color\">Tecnicamente as duas equipes se igualaram, entretanto quis o destino que o triunfo pendesse para o esquadr\u00e3o do <strong><em>Estrela Futebol Clube<\/em><\/strong> pelo apertado escore de <strong><em>3 a 2<\/em><\/strong>.<\/mark><\/p>\n\n\n<div class=\"wp-block-image\">\n<figure class=\"aligncenter size-large\"><img loading=\"lazy\" decoding=\"async\" width=\"500\" height=\"493\" src=\"https:\/\/historiadofutebol.com\/blog\/wp-content\/uploads\/2026\/02\/ESTRELA-1958-1-500x493.jpg\" alt=\"\" class=\"wp-image-135627\" srcset=\"https:\/\/historiadofutebol.com\/blog\/wp-content\/uploads\/2026\/02\/ESTRELA-1958-1-500x493.jpg 500w, https:\/\/historiadofutebol.com\/blog\/wp-content\/uploads\/2026\/02\/ESTRELA-1958-1-300x296.jpg 300w, https:\/\/historiadofutebol.com\/blog\/wp-content\/uploads\/2026\/02\/ESTRELA-1958-1-768x758.jpg 768w, https:\/\/historiadofutebol.com\/blog\/wp-content\/uploads\/2026\/02\/ESTRELA-1958-1-624x616.jpg 624w, https:\/\/historiadofutebol.com\/blog\/wp-content\/uploads\/2026\/02\/ESTRELA-1958-1.jpg 1125w\" sizes=\"auto, (max-width: 500px) 100vw, 500px\" \/><\/figure><\/div>\n\n\n<p><strong><em><mark style=\"background-color:rgba(0, 0, 0, 0);color:#000000\" class=\"has-inline-color\">Grande acolhida<\/mark><\/em><\/strong><\/p>\n\n\n\n<p><mark style=\"background-color:rgba(0, 0, 0, 0);color:#000000\" class=\"has-inline-color\">A delega\u00e7\u00e3o do <strong><em>Caf\u00e9 Palheta Futebol Clube<\/em><\/strong> teve em Miguel Pereira uma grande acolhida, n\u00e3o s\u00f3 pela diretoria clube local como tamb\u00e9m pelos moradores locais. A caravana que acompanhou a equipe carioca foi uma das maiores j\u00e1 organizada pela simp\u00e1tica agremia\u00e7\u00e3o, cuja viagem foi feita pela Central do Brasil.<\/mark><\/p>\n\n\n\n<p><mark style=\"background-color:rgba(0, 0, 0, 0);color:#000000\" class=\"has-inline-color\">As duas equipes formaram com a seguintes constitui\u00e7\u00f5es:<\/mark><\/p>\n\n\n\n<p><mark style=\"background-color:rgba(0, 0, 0, 0);color:#000000\" class=\"has-inline-color\"><strong><em>Estrela:<\/em><\/strong><em> Manoel; Jair e Manoelito; Pedrinho, Paulo e Luiz; Jaime, Cabe\u00e7\u00e3o, J. Pretinho. Morici e M\u00e1rio<\/em>.<\/mark><\/p>\n\n\n\n<p><mark style=\"background-color:rgba(0, 0, 0, 0);color:#000000\" class=\"has-inline-color\"><strong><em>Caf\u00e9 Palheta:<\/em><\/strong><em> Aldo; Jorge e Escova; Adair, Fernandes e Walmir; Valad\u00e3o, Wilson, D\u00e9cio, H\u00e9lio e H\u00e9lcio<\/em>.<\/mark><\/p>\n\n\n\n<p><mark style=\"background-color:rgba(0, 0, 0, 0);color:#000000\" class=\"has-inline-color\">Antecipando o encontro principal estiveram em a\u00e7\u00e3o as <strong><em>equipes de aspirantes<\/em><\/strong> das mesmas agremia\u00e7\u00f5es, encontro este que terminou com o justo empate de <strong><em>2 a 2<\/em><\/strong>.<\/mark><\/p>\n\n\n<div class=\"wp-block-image\">\n<figure class=\"aligncenter size-large is-resized\"><img loading=\"lazy\" decoding=\"async\" width=\"500\" height=\"287\" src=\"https:\/\/historiadofutebol.com\/blog\/wp-content\/uploads\/2026\/02\/ESTRELA-2011-500x287.jpg\" alt=\"\" class=\"wp-image-135625\" style=\"width:655px;height:auto\" srcset=\"https:\/\/historiadofutebol.com\/blog\/wp-content\/uploads\/2026\/02\/ESTRELA-2011-500x287.jpg 500w, https:\/\/historiadofutebol.com\/blog\/wp-content\/uploads\/2026\/02\/ESTRELA-2011-300x172.jpg 300w, https:\/\/historiadofutebol.com\/blog\/wp-content\/uploads\/2026\/02\/ESTRELA-2011-768x441.jpg 768w, https:\/\/historiadofutebol.com\/blog\/wp-content\/uploads\/2026\/02\/ESTRELA-2011-624x359.jpg 624w, https:\/\/historiadofutebol.com\/blog\/wp-content\/uploads\/2026\/02\/ESTRELA-2011.jpg 1220w\" sizes=\"auto, (max-width: 500px) 100vw, 500px\" \/><figcaption class=\"wp-element-caption\"><mark style=\"background-color:rgba(0, 0, 0, 0);color:#136822\" class=\"has-inline-color\"><strong><em>Sede social<\/em>: <em>Rua Francisco Alves, n\u00ba 60, no Centro de Miguel Pereira\/RJ<\/em><\/strong>.<\/mark><\/figcaption><\/figure><\/div>\n\n\n<h2 class=\"wp-block-heading\"><strong><mark style=\"background-color:rgba(0, 0, 0, 0);color:#116112\" class=\"has-inline-color\">Outros<\/mark><\/strong><\/h2>\n\n\n\n<p><mark style=\"background-color:rgba(0, 0, 0, 0);color:#000000\" class=\"has-inline-color\">O <strong><em>Estrela<\/em><\/strong> ganhou o status de <strong><em>Utilidade P\u00fablica<\/em><\/strong>, <em>no dia 13 de abril de 1962, sob o n\u00ba 19, \u00e0s folhas 10\/11 do Livro B.B<\/em>., pela <strong><em>C\u00e2mara Municipal de Miguel Pereira<\/em><\/strong>, deliberada<em> n\u00ba 217, no dia 30 de mar\u00e7o de 1962<\/em>, pelo ent\u00e3o prefeito <em>Jos\u00e9 Ant\u00f4nio da Silva<\/em>.<\/mark><\/p>\n\n\n\n<p><mark style=\"background-color:rgba(0, 0, 0, 0);color:#000000\" class=\"has-inline-color\">Atualmente, o clube se concentra apenas no entretenimento na sua sede social, com eventos como <em>bailes de carnaval<\/em>, <em>festas<\/em> e <em>shows<\/em>. O esporte est\u00e1 momentaneamente sem atividades. &nbsp;&nbsp;<\/mark><\/p>\n\n\n\n<p><strong><mark style=\"background-color:rgba(0, 0, 0, 0);color:#b51c1c\" class=\"has-inline-color\"><em><u>ARTE<\/u>:<\/em><\/mark><\/strong><em><mark style=\"background-color:rgba(0, 0, 0, 0);color:#b51c1c\" class=\"has-inline-color\"> desenho dos escudos e uniformes \u2013 S\u00e9rgio Mello<\/mark><\/em><\/p>\n\n\n\n<p><mark style=\"background-color:rgba(0, 0, 0, 0);color:#202c85\" class=\"has-inline-color\"><em><strong><u>FOTOS<\/u>:<\/strong> Correio da Manh\u00e3 (RJ) &#8211; Google Maps\u00a0<\/em><\/mark><\/p>\n\n\n\n<p><strong><mark style=\"background-color:rgba(0, 0, 0, 0);color:#b01d1d\" class=\"has-inline-color\"><em><u>FONTES<\/u>:&nbsp;<\/em><\/mark><\/strong><em><mark style=\"background-color:rgba(0, 0, 0, 0);color:#b01d1d\" class=\"has-inline-color\">Jornal Regional Rio \u2013 professor e historiador Sebasti\u00e3o Deister \u2013 C\u00e2mara Municipal de Miguel Pereira \u2013 Facebook do Estrela Futebol Clube \u2013 Jornal do Commercio (RJ) \u2013 Correio da Manh\u00e3 (RJ) \u2013 Jornal dos Sports (RJ) &nbsp;<\/mark><\/em><\/p>\n","protected":false},"excerpt":{"rendered":"<p>Por S\u00e9rgio Mello O&nbsp;Estrela Futebol Clube \u00e9 uma agremia\u00e7\u00e3o da cidade de Miguel Pereira, situada na&nbsp;regi\u00e3o Centro-Sul Fluminense&nbsp;(Vale do Caf\u00e9), a cerca de&nbsp;120 km&nbsp;da capital do&nbsp;estado do Rio de Janeiro. Localizada na&nbsp;Serra do Tingu\u00e1, com uma popula\u00e7\u00e3o de&nbsp;25.582 habitantes&nbsp;(segundo o Censo do IBGE\/2020), a aproximadamente&nbsp;618 metros&nbsp;acima do n\u00edvel do mar, a cidade \u00e9 conhecida por [&hellip;]<\/p>\n","protected":false},"author":55,"featured_media":0,"comment_status":"open","ping_status":"closed","sticky":false,"template":"","format":"standard","meta":{"footnotes":""},"categories":[203,531,83,59,345,3,47,76],"tags":[],"class_list":["post-135620","post","type-post","status-publish","format-standard","hentry","category-sergio-mello","category-carencias","category-x9-curiosidades","category-escudos","category-fotos-historicas","category-historia-do-futebol","category-rio-de-janeiro","category-antigo-estado-do-rio"],"_links":{"self":[{"href":"https:\/\/historiadofutebol.com\/blog\/index.php?rest_route=\/wp\/v2\/posts\/135620","targetHints":{"allow":["GET"]}}],"collection":[{"href":"https:\/\/historiadofutebol.com\/blog\/index.php?rest_route=\/wp\/v2\/posts"}],"about":[{"href":"https:\/\/historiadofutebol.com\/blog\/index.php?rest_route=\/wp\/v2\/types\/post"}],"author":[{"embeddable":true,"href":"https:\/\/historiadofutebol.com\/blog\/index.php?rest_route=\/wp\/v2\/users\/55"}],"replies":[{"embeddable":true,"href":"https:\/\/historiadofutebol.com\/blog\/index.php?rest_route=%2Fwp%2Fv2%2Fcomments&post=135620"}],"version-history":[{"count":3,"href":"https:\/\/historiadofutebol.com\/blog\/index.php?rest_route=\/wp\/v2\/posts\/135620\/revisions"}],"predecessor-version":[{"id":135646,"href":"https:\/\/historiadofutebol.com\/blog\/index.php?rest_route=\/wp\/v2\/posts\/135620\/revisions\/135646"}],"wp:attachment":[{"href":"https:\/\/historiadofutebol.com\/blog\/index.php?rest_route=%2Fwp%2Fv2%2Fmedia&parent=135620"}],"wp:term":[{"taxonomy":"category","embeddable":true,"href":"https:\/\/historiadofutebol.com\/blog\/index.php?rest_route=%2Fwp%2Fv2%2Fcategories&post=135620"},{"taxonomy":"post_tag","embeddable":true,"href":"https:\/\/historiadofutebol.com\/blog\/index.php?rest_route=%2Fwp%2Fv2%2Ftags&post=135620"}],"curies":[{"name":"wp","href":"https:\/\/api.w.org\/{rel}","templated":true}]}}