{"id":135261,"date":"2025-11-23T22:38:20","date_gmt":"2025-11-24T01:38:20","guid":{"rendered":"https:\/\/historiadofutebol.com\/blog\/?p=135261"},"modified":"2026-01-18T02:27:17","modified_gmt":"2026-01-18T05:27:17","slug":"mavilis-futebol-clube-rio-de-janeiro-rj-duas-edicoes-no-estadual-de-1933-e-34","status":"publish","type":"post","link":"https:\/\/historiadofutebol.com\/blog\/?p=135261","title":{"rendered":"Mavilis Futebol Clube &#8211; Rio de Janeiro (RJ): Duas edi\u00e7\u00f5es no Estadual de 1933 e 34"},"content":{"rendered":"<div class=\"wp-block-image\">\n<figure class=\"aligncenter size-large\"><img loading=\"lazy\" decoding=\"async\" width=\"500\" height=\"329\" src=\"https:\/\/historiadofutebol.com\/blog\/wp-content\/uploads\/2025\/11\/MAVILIS-FC-1930-500x329.jpg\" alt=\"\" class=\"wp-image-135262\" srcset=\"https:\/\/historiadofutebol.com\/blog\/wp-content\/uploads\/2025\/11\/MAVILIS-FC-1930-500x329.jpg 500w, https:\/\/historiadofutebol.com\/blog\/wp-content\/uploads\/2025\/11\/MAVILIS-FC-1930-300x198.jpg 300w, https:\/\/historiadofutebol.com\/blog\/wp-content\/uploads\/2025\/11\/MAVILIS-FC-1930-768x506.jpg 768w, https:\/\/historiadofutebol.com\/blog\/wp-content\/uploads\/2025\/11\/MAVILIS-FC-1930-624x411.jpg 624w, https:\/\/historiadofutebol.com\/blog\/wp-content\/uploads\/2025\/11\/MAVILIS-FC-1930.jpg 1058w\" sizes=\"auto, (max-width: 500px) 100vw, 500px\" \/><figcaption class=\"wp-element-caption\"><strong><mark style=\"background-color:rgba(0, 0, 0, 0);color:#b01515\" class=\"has-inline-color\">Escudo raro de 1930<\/mark><\/strong><\/figcaption><\/figure><\/div>\n\n\n<h2 class=\"wp-block-heading\"><strong><em><mark style=\"background-color:rgba(0, 0, 0, 0);color:#101a83\" class=\"has-inline-color\">Por S\u00e9rgio Mello<\/mark><\/em><\/strong><\/h2>\n\n\n\n<p><mark style=\"background-color:rgba(0, 0, 0, 0);color:#000000\" class=\"has-inline-color\">O <strong><em>Mavilis Football Club<\/em><\/strong> foi uma agremia\u00e7\u00e3o do bairro do Caju, situado na zona norte<em> (vizinho a zona portu\u00e1ria), da cidade do Rio de Janeiro (RJ)<\/em>. A hist\u00f3ria come\u00e7ou com o surgimento da <strong><em>F\u00e1brica de Tecidos Pau Grande<\/em><\/strong>, em <strong><em>1878<\/em><\/strong>, no bairro de Pau Grande <em>(terra de Man\u00e9 Garrincha)<\/em>, no distrito de Vila Inhomirim, em Mag\u00e9 <em>(na regi\u00e3o Metropolitana)<\/em>, do estado do Rio de Janeiro.<\/mark><\/p>\n\n\n\n<p><mark style=\"background-color:rgba(0, 0, 0, 0);color:#000000\" class=\"has-inline-color\">Em <strong><em>1885<\/em><\/strong>, passou a se chamar <strong><em>Companhia de Fia\u00e7\u00e3o e Tecidos Pau Grande (CFTPG)<\/em><\/strong>. Um de seus diretores era o <em>ga\u00facho<\/em> <em>Manuel Vicente Lisboa<\/em>, comerciante e atacadista de tecidos, considerado pelos demais s\u00f3cios o respons\u00e1vel pela reorganiza\u00e7\u00e3o da empresa. De <em>1889 a 1896,<\/em> foi o <strong><em>presidente<\/em><\/strong>.<\/mark><\/p>\n\n\n\n<p><mark style=\"background-color:rgba(0, 0, 0, 0);color:#000000\" class=\"has-inline-color\">Em 1891 a <strong><em>CFTPG<\/em><\/strong> adquiriu da <strong><em>Companhia Manufatureira Cruzeiro do Sul<\/em><\/strong> a <strong><em>F\u00e1brica Cruzeiro<\/em><\/strong>, que estava em constru\u00e7\u00e3o na \u00e1rea de uma ch\u00e1cara existente na <em>Rua Bar\u00e3o de Mesquita, n\u00ba 82, na Tijuca, Zona Norte do Rio<\/em>. Em <strong><em>1892<\/em><\/strong>, a <strong><em>CFTPG<\/em><\/strong> passou a se chamar <strong><em>Companhia Am\u00e9rica Fabril<\/em><\/strong>.<\/mark><\/p>\n\n\n\n<p><mark style=\"background-color:rgba(0, 0, 0, 0);color:#000000\" class=\"has-inline-color\">Em <strong><em>1903<\/em><\/strong>, a empresa cresceu ainda mais, ao comprar a <strong><em>F\u00e1brica Bonfim<\/em><\/strong>, que havia pertencido \u00e0 <strong><em>Companhia Uni\u00e3o Industrial S\u00e3o Sebasti\u00e3o<\/em><\/strong>, e que se localizava na <strong><em>Rua General Gurj\u00e3o, n\u00ba 25, no bairro do Caju <\/em><\/strong>\u2013 pr\u00f3ximo \u00e0 esta\u00e7\u00e3o inicial da <em>Estrada de Ferro Rio d\u2019Ouro<\/em>.<\/mark><\/p>\n\n\n\n<p><mark style=\"background-color:rgba(0, 0, 0, 0);color:#000000\" class=\"has-inline-color\">Em <strong><em>1910<\/em><\/strong>, construiu uma nova unidade fabril ao lado da <strong><em>F\u00e1brica Bonfim<\/em><\/strong>, <em>no n\u00ba 81 da mesma rua<\/em>. Em homenagem ao <em>Manuel Vicente Lisboa<\/em>, essa f\u00e1brica acabou sendo batizada de \u201c<strong><em>Mavilis<\/em><\/strong>\u201d, sigla formada pelas primeiras s\u00edlabas de seu nome.<\/mark><\/p>\n\n\n\n<p><mark style=\"background-color:rgba(0, 0, 0, 0);color:#000000\" class=\"has-inline-color\">Para controlar o lazer de seus funcion\u00e1rios, a empresa criou, em <em>1919<\/em>, a <em>Associa\u00e7\u00e3o dos Oper\u00e1rios da Am\u00e9rica Fabril.<\/em> Mas al\u00e9m dela, as unidades fabris tamb\u00e9m tinham seus times pr\u00f3prios.<\/mark><\/p>\n\n\n\n<p><mark style=\"background-color:rgba(0, 0, 0, 0);color:#000000\" class=\"has-inline-color\">Por exemplo, a <em><strong>F\u00e1brica Pau Grande <\/strong><\/em>sustentava o <strong><em>S.C. Pau Grande<\/em><\/strong>, em que, a partir de <strong><em>1947<\/em><\/strong>, jogou um garoto de 14 anos chamado <em>Manuel dos Santos<\/em>, mais conhecido por \u201c<em>Garrincha<\/em>\u201d.<\/mark><\/p>\n\n\n\n<p><mark style=\"background-color:rgba(0, 0, 0, 0);color:#000000\" class=\"has-inline-color\">A <strong><em>F\u00e1brica Cruzeiro<\/em><\/strong> apoiava o <strong><em>Andarahy Athletico&nbsp;Club<\/em><\/strong>, que jogava num terreno vizinho, situado na <em>rua Bar\u00e3o de S\u00e3o Francisco, n\u00ba 236<\/em>, que depois pertenceu ao <strong><em>America F.C.<\/em><\/strong>, que nada tinha a ver com o <strong><em>Am\u00e9rica Fabril<\/em><\/strong>.<\/mark><\/p>\n\n\n\n<p><mark style=\"background-color:rgba(0, 0, 0, 0);color:#000000\" class=\"has-inline-color\">Nessa leva, surgiu a ideia de se criar um time, inspirado no antigo <strong><em>Mavilis Brasileiro F.C.<\/em><\/strong>, que foi fundado por moradores do <em>Bairro de S\u00e3o Crist\u00f3v\u00e3o<\/em>, principalmente os oper\u00e1rios da <strong><em>F\u00e1brica Mavilis e Bonfim (<\/em><\/strong><em>um dos tent\u00e1culos da<strong> Cia. Am\u00e9rica Fabril)<\/strong><\/em>.<\/mark><\/p>\n\n\n<div class=\"wp-block-image\">\n<figure class=\"aligncenter size-large is-resized\"><img loading=\"lazy\" decoding=\"async\" width=\"500\" height=\"365\" src=\"https:\/\/historiadofutebol.com\/blog\/wp-content\/uploads\/2025\/11\/MFC-1930-500x365.jpg\" alt=\"\" class=\"wp-image-135263\" style=\"width:655px;height:auto\" srcset=\"https:\/\/historiadofutebol.com\/blog\/wp-content\/uploads\/2025\/11\/MFC-1930-500x365.jpg 500w, https:\/\/historiadofutebol.com\/blog\/wp-content\/uploads\/2025\/11\/MFC-1930-300x219.jpg 300w, https:\/\/historiadofutebol.com\/blog\/wp-content\/uploads\/2025\/11\/MFC-1930-768x560.jpg 768w, https:\/\/historiadofutebol.com\/blog\/wp-content\/uploads\/2025\/11\/MFC-1930-1536x1120.jpg 1536w, https:\/\/historiadofutebol.com\/blog\/wp-content\/uploads\/2025\/11\/MFC-1930-624x455.jpg 624w, https:\/\/historiadofutebol.com\/blog\/wp-content\/uploads\/2025\/11\/MFC-1930.jpg 1777w\" sizes=\"auto, (max-width: 500px) 100vw, 500px\" \/><figcaption class=\"wp-element-caption\"><strong><mark style=\"background-color:rgba(0, 0, 0, 0);color:#162a9e\" class=\"has-inline-color\">Time posado do Mavilis, em 1930<\/mark><\/strong><\/figcaption><\/figure><\/div>\n\n\n<h2 class=\"wp-block-heading\"><mark style=\"background-color:rgba(0, 0, 0, 0);color:#b31f1f\" class=\"has-inline-color\">Funda\u00e7\u00e3o do Mavilis F.C.<\/mark><\/h2>\n\n\n\n<p><mark style=\"background-color:rgba(0, 0, 0, 0);color:#000000\" class=\"has-inline-color\">Assim, foi <strong><em>Fundado na ter\u00e7a-feira, do dia 23 de setembro de 1913<\/em><\/strong>, por <em>Manuel Vicente Lisboa<\/em>, que definiu o nome utilizando as primeiras silabas do nome e sobrenomes: <strong><em>MA<\/em><\/strong><em>nuel <strong>VI<\/strong>cente <strong>LIS<\/strong>boa = <strong>MAVILIS<\/strong><\/em>. O <strong><em>s\u00f3cio n\u00ba 1<\/em><\/strong>, foi <em>Joel de Sousa Martins<\/em> <em>(ex-jogador do <strong>Fluminense<\/strong>)<\/em>.<\/mark><\/p>\n\n\n\n<p><mark style=\"background-color:rgba(0, 0, 0, 0);color:#000000\" class=\"has-inline-color\">Foram os <strong><em>seus pioneiros: <\/em><\/strong><em>Silva, Constantino, Isnard Pires, Evaristo Teixeira e muitos outros <\/em>que n\u00e3o mediram sacrif\u00edcios e deram o passo inicial para fundar uma nova agremia\u00e7\u00e3o. Pelo apoio que receberam da <strong><em>F\u00e1brica Mavilis<\/em><\/strong>.<\/mark><\/p>\n\n\n\n<h2 class=\"wp-block-heading\"><strong><mark style=\"background-color:rgba(0, 0, 0, 0);color:#1a20ab\" class=\"has-inline-color\">Primeira Diretoria<\/mark><\/strong><\/h2>\n\n\n\n<p><mark style=\"background-color:rgba(0, 0, 0, 0);color:#000000\" class=\"has-inline-color\">A <strong><em>1\u00aa Diretoria<\/em><\/strong> foi liderado pelo <strong><em>Presidente<\/em><\/strong> <em>Manuel Vicente Lisboa<\/em>, que tinha os seguintes diretores: <em>Evaristo Teixeira Ferreira<\/em>; <em>Guilherme Paraense Filho<\/em>; <em>Manuel Silva<\/em>, <em>Adelino da Fontes<\/em>, <em>Ant\u00f4nio Corr\u00eaa Torres, Ant\u00f4nio da Silva Guimar\u00e3es, Constantino Teixeira e Pedro Chagas<\/em>.<\/mark><\/p>\n\n\n\n<p><mark style=\"background-color:rgba(0, 0, 0, 0);color:#000000\" class=\"has-inline-color\">Dentre os nomes acima, <strong>uma curiosidade<\/strong>: <em>Guilherme Paraense Filho<\/em> era filho do <strong><em>tenente do Ex\u00e9rcito <\/em><\/strong>e <em>atleta de Tiro Esportivo do <strong>Fluminense<\/strong><\/em>, <em>Guilherme Paraense<\/em>, que foi o <strong><em>1\u00ba brasileiro<\/em><\/strong> a conquistar <strong><em>medalha de ouro<\/em><\/strong>, na <strong><em>Olimp\u00edada de Antu\u00e9rpia (B\u00e9lgica)<\/em><\/strong>, <em>na ter\u00e7a-feira, do dia 3 de agosto de 1920<\/em>.<\/mark><\/p>\n\n\n<div class=\"wp-block-image\">\n<figure class=\"aligncenter\"><img decoding=\"async\" src=\"https:\/\/upload.wikimedia.org\/wikipedia\/commons\/thumb\/8\/83\/Flag_of_the_United_Kingdom_%283-5%29.svg\/330px-Flag_of_the_United_Kingdom_%283-5%29.svg.png\" alt=\"Bandeira do Reino Unido \u2013 Wikip\u00e9dia, a enciclop\u00e9dia livre\"\/><\/figure><\/div>\n\n\n<h2 class=\"wp-block-heading\"><strong><mark style=\"background-color:rgba(0, 0, 0, 0);color:#a91919\" class=\"has-inline-color\">As cores e o respons\u00e1vel pela aquisi\u00e7\u00e3o do campo<\/mark><\/strong><\/h2>\n\n\n\n<p><mark style=\"background-color:rgba(0, 0, 0, 0);color:#000000\" class=\"has-inline-color\">As cores escolhidas foi o <strong><em>vermelho <\/em><\/strong>e<strong><em> azul<\/em><\/strong>, inspirado na <em>bandeira inglesa<\/em>, que na \u00e9poca dominavam as ind\u00fastrias nesta cidade. A sua <strong><em>Sede<\/em><\/strong> e a <strong><em>Pra\u00e7a de Esportes (Praia do Retiro Saudoso)<\/em><\/strong> ficavam localizados na <strong><em>Rua Carlos Seidl, n\u00ba 993, no simp\u00e1tico bairro do Caju, na zona norte do Rio<\/em><\/strong>.<\/mark><\/p>\n\n\n\n<p><mark style=\"background-color:rgba(0, 0, 0, 0);color:#000000\" class=\"has-inline-color\">A constru\u00e7\u00e3o de seu campo teve no desportista <em>Afonso Bebiano<\/em> um abnegado ao extremo, pois foi quem doou ao clube uma vasta \u00e1rea, na ocasi\u00e3o pantanosa, mas que gra\u00e7as aos verdadeiros <em>mavilenses<\/em>, conseguiram aterr\u00e1-la e construir ali sua pra\u00e7a de esportes.<\/mark><\/p>\n\n\n\n<p><mark style=\"background-color:rgba(0, 0, 0, 0);color:#000000\" class=\"has-inline-color\">Uma das primeiras preocupa\u00e7\u00f5es de seus dirigentes, foi estipular a mensalidade de um <em>tost\u00e3o antigo<\/em>, import\u00e2ncia essa que em <strong><em>1913<\/em><\/strong>, os seus fundadores encontravam dificuldade para saldar.<\/mark><\/p>\n\n\n\n<h2 class=\"wp-block-heading\"><strong><mark style=\"background-color:rgba(0, 0, 0, 0);color:#2a35b5\" class=\"has-inline-color\">Outras modalidades<\/mark><\/strong><\/h2>\n\n\n\n<p><mark style=\"background-color:rgba(0, 0, 0, 0);color:#000000\" class=\"has-inline-color\">Al\u00e9m do futebol, o <strong><em>Mavilis<\/em><\/strong> foi um dos pioneiros no <strong><em>Futebol de Sal\u00e3o (Futsal)<\/em><\/strong> na <em>Guanabara<\/em>, contando com uma equipe de <strong><em>voleibol<\/em><\/strong>. Na <em>d\u00e9cada de 60<\/em>, tinha a <strong><em>\u2018queda de bra\u00e7o\u2019<\/em><\/strong>, onde clube foi <strong><em>bicampe\u00e3o<\/em><\/strong> com o seu atleta <em>Raimundo Teixeira<\/em>, na categoria de <em>peso mosca<\/em>; assim como uma equipe da <strong><em>Pesca Desportiva<\/em><\/strong>, criada sob a dire\u00e7\u00e3o do <em>sr. Jos\u00e9 Secundo<\/em>, e filiada \u00e0 <strong><em>Federa\u00e7\u00e3o de Pesca<\/em><\/strong>.<\/mark><\/p>\n\n\n\n<h2 class=\"wp-block-heading\"><mark style=\"background-color:rgba(0, 0, 0, 0);color:#ac2424\" class=\"has-inline-color\"><strong>Fase \u00e1urea<\/strong> na d\u00e9cada de 30<\/mark><\/h2>\n\n\n\n<p><mark style=\"background-color:rgba(0, 0, 0, 0);color:#000000\" class=\"has-inline-color\">Em que pese ter permanecido como um clube amadorista a <em>\u2018era de ouro\u2019<\/em> do <strong><em>Mavilis FC<\/em><\/strong>, foi ainda no per\u00edodo amadorista do futebol brasileiro, isso at\u00e9 o ano de <strong><em>1932<\/em><\/strong>. Em <strong><em>1929<\/em><\/strong>, com os seus <strong><em>Primeiros e Segundos Quadros<\/em><\/strong>, o <strong><em>Mavilis Football Club, <\/em><\/strong>sagrou-se <strong><em>campe\u00e3o<\/em><\/strong> da <strong><em>Liga Suburbana<\/em><\/strong>.<\/mark><\/p>\n\n\n\n<p><mark style=\"background-color:rgba(0, 0, 0, 0);color:#000000\" class=\"has-inline-color\">Em <strong><em>1932<\/em><\/strong>, quando o <strong><em>Botafogo<\/em><\/strong> levantou o \u00faltimo t\u00edtulo do amadorismo, o <strong><em>Mavilis<\/em><\/strong> realizou excelente campanha, chegando ao <strong><em>vice-campeonato<\/em><\/strong>, na antiga <strong><em>AMEA<\/em><\/strong>. Mais tarde passou a ser filiado da <strong><em>Liga Suburbana de Desportos<\/em><\/strong> e finalmente <em>ajudou<\/em> a <strong><em>fundar<\/em><\/strong> o <strong><em>Departamento Aut\u00f4nomo<\/em><\/strong> da <strong><em>Federa\u00e7\u00e3o Carioca de Futebol (FCF)<\/em><\/strong>.<\/mark><\/p>\n\n\n<div class=\"wp-block-image\">\n<figure class=\"aligncenter size-large is-resized\"><img loading=\"lazy\" decoding=\"async\" width=\"500\" height=\"365\" src=\"https:\/\/historiadofutebol.com\/blog\/wp-content\/uploads\/2025\/11\/MFC-913-500x365.jpg\" alt=\"\" class=\"wp-image-135269\" style=\"width:520px;height:auto\" srcset=\"https:\/\/historiadofutebol.com\/blog\/wp-content\/uploads\/2025\/11\/MFC-913-500x365.jpg 500w, https:\/\/historiadofutebol.com\/blog\/wp-content\/uploads\/2025\/11\/MFC-913-300x219.jpg 300w, https:\/\/historiadofutebol.com\/blog\/wp-content\/uploads\/2025\/11\/MFC-913-768x560.jpg 768w, https:\/\/historiadofutebol.com\/blog\/wp-content\/uploads\/2025\/11\/MFC-913-624x455.jpg 624w, https:\/\/historiadofutebol.com\/blog\/wp-content\/uploads\/2025\/11\/MFC-913.jpg 991w\" sizes=\"auto, (max-width: 500px) 100vw, 500px\" \/><\/figure><\/div>\n\n\n<h2 class=\"wp-block-heading\"><strong><mark style=\"background-color:rgba(0, 0, 0, 0);color:#1a2499\" class=\"has-inline-color\">Duas participa\u00e7\u00f5es na Elite do Futebol Carioca<\/mark><\/strong><\/h2>\n\n\n\n<p><mark style=\"background-color:rgba(0, 0, 0, 0);color:#000000\" class=\"has-inline-color\">O <strong><em>Rubro-anil do Caju<\/em><\/strong> disputou duas edi\u00e7\u00f5es do <strong><em>Campeonato Carioca da 1\u00aa Divis\u00e3o<\/em><\/strong>, em <strong><em>1933<\/em><\/strong> e <strong><em>1934<\/em><\/strong>. O maior momento feito do <strong><em>Mavilis<\/em><\/strong> aconteceu em <strong><em>1934<\/em><\/strong>, quando terminou na <strong><em>2\u00aa coloca\u00e7\u00e3o<\/em><\/strong> do <strong><em>Campeonato Carioca da 1\u00aa Divis\u00e3o<\/em><\/strong>, organizado pela <strong><em>AMEA (Associa\u00e7\u00e3o Metropolitana de Esportes Atl\u00e9ticos)<\/em><\/strong>.<\/mark><\/p>\n\n\n\n<p><mark style=\"background-color:rgba(0, 0, 0, 0);color:#000000\" class=\"has-inline-color\">Como o <strong><em>Mavilis<\/em><\/strong> ingressou no <strong><em>Carioca da 1\u00aa Divis\u00e3o<\/em><\/strong>? <em>Na quinta-feira, do dia 9 de Mar\u00e7o de 1933<\/em>, a <strong><em>AMEA <\/em><\/strong>se encontrava em \u201c<em>maus len\u00e7\u00f5es<\/em>\u201d, com a debandada do <strong><em>Fluminense<\/em><\/strong>, <strong><em>Vasco<\/em><\/strong>, <strong><em>Flamengo<\/em><\/strong>, <strong><em>America<\/em><\/strong>, <strong><em>Bangu<\/em><\/strong> e <strong>Bonsucesso<\/strong>. Diante dessa crise, a <em>entidade<\/em> convidou o <strong><em>Mavilis<\/em><\/strong>, <strong><em>Confian\u00e7a<\/em><\/strong>, <strong><em>River<\/em><\/strong>, <strong><em>Olaria<\/em><\/strong> e <strong><em>Carioca<\/em><\/strong> para recompor o certame.<\/mark><\/p>\n\n\n\n<h2 class=\"wp-block-heading\"><strong><mark style=\"background-color:rgba(0, 0, 0, 0);color:#ab2323\" class=\"has-inline-color\">Mavilis \u00e9 eliminado pelo Botafogo no Torneio In\u00edcio de 1933<\/mark><\/strong><\/h2>\n\n\n\n<p><mark style=\"background-color:rgba(0, 0, 0, 0);color:#000000\" class=\"has-inline-color\">O <strong><em>Torneio In\u00edcio<\/em><\/strong> do <strong><em>Carioca da AMEA de 1933<\/em><\/strong>, foi realizado no domingo, \u00e0s <em>11h25min.<\/em>, <em>do dia 16 de abril<\/em>, no <em>Est\u00e1dio General Severiano<\/em>, no bairro de Botafogo, na zona sul do Rio. O <strong><em>Mavilis<\/em><\/strong> estreou com vit\u00f3ria diante do <strong><em>Sport Club Brasil (Urca)<\/em><\/strong>, pelo placar de <strong><em>1 a 0<\/em><\/strong>. O time formou: <em>China; Genaro e Bagueth; Nen\u00ea, Silv\u00e9rio e Proc\u00f3pio; Alvinho, Pisca, Arag\u00e3o, H\u00e9lio e Honorino<\/em>.&nbsp;<\/mark><\/p>\n\n\n\n<p><mark style=\"background-color:rgba(0, 0, 0, 0);color:#000000\" class=\"has-inline-color\">O <strong><em>\u00e1rbitro<\/em><\/strong> foi <em>Vicente Neiva Filho<\/em>. Por\u00e9m, na segunda fase, o <strong><em>Rubro-Anil do Caju<\/em><\/strong> caiu para o <strong><em>Botafogo<\/em><\/strong>, que venceu por <strong><em>3 a 0<\/em><\/strong>. O clube da <strong><em>Estrela Solit\u00e1ria<\/em><\/strong> chegou na final, mas acabou derrotado pelo <strong><em>S\u00e3o Christ\u00f3v\u00e3o Athletico Club<\/em><\/strong> por <strong><em>3 a 0<\/em><\/strong>. O time <strong><em>Cadete<\/em><\/strong> ficou com o <strong><em>t\u00edtulo<\/em><\/strong>, enquanto o <strong><em>Botafogo<\/em><\/strong> ficou com o <strong><em>vice<\/em><\/strong>.<\/mark><\/p>\n\n\n\n<h2 class=\"wp-block-heading\"><strong><mark style=\"background-color:rgba(0, 0, 0, 0);color:#291f85\" class=\"has-inline-color\">Mavilis fica na 7\u00aa posi\u00e7\u00e3o no Carioca de 1933<\/mark><\/strong><\/h2>\n\n\n\n<p><mark style=\"background-color:rgba(0, 0, 0, 0);color:#000000\" class=\"has-inline-color\"><em>Na tarde chuvosa de domingo, do dia 21 de maio de 1933<\/em>, o <strong><em>Mavilis<\/em><\/strong> debutou na <strong><em>Elite do Futebol Carioca<\/em><\/strong>, diante do <strong><em>Engenho de Dentro<\/em><\/strong>, no <strong><em>Est\u00e1dio<\/em><\/strong> <strong><em>Retiro Saudoso<\/em><\/strong>, na <em>Rua Carlos Seidl, no Caju, na zona norte do Rio<\/em>.<\/mark><\/p>\n\n\n\n<p><mark style=\"background-color:rgba(0, 0, 0, 0);color:#000000\" class=\"has-inline-color\">Um bom p\u00fablico compareceu para prestigiar o <strong><em>Rubro-Anil do Caju<\/em><\/strong>, que apesar da boa atua\u00e7\u00e3o, ficou no empate em <strong><em>2 a 2<\/em><\/strong>. Na primeira etapa, o <strong><em>Mavilis<\/em><\/strong> abriu o 0000ppppplacar por interm\u00e9dio do atacante <em>Honorino<\/em>.<\/mark><\/p>\n\n\n\n<p><mark style=\"background-color:rgba(0, 0, 0, 0);color:#000000\" class=\"has-inline-color\">Na etapa complementar, <em>Mario<\/em> soltou um foguete para deixar tudo igual. Aos 40 minutos, novamente, <em>Mario<\/em> fez o <em>2\u00ba tento<\/em>, colocando o <strong><em>Engenho de Dentro<\/em><\/strong> em vantagem. Logo depois, ap\u00f3s um escanteio, <em>Pisca I<\/em> testou de forma fulminante deixando placar em ippgualdade. O <strong><em>\u00e1rbitro<\/em><\/strong> foi o sr. <em>Pedro Gomes de Carvalho<\/em>. Nos Segundos Quadros, o <strong><em>Mavilis<\/em><\/strong> goleou o oponente por <strong><em>4 a 0<\/em><\/strong>.<\/mark><\/p>\n\n\n\n<p><mark style=\"background-color:rgba(0, 0, 0, 0);color:#000000\" class=\"has-inline-color\">O <strong><em>Mavilis<\/em><\/strong>: <em>Medonho; Nen\u00ea e Bagueth; Camisa, Silv\u00e9rio e Pequenino; Araujo, Harven (Pisca I), Arag\u00e3o, Honorino e Camarinha<\/em>.<\/mark><\/p>\n\n\n\n<p><mark style=\"background-color:rgba(0, 0, 0, 0);color:#000000\" class=\"has-inline-color\"><strong><em>Engenho de Dentro:<\/em><\/strong><em> Walter; China e Virada; Quino, Adelino e Rubens; 23, Mario, Manolo, Ant\u00f4nio e Aduane<\/em>.<\/mark><\/p>\n\n\n\n<p><mark style=\"background-color:rgba(0, 0, 0, 0);color:#000000\" class=\"has-inline-color\">Em <em>junho de<\/em> <em>1933<\/em>, o <strong><em>Mavilis<\/em><\/strong> acabou perdendo um dos destaques, o atacante <em>Honorino<\/em>, que se transferiu para o <strong><em>Bonsucesso Futebol Clube<\/em><\/strong>.<\/mark><\/p>\n\n\n\n<p><mark style=\"background-color:rgba(0, 0, 0, 0);color:#000000\" class=\"has-inline-color\">Somente na <strong><em>sexta rodada<\/em><\/strong>, o <strong><em>Mavilis<\/em><\/strong> obteve a sua <em>1\u00aa vit\u00f3ria<\/em> no <strong><em>Carioca de 1933<\/em><\/strong>. <em>No domingo, do dia 09 de julho<\/em>, o <strong><em>Rubro-Anil do Caju<\/em><\/strong> foi at\u00e9 a <em>Rua Jo\u00e3o Pinheiro, no bairro da Piedade<\/em>, vencendo de forma convincente o brioso <strong><em>River Football Club<\/em><\/strong> pelo placar de <strong><em>3 a 0<\/em><\/strong>.<\/mark><\/p>\n\n\n\n<p><mark style=\"background-color:rgba(0, 0, 0, 0);color:#000000\" class=\"has-inline-color\">Os gols foram assinalados por<em> Camarinha<\/em>, no final do 1\u00ba tempo. &nbsp;<em>Ann\u00edbal<\/em> no in\u00edcio da segunda etapa e, novamente, <em>Camarinha<\/em>, deu n\u00fameros finais ao jogo. <em>Carlos de Carvalho<\/em>, o \u201c<em>Americano<\/em>\u201d (<strong><em>Andarahy AC<\/em><\/strong>), foi o <strong><em>\u00e1rbitro<\/em><\/strong> da peleja.<\/mark><\/p>\n\n\n\n<p><mark style=\"background-color:rgba(0, 0, 0, 0);color:#000000\" class=\"has-inline-color\"><strong><em>River:<\/em><\/strong><em> Nicanor; Pery e Luiz II; Orestino, Gradim e Bol\u00e3o; China, Manoelzinho, Alem\u00e3o (Bebeto) e Mies<\/em>.<\/mark><\/p>\n\n\n\n<p><mark style=\"background-color:rgba(0, 0, 0, 0);color:#000000\" class=\"has-inline-color\"><strong><em>Mavilis<\/em><\/strong>: <em>Medonho; Bagueth e Genaro; Pequenino, Camisa e Annibal; Al\u00f4, Arag\u00e3o, Goulart, Galhoti e Camarinha<\/em>.<\/mark><\/p>\n\n\n\n<h2 class=\"wp-block-heading has-text-align-center\"><strong><u><mark style=\"background-color:rgba(0, 0, 0, 0);color:#d31d1d\" class=\"has-inline-color\">Campanha do Mavilis em 1933<\/mark><\/u><\/strong><\/h2>\n\n\n\n<figure class=\"wp-block-table is-style-stripes\"><table class=\"has-fixed-layout\"><tbody><tr><td><mark style=\"background-color:rgba(0, 0, 0, 0);color:#000000\" class=\"has-inline-color\">21 de maio<\/mark><\/td><td><mark style=\"background-color:rgba(0, 0, 0, 0);color:#000000\" class=\"has-inline-color\">Mavilis<\/mark> <mark style=\"background-color:rgba(0, 0, 0, 0);color:#000000\" class=\"has-inline-color\">FC<\/mark><\/td><td><mark style=\"background-color:rgba(0, 0, 0, 0);color:#000000\" class=\"has-inline-color\">2<\/mark><\/td><td><strong><mark style=\"background-color:rgba(0, 0, 0, 0);color:#000000\" class=\"has-inline-color\">X<\/mark><\/strong><\/td><td><mark style=\"background-color:rgba(0, 0, 0, 0);color:#000000\" class=\"has-inline-color\">2<\/mark><\/td><td><mark style=\"background-color:rgba(0, 0, 0, 0);color:#000000\" class=\"has-inline-color\">Engenho de Dentro<\/mark> <mark style=\"background-color:rgba(0, 0, 0, 0);color:#000000\" class=\"has-inline-color\">AC<\/mark><\/td><\/tr><tr><td><mark style=\"background-color:rgba(0, 0, 0, 0);color:#000000\" class=\"has-inline-color\">28 de maio<\/mark><\/td><td><mark style=\"background-color:rgba(0, 0, 0, 0);color:#000000\" class=\"has-inline-color\">Olaria<\/mark> <mark style=\"background-color:rgba(0, 0, 0, 0);color:#000000\" class=\"has-inline-color\">AC<\/mark><\/td><td><mark style=\"background-color:rgba(0, 0, 0, 0);color:#000000\" class=\"has-inline-color\">2<\/mark><\/td><td><strong><mark style=\"background-color:rgba(0, 0, 0, 0);color:#000000\" class=\"has-inline-color\">X<\/mark><\/strong><\/td><td><mark style=\"background-color:rgba(0, 0, 0, 0);color:#000000\" class=\"has-inline-color\">2<\/mark><\/td><td><mark style=\"background-color:rgba(0, 0, 0, 0);color:#000000\" class=\"has-inline-color\"><\/mark><mark style=\"background-color:rgba(0, 0, 0, 0);color:#000000\" class=\"has-inline-color\">Mavilis<\/mark> <mark style=\"background-color:rgba(0, 0, 0, 0);color:#000000\" class=\"has-inline-color\">FC<\/mark><\/td><\/tr><tr><td><mark style=\"background-color:rgba(0, 0, 0, 0);color:#000000\" class=\"has-inline-color\">11 de junho<\/mark><\/td><td><mark style=\"background-color:rgba(0, 0, 0, 0);color:#000000\" class=\"has-inline-color\"><\/mark><mark style=\"background-color:rgba(0, 0, 0, 0);color:#000000\" class=\"has-inline-color\">Mavilis<\/mark> <mark style=\"background-color:rgba(0, 0, 0, 0);color:#000000\" class=\"has-inline-color\">FC<\/mark><\/td><td><mark style=\"background-color:rgba(0, 0, 0, 0);color:#000000\" class=\"has-inline-color\">3<\/mark><\/td><td><strong><mark style=\"background-color:rgba(0, 0, 0, 0);color:#000000\" class=\"has-inline-color\">X<\/mark><\/strong><\/td><td><mark style=\"background-color:rgba(0, 0, 0, 0);color:#000000\" class=\"has-inline-color\">3<\/mark><\/td><td><mark style=\"background-color:rgba(0, 0, 0, 0);color:#000000\" class=\"has-inline-color\"><\/mark><mark style=\"background-color:rgba(0, 0, 0, 0);color:#000000\" class=\"has-inline-color\">SC Cocot\u00e1<\/mark><\/td><\/tr><tr><td><mark style=\"background-color:rgba(0, 0, 0, 0);color:#000000\" class=\"has-inline-color\">18 de junho<\/mark><\/td><td><mark style=\"background-color:rgba(0, 0, 0, 0);color:#000000\" class=\"has-inline-color\"><\/mark><mark style=\"background-color:rgba(0, 0, 0, 0);color:#000000\" class=\"has-inline-color\">Mavilis<\/mark> <mark style=\"background-color:rgba(0, 0, 0, 0);color:#000000\" class=\"has-inline-color\">FC<\/mark><\/td><td><mark style=\"background-color:rgba(0, 0, 0, 0);color:#000000\" class=\"has-inline-color\">1<\/mark><\/td><td><strong><mark style=\"background-color:rgba(0, 0, 0, 0);color:#000000\" class=\"has-inline-color\">X<\/mark><\/strong><\/td><td><mark style=\"background-color:rgba(0, 0, 0, 0);color:#000000\" class=\"has-inline-color\">4<\/mark><\/td><td><mark style=\"background-color:rgba(0, 0, 0, 0);color:#000000\" class=\"has-inline-color\">Botafogo<\/mark> <mark style=\"background-color:rgba(0, 0, 0, 0);color:#000000\" class=\"has-inline-color\"><\/mark><mark style=\"background-color:rgba(0, 0, 0, 0);color:#000000\" class=\"has-inline-color\">FC<\/mark><\/td><\/tr><tr><td><mark style=\"background-color:rgba(0, 0, 0, 0);color:#000000\" class=\"has-inline-color\">25 de junho<\/mark><\/td><td><mark style=\"background-color:rgba(0, 0, 0, 0);color:#000000\" class=\"has-inline-color\">SC Brasil<\/mark><\/td><td><mark style=\"background-color:rgba(0, 0, 0, 0);color:#000000\" class=\"has-inline-color\">1<\/mark><\/td><td><strong><mark style=\"background-color:rgba(0, 0, 0, 0);color:#000000\" class=\"has-inline-color\">X<\/mark><\/strong><\/td><td><mark style=\"background-color:rgba(0, 0, 0, 0);color:#000000\" class=\"has-inline-color\">1<\/mark><\/td><td><mark style=\"background-color:rgba(0, 0, 0, 0);color:#000000\" class=\"has-inline-color\"><\/mark><mark style=\"background-color:rgba(0, 0, 0, 0);color:#000000\" class=\"has-inline-color\">Mavilis<\/mark> <mark style=\"background-color:rgba(0, 0, 0, 0);color:#000000\" class=\"has-inline-color\">FC<\/mark><\/td><\/tr><tr><td><mark style=\"background-color:rgba(0, 0, 0, 0);color:#000000\" class=\"has-inline-color\">09 de julho<\/mark><\/td><td><mark style=\"background-color:rgba(0, 0, 0, 0);color:#000000\" class=\"has-inline-color\">River<\/mark> <mark style=\"background-color:rgba(0, 0, 0, 0);color:#000000\" class=\"has-inline-color\"><\/mark><mark style=\"background-color:rgba(0, 0, 0, 0);color:#000000\" class=\"has-inline-color\">FC<\/mark><\/td><td><mark style=\"background-color:rgba(0, 0, 0, 0);color:#000000\" class=\"has-inline-color\">0<\/mark><\/td><td><strong><mark style=\"background-color:rgba(0, 0, 0, 0);color:#000000\" class=\"has-inline-color\">X<\/mark><\/strong><\/td><td><mark style=\"background-color:rgba(0, 0, 0, 0);color:#000000\" class=\"has-inline-color\">3<\/mark><\/td><td><mark style=\"background-color:rgba(0, 0, 0, 0);color:#000000\" class=\"has-inline-color\"><\/mark><mark style=\"background-color:rgba(0, 0, 0, 0);color:#000000\" class=\"has-inline-color\">Mavilis<\/mark> <mark style=\"background-color:rgba(0, 0, 0, 0);color:#000000\" class=\"has-inline-color\">FC<\/mark><\/td><\/tr><tr><td><mark style=\"background-color:rgba(0, 0, 0, 0);color:#000000\" class=\"has-inline-color\">23 de julho<\/mark><\/td><td><mark style=\"background-color:rgba(0, 0, 0, 0);color:#000000\" class=\"has-inline-color\"><\/mark><mark style=\"background-color:rgba(0, 0, 0, 0);color:#000000\" class=\"has-inline-color\">Mavilis<\/mark> <mark style=\"background-color:rgba(0, 0, 0, 0);color:#000000\" class=\"has-inline-color\">FC<\/mark><\/td><td><mark style=\"background-color:rgba(0, 0, 0, 0);color:#000000\" class=\"has-inline-color\">3<\/mark><\/td><td><strong><mark style=\"background-color:rgba(0, 0, 0, 0);color:#000000\" class=\"has-inline-color\">X<\/mark><\/strong><\/td><td><mark style=\"background-color:rgba(0, 0, 0, 0);color:#000000\" class=\"has-inline-color\">3<\/mark><\/td><td><mark style=\"background-color:rgba(0, 0, 0, 0);color:#000000\" class=\"has-inline-color\">Andarahy AC<\/mark><\/td><\/tr><tr><td><mark style=\"background-color:rgba(0, 0, 0, 0);color:#000000\" class=\"has-inline-color\">30 de julho<\/mark><\/td><td><mark style=\"background-color:rgba(0, 0, 0, 0);color:#000000\" class=\"has-inline-color\">AA Portuguesa<\/mark><\/td><td><mark style=\"background-color:rgba(0, 0, 0, 0);color:#000000\" class=\"has-inline-color\">3<\/mark><\/td><td><strong><mark style=\"background-color:rgba(0, 0, 0, 0);color:#000000\" class=\"has-inline-color\">X<\/mark><\/strong><\/td><td><mark style=\"background-color:rgba(0, 0, 0, 0);color:#000000\" class=\"has-inline-color\">3<\/mark><\/td><td><mark style=\"background-color:rgba(0, 0, 0, 0);color:#000000\" class=\"has-inline-color\"><\/mark><mark style=\"background-color:rgba(0, 0, 0, 0);color:#000000\" class=\"has-inline-color\">Mavilis<\/mark> <mark style=\"background-color:rgba(0, 0, 0, 0);color:#000000\" class=\"has-inline-color\">FC<\/mark><\/td><\/tr><tr><td><mark style=\"background-color:rgba(0, 0, 0, 0);color:#000000\" class=\"has-inline-color\">27 de agosto<\/mark><\/td><td><mark style=\"background-color:rgba(0, 0, 0, 0);color:#000000\" class=\"has-inline-color\"><\/mark><mark style=\"background-color:rgba(0, 0, 0, 0);color:#000000\" class=\"has-inline-color\">Mavilis<\/mark> <mark style=\"background-color:rgba(0, 0, 0, 0);color:#000000\" class=\"has-inline-color\">FC<\/mark><\/td><td><mark style=\"background-color:rgba(0, 0, 0, 0);color:#000000\" class=\"has-inline-color\">2<\/mark><\/td><td><strong><mark style=\"background-color:rgba(0, 0, 0, 0);color:#000000\" class=\"has-inline-color\">X<\/mark><\/strong><\/td><td><mark style=\"background-color:rgba(0, 0, 0, 0);color:#000000\" class=\"has-inline-color\">2<\/mark><\/td><td><mark style=\"background-color:rgba(0, 0, 0, 0);color:#000000\" class=\"has-inline-color\">Confian\u00e7a AC<\/mark><\/td><\/tr><tr><td><mark style=\"background-color:rgba(0, 0, 0, 0);color:#000000\" class=\"has-inline-color\">03 de setembro<\/mark><\/td><td><mark style=\"background-color:rgba(0, 0, 0, 0);color:#000000\" class=\"has-inline-color\">Engenho de Dentro<\/mark> <mark style=\"background-color:rgba(0, 0, 0, 0);color:#000000\" class=\"has-inline-color\">AC<\/mark><\/td><td><mark style=\"background-color:rgba(0, 0, 0, 0);color:#000000\" class=\"has-inline-color\">3<\/mark><\/td><td><strong><mark style=\"background-color:rgba(0, 0, 0, 0);color:#000000\" class=\"has-inline-color\">X<\/mark><\/strong><\/td><td><mark style=\"background-color:rgba(0, 0, 0, 0);color:#000000\" class=\"has-inline-color\">1<\/mark><\/td><td><mark style=\"background-color:rgba(0, 0, 0, 0);color:#000000\" class=\"has-inline-color\"><\/mark><mark style=\"background-color:rgba(0, 0, 0, 0);color:#000000\" class=\"has-inline-color\">Mavilis<\/mark> <mark style=\"background-color:rgba(0, 0, 0, 0);color:#000000\" class=\"has-inline-color\">FC<\/mark><\/td><\/tr><tr><td><mark style=\"background-color:rgba(0, 0, 0, 0);color:#000000\" class=\"has-inline-color\">10 de setembro<\/mark><\/td><td><mark style=\"background-color:rgba(0, 0, 0, 0);color:#000000\" class=\"has-inline-color\"><\/mark><mark style=\"background-color:rgba(0, 0, 0, 0);color:#000000\" class=\"has-inline-color\">Mavilis<\/mark> <mark style=\"background-color:rgba(0, 0, 0, 0);color:#000000\" class=\"has-inline-color\">FC<\/mark><\/td><td><mark style=\"background-color:rgba(0, 0, 0, 0);color:#000000\" class=\"has-inline-color\">2<\/mark><\/td><td><strong><mark style=\"background-color:rgba(0, 0, 0, 0);color:#000000\" class=\"has-inline-color\">X<\/mark><\/strong><\/td><td><mark style=\"background-color:rgba(0, 0, 0, 0);color:#000000\" class=\"has-inline-color\">4<\/mark><\/td><td><mark style=\"background-color:rgba(0, 0, 0, 0);color:#000000\" class=\"has-inline-color\">Olaria<\/mark> <mark style=\"background-color:rgba(0, 0, 0, 0);color:#000000\" class=\"has-inline-color\">AC<\/mark><\/td><\/tr><tr><td><mark style=\"background-color:rgba(0, 0, 0, 0);color:#000000\" class=\"has-inline-color\">1\u00ba de outubro<\/mark><\/td><td><mark style=\"background-color:rgba(0, 0, 0, 0);color:#000000\" class=\"has-inline-color\">Botafogo <\/mark><mark style=\"background-color:rgba(0, 0, 0, 0);color:#000000\" class=\"has-inline-color\">FC<\/mark><\/td><td><mark style=\"background-color:rgba(0, 0, 0, 0);color:#000000\" class=\"has-inline-color\">3<\/mark><\/td><td><strong><mark style=\"background-color:rgba(0, 0, 0, 0);color:#000000\" class=\"has-inline-color\">X<\/mark><\/strong><\/td><td><mark style=\"background-color:rgba(0, 0, 0, 0);color:#000000\" class=\"has-inline-color\">0<\/mark><\/td><td><mark style=\"background-color:rgba(0, 0, 0, 0);color:#000000\" class=\"has-inline-color\"><\/mark><mark style=\"background-color:rgba(0, 0, 0, 0);color:#000000\" class=\"has-inline-color\">Mavilis<\/mark> <mark style=\"background-color:rgba(0, 0, 0, 0);color:#000000\" class=\"has-inline-color\">FC<\/mark><\/td><\/tr><tr><td><mark style=\"background-color:rgba(0, 0, 0, 0);color:#000000\" class=\"has-inline-color\">29 de outubro<\/mark><\/td><td><mark style=\"background-color:rgba(0, 0, 0, 0);color:#000000\" class=\"has-inline-color\"><\/mark><mark style=\"background-color:rgba(0, 0, 0, 0);color:#000000\" class=\"has-inline-color\">Mavilis<\/mark> <mark style=\"background-color:rgba(0, 0, 0, 0);color:#000000\" class=\"has-inline-color\">FC<\/mark><\/td><td><mark style=\"background-color:rgba(0, 0, 0, 0);color:#000000\" class=\"has-inline-color\">4<\/mark><\/td><td><strong><mark style=\"background-color:rgba(0, 0, 0, 0);color:#000000\" class=\"has-inline-color\">X<\/mark><\/strong><\/td><td><mark style=\"background-color:rgba(0, 0, 0, 0);color:#000000\" class=\"has-inline-color\">1<\/mark><\/td><td><mark style=\"background-color:rgba(0, 0, 0, 0);color:#000000\" class=\"has-inline-color\">River<\/mark> <mark style=\"background-color:rgba(0, 0, 0, 0);color:#000000\" class=\"has-inline-color\"><\/mark><mark style=\"background-color:rgba(0, 0, 0, 0);color:#000000\" class=\"has-inline-color\">FC<\/mark><\/td><\/tr><tr><td><mark style=\"background-color:rgba(0, 0, 0, 0);color:#000000\" class=\"has-inline-color\">05 de novembro<\/mark><\/td><td><mark style=\"background-color:rgba(0, 0, 0, 0);color:#000000\" class=\"has-inline-color\">Andarahy AC<\/mark><\/td><td><mark style=\"background-color:rgba(0, 0, 0, 0);color:#000000\" class=\"has-inline-color\">2<\/mark><\/td><td><strong><mark style=\"background-color:rgba(0, 0, 0, 0);color:#000000\" class=\"has-inline-color\">X<\/mark><\/strong><\/td><td><mark style=\"background-color:rgba(0, 0, 0, 0);color:#000000\" class=\"has-inline-color\">2<\/mark><\/td><td><mark style=\"background-color:rgba(0, 0, 0, 0);color:#000000\" class=\"has-inline-color\"><\/mark><mark style=\"background-color:rgba(0, 0, 0, 0);color:#000000\" class=\"has-inline-color\">Mavilis<\/mark> <mark style=\"background-color:rgba(0, 0, 0, 0);color:#000000\" class=\"has-inline-color\">FC<\/mark><\/td><\/tr><tr><td><mark style=\"background-color:rgba(0, 0, 0, 0);color:#000000\" class=\"has-inline-color\">12 de novembro<\/mark><\/td><td><mark style=\"background-color:rgba(0, 0, 0, 0);color:#000000\" class=\"has-inline-color\"><\/mark><mark style=\"background-color:rgba(0, 0, 0, 0);color:#000000\" class=\"has-inline-color\">Mavilis<\/mark> <mark style=\"background-color:rgba(0, 0, 0, 0);color:#000000\" class=\"has-inline-color\">FC<\/mark><\/td><td><mark style=\"background-color:rgba(0, 0, 0, 0);color:#000000\" class=\"has-inline-color\">3<\/mark><\/td><td><strong><mark style=\"background-color:rgba(0, 0, 0, 0);color:#000000\" class=\"has-inline-color\">X<\/mark><\/strong><\/td><td><mark style=\"background-color:rgba(0, 0, 0, 0);color:#000000\" class=\"has-inline-color\">2<\/mark><\/td><td><mark style=\"background-color:rgba(0, 0, 0, 0);color:#000000\" class=\"has-inline-color\">AA Portuguesa<\/mark><\/td><\/tr><tr><td><mark style=\"background-color:rgba(0, 0, 0, 0);color:#000000\" class=\"has-inline-color\">19 de novembro<\/mark><\/td><td><mark style=\"background-color:rgba(0, 0, 0, 0);color:#000000\" class=\"has-inline-color\">Confian\u00e7a AC<\/mark><\/td><td><mark style=\"background-color:rgba(0, 0, 0, 0);color:#000000\" class=\"has-inline-color\">4<\/mark><\/td><td><strong><mark style=\"background-color:rgba(0, 0, 0, 0);color:#000000\" class=\"has-inline-color\">X<\/mark><\/strong><\/td><td><mark style=\"background-color:rgba(0, 0, 0, 0);color:#000000\" class=\"has-inline-color\">2<\/mark><\/td><td><mark style=\"background-color:rgba(0, 0, 0, 0);color:#000000\" class=\"has-inline-color\"><\/mark><mark style=\"background-color:rgba(0, 0, 0, 0);color:#000000\" class=\"has-inline-color\">Mavilis<\/mark> <mark style=\"background-color:rgba(0, 0, 0, 0);color:#000000\" class=\"has-inline-color\">FC<\/mark><\/td><\/tr><tr><td><mark style=\"background-color:rgba(0, 0, 0, 0);color:#000000\" class=\"has-inline-color\">26 de novembro<\/mark><\/td><td><mark style=\"background-color:rgba(0, 0, 0, 0);color:#000000\" class=\"has-inline-color\"><\/mark><mark style=\"background-color:rgba(0, 0, 0, 0);color:#000000\" class=\"has-inline-color\">Mavilis<\/mark> <mark style=\"background-color:rgba(0, 0, 0, 0);color:#000000\" class=\"has-inline-color\">FC<\/mark><\/td><td><mark style=\"background-color:rgba(0, 0, 0, 0);color:#000000\" class=\"has-inline-color\">2<\/mark><\/td><td><strong><mark style=\"background-color:rgba(0, 0, 0, 0);color:#000000\" class=\"has-inline-color\">X<\/mark><\/strong><\/td><td><mark style=\"background-color:rgba(0, 0, 0, 0);color:#000000\" class=\"has-inline-color\">1<\/mark><\/td><td><mark style=\"background-color:rgba(0, 0, 0, 0);color:#000000\" class=\"has-inline-color\">SC Brasil<\/mark><\/td><\/tr><tr><td><mark style=\"background-color:rgba(0, 0, 0, 0);color:#000000\" class=\"has-inline-color\">03 de dezembro<\/mark><\/td><td><mark style=\"background-color:rgba(0, 0, 0, 0);color:#000000\" class=\"has-inline-color\">SC Cocot\u00e1<\/mark><\/td><td><strong><em><mark style=\"background-color:rgba(0, 0, 0, 0);color:#000000\" class=\"has-inline-color\">WO<\/mark><\/em><\/strong><\/td><td><strong><mark style=\"background-color:rgba(0, 0, 0, 0);color:#000000\" class=\"has-inline-color\">X<\/mark><\/strong><\/td><td><strong><mark style=\"background-color:rgba(0, 0, 0, 0);color:#000000\" class=\"has-inline-color\">&#8211;<\/mark><\/strong><\/td><td><mark style=\"background-color:rgba(0, 0, 0, 0);color:#000000\" class=\"has-inline-color\"><\/mark><mark style=\"background-color:rgba(0, 0, 0, 0);color:#000000\" class=\"has-inline-color\">Mavilis<\/mark> <mark style=\"background-color:rgba(0, 0, 0, 0);color:#000000\" class=\"has-inline-color\">FC<\/mark> <strong><mark style=\"background-color:rgba(0, 0, 0, 0);color:#dd1c1c\" class=\"has-inline-color\">*<\/mark><\/strong><\/td><\/tr><\/tbody><\/table><\/figure>\n\n\n\n<p class=\"has-text-align-center\"><strong><mark style=\"background-color:rgba(0, 0, 0, 0);color:#c51e1e\" class=\"has-inline-color\">*<\/mark><\/strong> <mark style=\"background-color:rgba(0, 0, 0, 0);color:#13147c\" class=\"has-inline-color\"><em>Um dia antes da partida, o <strong>Mavilis<\/strong> entregou os pontos ao Cocot\u00e1, enviando Of\u00edcio a AMEA, comunicando que n\u00e3o iria comparecer na Ilha do Governador<\/em>.<\/mark> &nbsp;<\/p>\n\n\n\n<p><mark style=\"background-color:rgba(0, 0, 0, 0);color:#000000\" class=\"has-inline-color\">No final, o <strong><em>Mavilis<\/em><\/strong> fechou o <strong><em>Campeonato Carioca da 1\u00aa Divis\u00e3o de 1933<\/em><\/strong>, na <strong><em>7\u00aa posi\u00e7\u00e3o (num total de 10 clubes)<\/em><\/strong>: <strong><em>foram 16 pontos em 18 jogos; com quatro vit\u00f3rias; oito empates e seis derrotas; marcando 36 gols, sofrendo 40 e um saldo negativo de quatro<\/em><\/strong>.<\/mark><\/p>\n\n\n\n<p><mark style=\"background-color:rgba(0, 0, 0, 0);color:#000000\" class=\"has-inline-color\">O <strong><em>time-base de 1933<\/em><\/strong>, do <strong><em>Mavilis<\/em><\/strong>: <em>Medonho (Agostinho, Ismael ou China); Nen\u00ea (Genaro ou Mello) e Bagueth (Oswaldo ou Genesio); Annibal (Pequenino), Silv\u00e9rio e Camisa; Al\u00f4 (Ernani ou Araujo), Hermes (Harven ou Tita), Arag\u00e3o (Mario ou Pisca I), Honorino (Freire ou Goulart) e Camarinha (Galhoti)<\/em>.<\/mark><\/p>\n\n\n\n<h2 class=\"wp-block-heading\"><strong><mark style=\"background-color:rgba(0, 0, 0, 0);color:#af1d1d\" class=\"has-inline-color\">Mavilis vice-campe\u00e3o do Torneio In\u00edcio de 1934<\/mark><\/strong><\/h2>\n\n\n\n<p><mark style=\"background-color:rgba(0, 0, 0, 0);color:#000000\" class=\"has-inline-color\">Um pequeno p\u00fablico compareceu no est\u00e1dio do <strong><em>Andarahy<\/em><\/strong>, na <em>Rua Bar\u00e3o de S\u00e3o Francisco, no bairro do Andara\u00ed, na zona norte do Rio<\/em>, a fim de assistir o <strong><em>Torneio In\u00edcio<\/em><\/strong> entre os clubes da <strong><em>1\u00aa Divis\u00e3o da AMEA<\/em><\/strong>, tanto que a renda n\u00e3o chegou a alcan\u00e7ar <em><strong>oitocentos mil r\u00e9is<\/strong><\/em>!<\/mark><\/p>\n\n\n\n<p><mark style=\"background-color:rgba(0, 0, 0, 0);color:#000000\" class=\"has-inline-color\">O <strong><em>Mavilis<\/em><\/strong> estreou vencendo, <em>no 2\u00ba jogo<\/em>, o <strong><em>River<\/em><\/strong> pelo placar de <strong><em>2 a 1<\/em><\/strong>. <em>Arbitragem<\/em> ficou a cargo do <em>sr. Alfredo da Silva Mesquita<\/em>. O <strong><em>Mavilis<\/em><\/strong> jogou assim: <em>Ant\u00f4nio; Alfredo e Genaro; Silv\u00e9rio, Al\u00f4 e Ant\u00f4nio; Jo\u00e3o, Augusto, Ary, Freire e Motta Filho<\/em>.<\/mark><\/p>\n\n\n\n<p><mark style=\"background-color:rgba(0, 0, 0, 0);color:#000000\" class=\"has-inline-color\">O <strong><em>River<\/em><\/strong><em>: Alipio; Francisco e Mello; Rocha, Malaquias e Antonio; Canedo, Oliveira, Couto, Dutra e Luiz<\/em>.<\/mark><\/p>\n\n\n\n<p><mark style=\"background-color:rgba(0, 0, 0, 0);color:#000000\" class=\"has-inline-color\">Na <strong><em>segunda fase<\/em><\/strong>, com <em>arbitragem<\/em> do <em>sr. Carlos de Carvalho<\/em>, o <strong><em>Mavilis<\/em><\/strong> bateu o <strong><em>Confian\u00e7a<\/em><\/strong>, por <strong><em>2 a 0<\/em><\/strong>. O <strong><em>Mavilis<\/em><\/strong>: <em>Ant\u00f4nio; Alfredo e Genaro; Silv\u00e9rio, Al\u00f4 e Ant\u00f4nio; Jo\u00e3o, Augusto, Ary, Freire e Motta Filho<\/em>.<\/mark><\/p>\n\n\n\n<p><mark style=\"background-color:rgba(0, 0, 0, 0);color:#000000\" class=\"has-inline-color\"><strong><em>Confian\u00e7a<\/em><\/strong>: <em>Couto, Altair e Josu\u00e9; Elias, Waldemar e Syrio; Euclydes, Rosas, Freitas, Salvador e Martiniano<\/em>.<\/mark><\/p>\n\n\n\n<p><mark style=\"background-color:rgba(0, 0, 0, 0);color:#000000\" class=\"has-inline-color\">Na <strong><em>semifinal<\/em><\/strong>, o <strong><em>Mavilis<\/em><\/strong> e <strong><em>Olaria<\/em><\/strong> empataram sem gols, por\u00e9m no <em>1\u00ba crit\u00e9rio de desempate<\/em>, o <strong><em>Rubro-Anil do Caju<\/em><\/strong> avan\u00e7ou por <strong><em>2 escanteios a zero<\/em><\/strong>. O \u00e1rbitro foi <em>Alfredo da Silva Mesquita<\/em>.<\/mark><\/p>\n\n\n\n<p><mark style=\"background-color:rgba(0, 0, 0, 0);color:#000000\" class=\"has-inline-color\">O <strong><em>Mavilis<\/em><\/strong>: <em>Ant\u00f4nio; Alfredo e Genaro; Silv\u00e9rio, Al\u00f4 e Ant\u00f4nio; Jo\u00e3o, Augusto, Ary, Freire e Motta Filho<\/em>.<\/mark><\/p>\n\n\n\n<p><mark style=\"background-color:rgba(0, 0, 0, 0);color:#000000\" class=\"has-inline-color\"><strong><em>Olaria:<\/em><\/strong><em> Jo\u00e3o; Alfredo e Armindo; Germano, Augusto e Joaquim (Viveiros); Hor\u00e1cio, Rubem Gago, Vieira; Corr\u00eaa e Pierre<\/em>.<\/mark><\/p>\n\n\n\n<p><mark style=\"background-color:rgba(0, 0, 0, 0);color:#000000\" class=\"has-inline-color\"><strong><em>Na grande final<\/em><\/strong>, com arbitragem de <em>Sebasti\u00e3o de Campos Ces\u00e1rio<\/em>, <strong><em>Botafogo<\/em><\/strong> e <strong><em>Mavilis<\/em><\/strong> empataram sem gols, no tempo normal. Na prorroga\u00e7\u00e3o, o clube da <strong><em>Estrela Solit\u00e1ria<\/em><\/strong> venceu por <strong><em>1 a 0<\/em><\/strong>. O her\u00f3i foi o atacante <em>Pirica<\/em>, autor do gol do t\u00edtulo. Com isso, o <strong><em>Mavilis<\/em><\/strong> ficou com o <strong><em>vice<\/em><\/strong> do <strong><em>Torneio In\u00edcio de 1934<\/em><\/strong>.<\/mark><\/p>\n\n\n\n<p><mark style=\"background-color:rgba(0, 0, 0, 0);color:#000000\" class=\"has-inline-color\">O <strong><em>Mavilis<\/em><\/strong>: <em>Ant\u00f4nio; Alfredo e Genaro; Silv\u00e9rio, Al\u00f4 e Ant\u00f4nio; Jo\u00e3o, Augusto, Ary, Freire e Motta Filho<\/em>.<\/mark><\/p>\n\n\n\n<p><mark style=\"background-color:rgba(0, 0, 0, 0);color:#000000\" class=\"has-inline-color\"><strong><em>Botafogo:<\/em><\/strong><em> Germano; Orlando e Vicente; Affonso, Waldyr e John; Eloy, Beijinho, Carvalho Leite, Jayme e Pirica<\/em>.<\/mark><\/p>\n\n\n<div class=\"wp-block-image\">\n<figure class=\"aligncenter size-large is-resized\"><img loading=\"lazy\" decoding=\"async\" width=\"500\" height=\"219\" src=\"https:\/\/historiadofutebol.com\/blog\/wp-content\/uploads\/2025\/11\/MFC-Ofi-500x219.jpg\" alt=\"\" class=\"wp-image-135270\" style=\"width:446px;height:auto\" srcset=\"https:\/\/historiadofutebol.com\/blog\/wp-content\/uploads\/2025\/11\/MFC-Ofi-500x219.jpg 500w, https:\/\/historiadofutebol.com\/blog\/wp-content\/uploads\/2025\/11\/MFC-Ofi-300x131.jpg 300w, https:\/\/historiadofutebol.com\/blog\/wp-content\/uploads\/2025\/11\/MFC-Ofi-768x336.jpg 768w, https:\/\/historiadofutebol.com\/blog\/wp-content\/uploads\/2025\/11\/MFC-Ofi-624x273.jpg 624w, https:\/\/historiadofutebol.com\/blog\/wp-content\/uploads\/2025\/11\/MFC-Ofi.jpg 1169w\" sizes=\"auto, (max-width: 500px) 100vw, 500px\" \/><\/figure><\/div>\n\n\n<h2 class=\"wp-block-heading\"><strong><mark style=\"background-color:rgba(0, 0, 0, 0);color:#192392\" class=\"has-inline-color\">Vice-campe\u00e3o Carioca de 1934<\/mark><\/strong><\/h2>\n\n\n\n<p><mark style=\"background-color:rgba(0, 0, 0, 0);color:#000000\" class=\"has-inline-color\">Na estreia do <strong><em>Carioca de 1934<\/em><\/strong> &#8211; no domingo, do dia 15 de abril &#8211; O Mavilis venceu o <strong><em>Engenho de Dentro<\/em><\/strong> por <strong><em>2 a 1<\/em><\/strong>, no <strong><em>Est\u00e1dio<\/em><\/strong> <strong><em>Retiro Saudoso<\/em><\/strong>, na <em>Rua Carlos Seidl, no Caju<\/em>.<\/mark><\/p>\n\n\n\n<p><mark style=\"background-color:rgba(0, 0, 0, 0);color:#000000\" class=\"has-inline-color\">Os gols foram assinalados por <em>Ary<\/em> e <em>Arag\u00e3o<\/em> para o <strong><em>Mavilis<\/em><\/strong>; enquanto <em>M\u00e1rio<\/em> fez o tento de honra do <strong><em>Engenho de Dentro<\/em><\/strong>. <em>Sebasti\u00e3o de Campos Ces\u00e1rio<\/em> foi \u00e1rbitro da partida. O <strong><em>time do Caju<\/em><\/strong> formou assim: <em>Ninho; Alfredo e Genaro; Parreira, Silv\u00e9rio e Al\u00f4 II; Antoninho, Juca, Arag\u00e3o, Pisca II e Ary e Al\u00f4 II (Cap.)<\/em>.<\/mark><\/p>\n\n\n\n<p><mark style=\"background-color:rgba(0, 0, 0, 0);color:#000000\" class=\"has-inline-color\">No returno, o <strong><em>Mavilis<\/em><\/strong> venceu o <strong><em>Botafogo<\/em><\/strong>, que foi o campe\u00e3o, por <strong><em>2 a 0<\/em><\/strong> <em>(Gols de Hon\u00f3rio e Chav\u00e3o, ambos na etapa final)<\/em>, em casa, <em>no domingo, do dia 22 de julho de 1934<\/em>. No final foram <strong><em>13 pontos em 11 jogos; com seis vit\u00f3rias, um empate e cinco derrotas; marcando 29 gols, sofrendo 26 e um saldo positivo de tr\u00eas tentos<\/em><\/strong>, terminando na <strong><em>2\u00aa coloca\u00e7\u00e3o<\/em><\/strong>.<\/mark><\/p>\n\n\n\n<h2 class=\"wp-block-heading has-text-align-center\"><strong><u><br \/><mark style=\"background-color:rgba(0, 0, 0, 0);color:#b11c1c\" class=\"has-inline-color\">Campanha do Mavilis em 1934<\/mark><\/u><\/strong><\/h2>\n\n\n\n<figure class=\"wp-block-table is-style-stripes\"><table class=\"has-fixed-layout\"><tbody><tr><td><mark style=\"background-color:rgba(0, 0, 0, 0);color:#000000\" class=\"has-inline-color\">15 de abril<\/mark><\/td><td><mark style=\"background-color:rgba(0, 0, 0, 0);color:#000000\" class=\"has-inline-color\"><\/mark><mark style=\"background-color:rgba(0, 0, 0, 0);color:#000000\" class=\"has-inline-color\">Mavilis<\/mark> <mark style=\"background-color:rgba(0, 0, 0, 0);color:#000000\" class=\"has-inline-color\">FC<\/mark><\/td><td><mark style=\"background-color:rgba(0, 0, 0, 0);color:#000000\" class=\"has-inline-color\">2<\/mark><\/td><td><strong><mark style=\"background-color:rgba(0, 0, 0, 0);color:#000000\" class=\"has-inline-color\">X<\/mark><\/strong><\/td><td><mark style=\"background-color:rgba(0, 0, 0, 0);color:#000000\" class=\"has-inline-color\">1<\/mark><\/td><td><mark style=\"background-color:rgba(0, 0, 0, 0);color:#000000\" class=\"has-inline-color\">Engenho de Dentro<\/mark> <mark style=\"background-color:rgba(0, 0, 0, 0);color:#000000\" class=\"has-inline-color\">AC<\/mark><\/td><\/tr><tr><td><mark style=\"background-color:rgba(0, 0, 0, 0);color:#000000\" class=\"has-inline-color\">22 de abril<\/mark><\/td><td><mark style=\"background-color:rgba(0, 0, 0, 0);color:#000000\" class=\"has-inline-color\">Botafogo <\/mark><mark style=\"background-color:rgba(0, 0, 0, 0);color:#000000\" class=\"has-inline-color\">FC<\/mark><\/td><td><mark style=\"background-color:rgba(0, 0, 0, 0);color:#000000\" class=\"has-inline-color\">4<\/mark><\/td><td><strong><mark style=\"background-color:rgba(0, 0, 0, 0);color:#000000\" class=\"has-inline-color\">X<\/mark><\/strong><\/td><td><mark style=\"background-color:rgba(0, 0, 0, 0);color:#000000\" class=\"has-inline-color\">2<\/mark><\/td><td><mark style=\"background-color:rgba(0, 0, 0, 0);color:#000000\" class=\"has-inline-color\"><\/mark><mark style=\"background-color:rgba(0, 0, 0, 0);color:#000000\" class=\"has-inline-color\">Mavilis<\/mark> <mark style=\"background-color:rgba(0, 0, 0, 0);color:#000000\" class=\"has-inline-color\">FC<\/mark><\/td><\/tr><tr><td><mark style=\"background-color:rgba(0, 0, 0, 0);color:#000000\" class=\"has-inline-color\">29 de abril<\/mark><\/td><td><mark style=\"background-color:rgba(0, 0, 0, 0);color:#000000\" class=\"has-inline-color\"><\/mark><mark style=\"background-color:rgba(0, 0, 0, 0);color:#000000\" class=\"has-inline-color\">Mavilis<\/mark> <mark style=\"background-color:rgba(0, 0, 0, 0);color:#000000\" class=\"has-inline-color\">FC<\/mark><\/td><td><mark style=\"background-color:rgba(0, 0, 0, 0);color:#000000\" class=\"has-inline-color\">4<\/mark><\/td><td><strong><mark style=\"background-color:rgba(0, 0, 0, 0);color:#000000\" class=\"has-inline-color\">X<\/mark><\/strong><\/td><td><mark style=\"background-color:rgba(0, 0, 0, 0);color:#000000\" class=\"has-inline-color\">2<\/mark><\/td><td><mark style=\"background-color:rgba(0, 0, 0, 0);color:#000000\" class=\"has-inline-color\">Olaria<\/mark> <mark style=\"background-color:rgba(0, 0, 0, 0);color:#000000\" class=\"has-inline-color\">AC<\/mark><\/td><\/tr><tr><td><mark style=\"background-color:rgba(0, 0, 0, 0);color:#000000\" class=\"has-inline-color\">13 de maio<\/mark><\/td><td><mark style=\"background-color:rgba(0, 0, 0, 0);color:#000000\" class=\"has-inline-color\">SC Cocot\u00e1<\/mark><\/td><td><mark style=\"background-color:rgba(0, 0, 0, 0);color:#000000\" class=\"has-inline-color\">4<\/mark><\/td><td><strong><mark style=\"background-color:rgba(0, 0, 0, 0);color:#000000\" class=\"has-inline-color\">X<\/mark><\/strong><\/td><td><mark style=\"background-color:rgba(0, 0, 0, 0);color:#000000\" class=\"has-inline-color\">3<\/mark><\/td><td><mark style=\"background-color:rgba(0, 0, 0, 0);color:#000000\" class=\"has-inline-color\"><\/mark><mark style=\"background-color:rgba(0, 0, 0, 0);color:#000000\" class=\"has-inline-color\">Mavilis<\/mark> <mark style=\"background-color:rgba(0, 0, 0, 0);color:#000000\" class=\"has-inline-color\">FC<\/mark><\/td><\/tr><tr><td><mark style=\"background-color:rgba(0, 0, 0, 0);color:#000000\" class=\"has-inline-color\">20 de maio<\/mark><\/td><td><mark style=\"background-color:rgba(0, 0, 0, 0);color:#000000\" class=\"has-inline-color\"><\/mark><mark style=\"background-color:rgba(0, 0, 0, 0);color:#000000\" class=\"has-inline-color\">Mavilis<\/mark> <mark style=\"background-color:rgba(0, 0, 0, 0);color:#000000\" class=\"has-inline-color\">FC<\/mark><\/td><td><mark style=\"background-color:rgba(0, 0, 0, 0);color:#000000\" class=\"has-inline-color\">3<\/mark><\/td><td><strong><mark style=\"background-color:rgba(0, 0, 0, 0);color:#000000\" class=\"has-inline-color\">X<\/mark><\/strong><\/td><td><mark style=\"background-color:rgba(0, 0, 0, 0);color:#000000\" class=\"has-inline-color\">3<\/mark><\/td><td><mark style=\"background-color:rgba(0, 0, 0, 0);color:#000000\" class=\"has-inline-color\">Andarahy AC<\/mark><\/td><\/tr><tr><td><mark style=\"background-color:rgba(0, 0, 0, 0);color:#000000\" class=\"has-inline-color\">03 de junho<\/mark><\/td><td><mark style=\"background-color:rgba(0, 0, 0, 0);color:#000000\" class=\"has-inline-color\">AA Portuguesa<\/mark><\/td><td><mark style=\"background-color:rgba(0, 0, 0, 0);color:#000000\" class=\"has-inline-color\">1<\/mark><\/td><td><strong><mark style=\"background-color:rgba(0, 0, 0, 0);color:#000000\" class=\"has-inline-color\">X<\/mark><\/strong><\/td><td><mark style=\"background-color:rgba(0, 0, 0, 0);color:#000000\" class=\"has-inline-color\">3<\/mark><\/td><td><mark style=\"background-color:rgba(0, 0, 0, 0);color:#000000\" class=\"has-inline-color\"><\/mark><mark style=\"background-color:rgba(0, 0, 0, 0);color:#000000\" class=\"has-inline-color\">Mavilis<\/mark> <mark style=\"background-color:rgba(0, 0, 0, 0);color:#000000\" class=\"has-inline-color\">FC<\/mark><\/td><\/tr><tr><td><mark style=\"background-color:rgba(0, 0, 0, 0);color:#000000\" class=\"has-inline-color\">10 de junho <\/mark><strong><mark style=\"background-color:rgba(0, 0, 0, 0);color:#d52121\" class=\"has-inline-color\">*<\/mark><\/strong><\/td><td><mark style=\"background-color:rgba(0, 0, 0, 0);color:#000000\" class=\"has-inline-color\"><\/mark><mark style=\"background-color:rgba(0, 0, 0, 0);color:#000000\" class=\"has-inline-color\">Mavilis<\/mark> <mark style=\"background-color:rgba(0, 0, 0, 0);color:#000000\" class=\"has-inline-color\">FC<\/mark><\/td><td><em><mark style=\"background-color:rgba(0, 0, 0, 0);color:#000000\" class=\"has-inline-color\">WO<\/mark><\/em><\/td><td><strong><mark style=\"background-color:rgba(0, 0, 0, 0);color:#000000\" class=\"has-inline-color\">X<\/mark><\/strong><\/td><td><strong>&#8211;<\/strong><\/td><td><mark style=\"background-color:rgba(0, 0, 0, 0);color:#000000\" class=\"has-inline-color\">River<\/mark> <mark style=\"background-color:rgba(0, 0, 0, 0);color:#000000\" class=\"has-inline-color\"><\/mark><mark style=\"background-color:rgba(0, 0, 0, 0);color:#000000\" class=\"has-inline-color\">FC<\/mark><\/td><\/tr><tr><td><mark style=\"background-color:rgba(0, 0, 0, 0);color:#000000\" class=\"has-inline-color\">24 de junho<\/mark><\/td><td><mark style=\"background-color:rgba(0, 0, 0, 0);color:#000000\" class=\"has-inline-color\">SC Brasil<\/mark><\/td><td><strong>&#8211;<\/strong><\/td><td><strong><mark style=\"background-color:rgba(0, 0, 0, 0);color:#000000\" class=\"has-inline-color\">X<\/mark><\/strong><\/td><td><em><mark style=\"background-color:rgba(0, 0, 0, 0);color:#000000\" class=\"has-inline-color\">WO<\/mark><\/em><\/td><td><mark style=\"background-color:rgba(0, 0, 0, 0);color:#000000\" class=\"has-inline-color\"><\/mark><mark style=\"background-color:rgba(0, 0, 0, 0);color:#000000\" class=\"has-inline-color\">Mavilis<\/mark> <mark style=\"background-color:rgba(0, 0, 0, 0);color:#000000\" class=\"has-inline-color\">FC<\/mark><\/td><\/tr><tr><td><mark style=\"background-color:rgba(0, 0, 0, 0);color:#000000\" class=\"has-inline-color\">1\u00ba de Julho<\/mark><\/td><td><mark style=\"background-color:rgba(0, 0, 0, 0);color:#000000\" class=\"has-inline-color\">Confian\u00e7a AC<\/mark><\/td><td><strong>&#8211;<\/strong><\/td><td><strong><mark style=\"background-color:rgba(0, 0, 0, 0);color:#000000\" class=\"has-inline-color\">X<\/mark><\/strong><\/td><td><em><mark style=\"background-color:rgba(0, 0, 0, 0);color:#000000\" class=\"has-inline-color\">WO<\/mark><\/em><\/td><td><mark style=\"background-color:rgba(0, 0, 0, 0);color:#000000\" class=\"has-inline-color\"><\/mark><mark style=\"background-color:rgba(0, 0, 0, 0);color:#000000\" class=\"has-inline-color\">Mavilis<\/mark> <mark style=\"background-color:rgba(0, 0, 0, 0);color:#000000\" class=\"has-inline-color\">FC<\/mark><\/td><\/tr><tr><td><mark style=\"background-color:rgba(0, 0, 0, 0);color:#000000\" class=\"has-inline-color\">15 de Julho<\/mark><\/td><td><mark style=\"background-color:rgba(0, 0, 0, 0);color:#000000\" class=\"has-inline-color\">Engenho de Dentro<\/mark> <mark style=\"background-color:rgba(0, 0, 0, 0);color:#000000\" class=\"has-inline-color\">AC<\/mark><\/td><td><strong>&#8211;<\/strong><\/td><td><strong><mark style=\"background-color:rgba(0, 0, 0, 0);color:#000000\" class=\"has-inline-color\">X<\/mark><\/strong><\/td><td><em><mark style=\"background-color:rgba(0, 0, 0, 0);color:#000000\" class=\"has-inline-color\">WO<\/mark><\/em><\/td><td><mark style=\"background-color:rgba(0, 0, 0, 0);color:#000000\" class=\"has-inline-color\"><\/mark><mark style=\"background-color:rgba(0, 0, 0, 0);color:#000000\" class=\"has-inline-color\">Mavilis<\/mark> <mark style=\"background-color:rgba(0, 0, 0, 0);color:#000000\" class=\"has-inline-color\">FC<\/mark><\/td><\/tr><tr><td><mark style=\"background-color:rgba(0, 0, 0, 0);color:#000000\" class=\"has-inline-color\">22 de julho<\/mark><\/td><td><mark style=\"background-color:rgba(0, 0, 0, 0);color:#000000\" class=\"has-inline-color\"><\/mark><mark style=\"background-color:rgba(0, 0, 0, 0);color:#000000\" class=\"has-inline-color\">Mavilis<\/mark> <mark style=\"background-color:rgba(0, 0, 0, 0);color:#000000\" class=\"has-inline-color\">FC<\/mark><\/td><td><mark style=\"background-color:rgba(0, 0, 0, 0);color:#000000\" class=\"has-inline-color\">2<\/mark><\/td><td><strong><mark style=\"background-color:rgba(0, 0, 0, 0);color:#000000\" class=\"has-inline-color\">X<\/mark><\/strong><\/td><td><mark style=\"background-color:rgba(0, 0, 0, 0);color:#000000\" class=\"has-inline-color\">0<\/mark><\/td><td><mark style=\"background-color:rgba(0, 0, 0, 0);color:#000000\" class=\"has-inline-color\">Botafogo <\/mark><mark style=\"background-color:rgba(0, 0, 0, 0);color:#000000\" class=\"has-inline-color\">FC<\/mark><\/td><\/tr><tr><td><mark style=\"background-color:rgba(0, 0, 0, 0);color:#000000\" class=\"has-inline-color\">29 de julho <\/mark><strong><mark style=\"background-color:rgba(0, 0, 0, 0);color:#d81d1d\" class=\"has-inline-color\">**<\/mark><\/strong><\/td><td><mark style=\"background-color:rgba(0, 0, 0, 0);color:#000000\" class=\"has-inline-color\">Olaria<\/mark> <mark style=\"background-color:rgba(0, 0, 0, 0);color:#000000\" class=\"has-inline-color\">AC<\/mark><\/td><td><mark style=\"background-color:rgba(0, 0, 0, 0);color:#000000\" class=\"has-inline-color\">3<\/mark><\/td><td><strong><mark style=\"background-color:rgba(0, 0, 0, 0);color:#000000\" class=\"has-inline-color\">X<\/mark><\/strong><\/td><td><mark style=\"background-color:rgba(0, 0, 0, 0);color:#000000\" class=\"has-inline-color\">0<\/mark><\/td><td><mark style=\"background-color:rgba(0, 0, 0, 0);color:#000000\" class=\"has-inline-color\"><\/mark><mark style=\"background-color:rgba(0, 0, 0, 0);color:#000000\" class=\"has-inline-color\">Mavilis<\/mark> <mark style=\"background-color:rgba(0, 0, 0, 0);color:#000000\" class=\"has-inline-color\">FC<\/mark><\/td><\/tr><tr><td><mark style=\"background-color:rgba(0, 0, 0, 0);color:#000000\" class=\"has-inline-color\">5 de agosto<\/mark><\/td><td><mark style=\"background-color:rgba(0, 0, 0, 0);color:#000000\" class=\"has-inline-color\"><\/mark><mark style=\"background-color:rgba(0, 0, 0, 0);color:#000000\" class=\"has-inline-color\">Mavilis<\/mark> <mark style=\"background-color:rgba(0, 0, 0, 0);color:#000000\" class=\"has-inline-color\">FC<\/mark><\/td><td><em><mark style=\"background-color:rgba(0, 0, 0, 0);color:#000000\" class=\"has-inline-color\">WO<\/mark><\/em><\/td><td><strong><mark style=\"background-color:rgba(0, 0, 0, 0);color:#000000\" class=\"has-inline-color\">X<\/mark><\/strong><\/td><td><strong>&#8211;<\/strong><\/td><td><mark style=\"background-color:rgba(0, 0, 0, 0);color:#000000\" class=\"has-inline-color\">SC Cocot\u00e1<\/mark><\/td><\/tr><tr><td><mark style=\"background-color:rgba(0, 0, 0, 0);color:#000000\" class=\"has-inline-color\">12 de agosto<\/mark><\/td><td><mark style=\"background-color:rgba(0, 0, 0, 0);color:#000000\" class=\"has-inline-color\"><\/mark><mark style=\"background-color:rgba(0, 0, 0, 0);color:#000000\" class=\"has-inline-color\">Mavilis<\/mark> <mark style=\"background-color:rgba(0, 0, 0, 0);color:#000000\" class=\"has-inline-color\">FC<\/mark><\/td><td><mark style=\"background-color:rgba(0, 0, 0, 0);color:#000000\" class=\"has-inline-color\">7<\/mark><\/td><td><strong><mark style=\"background-color:rgba(0, 0, 0, 0);color:#000000\" class=\"has-inline-color\">X<\/mark><\/strong><\/td><td><mark style=\"background-color:rgba(0, 0, 0, 0);color:#000000\" class=\"has-inline-color\">3<\/mark><\/td><td><mark style=\"background-color:rgba(0, 0, 0, 0);color:#000000\" class=\"has-inline-color\">AA Portuguesa<\/mark><\/td><\/tr><tr><td><mark style=\"background-color:rgba(0, 0, 0, 0);color:#000000\" class=\"has-inline-color\">9 de setembro<\/mark><\/td><td><mark style=\"background-color:rgba(0, 0, 0, 0);color:#000000\" class=\"has-inline-color\">River<\/mark> <mark style=\"background-color:rgba(0, 0, 0, 0);color:#000000\" class=\"has-inline-color\"><\/mark><mark style=\"background-color:rgba(0, 0, 0, 0);color:#000000\" class=\"has-inline-color\">FC<\/mark><\/td><td><strong>&#8211;<\/strong><\/td><td><strong><mark style=\"background-color:rgba(0, 0, 0, 0);color:#000000\" class=\"has-inline-color\">X<\/mark><\/strong><\/td><td><em><mark style=\"background-color:rgba(0, 0, 0, 0);color:#000000\" class=\"has-inline-color\">WO<\/mark><\/em><\/td><td><mark style=\"background-color:rgba(0, 0, 0, 0);color:#000000\" class=\"has-inline-color\"><\/mark><mark style=\"background-color:rgba(0, 0, 0, 0);color:#000000\" class=\"has-inline-color\">Mavilis<\/mark> <mark style=\"background-color:rgba(0, 0, 0, 0);color:#000000\" class=\"has-inline-color\">FC<\/mark><\/td><\/tr><tr><td><mark style=\"background-color:rgba(0, 0, 0, 0);color:#000000\" class=\"has-inline-color\">23 de setembro<\/mark><\/td><td><mark style=\"background-color:rgba(0, 0, 0, 0);color:#000000\" class=\"has-inline-color\"><\/mark><mark style=\"background-color:rgba(0, 0, 0, 0);color:#000000\" class=\"has-inline-color\">Mavilis<\/mark> <mark style=\"background-color:rgba(0, 0, 0, 0);color:#000000\" class=\"has-inline-color\">FC<\/mark><\/td><td><em><mark style=\"background-color:rgba(0, 0, 0, 0);color:#000000\" class=\"has-inline-color\">WO<\/mark><\/em><\/td><td><strong><mark style=\"background-color:rgba(0, 0, 0, 0);color:#000000\" class=\"has-inline-color\">X<\/mark><\/strong><\/td><td><strong>&#8211;<\/strong><\/td><td><mark style=\"background-color:rgba(0, 0, 0, 0);color:#000000\" class=\"has-inline-color\">SC Brasil<\/mark><\/td><\/tr><tr><td><mark style=\"background-color:rgba(0, 0, 0, 0);color:#000000\" class=\"has-inline-color\">30 de setembro<\/mark><\/td><td><mark style=\"background-color:rgba(0, 0, 0, 0);color:#000000\" class=\"has-inline-color\"><\/mark><mark style=\"background-color:rgba(0, 0, 0, 0);color:#000000\" class=\"has-inline-color\">Mavilis<\/mark> <mark style=\"background-color:rgba(0, 0, 0, 0);color:#000000\" class=\"has-inline-color\">FC<\/mark><\/td><td><em><mark style=\"background-color:rgba(0, 0, 0, 0);color:#000000\" class=\"has-inline-color\">WO<\/mark><\/em><\/td><td><strong><mark style=\"background-color:rgba(0, 0, 0, 0);color:#000000\" class=\"has-inline-color\">X<\/mark><\/strong><\/td><td><strong>&#8211;<\/strong><\/td><td><mark style=\"background-color:rgba(0, 0, 0, 0);color:#000000\" class=\"has-inline-color\">Confian\u00e7a AC<\/mark><\/td><\/tr><tr><td><mark style=\"background-color:rgba(0, 0, 0, 0);color:#000000\" class=\"has-inline-color\">13\/01\/1935<\/mark><\/td><td><mark style=\"background-color:rgba(0, 0, 0, 0);color:#000000\" class=\"has-inline-color\">Andarahy AC<\/mark><\/td><td><mark style=\"background-color:rgba(0, 0, 0, 0);color:#000000\" class=\"has-inline-color\">5<\/mark><\/td><td><strong><mark style=\"background-color:rgba(0, 0, 0, 0);color:#000000\" class=\"has-inline-color\">X<\/mark><\/strong><\/td><td><mark style=\"background-color:rgba(0, 0, 0, 0);color:#000000\" class=\"has-inline-color\">3<\/mark><\/td><td><mark style=\"background-color:rgba(0, 0, 0, 0);color:#000000\" class=\"has-inline-color\"><\/mark><mark style=\"background-color:rgba(0, 0, 0, 0);color:#000000\" class=\"has-inline-color\">Mavilis<\/mark> <mark style=\"background-color:rgba(0, 0, 0, 0);color:#000000\" class=\"has-inline-color\">FC<\/mark><\/td><\/tr><\/tbody><\/table><\/figure>\n\n\n\n<p><mark style=\"background-color:rgba(0, 0, 0, 0);color:#d82323\" class=\"has-inline-color\"><strong>*<\/strong> <\/mark><mark style=\"background-color:rgba(0, 0, 0, 0);color:#2820a1\" class=\"has-inline-color\"><em>Em raz\u00e3o da recusa da AMEA, em n\u00e3o inscrever o atleta Alfredo da<\/em> <em>Silva, do <strong>River FC<\/strong>, por n\u00e3o conter a assinatura do presidente do clube e<\/em> <em>haver este atestado o boletim em data anterior a do requerimento feito pelo<\/em> <em>jogador. O <strong>River FC<\/strong>, em repres\u00e1lia, n\u00e3o compareceu ao jogo do dia 10 de<\/em> <em>junho contra o <strong>Mavilis FC<\/strong>, perdendo por <strong>WO<\/strong><\/em>.<\/mark><\/p>\n\n\n\n<p><strong><mark style=\"background-color:rgba(0, 0, 0, 0);color:#cd1a1a\" class=\"has-inline-color\">**<\/mark><\/strong> <em><mark style=\"background-color:rgba(0, 0, 0, 0);color:#0c1b56\" class=\"has-inline-color\">A partida foi interrompida e conclu\u00edda em 28 de outubro de 1934.<\/mark><\/em><\/p>\n\n\n\n<p><em><mark style=\"background-color:rgba(0, 0, 0, 0);color:#1831a4\" class=\"has-inline-color\">Os demais WO n\u00e3o foram computados, pois os clubes abandoram a competi\u00e7\u00e3o.<\/mark><\/em><\/p>\n\n\n\n<h2 class=\"wp-block-heading\"><strong><mark style=\"background-color:rgba(0, 0, 0, 0);color:#b81a1a\" class=\"has-inline-color\">Mavilis \u00e9 colocado na 2\u00aa Divis\u00e3o da FMD e desiste de participar do Carioca de 1935<\/mark><\/strong><\/h2>\n\n\n\n<figure class=\"wp-block-image size-large is-resized\"><img loading=\"lazy\" decoding=\"async\" width=\"500\" height=\"163\" src=\"https:\/\/historiadofutebol.com\/blog\/wp-content\/uploads\/2025\/11\/Mavilis-01-1967-500x163.jpg\" alt=\"\" class=\"wp-image-135267\" style=\"width:655px;height:auto\" srcset=\"https:\/\/historiadofutebol.com\/blog\/wp-content\/uploads\/2025\/11\/Mavilis-01-1967-500x163.jpg 500w, https:\/\/historiadofutebol.com\/blog\/wp-content\/uploads\/2025\/11\/Mavilis-01-1967-300x98.jpg 300w, https:\/\/historiadofutebol.com\/blog\/wp-content\/uploads\/2025\/11\/Mavilis-01-1967-768x250.jpg 768w, https:\/\/historiadofutebol.com\/blog\/wp-content\/uploads\/2025\/11\/Mavilis-01-1967-1536x500.jpg 1536w, https:\/\/historiadofutebol.com\/blog\/wp-content\/uploads\/2025\/11\/Mavilis-01-1967-624x203.jpg 624w, https:\/\/historiadofutebol.com\/blog\/wp-content\/uploads\/2025\/11\/Mavilis-01-1967.jpg 1913w\" sizes=\"auto, (max-width: 500px) 100vw, 500px\" \/><figcaption class=\"wp-element-caption\"><em><mark style=\"background-color:rgba(0, 0, 0, 0);color:#241494\" class=\"has-inline-color\">Arquibancadas do tradicional Mavilis, que com apoio dos moradores e com\u00e9rcio da localidade poder\u00e1 desaparecer, dando lugar a outra, confort\u00e1vel e digna de clube.<\/mark><\/em><\/figcaption><\/figure>\n\n\n\n<p><mark style=\"background-color:rgba(0, 0, 0, 0);color:#000000\" class=\"has-inline-color\">Com a cria\u00e7\u00e3o da nova entidade carioca<strong> <em>(Federa\u00e7\u00e3o Metropolitana de Desportos, no dia 11 de dezembro de 1934)<\/em><\/strong>, ficou definido em reuni\u00e3o, <em>na sexta-feira, do dia 08 de mar\u00e7o de 1935<\/em>, os seguintes integrantes da <strong><em>Primeira Divis\u00e3o<\/em><\/strong>: <strong><em>Vasco da Gama, Botafogo, Bangu, Carioca, Andarahy, Olaria, Brasil e Madureira<\/em><\/strong>.<\/mark><\/p>\n\n\n\n<p><mark style=\"background-color:rgba(0, 0, 0, 0);color:#000000\" class=\"has-inline-color\">A decis\u00e3o de colocar o clube para a <strong><em>Segunda Divis\u00e3o<\/em><\/strong>, da <strong><em>FMD<\/em><\/strong>, n\u00e3o agradou a diretoria do <strong><em>Mavilis<\/em><\/strong>. Ap\u00f3s <em>Assembleia<\/em>, <em>na ter\u00e7a-feira, do dia 07 de maio de 1935<\/em>, ficou decidido que o clube n\u00e3o iria participar do campeonato da <strong><em>FMD<\/em><\/strong>. E assim, o <strong><em>Mavilis<\/em><\/strong> nunca mais voltou a disputar a <strong><em>Elite do Futebol Carioca<\/em><\/strong>.<\/mark><\/p>\n\n\n\n<h2 class=\"wp-block-heading\"><strong><mark style=\"background-color:rgba(0, 0, 0, 0);color:#112478\" class=\"has-inline-color\">Campe\u00e3o na Federa\u00e7\u00e3o Suburbana de 1938<\/mark><\/strong><\/h2>\n\n\n<div class=\"wp-block-image\">\n<figure class=\"aligncenter size-large is-resized\"><img loading=\"lazy\" decoding=\"async\" width=\"500\" height=\"344\" src=\"https:\/\/historiadofutebol.com\/blog\/wp-content\/uploads\/2025\/11\/Campo-do-Mavilis-FC-Caju-02-500x344.jpg\" alt=\"\" class=\"wp-image-135276\" style=\"width:655px;height:auto\" srcset=\"https:\/\/historiadofutebol.com\/blog\/wp-content\/uploads\/2025\/11\/Campo-do-Mavilis-FC-Caju-02-500x344.jpg 500w, https:\/\/historiadofutebol.com\/blog\/wp-content\/uploads\/2025\/11\/Campo-do-Mavilis-FC-Caju-02-300x206.jpg 300w, https:\/\/historiadofutebol.com\/blog\/wp-content\/uploads\/2025\/11\/Campo-do-Mavilis-FC-Caju-02-768x528.jpg 768w, https:\/\/historiadofutebol.com\/blog\/wp-content\/uploads\/2025\/11\/Campo-do-Mavilis-FC-Caju-02-624x429.jpg 624w, https:\/\/historiadofutebol.com\/blog\/wp-content\/uploads\/2025\/11\/Campo-do-Mavilis-FC-Caju-02.jpg 800w\" sizes=\"auto, (max-width: 500px) 100vw, 500px\" \/><figcaption class=\"wp-element-caption\"><strong><mark style=\"background-color:rgba(0, 0, 0, 0);color:#21268e\" class=\"has-inline-color\">Acervo  de S\u00e9rgio Mello &#8211; campo do Mavilis, na d\u00e9cada de 70<\/mark><\/strong><\/figcaption><\/figure><\/div>\n\n\n<p><mark style=\"background-color:rgba(0, 0, 0, 0);color:#000000\" class=\"has-inline-color\">O <strong><em>Mavilis<\/em><\/strong> ajudou a fundar a <strong><em>Federa\u00e7\u00e3o Athletica Suburbana (FAS)<\/em><\/strong>, onde se sagrou <strong><em>campe\u00e3o<\/em><\/strong> da <strong><em>Zona Sul<\/em><\/strong>, <em>no domingo, do dia 5 de julho de 1938<\/em>, ao bater o <strong><em>Sport Club Rodrigues<\/em><\/strong> pelo placar de <strong><em>4 a 2<\/em><\/strong>, no <em>est\u00e1dio da Avenida Francisco Bicalho, que margeia os bairros do Santo Cristo e de S\u00e3o Crist\u00f3v\u00e3o, situados na Zona Central&nbsp;do Rio<\/em>. <\/mark><\/p>\n\n\n\n<p><mark style=\"background-color:rgba(0, 0, 0, 0);color:#000000\" class=\"has-inline-color\">Os gols foram assinalados pelo meia esquerda <em>Hugo<\/em> e <em>Jo\u00e3o<\/em>, com dois tentos cada para o <strong><em>Mavilis<\/em><\/strong>; enquanto <em>Alyrio<\/em> e <em>Gato<\/em> fizeram os gols do <strong><em>SC Rodrigues<\/em><\/strong>. O <strong><em>\u00e1rbitro<\/em><\/strong> foi o <em>sr. Abilio dos Santos<\/em>. Na preliminar, os <em>Segundo Quadros,<\/em> do <strong><em>Mavilis<\/em><\/strong> goleou o <strong><em>SC Rodrigues<\/em><\/strong> pelo placar de <strong><em>7 a 2<\/em><\/strong>.<\/mark><\/p>\n\n\n\n<p><mark style=\"background-color:rgba(0, 0, 0, 0);color:#000000\" class=\"has-inline-color\"><strong><em>Mavilis:<\/em><\/strong><em> Waldemar; Deport e Oswaldo; Al\u00f4, Leleco e Tavares; Jo\u00e3o, Carlos, Walter, Hugo e Moinho<\/em>.<\/mark><\/p>\n\n\n\n<p><mark style=\"background-color:rgba(0, 0, 0, 0);color:#000000\" class=\"has-inline-color\"><strong><em>SC Rodrigues:<\/em><\/strong><em> Phantasma; Alberto e Carij\u00f3; Nunes, Herculano e Carestia; Lindo, Bahia, Gato, Marinho e Alyrio<\/em>.<\/mark><\/p>\n\n\n<div class=\"wp-block-image\">\n<figure class=\"aligncenter size-large is-resized\"><img loading=\"lazy\" decoding=\"async\" width=\"500\" height=\"282\" src=\"https:\/\/historiadofutebol.com\/blog\/wp-content\/uploads\/2025\/11\/Mavilis-1967-500x282.jpeg\" alt=\"\" class=\"wp-image-135268\" style=\"width:655px;height:auto\" srcset=\"https:\/\/historiadofutebol.com\/blog\/wp-content\/uploads\/2025\/11\/Mavilis-1967-500x282.jpeg 500w, https:\/\/historiadofutebol.com\/blog\/wp-content\/uploads\/2025\/11\/Mavilis-1967-300x169.jpeg 300w, https:\/\/historiadofutebol.com\/blog\/wp-content\/uploads\/2025\/11\/Mavilis-1967-768x434.jpeg 768w, https:\/\/historiadofutebol.com\/blog\/wp-content\/uploads\/2025\/11\/Mavilis-1967-1536x868.jpeg 1536w, https:\/\/historiadofutebol.com\/blog\/wp-content\/uploads\/2025\/11\/Mavilis-1967-624x353.jpeg 624w, https:\/\/historiadofutebol.com\/blog\/wp-content\/uploads\/2025\/11\/Mavilis-1967.jpeg 1908w\" sizes=\"auto, (max-width: 500px) 100vw, 500px\" \/><figcaption class=\"wp-element-caption\"><em><mark style=\"background-color:rgba(0, 0, 0, 0);color:#2218c4\" class=\"has-inline-color\">Conforme pretens\u00f5es da diretoria <strong>mavilense<\/strong>, no lugar desta velha sede esportiva, dever\u00e1 surgir um belo gin\u00e1sio.<\/mark><\/em><\/figcaption><\/figure><\/div>\n\n\n<h2 class=\"wp-block-heading\"><strong><mark style=\"background-color:rgba(0, 0, 0, 0);color:#b21a1a\" class=\"has-inline-color\">Mavilis foi um dos fundadores do DA<\/mark><\/strong><\/h2>\n\n\n\n<p><mark style=\"background-color:rgba(0, 0, 0, 0);color:#000000\" class=\"has-inline-color\"><em>Na quinta-feira, do dia 07 de julho de 1949<\/em>, o <strong><em>Mavilis<\/em><\/strong> foi um dos fundadores do&nbsp;<strong><em>Departamento Aut\u00f4nomo (DA)<\/em><\/strong>. O seu melhor resultado aconteceu em <strong><em>1969<\/em><\/strong>, quando terminou com o <strong><em>vice-campeonato<\/em><\/strong>, ao <em>perder na decis\u00e3o<\/em> para o&nbsp;<strong><em>Atl\u00e9tico Clube Nacional<\/em><\/strong>.<\/mark><\/p>\n\n\n\n<h2 class=\"wp-block-heading\"><strong><mark style=\"background-color:rgba(0, 0, 0, 0);color:#1a21aa\" class=\"has-inline-color\">Mavilis enfrentou o Flamengo<\/mark><\/strong><\/h2>\n\n\n\n<p><mark style=\"background-color:rgba(0, 0, 0, 0);color:#000000\" class=\"has-inline-color\"><em>Na tarde de domingo, do dia 04 de janeiro de 1942<\/em>, os profissionais do <strong><em>Flamengo<\/em><\/strong> enfrentaram, em amistoso, o <strong><em>Mavilis <\/em><\/strong><em>(que tinha ingressado recentemente na Federa\u00e7\u00e3o Metropolitana, para disputar a Segunda Divis\u00e3o)<\/em>, no Caju.<\/mark><\/p>\n\n\n\n<p><strong><em><mark style=\"background-color:rgba(0, 0, 0, 0);color:#aa2121\" class=\"has-inline-color\">Venceu o Rubro-Negro<\/mark><\/em><\/strong><\/p>\n\n\n\n<p><mark style=\"background-color:rgba(0, 0, 0, 0);color:#000000\" class=\"has-inline-color\">A luta, como n\u00e3o podia deixar de ser, atraiu ao seu local um p\u00fablico numeroso, que n\u00e3o regateou aplausos ante o espet\u00e1culo movimentado que caracterizou o match durante todo o seu transcurso.<\/mark><\/p>\n\n\n\n<p><mark style=\"background-color:rgba(0, 0, 0, 0);color:#000000\" class=\"has-inline-color\">A <strong><em>arbitragem<\/em><\/strong> do match, esteve a cargo do <em>sr. Pereira da Silva<\/em>, cujo desempenho satisfez plenamente. Na preliminar, o <strong><em>Tira Teima F. C.<\/em><\/strong> venceu o <strong><em>Sapucaia<\/em><\/strong>, pela contagem de <strong><em>3 a 1<\/em><\/strong>.<\/mark><\/p>\n\n\n\n<p><mark style=\"background-color:rgba(0, 0, 0, 0);color:#000000\" class=\"has-inline-color\">Embora o <strong><em>Flamengo<\/em><\/strong> fosse apontado como franco favorito, todavia o seu triunfo n\u00e3o foi f\u00e1cil. Lutaram os <strong><em>rubro-negros<\/em><\/strong> frente a um conjunto que, al\u00e9m de soberanamente organizado, possui ainda um entusiasmo que em certos momentos superou a t\u00e9cnica a superioridade da equipe do <em>campe\u00e3o de terra e mar<\/em>.<\/mark><\/p>\n\n\n\n<p><mark style=\"background-color:rgba(0, 0, 0, 0);color:#000000\" class=\"has-inline-color\">Assim, o <strong><em>Flamengo<\/em><\/strong> teve que agir com bastante cautela, para vencer ap\u00f3s uma batalha renhida pela contagem de <strong><em>5 a 3<\/em><\/strong>. Os gols foram marcados pelos <strong><em>rubro-negros<\/em><\/strong> por <em>Waldyr<\/em> <em>(tr\u00eas tentos)<\/em>, <em>Nandinho<\/em> e <em>Lup\u00e9rcio<\/em>, um gol cada. Pelo <strong><em>Mavilis<\/em><\/strong>, o atacante <em>Vareta<\/em>, duas vezes, e <em>Djalma<\/em>, de p\u00eanalti, fizeram os gols.<\/mark><\/p>\n\n\n\n<p><strong><em><mark style=\"background-color:rgba(0, 0, 0, 0);color:#bc1f1f\" class=\"has-inline-color\">Quadros<\/mark><\/em><\/strong><\/p>\n\n\n\n<p><mark style=\"background-color:rgba(0, 0, 0, 0);color:#000000\" class=\"has-inline-color\"><strong><em>Flamengo:<\/em><\/strong><em> H\u00e9lio; Barradas e Assump\u00e7\u00e3o; Bigu\u00e1, H\u00e9lio e M\u00e9dio; Lup\u00e9rcio, Nandinho, Waldyr, Vev\u00e9 e Jarbas<\/em>.<\/mark><\/p>\n\n\n\n<p><mark style=\"background-color:rgba(0, 0, 0, 0);color:#000000\" class=\"has-inline-color\"><strong><em>Mavilis:<\/em><\/strong><em> Jagun\u00e7o; Tavares e Waldyr; Aguiar, Tarzan e Flavio; Lel\u00e9co, Otto, Osmar, 64 (Djalma) e Vareta<\/em>.<\/mark><\/p>\n\n\n\n<h2 class=\"wp-block-heading\"><strong><mark style=\"background-color:rgba(0, 0, 0, 0);color:#141a9f\" class=\"has-inline-color\">Utilidade P\u00fablica<\/mark><\/strong><\/h2>\n\n\n\n<figure class=\"wp-block-image size-large is-resized\"><img loading=\"lazy\" decoding=\"async\" width=\"500\" height=\"339\" src=\"https:\/\/historiadofutebol.com\/blog\/wp-content\/uploads\/2025\/11\/Campo-do-Mavilis-FC-Caju-500x339.jpg\" alt=\"\" class=\"wp-image-135275\" style=\"width:655px;height:auto\" srcset=\"https:\/\/historiadofutebol.com\/blog\/wp-content\/uploads\/2025\/11\/Campo-do-Mavilis-FC-Caju-500x339.jpg 500w, https:\/\/historiadofutebol.com\/blog\/wp-content\/uploads\/2025\/11\/Campo-do-Mavilis-FC-Caju-300x204.jpg 300w, https:\/\/historiadofutebol.com\/blog\/wp-content\/uploads\/2025\/11\/Campo-do-Mavilis-FC-Caju-768x521.jpg 768w, https:\/\/historiadofutebol.com\/blog\/wp-content\/uploads\/2025\/11\/Campo-do-Mavilis-FC-Caju-624x424.jpg 624w, https:\/\/historiadofutebol.com\/blog\/wp-content\/uploads\/2025\/11\/Campo-do-Mavilis-FC-Caju.jpg 800w\" sizes=\"auto, (max-width: 500px) 100vw, 500px\" \/><figcaption class=\"wp-element-caption\"><strong><mark style=\"background-color:rgba(0, 0, 0, 0);color:#21268e\" class=\"has-inline-color\">Acervo  de S\u00e9rgio Mello &#8211; campo do Mavilis, na d\u00e9cada de 70<\/mark><\/strong><\/figcaption><\/figure>\n\n\n\n<p><mark style=\"background-color:rgba(0, 0, 0, 0);color:#000000\" class=\"has-inline-color\">O clube foi declarado de <strong><em>Utilidade P\u00fablica<\/em><\/strong> pela <strong><em>Lei Municipal n\u00ba 936<\/em><\/strong>, <em>na ter\u00e7a-feira, do dia 15 de setembro de 1959<\/em>.<\/mark><\/p>\n\n\n\n<h2 class=\"wp-block-heading\"><strong><mark style=\"background-color:rgba(0, 0, 0, 0);color:#b71f1f\" class=\"has-inline-color\">N\u00fameros de s\u00f3cios em 1967<\/mark><\/strong><\/h2>\n\n\n\n<p><mark style=\"background-color:rgba(0, 0, 0, 0);color:#000000\" class=\"has-inline-color\">Em <strong><em>1967<\/em><\/strong>, o <strong><em>uniforme<\/em><\/strong> <em>era camisa branca listras azuis e vermelhas, horizontais e cal\u00e7\u00f5es azuis<\/em>. Al\u00e9m do <strong><em>Futebol<\/em><\/strong>, o clube ainda contava com <strong><em>Futebol de Sal\u00e3o (Futsal), Voleibol, T\u00eanis de Mesa, Torneios de Pesca e Queda de Bra\u00e7o<\/em><\/strong>. Nesse ano (1967), o <strong><em>clube<\/em><\/strong> contava com o seguinte <strong><em>n\u00famero de associados<\/em><\/strong>: <em>326 contribuintes; 578 remidos; 22 benem\u00e9ritos e 13 atletas<\/em>.<\/mark><\/p>\n\n\n\n<h2 class=\"wp-block-heading\"><strong><mark style=\"background-color:rgba(0, 0, 0, 0);color:#172092\" class=\"has-inline-color\">Anos 60: tempos de \u2018<em>vacas magras<\/em>\u2019<\/mark><\/strong><\/h2>\n\n\n\n<p><mark style=\"background-color:rgba(0, 0, 0, 0);color:#000000\" class=\"has-inline-color\">Embora o futebol fosse a sua principal atividade esportiva, v\u00e1rias vezes o <strong><em>clube<\/em><\/strong> viu-se obrigado a ficar afastado do campeonato amador promovido pelo <strong><em>DA<\/em><\/strong>, por dificuldades financeiras.<\/mark><\/p>\n\n\n\n<p><mark style=\"background-color:rgba(0, 0, 0, 0);color:#000000\" class=\"has-inline-color\">Em <strong><em>1966<\/em><\/strong>, por faltar-lhes condi\u00e7\u00f5es ficou ausente do campeonato, com a finalidade de poder brilhar em <strong><em>1967<\/em><\/strong>, contudo houve a falta de sorte do <strong><em>Mavilis<\/em><\/strong>, que foi atingido pelas enchentes do princ\u00edpio do ano e os muros que circundam o seu est\u00e1dio ru\u00edram e na reconstru\u00e7\u00e3o dos mesmos.<\/mark><\/p>\n\n\n\n<p><mark style=\"background-color:rgba(0, 0, 0, 0);color:#000000\" class=\"has-inline-color\">O dinheiro reservado para custear sua participa\u00e7\u00e3o no <strong><em>DA<\/em><\/strong> foi usado nas obras. Com isso, o<strong><em> Mavilis<\/em><\/strong> n\u00e3o disputou o certame do <strong><em>Departamento Aut\u00f4nomo (DA)<\/em><\/strong> de <strong><em>1967<\/em><\/strong>.<\/mark><\/p>\n\n\n\n<p><em><mark style=\"background-color:rgba(0, 0, 0, 0);color:#bb1e1e\" class=\"has-inline-color\"><strong>Diretoria de 1967<\/strong>:<\/mark><\/em><\/p>\n\n\n\n<p><mark style=\"background-color:rgba(0, 0, 0, 0);color:#000000\" class=\"has-inline-color\"><strong><em>Presidente \u2013<\/em><\/strong><em> Jaime de Melo Borges<\/em>;<\/mark><\/p>\n\n\n\n<p><mark style=\"background-color:rgba(0, 0, 0, 0);color:#000000\" class=\"has-inline-color\"><strong><em>Vice-presidente \u2013<\/em><\/strong><em> Lu\u00eds de Oliveira<\/em>;<\/mark><\/p>\n\n\n\n<p><mark style=\"background-color:rgba(0, 0, 0, 0);color:#000000\" class=\"has-inline-color\"><strong><em>1\u00ba Secret\u00e1rio \u2013<\/em><\/strong><em> Ant\u00f4nio Teixeira Filho<\/em>;<\/mark><\/p>\n\n\n\n<p><mark style=\"background-color:rgba(0, 0, 0, 0);color:#000000\" class=\"has-inline-color\"><strong><em>2\u00ba Secret\u00e1rio \u2013<\/em><\/strong><em> Irio Ferreira dos Santos<\/em>;<\/mark><\/p>\n\n\n\n<p><mark style=\"background-color:rgba(0, 0, 0, 0);color:#000000\" class=\"has-inline-color\"><strong><em>1\u00ba Tesoureiro \u2013<\/em><\/strong><em> S\u00e1tiro da Concei\u00e7\u00e3o<\/em>;<\/mark><\/p>\n\n\n\n<p><mark style=\"background-color:rgba(0, 0, 0, 0);color:#000000\" class=\"has-inline-color\"><strong><em>2\u00ba Tesoureiro \u2013<\/em><\/strong><em> Paulo dos Santos Sportistch<\/em>;<\/mark><\/p>\n\n\n\n<p><mark style=\"background-color:rgba(0, 0, 0, 0);color:#000000\" class=\"has-inline-color\"><strong><em>Diretor do Departamento de Veteranos \u2013<\/em><\/strong><em> Pedro Fonseca<\/em>.<\/mark><\/p>\n\n\n<div class=\"wp-block-image\">\n<figure class=\"aligncenter size-full is-resized\"><img loading=\"lazy\" decoding=\"async\" width=\"444\" height=\"225\" src=\"https:\/\/historiadofutebol.com\/blog\/wp-content\/uploads\/2025\/11\/Mavilis-F.-Clube-anos-60.jpg\" alt=\"\" class=\"wp-image-135266\" style=\"width:655px;height:auto\" srcset=\"https:\/\/historiadofutebol.com\/blog\/wp-content\/uploads\/2025\/11\/Mavilis-F.-Clube-anos-60.jpg 444w, https:\/\/historiadofutebol.com\/blog\/wp-content\/uploads\/2025\/11\/Mavilis-F.-Clube-anos-60-300x152.jpg 300w\" sizes=\"auto, (max-width: 444px) 100vw, 444px\" \/><figcaption class=\"wp-element-caption\"><strong><mark style=\"background-color:rgba(0, 0, 0, 0);color:#201a8e\" class=\"has-inline-color\">Vitrine de trof\u00e9us do Mavilis, dentre eles um busto de Get\u00falio Vargas.&nbsp;<\/mark><\/strong><\/figcaption><\/figure><\/div>\n\n\n<h2 class=\"wp-block-heading\"><strong><mark style=\"background-color:rgba(0, 0, 0, 0);color:#ae1b1b\" class=\"has-inline-color\">T\u00edtulos conquistados em 1913 a 1969:<\/mark><\/strong><\/h2>\n\n\n\n<p><mark style=\"background-color:rgba(0, 0, 0, 0);color:#000000\" class=\"has-inline-color\"><strong><em>Campe\u00e3o do 1\u00ba e 2\u00ba Quadros da Liga Brasileira de Desportos (1923)<\/em><\/strong>;<\/mark><\/p>\n\n\n\n<p><mark style=\"background-color:rgba(0, 0, 0, 0);color:#000000\" class=\"has-inline-color\"><strong><em>Campe\u00e3o da Liga Suburbana (1929)<\/em><\/strong>;<\/mark><\/p>\n\n\n\n<p><mark style=\"background-color:rgba(0, 0, 0, 0);color:#000000\" class=\"has-inline-color\"><strong><em>Campe\u00e3o Carioca dos Segundos Quadros da Segunda Divis\u00e3o (1931)<\/em><\/strong>;<\/mark><\/p>\n\n\n\n<p><mark style=\"background-color:rgba(0, 0, 0, 0);color:#000000\" class=\"has-inline-color\"><strong><em>Vice-campe\u00e3o da ANEA, sendo que o Botafogo foi o campe\u00e3o (1932)<\/em><\/strong>;<\/mark><\/p>\n\n\n\n<p><mark style=\"background-color:rgba(0, 0, 0, 0);color:#000000\" class=\"has-inline-color\"><strong><em>Vice-campe\u00e3o do Torneio In\u00edcio do Campeonato Carioca (1934)<\/em><\/strong>;<\/mark><\/p>\n\n\n\n<p><mark style=\"background-color:rgba(0, 0, 0, 0);color:#000000\" class=\"has-inline-color\"><strong><em>Campe\u00e3o da Zona Sul da Federa\u00e7\u00e3o Atl\u00e9tica Suburbana (1938)<\/em><\/strong>;<\/mark><\/p>\n\n\n\n<p><mark style=\"background-color:rgba(0, 0, 0, 0);color:#000000\" class=\"has-inline-color\"><strong><em>Campe\u00e3o de Aspirantes do Departamento Aut\u00f4nomo (1951)<\/em><\/strong>;<\/mark><\/p>\n\n\n\n<p><mark style=\"background-color:rgba(0, 0, 0, 0);color:#000000\" class=\"has-inline-color\"><strong><em>Campe\u00e3o da S\u00e9rie Urbana, na categoria de Aspirantes (1951)<\/em><\/strong>;<\/mark><\/p>\n\n\n\n<p><mark style=\"background-color:rgba(0, 0, 0, 0);color:#000000\" class=\"has-inline-color\"><strong><em>Supercampe\u00e3o de Aspirantes do Departamento Aut\u00f4nomo (1957)<\/em><\/strong>;<\/mark><\/p>\n\n\n\n<p><mark style=\"background-color:rgba(0, 0, 0, 0);color:#000000\" class=\"has-inline-color\"><strong><em>Campe\u00e3o de Aspirantes da S\u00e9rie Alfredo Tranjan (1957)<\/em><\/strong>;<\/mark><\/p>\n\n\n\n<p><mark style=\"background-color:rgba(0, 0, 0, 0);color:#000000\" class=\"has-inline-color\"><strong><em>Campe\u00e3o de Aspirantes do Departamento Aut\u00f4nomo (1958)<\/em><\/strong>;<\/mark><\/p>\n\n\n\n<p><mark style=\"background-color:rgba(0, 0, 0, 0);color:#000000\" class=\"has-inline-color\"><strong><em>Campe\u00e3o da Disciplina (1960)<\/em><\/strong>;<\/mark><\/p>\n\n\n\n<p><mark style=\"background-color:rgba(0, 0, 0, 0);color:#000000\" class=\"has-inline-color\"><strong><em>Vice-campe\u00e3o do Torneio Major Aulio Nazareno, na categoria Infanto-juvenil (1961)<\/em><\/strong>;<\/mark><\/p>\n\n\n\n<p><mark style=\"background-color:rgba(0, 0, 0, 0);color:#000000\" class=\"has-inline-color\"><strong><em>Campe\u00e3o do Torneio In\u00edcio Infanto-juvenil (1962)<\/em><\/strong>;<\/mark><\/p>\n\n\n\n<p><mark style=\"background-color:rgba(0, 0, 0, 0);color:#000000\" class=\"has-inline-color\"><strong><em>Vice-campe\u00e3o de Aspirantes da S\u00e9rie Durval Figueiredo (1963)<\/em><\/strong>;<\/mark><\/p>\n\n\n\n<p><mark style=\"background-color:rgba(0, 0, 0, 0);color:#000000\" class=\"has-inline-color\"><strong><em>Campe\u00e3o da S\u00e9rie Durval Figueredo de amadores (1963)<\/em><\/strong>;<\/mark><\/p>\n\n\n\n<p><mark style=\"background-color:rgba(0, 0, 0, 0);color:#000000\" class=\"has-inline-color\"><strong><em>Vice-campe\u00e3o de Aspirantes da S\u00e9rie Almir Santos (1964)<\/em><\/strong>;<\/mark><\/p>\n\n\n\n<p><mark style=\"background-color:rgba(0, 0, 0, 0);color:#000000\" class=\"has-inline-color\"><strong><em>Bicampe\u00e3o Carioca de \u2018Queda Bra\u00e7o\u2019, na categoria Mosca m\u00e9dios (1963-64)<\/em><\/strong>;<\/mark><\/p>\n\n\n\n<p><mark style=\"background-color:rgba(0, 0, 0, 0);color:#000000\" class=\"has-inline-color\"><strong><em>Vice-campe\u00e3o Carioca de \u2018Queda Bra\u00e7o\u2019, na categoria nos M\u00e9dios (1963-64)<\/em><\/strong>.<\/mark><\/p>\n\n\n\n<p><mark style=\"background-color:rgba(0, 0, 0, 0);color:#000000\" class=\"has-inline-color\"><strong><em>Campe\u00e3o da S\u00e9rie Comit\u00ea Ol\u00edmpico Brasileiro, do Departamento Aut\u00f4nomo (1969)<\/em><\/strong>;<\/mark><\/p>\n\n\n\n<p><mark style=\"background-color:rgba(0, 0, 0, 0);color:#000000\" class=\"has-inline-color\"><strong><em>Vice-campe\u00e3o do Departamento Aut\u00f4nomo, categoria adultos (1969)<\/em><\/strong>;<\/mark><\/p>\n\n\n\n<h2 class=\"wp-block-heading\"><strong><mark style=\"background-color:rgba(0, 0, 0, 0);color:#14289e\" class=\"has-inline-color\">Alguns jogadores revelados:<\/mark><\/strong><\/h2>\n\n\n\n<p><mark style=\"background-color:rgba(0, 0, 0, 0);color:#000000\" class=\"has-inline-color\"><em>Pascoal, Espanhol e Vicente (o P\u00e9 de Ouro), no amadorismo (Vasco da Gama e depois, S\u00e3o Crist\u00f3v\u00e3o); Djalma (Flamengo); Gualter (Bangu, Fluminense e S\u00e3o Crist\u00f3v\u00e3o); Joel (Fluminense); Santo Cristo (S\u00e3o Crist\u00f3v\u00e3o, Vasco da Gama e outros); Constantino (Sedan, da Fran\u00e7a); S\u00e9rgio (Vasco da Gama); Jurandir (Athletico Paranaense); Ti\u00e3o (Coritiba);. o ponta-direita Tonho (Bangu, em 1967)<\/em>; <em>O ponta esquerda Ant\u00f4nio Carlos (Botafogo, em 1989), centroavante Nando (Flamengo, em 1989)<\/em>.<\/mark><\/p>\n\n\n<div class=\"wp-block-image\">\n<figure class=\"aligncenter size-large is-resized\"><img loading=\"lazy\" decoding=\"async\" width=\"500\" height=\"298\" src=\"https:\/\/historiadofutebol.com\/blog\/wp-content\/uploads\/2025\/11\/Mavilis-Futebol-Clube-anos-60-500x298.jpg\" alt=\"\" class=\"wp-image-135265\" style=\"width:655px;height:auto\" srcset=\"https:\/\/historiadofutebol.com\/blog\/wp-content\/uploads\/2025\/11\/Mavilis-Futebol-Clube-anos-60-500x298.jpg 500w, https:\/\/historiadofutebol.com\/blog\/wp-content\/uploads\/2025\/11\/Mavilis-Futebol-Clube-anos-60-300x179.jpg 300w, https:\/\/historiadofutebol.com\/blog\/wp-content\/uploads\/2025\/11\/Mavilis-Futebol-Clube-anos-60-768x458.jpg 768w, https:\/\/historiadofutebol.com\/blog\/wp-content\/uploads\/2025\/11\/Mavilis-Futebol-Clube-anos-60-624x372.jpg 624w, https:\/\/historiadofutebol.com\/blog\/wp-content\/uploads\/2025\/11\/Mavilis-Futebol-Clube-anos-60.jpg 885w\" sizes=\"auto, (max-width: 500px) 100vw, 500px\" \/><figcaption class=\"wp-element-caption\"><mark style=\"background-color:rgba(0, 0, 0, 0);color:#1e1789\" class=\"has-inline-color\">O alambrado do campo do Mavilis, no Caju. O clube est\u00e1 trabalhando para construir o novo muro, pois o antigo foi derrubado pelos temporais no in\u00edcio de 1967.<\/mark><\/figcaption><\/figure><\/div>\n\n\n<h2 class=\"wp-block-heading\"><strong><mark style=\"background-color:rgba(0, 0, 0, 0);color:#bd1d1d\" class=\"has-inline-color\">Fim da linha do Mavilis<\/mark><\/strong><\/h2>\n\n\n\n<p><mark style=\"background-color:rgba(0, 0, 0, 0);color:#000000\" class=\"has-inline-color\">Na <strong><em>d\u00e9cada de 70<\/em><\/strong>, o <strong><em>clube<\/em><\/strong> participou com as equipes de base. Al\u00e9m disso, o campo era utilizado pela escolinha de futebol e o juvenil do <strong><em>Fluminense<\/em><\/strong> treinavam ali. Em <strong><em>1980<\/em><\/strong>, come\u00e7ou a derrocada, ap\u00f3s a <strong><em>Cia.<\/em><\/strong> <strong><em>Am\u00e9rica Fabril <\/em><\/strong>ter entrado na justi\u00e7a com pedido de reintegra\u00e7\u00e3o da posse, pelo que fez um dep\u00f3sito de <em>Cr$ 42 milh\u00f5es<\/em> como indeniza\u00e7\u00e3o pelas benfeitorias da sede do <strong><em>Mavilis Futebol Clube<\/em><\/strong>. Vale lembrar que os terrenos da <em>Rua Carlos Seidl, no Caju<\/em> foram cedidos pela <strong><em>Uni\u00e3o e Ind\u00fastria Am\u00e9rica Fabril<\/em><\/strong>, em 1913.<\/mark><\/p>\n\n\n\n<p><mark style=\"background-color:rgba(0, 0, 0, 0);color:#000000\" class=\"has-inline-color\">A <strong><em>Associa\u00e7\u00e3o de Moradores do Caju<\/em><\/strong> e a diretoria do <strong><em>Mavilis<\/em><\/strong>, alegavam que parte dos terrenos pertencia a <strong><em>Marinha<\/em><\/strong> e ao <strong><em>Arsenal de Guerra<\/em><\/strong>, e, al\u00e9m disso, a f\u00e1brica, falida em <em>1975<\/em>, n\u00e3o poderia dispor da quantia depositada, a menos que houvesse algum grupo interessado na utiliza\u00e7\u00e3o da \u00e1rea.<\/mark><\/p>\n\n\n\n<p><mark style=\"background-color:rgba(0, 0, 0, 0);color:#000000\" class=\"has-inline-color\">O espa\u00e7o f\u00edsico possu\u00eda <strong><em>10 mil m\u00b2 <\/em><\/strong>divididos em um campo de futebol, duas quadras de futebol Society, bar, vesti\u00e1rios e um galp\u00e3o para festas e pr\u00e1tica de esportes.<\/mark><\/p>\n\n\n\n<p><mark style=\"background-color:rgba(0, 0, 0, 0);color:#000000\" class=\"has-inline-color\">A rela\u00e7\u00e3o entre o clube e os moradores da regi\u00e3o era estreita, uma vez que o <strong><em>Mavilis<\/em><\/strong> cumpria uma fun\u00e7\u00e3o social, cedendo espa\u00e7o para o lazer dos moradores mais humildes e acolhendo os desabrigados.<\/mark><\/p>\n\n\n\n<p><mark style=\"background-color:rgba(0, 0, 0, 0);color:#000000\" class=\"has-inline-color\">Na \u00e9poca, a presidente da<strong><em> Associa\u00e7\u00e3o de Moradores do Caju<\/em><\/strong>, <em>Shirley Salim<\/em>, revelou que o <em><strong>Mavilis <\/strong><\/em>&#8220;<em>foi a salva\u00e7\u00e3o<\/em>&#8221; quando <em>30 barracos<\/em> da comunidade do <em>Buraco da Lacraia<\/em> foram destru\u00eddos por um inc\u00eandio em <em>outubro de 1982<\/em>: &#8220;<em>Os moradores foram instalados justamente aqui. E agora estou pedindo espa\u00e7o para quatro fam\u00edlias que n\u00e3o t\u00eam onde ficar<\/em>&#8220;.<\/mark><\/p>\n\n\n\n<p><mark style=\"background-color:rgba(0, 0, 0, 0);color:#000000\" class=\"has-inline-color\">As cinco favelas do bairro, segundo o diretor social <em>Edgar Ant\u00f4nio da Silva<\/em>, eram as mais beneficiadas, pois ali elas promoviam festas e partidas de futebol sem que nada lhes seja cobrado.<\/mark><\/p>\n\n\n\n<p><mark style=\"background-color:rgba(0, 0, 0, 0);color:#000000\" class=\"has-inline-color\">O <strong><em>Mavilis<\/em><\/strong> contava com <strong><em>384 s\u00f3cios<\/em><\/strong> que, desde 1976, n\u00e3o pagavam a taxa de manuten\u00e7\u00e3o mensal de <em>Cr$ 50,00<\/em>. O barzinho estava arrendado e os <em>Cr$ 100 mil <\/em>que a diretoria do clube receberia n\u00e3o seriam suficientes para o pagamento de <em>Cr$ 140 mil<\/em> pelo fornecimento de energia ou de <em>Cr$ 20 mil <\/em>semanais pelo trabalho do zelador.<\/mark><\/p>\n\n\n\n<p><mark style=\"background-color:rgba(0, 0, 0, 0);color:#000000\" class=\"has-inline-color\">Infelizmente, ap\u00f3s uma longa batalha judicial com a <strong><em>Cia. Am\u00e9rica Fabril<\/em><\/strong>, ent\u00e3o em liquida\u00e7\u00e3o judicial, o <strong><em>Mavilis Futebol Clube<\/em><\/strong> acabou perdendo. Mesmo com o clamor dos moradores do Caju, o <em><strong>Rubro-Anil do Caju<\/strong><\/em> acabou sendo despejado, a sede destru\u00edda, colocando um ponto final em mais de <em>70 anos de hist\u00f3ria<\/em>! &nbsp;<\/mark><\/p>\n\n\n<div class=\"wp-block-image\">\n<figure class=\"aligncenter size-large is-resized\"><img loading=\"lazy\" decoding=\"async\" width=\"381\" height=\"500\" src=\"https:\/\/historiadofutebol.com\/blog\/wp-content\/uploads\/2025\/11\/123-2-381x500.jpg\" alt=\"\" class=\"wp-image-135403\" style=\"width:655px;height:auto\" srcset=\"https:\/\/historiadofutebol.com\/blog\/wp-content\/uploads\/2025\/11\/123-2-381x500.jpg 381w, https:\/\/historiadofutebol.com\/blog\/wp-content\/uploads\/2025\/11\/123-2-229x300.jpg 229w, https:\/\/historiadofutebol.com\/blog\/wp-content\/uploads\/2025\/11\/123-2-624x818.jpg 624w, https:\/\/historiadofutebol.com\/blog\/wp-content\/uploads\/2025\/11\/123-2.jpg 740w\" sizes=\"auto, (max-width: 381px) 100vw, 381px\" \/><figcaption class=\"wp-element-caption\"><mark style=\"background-color:rgba(0, 0, 0, 0);color:#b31b1b\" class=\"has-inline-color\">Imagem visto de cima de como est\u00e1 atualmente a antiga sede e o campo do Mavilis (linha vermelha)<\/mark><\/figcaption><\/figure><\/div>\n\n\n<p><strong><mark style=\"background-color:rgba(0, 0, 0, 0);color:#1521af\" class=\"has-inline-color\"><em><u>ARTE<\/u>:<\/em><\/mark><\/strong><em><mark style=\"background-color:rgba(0, 0, 0, 0);color:#1521af\" class=\"has-inline-color\"> desenho dos escudos e uniformes \u2013 S\u00e9rgio Mello<\/mark><\/em><\/p>\n\n\n\n<p><mark style=\"background-color:rgba(0, 0, 0, 0);color:#c01a1a\" class=\"has-inline-color\"><strong><em><u>FOTOS<\/u>:<\/em><\/strong><em> &nbsp;Estadio &#8211; Supplemento Semanal Sportivo de O Cruzeiro (RJ) \u2013 O Globo Sportivo (RJ) \u2013 Google Maps Street View<\/em> <em>&#8211; Acervo de S\u00e9rgio Mello <\/em><\/mark><\/p>\n\n\n\n<p><strong><mark style=\"background-color:rgba(0, 0, 0, 0);color:#1c18a4\" class=\"has-inline-color\"><em><u>FONTES<\/u>:<\/em><\/mark><\/strong><em><mark style=\"background-color:rgba(0, 0, 0, 0);color:#1c18a4\" class=\"has-inline-color\"> A Luta Democr\u00e1tica (RJ) \u2013 Jornal do Brasil (RJ) \u2013 Jornal do Commercio (RJ) \u2013 Jornal dos Sports (RJ) \u2013 O Globo (RJ) \u2013 Nilo Dias \u2013 O Jornal (RJ) \u2013 \u00daltima Hora (RJ) <\/mark><\/em><\/p>\n","protected":false},"excerpt":{"rendered":"<p>Por S\u00e9rgio Mello O Mavilis Football Club foi uma agremia\u00e7\u00e3o do bairro do Caju, situado na zona norte (vizinho a zona portu\u00e1ria), da cidade do Rio de Janeiro (RJ). A hist\u00f3ria come\u00e7ou com o surgimento da F\u00e1brica de Tecidos Pau Grande, em 1878, no bairro de Pau Grande (terra de Man\u00e9 Garrincha), no distrito de [&hellip;]<\/p>\n","protected":false},"author":55,"featured_media":0,"comment_status":"open","ping_status":"closed","sticky":false,"template":"","format":"standard","meta":{"footnotes":""},"categories":[203,91,531,926,83,59,75,345,3,47,76],"tags":[],"class_list":["post-135261","post","type-post","status-publish","format-standard","hentry","category-sergio-mello","category-campanhas-dos-campeoes-nordeste","category-carencias","category-clubes-de-futebol","category-x9-curiosidades","category-escudos","category-x3-estadios","category-fotos-historicas","category-historia-do-futebol","category-rio-de-janeiro","category-antigo-estado-do-rio"],"_links":{"self":[{"href":"https:\/\/historiadofutebol.com\/blog\/index.php?rest_route=\/wp\/v2\/posts\/135261","targetHints":{"allow":["GET"]}}],"collection":[{"href":"https:\/\/historiadofutebol.com\/blog\/index.php?rest_route=\/wp\/v2\/posts"}],"about":[{"href":"https:\/\/historiadofutebol.com\/blog\/index.php?rest_route=\/wp\/v2\/types\/post"}],"author":[{"embeddable":true,"href":"https:\/\/historiadofutebol.com\/blog\/index.php?rest_route=\/wp\/v2\/users\/55"}],"replies":[{"embeddable":true,"href":"https:\/\/historiadofutebol.com\/blog\/index.php?rest_route=%2Fwp%2Fv2%2Fcomments&post=135261"}],"version-history":[{"count":28,"href":"https:\/\/historiadofutebol.com\/blog\/index.php?rest_route=\/wp\/v2\/posts\/135261\/revisions"}],"predecessor-version":[{"id":135404,"href":"https:\/\/historiadofutebol.com\/blog\/index.php?rest_route=\/wp\/v2\/posts\/135261\/revisions\/135404"}],"wp:attachment":[{"href":"https:\/\/historiadofutebol.com\/blog\/index.php?rest_route=%2Fwp%2Fv2%2Fmedia&parent=135261"}],"wp:term":[{"taxonomy":"category","embeddable":true,"href":"https:\/\/historiadofutebol.com\/blog\/index.php?rest_route=%2Fwp%2Fv2%2Fcategories&post=135261"},{"taxonomy":"post_tag","embeddable":true,"href":"https:\/\/historiadofutebol.com\/blog\/index.php?rest_route=%2Fwp%2Fv2%2Ftags&post=135261"}],"curies":[{"name":"wp","href":"https:\/\/api.w.org\/{rel}","templated":true}]}}