{"id":135234,"date":"2025-11-02T11:03:00","date_gmt":"2025-11-02T14:03:00","guid":{"rendered":"https:\/\/historiadofutebol.com\/blog\/?p=135234"},"modified":"2025-11-10T00:06:54","modified_gmt":"2025-11-10T03:06:54","slug":"foto-colorizada-selecao-carioca-vice-campea-do-campeonato-brasileiro-de-selecoes-estaduais-de-1954","status":"publish","type":"post","link":"https:\/\/historiadofutebol.com\/blog\/?p=135234","title":{"rendered":"Foto colorizada: Sele\u00e7\u00e3o Carioca, vice-campe\u00e3 do Campeonato Brasileiro de Sele\u00e7\u00f5es estaduais de 1954"},"content":{"rendered":"<div class=\"wp-block-image\">\n<figure class=\"aligncenter size-large is-resized\"><img loading=\"lazy\" decoding=\"async\" width=\"500\" height=\"411\" src=\"https:\/\/historiadofutebol.com\/blog\/wp-content\/uploads\/2025\/11\/123-1-500x411.jpg\" alt=\"\" class=\"wp-image-135235\" style=\"width:612px;height:auto\" srcset=\"https:\/\/historiadofutebol.com\/blog\/wp-content\/uploads\/2025\/11\/123-1-500x411.jpg 500w, https:\/\/historiadofutebol.com\/blog\/wp-content\/uploads\/2025\/11\/123-1-300x247.jpg 300w, https:\/\/historiadofutebol.com\/blog\/wp-content\/uploads\/2025\/11\/123-1-768x631.jpg 768w, https:\/\/historiadofutebol.com\/blog\/wp-content\/uploads\/2025\/11\/123-1-624x513.jpg 624w, https:\/\/historiadofutebol.com\/blog\/wp-content\/uploads\/2025\/11\/123-1.jpg 1080w\" sizes=\"auto, (max-width: 500px) 100vw, 500px\" \/><figcaption class=\"wp-element-caption\"><strong><mark style=\"background-color:rgba(0, 0, 0, 0);color:#1933a6\" class=\"has-inline-color\">Sele\u00e7\u00e3o Carioca de 1954<br \/><\/mark><\/strong><mark style=\"background-color:rgba(0, 0, 0, 0);color:#9f1919\" class=\"has-inline-color\"><strong>EM P\u00c9 (esquerda para a direita):<\/strong> Mirim (Vasco da Gama), Ari (Flamengo), Pinheiro (Fluminense) Ivan (America), Osvaldinho (America) e Nilton Santos (Botafogo);<br \/><strong>AGACHADOS (esquerda para a direita):<\/strong> Man\u00e9 Garrincha (Botafogo), Ademir Menezes (Vasco da Gama), Le\u00f4nidas da Selva (America), Didi (Fluminense) e Sabar\u00e1 (Vasco da Gama).\u00a0<\/mark><\/figcaption><\/figure><\/div>\n\n\n<p><mark style=\"background-color:rgba(0, 0, 0, 0);color:#203dbc\" class=\"has-inline-color\">Nesta foto aparece uma das forma\u00e7\u00f5es da <strong><em>Sele\u00e7\u00e3o Carioca<\/em><\/strong> durante o <strong><em>Campeonato Brasileiro de Sele\u00e7\u00f5es Estaduais de 1954<\/em><\/strong>. Na ocasi\u00e3o, a <strong><em>Sele\u00e7\u00e3o Carioca<\/em><\/strong> que tinha nomes como <em>Ademir Menezes<\/em> e os ent\u00e3o futuros bicampe\u00f5es mundiais pela <strong><em>Sele\u00e7\u00e3o Brasileira<\/em><\/strong> <em>Garrincha, Didi e Nilton Santos<\/em>, alcan\u00e7ou o vice-campeonato, a <strong><em>Sele\u00e7\u00e3o Paulista<\/em><\/strong> conquistou o t\u00edtulo nacional ap\u00f3s duas vit\u00f3rias na final (3 a 1 e 4 a 3) contra a <strong><em>Sele\u00e7\u00e3o Carioca<\/em><\/strong>.<\/mark><\/p>\n\n\n<div class=\"wp-block-image\">\n<figure class=\"aligncenter size-large is-resized\"><img loading=\"lazy\" decoding=\"async\" width=\"500\" height=\"411\" src=\"https:\/\/historiadofutebol.com\/blog\/wp-content\/uploads\/2025\/11\/123-500x411.jpg\" alt=\"\" class=\"wp-image-135236\" style=\"width:655px;height:auto\" srcset=\"https:\/\/historiadofutebol.com\/blog\/wp-content\/uploads\/2025\/11\/123-500x411.jpg 500w, https:\/\/historiadofutebol.com\/blog\/wp-content\/uploads\/2025\/11\/123-300x247.jpg 300w, https:\/\/historiadofutebol.com\/blog\/wp-content\/uploads\/2025\/11\/123-768x631.jpg 768w, https:\/\/historiadofutebol.com\/blog\/wp-content\/uploads\/2025\/11\/123-624x513.jpg 624w, https:\/\/historiadofutebol.com\/blog\/wp-content\/uploads\/2025\/11\/123.jpg 1080w\" sizes=\"auto, (max-width: 500px) 100vw, 500px\" \/><\/figure><\/div>\n\n\n<p><strong><mark style=\"background-color:rgba(0, 0, 0, 0);color:#b61caa\" class=\"has-inline-color\"><em><u>FONTE<\/u>: <\/em><\/mark><\/strong><em><mark style=\"background-color:rgba(0, 0, 0, 0);color:#b61caa\" class=\"has-inline-color\">Jornal dos Sports (RJ)<\/mark><\/em><\/p>\n","protected":false},"excerpt":{"rendered":"<p>Nesta foto aparece uma das forma\u00e7\u00f5es da Sele\u00e7\u00e3o Carioca durante o Campeonato Brasileiro de Sele\u00e7\u00f5es Estaduais de 1954. Na ocasi\u00e3o, a Sele\u00e7\u00e3o Carioca que tinha nomes como Ademir Menezes e os ent\u00e3o futuros bicampe\u00f5es mundiais pela Sele\u00e7\u00e3o Brasileira Garrincha, Didi e Nilton Santos, alcan\u00e7ou o vice-campeonato, a Sele\u00e7\u00e3o Paulista conquistou o t\u00edtulo nacional ap\u00f3s duas [&hellip;]<\/p>\n","protected":false},"author":55,"featured_media":0,"comment_status":"open","ping_status":"closed","sticky":false,"template":"","format":"standard","meta":{"footnotes":""},"categories":[203,531,83,345,3,47,76],"tags":[],"class_list":["post-135234","post","type-post","status-publish","format-standard","hentry","category-sergio-mello","category-carencias","category-x9-curiosidades","category-fotos-historicas","category-historia-do-futebol","category-rio-de-janeiro","category-antigo-estado-do-rio"],"_links":{"self":[{"href":"https:\/\/historiadofutebol.com\/blog\/index.php?rest_route=\/wp\/v2\/posts\/135234","targetHints":{"allow":["GET"]}}],"collection":[{"href":"https:\/\/historiadofutebol.com\/blog\/index.php?rest_route=\/wp\/v2\/posts"}],"about":[{"href":"https:\/\/historiadofutebol.com\/blog\/index.php?rest_route=\/wp\/v2\/types\/post"}],"author":[{"embeddable":true,"href":"https:\/\/historiadofutebol.com\/blog\/index.php?rest_route=\/wp\/v2\/users\/55"}],"replies":[{"embeddable":true,"href":"https:\/\/historiadofutebol.com\/blog\/index.php?rest_route=%2Fwp%2Fv2%2Fcomments&post=135234"}],"version-history":[{"count":1,"href":"https:\/\/historiadofutebol.com\/blog\/index.php?rest_route=\/wp\/v2\/posts\/135234\/revisions"}],"predecessor-version":[{"id":135237,"href":"https:\/\/historiadofutebol.com\/blog\/index.php?rest_route=\/wp\/v2\/posts\/135234\/revisions\/135237"}],"wp:attachment":[{"href":"https:\/\/historiadofutebol.com\/blog\/index.php?rest_route=%2Fwp%2Fv2%2Fmedia&parent=135234"}],"wp:term":[{"taxonomy":"category","embeddable":true,"href":"https:\/\/historiadofutebol.com\/blog\/index.php?rest_route=%2Fwp%2Fv2%2Fcategories&post=135234"},{"taxonomy":"post_tag","embeddable":true,"href":"https:\/\/historiadofutebol.com\/blog\/index.php?rest_route=%2Fwp%2Fv2%2Ftags&post=135234"}],"curies":[{"name":"wp","href":"https:\/\/api.w.org\/{rel}","templated":true}]}}