{"id":135086,"date":"2025-10-09T01:13:18","date_gmt":"2025-10-09T04:13:18","guid":{"rendered":"https:\/\/historiadofutebol.com\/blog\/?p=135086"},"modified":"2025-10-09T01:13:18","modified_gmt":"2025-10-09T04:13:18","slug":"escudos-de-1925-e-1937-pinheirense-esporte-clube-belem-pa","status":"publish","type":"post","link":"https:\/\/historiadofutebol.com\/blog\/?p=135086","title":{"rendered":"Escudos de 1925 e 1937: Pinheirense Esporte Clube &#8211; Bel\u00e9m (PA)"},"content":{"rendered":"<div class=\"wp-block-image\">\n<figure class=\"aligncenter size-large\"><img loading=\"lazy\" decoding=\"async\" width=\"500\" height=\"328\" src=\"https:\/\/historiadofutebol.com\/blog\/wp-content\/uploads\/2025\/10\/PSC-03-500x328.jpg\" alt=\"\" class=\"wp-image-135089\" srcset=\"https:\/\/historiadofutebol.com\/blog\/wp-content\/uploads\/2025\/10\/PSC-03-500x328.jpg 500w, https:\/\/historiadofutebol.com\/blog\/wp-content\/uploads\/2025\/10\/PSC-03-300x197.jpg 300w, https:\/\/historiadofutebol.com\/blog\/wp-content\/uploads\/2025\/10\/PSC-03-768x504.jpg 768w, https:\/\/historiadofutebol.com\/blog\/wp-content\/uploads\/2025\/10\/PSC-03-624x410.jpg 624w, https:\/\/historiadofutebol.com\/blog\/wp-content\/uploads\/2025\/10\/PSC-03.jpg 1091w\" sizes=\"auto, (max-width: 500px) 100vw, 500px\" \/><\/figure><\/div>\n\n\n<h2 class=\"wp-block-heading\"><em><strong><mark style=\"background-color:rgba(0, 0, 0, 0);color:#2229bb\" class=\"has-inline-color\">Por S\u00e9rgio Mello<\/mark><\/strong><\/em><\/h2>\n\n\n\n<p><mark style=\"background-color:rgba(0, 0, 0, 0);color:#000000\" class=\"has-inline-color\">O\u00a0<\/mark><strong><em><mark style=\"background-color:rgba(0, 0, 0, 0);color:#181591\" class=\"has-inline-color\">Pinheirense Esporte Clube<\/mark><\/em><\/strong><mark style=\"background-color:rgba(0, 0, 0, 0);color:#000000\" class=\"has-inline-color\">\u00a0\u00e9 uma agremia\u00e7\u00e3o do\u00a0Distrito\u00a0de\u00a0Icoaraci, pertencente \u00e0\u00a0cidade\u00a0de\u00a0Bel\u00e9m, capital do estado do\u00a0Par\u00e1. A sua\u00a0<\/mark><strong><em><mark style=\"background-color:rgba(0, 0, 0, 0);color:#1c1d99\" class=\"has-inline-color\">Sede social<\/mark><\/em><\/strong><mark style=\"background-color:rgba(0, 0, 0, 0);color:#1c2587\" class=\"has-inline-color\">\u00a0est\u00e1 localizada na\u00a0<strong><em>Rua Manoel Barata, n\u00ba 130, no bairro Ponta Grossa, em Icoaraci\/PA<\/em><\/strong>.<\/mark><\/p>\n\n\n\n<p><mark style=\"background-color:rgba(0, 0, 0, 0);color:#000000\" class=\"has-inline-color\">O \u201c<\/mark><strong><em><mark style=\"background-color:rgba(0, 0, 0, 0);color:#0d0e50\" class=\"has-inline-color\">General da Vila<\/mark><\/em><\/strong><mark style=\"background-color:rgba(0, 0, 0, 0);color:#000000\" class=\"has-inline-color\">\u201d foi\u00a0<\/mark><mark style=\"background-color:rgba(0, 0, 0, 0);color:#18237e\" class=\"has-inline-color\"><strong><em>Fundado na ter\u00e7a-feira, do dia\u00a008 de dezembro\u00a0de\u00a01925<\/em><\/strong>,<\/mark><mark style=\"background-color:rgba(0, 0, 0, 0);color:#000000\" class=\"has-inline-color\"> por um\u00a0<em>grupo de oper\u00e1rios<\/em>\u00a0da\u00a0<\/mark><strong><em><mark style=\"background-color:rgba(0, 0, 0, 0);color:#191a84\" class=\"has-inline-color\">Usina Concei\u00e7\u00e3o<\/mark><\/em><\/strong><mark style=\"background-color:rgba(0, 0, 0, 0);color:#000000\" class=\"has-inline-color\">, que desejava dar a\u00a0<em>Pinheiro<\/em>\u00a0uma agremia\u00e7\u00e3o s\u00f3cio esportiva, onde nas horas de folga livres do ensurdecer da maquinaria e aben\u00e7oado pela\u00a0<em>Imaculada Concei\u00e7\u00e3o<\/em>.<\/mark><\/p>\n\n\n<div class=\"wp-block-image\">\n<figure class=\"aligncenter size-large\"><img loading=\"lazy\" decoding=\"async\" width=\"178\" height=\"500\" src=\"https:\/\/historiadofutebol.com\/blog\/wp-content\/uploads\/2025\/10\/1212-178x500.jpg\" alt=\"\" class=\"wp-image-135088\" srcset=\"https:\/\/historiadofutebol.com\/blog\/wp-content\/uploads\/2025\/10\/1212-178x500.jpg 178w, https:\/\/historiadofutebol.com\/blog\/wp-content\/uploads\/2025\/10\/1212-107x300.jpg 107w, https:\/\/historiadofutebol.com\/blog\/wp-content\/uploads\/2025\/10\/1212.jpg 305w\" sizes=\"auto, (max-width: 178px) 100vw, 178px\" \/><figcaption class=\"wp-element-caption\"><strong><mark style=\"background-color:rgba(0, 0, 0, 0);color:#2731a4\" class=\"has-inline-color\">Capa do Estatuto<\/mark><\/strong><\/figcaption><\/figure><\/div>\n\n\n<p><mark style=\"background-color:rgba(0, 0, 0, 0);color:#000000\" class=\"has-inline-color\">Os oper\u00e1rios fundadores liderados por\u00a0<em>Martinho Silva<\/em>, foram os seguintes:\u00a0<em>Jo\u00e3o Sururina, S\u00e1tiro Rodrigues, Jo\u00e3o Faustino, Raimundo Saturnino dos Santos, Manoel Pereira da Silva, Eust\u00e1quio Campelo, Osvaldo Cintra, Tobias, Mestre An\u00e9sio e tantos outros<\/em>.<\/mark><\/p>\n\n\n<div class=\"wp-block-image\">\n<figure class=\"aligncenter size-large\"><img loading=\"lazy\" decoding=\"async\" width=\"500\" height=\"317\" src=\"https:\/\/historiadofutebol.com\/blog\/wp-content\/uploads\/2025\/10\/PSC-02-500x317.jpg\" alt=\"\" class=\"wp-image-135087\" srcset=\"https:\/\/historiadofutebol.com\/blog\/wp-content\/uploads\/2025\/10\/PSC-02-500x317.jpg 500w, https:\/\/historiadofutebol.com\/blog\/wp-content\/uploads\/2025\/10\/PSC-02-300x190.jpg 300w, https:\/\/historiadofutebol.com\/blog\/wp-content\/uploads\/2025\/10\/PSC-02-768x487.jpg 768w, https:\/\/historiadofutebol.com\/blog\/wp-content\/uploads\/2025\/10\/PSC-02-624x395.jpg 624w, https:\/\/historiadofutebol.com\/blog\/wp-content\/uploads\/2025\/10\/PSC-02.jpg 1108w\" sizes=\"auto, (max-width: 500px) 100vw, 500px\" \/><\/figure><\/div>\n\n\n<p><mark style=\"background-color:rgba(0, 0, 0, 0);color:#000000\" class=\"has-inline-color\">Seis anos depois, foi <\/mark><mark style=\"background-color:rgba(0, 0, 0, 0);color:#121d6d\" class=\"has-inline-color\"><strong><em>reorganizado<\/em><\/strong> <strong><em>no domingo, do dia 08 de fevereiro de 1931<\/em><\/strong>,<\/mark><mark style=\"background-color:rgba(0, 0, 0, 0);color:#000000\" class=\"has-inline-color\"> com <em><strong>sede <\/strong><\/em>na <em><strong>Vila Pinheiro, em Nazar\u00e9, em Bel\u00e9m\/PA<\/strong><\/em> se destina:<\/mark><\/p>\n\n\n\n<p><em><mark style=\"background-color:rgba(0, 0, 0, 0);color:#19228e\" class=\"has-inline-color\">a) a criar, incentivar e desenvolver os esportes terrestres em geral, promovendo e organizando torneios sempre que julgar oportuno e seus recursos o permitirem;<\/mark><\/em><\/p>\n\n\n\n<p><em><mark style=\"background-color:rgba(0, 0, 0, 0);color:#14156e\" class=\"has-inline-color\">b) proporcionar aos seus associados, divertimentos uteis, proveitosos e ben\u00e9ficos;<\/mark><\/em><\/p>\n\n\n\n<p><em><mark style=\"background-color:rgba(0, 0, 0, 0);color:#1a209b\" class=\"has-inline-color\">c) cuidar do desenvolvimento f\u00edsico de seus associados, criando diferentes sec\u00e7\u00f5es de esportes, \u00e0 medida que seus cofres o auxiliarem;<\/mark><\/em><\/p>\n\n\n\n<p><em><mark style=\"background-color:rgba(0, 0, 0, 0);color:#171c76\" class=\"has-inline-color\">d) instituir concursos esportivos a ju\u00edzo da Diretoria.<\/mark><\/em><\/p>\n\n\n\n<p><em><mark style=\"background-color:rgba(0, 0, 0, 0);color:#262394\" class=\"has-inline-color\">Art. 2\u00ba &#8211; O <strong>Pinheirense E. Club<\/strong>, como pessoa jur\u00eddica de direito privado, tem personalidade e patrim\u00f4nio distinto dos seus associados, sendo a Diretoria respons\u00e1vel perante estes por todo o seu ativo e passivo.<\/mark><\/em><\/p>\n\n\n\n<p><em><mark style=\"background-color:rgba(0, 0, 0, 0);color:#15167a\" class=\"has-inline-color\">Art. 3\u00ba &#8211; Os s\u00f3cios n\u00e3o respondem pelas obriga\u00e7\u00f5es que os representantes do clube contra\u00edrem expressa ou intencionalmente em nome deste, sendo apenas respons\u00e1veis pelas suas joias, mensalidades e subscri\u00e7\u00f5es a que concorrerem.<\/mark><\/em><\/p>\n\n\n\n<p><mark style=\"background-color:rgba(0, 0, 0, 0);color:#000000\" class=\"has-inline-color\">O\u00a0<strong><em>Pinheirense\u00a0<\/em><\/strong>manda seus jogos no\u00a0<strong><em>Est\u00e1dio Abelardo Conduru<\/em><\/strong>, com\u00a0<strong><em>capacidade para 3 mil pessoas<\/em><\/strong>, situado na\u00a0<em>Rua Santa Isabel, s\/n, em Icoaraci, em Bel\u00e9m (PA)<\/em>.<strong><em>\u00a0As suas cores:\u00a0azul\u00a0e\u00a0branco<\/em><\/strong>.<\/mark><\/p>\n\n\n<div class=\"wp-block-image\">\n<figure class=\"aligncenter size-large\"><img loading=\"lazy\" decoding=\"async\" width=\"364\" height=\"500\" src=\"https:\/\/historiadofutebol.com\/blog\/wp-content\/uploads\/2025\/10\/PSC-04-364x500.jpg\" alt=\"\" class=\"wp-image-135090\" srcset=\"https:\/\/historiadofutebol.com\/blog\/wp-content\/uploads\/2025\/10\/PSC-04-364x500.jpg 364w, https:\/\/historiadofutebol.com\/blog\/wp-content\/uploads\/2025\/10\/PSC-04-218x300.jpg 218w, https:\/\/historiadofutebol.com\/blog\/wp-content\/uploads\/2025\/10\/PSC-04.jpg 538w\" sizes=\"auto, (max-width: 364px) 100vw, 364px\" \/><\/figure><\/div>\n\n\n<p><mark style=\"background-color:rgba(0, 0, 0, 0);color:#000000\" class=\"has-inline-color\">Jogou o\u00a0<strong><em>Campeonato Paraense<\/em><\/strong>\u00a0pela\u00a0<strong><em>primeira vez<\/em><\/strong>\u00a0em\u00a0<strong><em>1955<\/em><\/strong>. Foi perdendo espa\u00e7o no futebol profissional masculino, por\u00e9m esteve em evid\u00eancia com o futebol feminino em \u00e2mbito nacional.<\/mark><\/p>\n\n\n\n<p><mark style=\"background-color:rgba(0, 0, 0, 0);color:#000000\" class=\"has-inline-color\">As campanhas de <em>2012<\/em> e <em>2013<\/em> creditaram o <strong><em>Pinheirense<\/em><\/strong> a ser, de acordo com o Ranking da <strong><em>CBF<\/em><\/strong> de <em>Futebol Feminino de 2013<\/em>, o s\u00e9timo melhor time do Brasil. Hoje o clube \u00e9 14\u00ba colocado.<\/mark><\/p>\n\n\n<div class=\"wp-block-image\">\n<figure class=\"aligncenter size-large\"><img loading=\"lazy\" decoding=\"async\" width=\"500\" height=\"487\" src=\"https:\/\/historiadofutebol.com\/blog\/wp-content\/uploads\/2025\/10\/PSC-01-500x487.jpg\" alt=\"\" class=\"wp-image-135091\" srcset=\"https:\/\/historiadofutebol.com\/blog\/wp-content\/uploads\/2025\/10\/PSC-01-500x487.jpg 500w, https:\/\/historiadofutebol.com\/blog\/wp-content\/uploads\/2025\/10\/PSC-01-300x292.jpg 300w, https:\/\/historiadofutebol.com\/blog\/wp-content\/uploads\/2025\/10\/PSC-01-768x748.jpg 768w, https:\/\/historiadofutebol.com\/blog\/wp-content\/uploads\/2025\/10\/PSC-01-624x608.jpg 624w, https:\/\/historiadofutebol.com\/blog\/wp-content\/uploads\/2025\/10\/PSC-01.jpg 827w\" sizes=\"auto, (max-width: 500px) 100vw, 500px\" \/><\/figure><\/div>\n\n\n<p><mark style=\"background-color:rgba(0, 0, 0, 0);color:#000000\" class=\"has-inline-color\">Em <strong><em>2016<\/em><\/strong>, o <strong><em>Pinheirense<\/em><\/strong> conquistou um <strong><em>t\u00edtulo in\u00e9dito<\/em><\/strong> na sua hist\u00f3ria: o <strong><em>Campeonato Paraense da Segunda Divis\u00e3o<\/em><\/strong> com <em>100% de aproveitamento<\/em>. Assim, voltou \u00e0 elite, representando a Vila Sorriso de Icoaraci no Paraz\u00e3o 2017.<\/mark><\/p>\n\n\n\n<p><strong><mark style=\"background-color:rgba(0, 0, 0, 0);color:#3d2aa4\" class=\"has-inline-color\"><em><u>Estatuto<\/u>: <\/em><\/mark><\/strong><em><mark style=\"background-color:rgba(0, 0, 0, 0);color:#3d2aa4\" class=\"has-inline-color\">Acervo de Itamar Gaudencio Gaudencio<\/mark><\/em><\/p>\n\n\n\n<p><strong><mark style=\"background-color:rgba(0, 0, 0, 0);color:#000000\" class=\"has-inline-color\"><em><u>ARTE<\/u>:<\/em><\/mark><\/strong><em><mark style=\"background-color:rgba(0, 0, 0, 0);color:#000000\" class=\"has-inline-color\"> desenhos dos escudos, uniformes e a bandeira \u2013 S\u00e9rgio Mello<\/mark><\/em><\/p>\n\n\n\n<p><strong><mark style=\"background-color:rgba(0, 0, 0, 0);color:#8e1919\" class=\"has-inline-color\"><em><u>FONTES<\/u>:<\/em><\/mark><\/strong><em><mark style=\"background-color:rgba(0, 0, 0, 0);color:#8e1919\" class=\"has-inline-color\">\u00a0Estatuto do Pinheirense \u2013 Federa\u00e7\u00e3o Paraense de Futebol (FPF) \u2013 O Liberal (PA)<\/mark><\/em><\/p>\n","protected":false},"excerpt":{"rendered":"<p>Por S\u00e9rgio Mello O\u00a0Pinheirense Esporte Clube\u00a0\u00e9 uma agremia\u00e7\u00e3o do\u00a0Distrito\u00a0de\u00a0Icoaraci, pertencente \u00e0\u00a0cidade\u00a0de\u00a0Bel\u00e9m, capital do estado do\u00a0Par\u00e1. A sua\u00a0Sede social\u00a0est\u00e1 localizada na\u00a0Rua Manoel Barata, n\u00ba 130, no bairro Ponta Grossa, em Icoaraci\/PA. O \u201cGeneral da Vila\u201d foi\u00a0Fundado na ter\u00e7a-feira, do dia\u00a008 de dezembro\u00a0de\u00a01925, por um\u00a0grupo de oper\u00e1rios\u00a0da\u00a0Usina Concei\u00e7\u00e3o, que desejava dar a\u00a0Pinheiro\u00a0uma agremia\u00e7\u00e3o s\u00f3cio esportiva, onde nas [&hellip;]<\/p>\n","protected":false},"author":55,"featured_media":0,"comment_status":"open","ping_status":"closed","sticky":false,"template":"","format":"standard","meta":{"footnotes":""},"categories":[203,531,83,59,3,42],"tags":[],"class_list":["post-135086","post","type-post","status-publish","format-standard","hentry","category-sergio-mello","category-carencias","category-x9-curiosidades","category-escudos","category-historia-do-futebol","category-para"],"_links":{"self":[{"href":"https:\/\/historiadofutebol.com\/blog\/index.php?rest_route=\/wp\/v2\/posts\/135086","targetHints":{"allow":["GET"]}}],"collection":[{"href":"https:\/\/historiadofutebol.com\/blog\/index.php?rest_route=\/wp\/v2\/posts"}],"about":[{"href":"https:\/\/historiadofutebol.com\/blog\/index.php?rest_route=\/wp\/v2\/types\/post"}],"author":[{"embeddable":true,"href":"https:\/\/historiadofutebol.com\/blog\/index.php?rest_route=\/wp\/v2\/users\/55"}],"replies":[{"embeddable":true,"href":"https:\/\/historiadofutebol.com\/blog\/index.php?rest_route=%2Fwp%2Fv2%2Fcomments&post=135086"}],"version-history":[{"count":1,"href":"https:\/\/historiadofutebol.com\/blog\/index.php?rest_route=\/wp\/v2\/posts\/135086\/revisions"}],"predecessor-version":[{"id":135092,"href":"https:\/\/historiadofutebol.com\/blog\/index.php?rest_route=\/wp\/v2\/posts\/135086\/revisions\/135092"}],"wp:attachment":[{"href":"https:\/\/historiadofutebol.com\/blog\/index.php?rest_route=%2Fwp%2Fv2%2Fmedia&parent=135086"}],"wp:term":[{"taxonomy":"category","embeddable":true,"href":"https:\/\/historiadofutebol.com\/blog\/index.php?rest_route=%2Fwp%2Fv2%2Fcategories&post=135086"},{"taxonomy":"post_tag","embeddable":true,"href":"https:\/\/historiadofutebol.com\/blog\/index.php?rest_route=%2Fwp%2Fv2%2Ftags&post=135086"}],"curies":[{"name":"wp","href":"https:\/\/api.w.org\/{rel}","templated":true}]}}