{"id":135003,"date":"2025-08-12T14:07:00","date_gmt":"2025-08-12T17:07:00","guid":{"rendered":"https:\/\/historiadofutebol.com\/blog\/?p=135003"},"modified":"2025-08-17T14:30:26","modified_gmt":"2025-08-17T17:30:26","slug":"foto-rara-de-1949-estadio-do-maracana-rio-de-janeiro-rj","status":"publish","type":"post","link":"https:\/\/historiadofutebol.com\/blog\/?p=135003","title":{"rendered":"Foto Rara de 1949: Est\u00e1dio do Maracan\u00e3 \u2013 Rio de Janeiro (RJ)"},"content":{"rendered":"<div class=\"wp-block-image\">\n<figure class=\"aligncenter size-large is-resized\"><img loading=\"lazy\" decoding=\"async\" width=\"478\" height=\"500\" src=\"https:\/\/historiadofutebol.com\/blog\/wp-content\/uploads\/2025\/08\/533962813_1178732500957644_77754101812911713_n-478x500.jpg\" alt=\"\" class=\"wp-image-135008\" style=\"width:655px;height:auto\" srcset=\"https:\/\/historiadofutebol.com\/blog\/wp-content\/uploads\/2025\/08\/533962813_1178732500957644_77754101812911713_n-478x500.jpg 478w, https:\/\/historiadofutebol.com\/blog\/wp-content\/uploads\/2025\/08\/533962813_1178732500957644_77754101812911713_n-287x300.jpg 287w, https:\/\/historiadofutebol.com\/blog\/wp-content\/uploads\/2025\/08\/533962813_1178732500957644_77754101812911713_n-768x804.jpg 768w, https:\/\/historiadofutebol.com\/blog\/wp-content\/uploads\/2025\/08\/533962813_1178732500957644_77754101812911713_n-1467x1536.jpg 1467w, https:\/\/historiadofutebol.com\/blog\/wp-content\/uploads\/2025\/08\/533962813_1178732500957644_77754101812911713_n-624x653.jpg 624w, https:\/\/historiadofutebol.com\/blog\/wp-content\/uploads\/2025\/08\/533962813_1178732500957644_77754101812911713_n.jpg 1920w\" sizes=\"auto, (max-width: 478px) 100vw, 478px\" \/><figcaption class=\"wp-element-caption\"><em><strong>Vista \u00e1erea do Maracan\u00e3<\/strong><\/em><\/figcaption><\/figure><\/div>\n\n\n<p><mark style=\"background-color:rgba(0, 0, 0, 0);color:#1a30ab\" class=\"has-inline-color\">Na \u00e9poca, a constru\u00e7\u00e3o do est\u00e1dio foi muito criticada por <em>Carlos Lacerda<\/em>, na \u00e9poca\u00a0<em>Deputado Federal<\/em>\u00a0e inimigo pol\u00edtico do durante mandato do ent\u00e3o <em>General de Divis\u00e3o e Prefeito do Distrito Federal do Rio de Janeiro<\/em>, <em>Marechal\u00a0\u00c2ngelo Mendes de Moraes<\/em>, pelos gastos e, tamb\u00e9m, devido \u00e0 localiza\u00e7\u00e3o escolhida para o est\u00e1dio, defendendo que o mesmo fosse constru\u00eddo em\u00a0<em>Jacarepagu\u00e1<\/em>.<\/mark><\/p>\n\n\n\n<p><mark style=\"background-color:rgba(0, 0, 0, 0);color:#000000\" class=\"has-inline-color\">Ainda assim, apoiado pelo <em>jornalista\u00a0Mario Rodrigues Filho<\/em>, <em>Mendes de Morais<\/em> conseguiu levar o projeto para frente. Na \u00e1rea escolhida, situava-se uma arena destinada \u00e0 corrida de cavalos. A concorr\u00eancia para as obras foi aberta pela prefeitura do Rio de Janeiro\u00a0em <strong><em>1947<\/em><\/strong>, tendo como <strong><em>projeto arquitet\u00f4nico vencedor<\/em><\/strong> o apresentado por <em>Miguel Feldman, Waldir Ramos, Raphael Galv\u00e3o, Oscar Valdetaro, Orlando Azevedo, Pedro Paulo Bernardes Bastos e Ant\u00f4nio Dias Carneiro<\/em>.<\/mark><\/p>\n\n\n\n<p><mark style=\"background-color:rgba(0, 0, 0, 0);color:#202a9c\" class=\"has-inline-color\">O <strong><em>projeto vencedor<\/em><\/strong> previa um <strong><em>est\u00e1dio<\/em><\/strong> para <strong><em>155.250 pessoas<\/em><\/strong>, sendo <strong><em>93 mil lugares com assento<\/em><\/strong>, <strong><em>31 mil lugares para pessoas em p\u00e9<\/em><\/strong>, <strong><em>30 mil cadeiras cativas<\/em><\/strong>, <strong><em>500 lugares para a tribuna de honra<\/em><\/strong> e <strong><em>250 para camarotes<\/em><\/strong>. O est\u00e1dio ainda contaria com <strong><em>tribuna de imprensa<\/em><\/strong> com espa\u00e7o para <strong><em>20 cabines de transmiss\u00e3o<\/em><\/strong>, <strong><em>32 grupos de sanit\u00e1rios<\/em><\/strong> e <strong><em>32 bares<\/em><\/strong>.<\/mark><\/p>\n\n\n\n<p><mark style=\"background-color:rgba(0, 0, 0, 0);color:#000000\" class=\"has-inline-color\">No total, a \u00e1rea coberta do <strong><em>est\u00e1dio atingiria 150 mil m\u00b2<\/em><\/strong>, com altura total de 24m.\u00a0As <em>obras iniciaram-se<\/em> na <strong><em>segunda-feira, do dia 02 de agosto de<\/em><\/strong><em> <strong>1948<\/strong><\/em>, data do lan\u00e7amento da\u00a0<em>\u2018pedra fundamenta\u2019<\/em>.\u00a0Trabalharam na constru\u00e7\u00e3o cerca de <strong><em>1.500 homens<\/em><\/strong>, tendo se somado a estes mais <strong><em>2.000<\/em><\/strong> nos \u00faltimos meses de trabalho. Apesar de ter entrado em uso em <strong><em>1950<\/em><\/strong>, as obras s\u00f3 ficaram completas em <strong><em>1965<\/em><\/strong>.<\/mark><\/p>\n\n\n\n<p><mark style=\"background-color:rgba(0, 0, 0, 0);color:#142187\" class=\"has-inline-color\">Em seu projeto original, o <strong><em>Maracan\u00e3<\/em><\/strong> tinha seu <em>formato\u00a0oval<\/em>, <em>medindo 317 metros em seu eixo maior e 279 metros no menor<\/em>. <em>Media 32 metros de altura<\/em>, o que corresponde a um pr\u00e9dio de seis andares, e a dist\u00e2ncia entre o espectador mais distante o centro do campo era de <em>126 metros<\/em>.<\/mark><\/p>\n\n\n\n<p><mark style=\"background-color:rgba(0, 0, 0, 0);color:#000000\" class=\"has-inline-color\">A cobertura protegia parcialmente as <em>arquibancadas<\/em> em toda a sua circunfer\u00eancia. Na cobertura foram montados os <em>refletores<\/em>, que funcionavam a <em>vapor de\u00a0merc\u00fario<\/em>. Desde <strong><em>1962<\/em><\/strong>, at\u00e9 as reformas realizadas na\u00a0d\u00e9cada de <strong><em>2000<\/em><\/strong>, a medida do gramado era de <strong><em>110 por 75 metros<\/em><\/strong>.<\/mark><\/p>\n\n\n\n<p><mark style=\"background-color:rgba(0, 0, 0, 0);color:#16278c\" class=\"has-inline-color\">Havia um fosso que separava o campo das cadeiras inferiores que <em>media tr\u00eas metros de profundidade<\/em> com bordas em desn\u00edvel.\u00a0O acesso ao gramado dava-se por meio de <em>quatro t\u00faneis subterr\u00e2neos <\/em>que come\u00e7avam nos <em>vesti\u00e1rios<\/em>. Existiam cinco vesti\u00e1rios no est\u00e1dio, sendo utilizados normalmente apenas tr\u00eas, um para cada time que disputa uma partida de futebol e outro para a arbitragem.<\/mark><\/p>\n\n\n\n<p><mark style=\"background-color:rgba(0, 0, 0, 0);color:#000000\" class=\"has-inline-color\">Sua <strong><em>inaugura\u00e7\u00e3o<\/em><\/strong> deu-se com a realiza\u00e7\u00e3o de uma partida de futebol amistosa entre <strong><em>sele\u00e7\u00f5es do\u00a0Rio de Janeiro versus S\u00e3o Paulo<\/em><\/strong>,\u00a0<strong><em>na sexta-feira, do dia 16 de junho de 1950<\/em><\/strong>, vencida pelos <strong><em>paulistas<\/em><\/strong> por <strong><em>3 a 1<\/em><\/strong>.<\/mark><\/p>\n\n\n\n<p><mark style=\"background-color:rgba(0, 0, 0, 0);color:#000000\" class=\"has-inline-color\">O meio-campista da <strong><em>equipe\u00a0carioca<\/em><\/strong>, <em>Didi<\/em>, do <strong><em>Fluminense<\/em><\/strong>, foi o <strong><em>autor<\/em><\/strong> do <strong><em>1\u00ba gol <\/em><\/strong>no <strong><em>Est\u00e1dio Municipal<\/em><\/strong> <em>(que depois ganhou o nome de Mario Filho, popularmente conhecido por: Maracan\u00e3)<\/em>\u00a0e o <em>Osvaldo Pisoni<\/em> foi o <strong><em>1\u00ba goleiro<\/em><\/strong> a sofrer gol no est\u00e1dio.<\/mark><\/p>\n\n\n\n<p><strong><mark style=\"background-color:rgba(0, 0, 0, 0);color:#101578\" class=\"has-inline-color\"><em><u>FONTE<\/u>:<\/em><\/mark><\/strong><em><mark style=\"background-color:rgba(0, 0, 0, 0);color:#101578\" class=\"has-inline-color\"> GuarAntiga\u00a0\u2013 Arquivo Geral da Cidade do Rio de Janeiro \u2013 site Est\u00e1dio Maracan\u00e3<\/mark><\/em><\/p>\n","protected":false},"excerpt":{"rendered":"<p>Na \u00e9poca, a constru\u00e7\u00e3o do est\u00e1dio foi muito criticada por Carlos Lacerda, na \u00e9poca\u00a0Deputado Federal\u00a0e inimigo pol\u00edtico do durante mandato do ent\u00e3o General de Divis\u00e3o e Prefeito do Distrito Federal do Rio de Janeiro, Marechal\u00a0\u00c2ngelo Mendes de Moraes, pelos gastos e, tamb\u00e9m, devido \u00e0 localiza\u00e7\u00e3o escolhida para o est\u00e1dio, defendendo que o mesmo fosse constru\u00eddo [&hellip;]<\/p>\n","protected":false},"author":55,"featured_media":0,"comment_status":"open","ping_status":"closed","sticky":false,"template":"","format":"standard","meta":{"footnotes":""},"categories":[203,83,75,345,3,737,47,76],"tags":[],"class_list":["post-135003","post","type-post","status-publish","format-standard","hentry","category-sergio-mello","category-x9-curiosidades","category-x3-estadios","category-fotos-historicas","category-historia-do-futebol","category-estadios-inauguracoes","category-rio-de-janeiro","category-antigo-estado-do-rio"],"_links":{"self":[{"href":"https:\/\/historiadofutebol.com\/blog\/index.php?rest_route=\/wp\/v2\/posts\/135003","targetHints":{"allow":["GET"]}}],"collection":[{"href":"https:\/\/historiadofutebol.com\/blog\/index.php?rest_route=\/wp\/v2\/posts"}],"about":[{"href":"https:\/\/historiadofutebol.com\/blog\/index.php?rest_route=\/wp\/v2\/types\/post"}],"author":[{"embeddable":true,"href":"https:\/\/historiadofutebol.com\/blog\/index.php?rest_route=\/wp\/v2\/users\/55"}],"replies":[{"embeddable":true,"href":"https:\/\/historiadofutebol.com\/blog\/index.php?rest_route=%2Fwp%2Fv2%2Fcomments&post=135003"}],"version-history":[{"count":1,"href":"https:\/\/historiadofutebol.com\/blog\/index.php?rest_route=\/wp\/v2\/posts\/135003\/revisions"}],"predecessor-version":[{"id":135009,"href":"https:\/\/historiadofutebol.com\/blog\/index.php?rest_route=\/wp\/v2\/posts\/135003\/revisions\/135009"}],"wp:attachment":[{"href":"https:\/\/historiadofutebol.com\/blog\/index.php?rest_route=%2Fwp%2Fv2%2Fmedia&parent=135003"}],"wp:term":[{"taxonomy":"category","embeddable":true,"href":"https:\/\/historiadofutebol.com\/blog\/index.php?rest_route=%2Fwp%2Fv2%2Fcategories&post=135003"},{"taxonomy":"post_tag","embeddable":true,"href":"https:\/\/historiadofutebol.com\/blog\/index.php?rest_route=%2Fwp%2Fv2%2Ftags&post=135003"}],"curies":[{"name":"wp","href":"https:\/\/api.w.org\/{rel}","templated":true}]}}