{"id":134999,"date":"2025-08-16T21:33:42","date_gmt":"2025-08-17T00:33:42","guid":{"rendered":"https:\/\/historiadofutebol.com\/blog\/?p=134999"},"modified":"2025-09-18T20:00:37","modified_gmt":"2025-09-18T23:00:37","slug":"sao-joao-futebol-clube-mogi-das-cruzes-sp-fundado-em-1930","status":"publish","type":"post","link":"https:\/\/historiadofutebol.com\/blog\/?p=134999","title":{"rendered":"S\u00e3o Jo\u00e3o Futebol Clube &#8211; Mogi das Cruzes (SP): Fundado em 1930"},"content":{"rendered":"<div class=\"wp-block-image\">\n<figure class=\"aligncenter size-large\"><img loading=\"lazy\" decoding=\"async\" width=\"500\" height=\"316\" src=\"https:\/\/historiadofutebol.com\/blog\/wp-content\/uploads\/2025\/08\/Sao-Joao-FC-Mogi-das-Cruzes-1930-500x316.jpg\" alt=\"\" class=\"wp-image-135000\" srcset=\"https:\/\/historiadofutebol.com\/blog\/wp-content\/uploads\/2025\/08\/Sao-Joao-FC-Mogi-das-Cruzes-1930-500x316.jpg 500w, https:\/\/historiadofutebol.com\/blog\/wp-content\/uploads\/2025\/08\/Sao-Joao-FC-Mogi-das-Cruzes-1930-300x190.jpg 300w, https:\/\/historiadofutebol.com\/blog\/wp-content\/uploads\/2025\/08\/Sao-Joao-FC-Mogi-das-Cruzes-1930-768x486.jpg 768w, https:\/\/historiadofutebol.com\/blog\/wp-content\/uploads\/2025\/08\/Sao-Joao-FC-Mogi-das-Cruzes-1930-624x395.jpg 624w, https:\/\/historiadofutebol.com\/blog\/wp-content\/uploads\/2025\/08\/Sao-Joao-FC-Mogi-das-Cruzes-1930.jpg 1170w\" sizes=\"auto, (max-width: 500px) 100vw, 500px\" \/><\/figure><\/div>\n\n\n<h2 class=\"wp-block-heading\"><em><strong>Por S\u00e9rgio Mello<\/strong><\/em><\/h2>\n\n\n\n<p><mark style=\"background-color:rgba(0, 0, 0, 0);color:#000000\" class=\"has-inline-color\">O <strong><em>S\u00e3o Jo\u00e3o Futebol Clube <\/em><\/strong>\u00e9 uma agremia\u00e7\u00e3o da cidade de Mogi das Cruzes, situado na <em>Regi\u00e3o do Alto Tiet\u00ea<\/em> a <strong><em>61 km<\/em><\/strong> da capital do estado de S\u00e3o Paulo. A localidade conta com uma popula\u00e7\u00e3o de <strong><em>449.955 habitantes<\/em><\/strong>, segundo o <strong><em>IBGE<\/em><\/strong> <strong><em>(Instituto Brasileiro de Geografia e Estat\u00edstica)<\/em><\/strong>, de <strong><em>2022<\/em><\/strong>.<\/mark><\/p>\n\n\n\n<p><mark style=\"background-color:rgba(0, 0, 0, 0);color:#000000\" class=\"has-inline-color\">O <strong><em>Alvinegro Mogicruzense<\/em><\/strong> foi <strong><em>Fundado no domingo, do dia 07 de Setembro de 1930<\/em><\/strong>. A sua <strong><em>Sede social<\/em><\/strong> est\u00e1 localizado na <strong><em>Rua Elgin, n\u00ba 341, no bairro S\u00e3o Jo\u00e3o<\/em><\/strong>. O <strong><em>Campo<\/em><\/strong> fica no <strong><em>bairro da Vila Ressaca<\/em><\/strong>, <em>ambos<\/em> <strong><em>em Mogi das Cruzes\/SP<\/em><\/strong>.<\/mark><\/p>\n\n\n\n<p><mark style=\"background-color:rgba(0, 0, 0, 0);color:#000000\" class=\"has-inline-color\">O clube conta com uma ala, onde foi criada a <strong><em>Gr\u00eamio Recreativo Escola de Samba S\u00e3o Jo\u00e3o<\/em><\/strong>, a mais tradicional do carnaval na cidade, tendo como patrono <em>Waldemar Costa Neto (Boy)<\/em> e j\u00e1 contou com <em>Jo\u00e3o do Pulo<\/em> como padrinho.<\/mark><\/p>\n\n\n<div class=\"wp-block-image\">\n<figure class=\"aligncenter size-large is-resized\"><img loading=\"lazy\" decoding=\"async\" width=\"500\" height=\"277\" src=\"https:\/\/historiadofutebol.com\/blog\/wp-content\/uploads\/2025\/08\/Sao-Joao-FC-Mogi-das-Cruzes-30-500x277.jpg\" alt=\"\" class=\"wp-image-135001\" style=\"width:655px;height:auto\" srcset=\"https:\/\/historiadofutebol.com\/blog\/wp-content\/uploads\/2025\/08\/Sao-Joao-FC-Mogi-das-Cruzes-30-500x277.jpg 500w, https:\/\/historiadofutebol.com\/blog\/wp-content\/uploads\/2025\/08\/Sao-Joao-FC-Mogi-das-Cruzes-30-300x166.jpg 300w, https:\/\/historiadofutebol.com\/blog\/wp-content\/uploads\/2025\/08\/Sao-Joao-FC-Mogi-das-Cruzes-30-768x426.jpg 768w, https:\/\/historiadofutebol.com\/blog\/wp-content\/uploads\/2025\/08\/Sao-Joao-FC-Mogi-das-Cruzes-30-624x346.jpg 624w, https:\/\/historiadofutebol.com\/blog\/wp-content\/uploads\/2025\/08\/Sao-Joao-FC-Mogi-das-Cruzes-30.jpg 1177w\" sizes=\"auto, (max-width: 500px) 100vw, 500px\" \/><\/figure><\/div>\n\n\n<p><mark style=\"background-color:rgba(0, 0, 0, 0);color:#000000\" class=\"has-inline-color\">O <strong><em>S\u00e3o Jo\u00e3o <\/em><\/strong>teve grandes jogadores da v\u00e1rzea entre eles <em>Tesoura<\/em> e <em>Lelico<\/em> e foi campe\u00e3o da <em>Liga Mogiana<\/em> de <em>2024<\/em> na <em>categoria Veterano<\/em>.<\/mark><\/p>\n\n\n\n<p><mark style=\"background-color:rgba(0, 0, 0, 0);color:#000000\" class=\"has-inline-color\"><strong><em>Na sexta-feira, do 24 de Setembro de 1965<\/em><\/strong>, foi comemorado o <em>405\u00ba da funda\u00e7\u00e3o da cidade de Mogi das Cruzes<\/em>. Nesta data, por meio do ent\u00e3o <em>prefeito da cidade<\/em>, Carlos Alberto Lopes o <strong><em>S\u00e3o Jo\u00e3o F.C.<\/em><\/strong> foi considerado de <strong><em>Utilidade P\u00fablica Municipal<\/em><\/strong>.<\/mark><\/p>\n\n\n\n<p><strong><mark style=\"background-color:rgba(0, 0, 0, 0);color:#e61515\" class=\"has-inline-color\"><em><u>ARTE<\/u>:<\/em><\/mark><\/strong><em><mark style=\"background-color:rgba(0, 0, 0, 0);color:#e61515\" class=\"has-inline-color\"> desenho do escudo e uniforme \u2013 S\u00e9rgio Mello<\/mark><\/em><\/p>\n\n\n\n<p><strong><mark style=\"background-color:rgba(0, 0, 0, 0);color:#696969\" class=\"has-inline-color\"><em><u>FOTO<\/u>:<\/em><\/mark><\/strong><em><mark style=\"background-color:rgba(0, 0, 0, 0);color:#696969\" class=\"has-inline-color\"> Acervo de Waldomiro Junho<\/mark><\/em><\/p>\n\n\n\n<p><strong><mark style=\"background-color:rgba(0, 0, 0, 0);color:#000000\" class=\"has-inline-color\"><em><u>FONTES<\/u>: <\/em><\/mark><\/strong><em><mark style=\"background-color:rgba(0, 0, 0, 0);color:#000000\" class=\"has-inline-color\">Leis Municipais \u2013Futebol Caf\u00e9<\/mark><\/em><\/p>\n","protected":false},"excerpt":{"rendered":"<p>Por S\u00e9rgio Mello O S\u00e3o Jo\u00e3o Futebol Clube \u00e9 uma agremia\u00e7\u00e3o da cidade de Mogi das Cruzes, situado na Regi\u00e3o do Alto Tiet\u00ea a 61 km da capital do estado de S\u00e3o Paulo. A localidade conta com uma popula\u00e7\u00e3o de 449.955 habitantes, segundo o IBGE (Instituto Brasileiro de Geografia e Estat\u00edstica), de 2022. O Alvinegro [&hellip;]<\/p>\n","protected":false},"author":55,"featured_media":0,"comment_status":"open","ping_status":"closed","sticky":false,"template":"","format":"standard","meta":{"footnotes":""},"categories":[203,531,83,59,345,3,51],"tags":[],"class_list":["post-134999","post","type-post","status-publish","format-standard","hentry","category-sergio-mello","category-carencias","category-x9-curiosidades","category-escudos","category-fotos-historicas","category-historia-do-futebol","category-sao-paulo"],"_links":{"self":[{"href":"https:\/\/historiadofutebol.com\/blog\/index.php?rest_route=\/wp\/v2\/posts\/134999","targetHints":{"allow":["GET"]}}],"collection":[{"href":"https:\/\/historiadofutebol.com\/blog\/index.php?rest_route=\/wp\/v2\/posts"}],"about":[{"href":"https:\/\/historiadofutebol.com\/blog\/index.php?rest_route=\/wp\/v2\/types\/post"}],"author":[{"embeddable":true,"href":"https:\/\/historiadofutebol.com\/blog\/index.php?rest_route=\/wp\/v2\/users\/55"}],"replies":[{"embeddable":true,"href":"https:\/\/historiadofutebol.com\/blog\/index.php?rest_route=%2Fwp%2Fv2%2Fcomments&post=134999"}],"version-history":[{"count":2,"href":"https:\/\/historiadofutebol.com\/blog\/index.php?rest_route=\/wp\/v2\/posts\/134999\/revisions"}],"predecessor-version":[{"id":135061,"href":"https:\/\/historiadofutebol.com\/blog\/index.php?rest_route=\/wp\/v2\/posts\/134999\/revisions\/135061"}],"wp:attachment":[{"href":"https:\/\/historiadofutebol.com\/blog\/index.php?rest_route=%2Fwp%2Fv2%2Fmedia&parent=134999"}],"wp:term":[{"taxonomy":"category","embeddable":true,"href":"https:\/\/historiadofutebol.com\/blog\/index.php?rest_route=%2Fwp%2Fv2%2Fcategories&post=134999"},{"taxonomy":"post_tag","embeddable":true,"href":"https:\/\/historiadofutebol.com\/blog\/index.php?rest_route=%2Fwp%2Fv2%2Ftags&post=134999"}],"curies":[{"name":"wp","href":"https:\/\/api.w.org\/{rel}","templated":true}]}}