{"id":134851,"date":"2025-05-27T01:54:43","date_gmt":"2025-05-27T04:54:43","guid":{"rendered":"https:\/\/historiadofutebol.com\/blog\/?p=134851"},"modified":"2025-05-27T01:54:44","modified_gmt":"2025-05-27T04:54:44","slug":"alianca-atletica-fnm-duque-de-caxias-rj-disputou-o-campeonato-fluminense-de-clubes-campeoes-municipais-de-1962","status":"publish","type":"post","link":"https:\/\/historiadofutebol.com\/blog\/?p=134851","title":{"rendered":"Alian\u00e7a Atl\u00e9tica FNM &#8211; Duque de Caxias (RJ): disputou o Campeonato Fluminense de Clubes Campe\u00f5es Municipais de 1962"},"content":{"rendered":"<div class=\"wp-block-image\">\n<figure class=\"aligncenter size-large\"><img loading=\"lazy\" decoding=\"async\" width=\"500\" height=\"206\" src=\"https:\/\/historiadofutebol.com\/blog\/wp-content\/uploads\/2025\/05\/AAFMN-500x206.jpg\" alt=\"\" class=\"wp-image-134852\" srcset=\"https:\/\/historiadofutebol.com\/blog\/wp-content\/uploads\/2025\/05\/AAFMN-500x206.jpg 500w, https:\/\/historiadofutebol.com\/blog\/wp-content\/uploads\/2025\/05\/AAFMN-300x124.jpg 300w, https:\/\/historiadofutebol.com\/blog\/wp-content\/uploads\/2025\/05\/AAFMN-768x317.jpg 768w, https:\/\/historiadofutebol.com\/blog\/wp-content\/uploads\/2025\/05\/AAFMN-1536x633.jpg 1536w, https:\/\/historiadofutebol.com\/blog\/wp-content\/uploads\/2025\/05\/AAFMN-624x257.jpg 624w, https:\/\/historiadofutebol.com\/blog\/wp-content\/uploads\/2025\/05\/AAFMN.jpg 1739w\" sizes=\"auto, (max-width: 500px) 100vw, 500px\" \/><\/figure><\/div>\n\n\n<h2 class=\"wp-block-heading\"><em><mark style=\"background-color:rgba(0, 0, 0, 0);color:#212b9e\" class=\"has-inline-color\">Por S\u00e9rgio Mello<\/mark><\/em><\/h2>\n\n\n\n<p><mark style=\"background-color:rgba(0, 0, 0, 0);color:#000000\" class=\"has-inline-color\">O <strong><em>Alian\u00e7a Atl\u00e9tica FNM (F\u00e1brica Nacional de Motores)<\/em><\/strong> foi uma agremia\u00e7\u00e3o da cidade de Duque de Caxias, localizado na Baixada Fluminense do estado do Rio de Janeiro. <strong><em>Fundado<\/em><\/strong>, no \u2018<em>Dia do Trabalhador\u2019<\/em>, <strong><em>na quinta-feira, do dia 1\u00ba de Maio de 1952<\/em><\/strong>, por funcion\u00e1rios da extinta <strong><em>F\u00e1brica Nacional de Motores S.A.<\/em><\/strong>, o <strong><em>Alian\u00e7a Atl\u00e9tica FNM (ou Fenem\u00ea)<\/em><\/strong>.<\/mark><\/p>\n\n\n\n<p><mark style=\"background-color:rgba(0, 0, 0, 0);color:#000000\" class=\"has-inline-color\">A sua <strong><em>Sede social<\/em><\/strong> e a <strong><em>Pra\u00e7a de Esportes<\/em><\/strong> ficavam pr\u00f3ximos a f\u00e1brica, localizados na <strong><em>Vila Oper\u00e1ria, no Km 23, \u00e0s margens da Estrada de Petr\u00f3polis, no Distrito de Xer\u00e9m, em Duque de Caxias<\/em><\/strong>.<\/mark><\/p>\n\n\n\n<p><mark style=\"background-color:rgba(0, 0, 0, 0);color:#000000\" class=\"has-inline-color\">A constru\u00e7\u00e3o da <strong><em>F\u00e1brica Nacional de Motores (FNM)<\/em><\/strong> foi iniciada em <strong><em>1940<\/em><\/strong>, no governo de <em>Get\u00falio Vargas<\/em>, na cidade de Duque de Caxias (RJ), distrito de Xer\u00e9m.\u00a0 Ela foi idealizada pelo <em>Brigadeiro Ant\u00f4nio Guedes Muniz<\/em>, tendo sido oficialmente\u00a0<em>fundada\u00a0em 13 de junho de 1942<\/em>, para a constru\u00e7\u00e3o de motores aeron\u00e1uticos, que seriam utilizados em avi\u00f5es de treinamento militar.\u00a0<\/mark><\/p>\n\n\n<div class=\"wp-block-image\">\n<figure class=\"aligncenter size-large is-resized\"><img loading=\"lazy\" decoding=\"async\" width=\"500\" height=\"309\" src=\"https:\/\/historiadofutebol.com\/blog\/wp-content\/uploads\/2025\/05\/FNM-500x309.jpg\" alt=\"\" class=\"wp-image-134856\" style=\"width:655px;height:auto\" srcset=\"https:\/\/historiadofutebol.com\/blog\/wp-content\/uploads\/2025\/05\/FNM-500x309.jpg 500w, https:\/\/historiadofutebol.com\/blog\/wp-content\/uploads\/2025\/05\/FNM-300x186.jpg 300w, https:\/\/historiadofutebol.com\/blog\/wp-content\/uploads\/2025\/05\/FNM-768x475.jpg 768w, https:\/\/historiadofutebol.com\/blog\/wp-content\/uploads\/2025\/05\/FNM-624x386.jpg 624w, https:\/\/historiadofutebol.com\/blog\/wp-content\/uploads\/2025\/05\/FNM.jpg 1396w\" sizes=\"auto, (max-width: 500px) 100vw, 500px\" \/><\/figure><\/div>\n\n\n<p><mark style=\"background-color:rgba(0, 0, 0, 0);color:#000000\" class=\"has-inline-color\">Era a \u00e9poca da <em>II Guerra Mundial<\/em>, e em troca da utiliza\u00e7\u00e3o de bases militares no nordeste brasileiro, o governo norte americano deu incentivos financeiros e assist\u00eancia t\u00e9cnica, para a constru\u00e7\u00e3o tanto da <strong><em>FNM<\/em><\/strong>, como da\u00a0<strong><em>CSN (Companhia Sider\u00fargica Nacional)<\/em><\/strong>.<\/mark><\/p>\n\n\n\n<p><mark style=\"background-color:rgba(0, 0, 0, 0);color:#000000\" class=\"has-inline-color\">A f\u00e1brica foi instalada pr\u00f3xima \u00e0 escarpa da <em>Serra do Mar<\/em>, pois a localiza\u00e7\u00e3o amorteceria os custos da produ\u00e7\u00e3o, por conter a temperatura e press\u00e3o ideal para a constru\u00e7\u00e3o dos motores. O terreno obtinha f\u00e1cil acesso \u00e0 <em>Rodovia Rio-Petr\u00f3polis<\/em> e \u00e0 <em>Estrada de Ferro Rio d\u2019Ouro<\/em>, facilitando o contato com a capital federal e com a chegada de t\u00e9cnicos e funcion\u00e1rios e transporte de equipamentos. Al\u00e9m disso, os rios Capivari, Mato Grosso e Saracuruna banhavam a regi\u00e3o, gerando assim, a \u00e1gua industrial necess\u00e1ria para abastecer a <strong><em>FNM<\/em><\/strong>.<\/mark><\/p>\n\n\n\n<p><mark style=\"background-color:rgba(0, 0, 0, 0);color:#000000\" class=\"has-inline-color\">Como forma de divers\u00e3o e entretenimento nas horas de folga, os oper\u00e1rios resolveram fundar agremia\u00e7\u00f5es sociais e esportivas, como o <strong><em>Alian\u00e7a Atl\u00e9tica FNM<\/em><\/strong>, a <strong><em>Associa\u00e7\u00e3o Atl\u00e9tica Piau\u00ed<\/em><\/strong> e o <strong><em>Vila Nova Futebol Clube<\/em><\/strong>. Cada clube foi criado por trabalhadores nascidos fora do estado que batizaram seus respectivos clubes com nomes ligados as suas origens. Muitos \u00f4nibus vinham de localidades vizinhas para enfrentar os tr\u00eas times <strong><em>fenemenses<\/em><\/strong>.<\/mark><\/p>\n\n\n<div class=\"wp-block-image\">\n<figure class=\"aligncenter size-large is-resized\"><img loading=\"lazy\" decoding=\"async\" width=\"500\" height=\"376\" src=\"https:\/\/historiadofutebol.com\/blog\/wp-content\/uploads\/2025\/05\/465846555_8907309029320130_1805285370356936186_n-500x376.jpg\" alt=\"\" class=\"wp-image-134855\" style=\"width:654px;height:auto\" srcset=\"https:\/\/historiadofutebol.com\/blog\/wp-content\/uploads\/2025\/05\/465846555_8907309029320130_1805285370356936186_n-500x376.jpg 500w, https:\/\/historiadofutebol.com\/blog\/wp-content\/uploads\/2025\/05\/465846555_8907309029320130_1805285370356936186_n-300x226.jpg 300w, https:\/\/historiadofutebol.com\/blog\/wp-content\/uploads\/2025\/05\/465846555_8907309029320130_1805285370356936186_n-768x577.jpg 768w, https:\/\/historiadofutebol.com\/blog\/wp-content\/uploads\/2025\/05\/465846555_8907309029320130_1805285370356936186_n-624x469.jpg 624w, https:\/\/historiadofutebol.com\/blog\/wp-content\/uploads\/2025\/05\/465846555_8907309029320130_1805285370356936186_n.jpg 798w\" sizes=\"auto, (max-width: 500px) 100vw, 500px\" \/><\/figure><\/div>\n\n\n<p><mark style=\"background-color:rgba(0, 0, 0, 0);color:#000000\" class=\"has-inline-color\">Com o incentivo da ind\u00fastria estatal de motores, o <strong><em>Alian\u00e7a da FNM<\/em><\/strong> disputava in\u00fameros torneios contra agremia\u00e7\u00f5es amadoras de Duque de Caxias e times de empresas estatais, como o da antiga Companhia Vale do Rio Doce (CVRD).<\/mark><\/p>\n\n\n\n<p><mark style=\"background-color:rgba(0, 0, 0, 0);color:#000000\" class=\"has-inline-color\">Em <strong><em>1977<\/em><\/strong>, a <strong><em>FNM<\/em><\/strong> foi vendida para a Fiat. Anos depois, a f\u00e1brica de Xer\u00e9m, encerrando as suas atividades.<\/mark><\/p>\n\n\n\n<p><mark style=\"background-color:rgba(0, 0, 0, 0);color:#000000\" class=\"has-inline-color\">Na <em>d\u00e9cada de 50<\/em>, a <strong><em>F\u00e1brica Nacional de Motores S.A.<\/em><\/strong>, tinha uma <em>Coluna<\/em> no <strong><em>jornal Folha de Caxias<\/em><\/strong>, e nela <em>(1958)<\/em> foi citado que o <strong><em>clube<\/em><\/strong> era <strong><em>rubro-cinza<\/em><\/strong>. Posteriormente, passou a utilizar o <strong><em>azul e amarelo<\/em><\/strong>.<\/mark><\/p>\n\n\n\n<p><mark style=\"background-color:rgba(0, 0, 0, 0);color:#000000\" class=\"has-inline-color\">O futebol era o carro-chefe do <strong><em>Fenem\u00ea<\/em><\/strong>, mas tamb\u00e9m promovia atividades recreativas e culturais, atraindo p\u00fablicos de fora da cidade, como as confraterniza\u00e7\u00f5es de <em>1\u00ba de maio<\/em>, data que se celebra o <em>Dia do Trabalhador<\/em> e o Carnaval, sempre regadas com muita dan\u00e7a e anima\u00e7\u00e3o.<\/mark><\/p>\n\n\n<div class=\"wp-block-image\">\n<figure class=\"aligncenter size-large is-resized\"><img loading=\"lazy\" decoding=\"async\" width=\"500\" height=\"324\" src=\"https:\/\/historiadofutebol.com\/blog\/wp-content\/uploads\/2025\/05\/465788618_8907308069320226_4115234239763386058_n-500x324.jpg\" alt=\"\" class=\"wp-image-134853\" style=\"width:655px;height:auto\" srcset=\"https:\/\/historiadofutebol.com\/blog\/wp-content\/uploads\/2025\/05\/465788618_8907308069320226_4115234239763386058_n-500x324.jpg 500w, https:\/\/historiadofutebol.com\/blog\/wp-content\/uploads\/2025\/05\/465788618_8907308069320226_4115234239763386058_n-300x195.jpg 300w, https:\/\/historiadofutebol.com\/blog\/wp-content\/uploads\/2025\/05\/465788618_8907308069320226_4115234239763386058_n-624x405.jpg 624w, https:\/\/historiadofutebol.com\/blog\/wp-content\/uploads\/2025\/05\/465788618_8907308069320226_4115234239763386058_n.jpg 720w\" sizes=\"auto, (max-width: 500px) 100vw, 500px\" \/><\/figure><\/div>\n\n\n<h2 class=\"wp-block-heading\"><strong><em><mark style=\"background-color:rgba(0, 0, 0, 0);color:#142587\" class=\"has-inline-color\">Campeonato Fluminense de Clubes Campe\u00f5es Municipais de 1962<\/mark><\/em><\/strong><\/h2>\n\n\n\n<p><mark style=\"background-color:rgba(0, 0, 0, 0);color:#000000\" class=\"has-inline-color\">No come\u00e7o, o time de futebol realizou diversos amistosos, quadrangulares at\u00e9 que em <strong><em>1962<\/em><\/strong>, participou da competi\u00e7\u00e3o mais importante da sua hist\u00f3ria: <strong><em>Campeonato Fluminense de Clubes Campe\u00f5es Municipais<\/em><\/strong>, que reunia os campe\u00f5es dos campeonatos dos munic\u00edpios do estado do Rio de Janeiro. \u00a0<\/mark><\/p>\n\n\n\n<p><mark style=\"background-color:rgba(0, 0, 0, 0);color:#000000\" class=\"has-inline-color\">Alguns participantes: <strong><em>Americano Futebol Clube<\/em><\/strong><em> (Maca\u00e9)<\/em>; <strong><em>Esperan\u00e7a Futebol Clube<\/em><\/strong><em> (Nova Friburgo)<\/em>; <strong><em>Associa\u00e7\u00e3o Atl\u00e9tica Cabofriense<\/em><\/strong><em> (Cabo Frio)<\/em>; <strong><em>Fluminense Futebol Clube<\/em><\/strong><em> (S\u00e3o Jo\u00e3o da Barra)<\/em>; <strong><em>Teres\u00f3polis Futebol Clube<\/em><\/strong><em> (Teres\u00f3polis)<\/em>.<\/mark><\/p>\n\n\n\n<p><mark style=\"background-color:rgba(0, 0, 0, 0);color:#000000\" class=\"has-inline-color\">No final de <strong><em>maio de 1961<\/em><\/strong>, foi empossada a nova diretoria da <strong><em>Allian\u00e7a Atl\u00e9tica F.N.M<\/em><\/strong>. Seus componentes:<\/mark><\/p>\n\n\n\n<p><mark style=\"background-color:rgba(0, 0, 0, 0);color:#000000\" class=\"has-inline-color\"><strong>Presidente &#8211;<\/strong> Jader Campos da Silva, Vice-presidente &#8211; Wilton Wendling;<\/mark><\/p>\n\n\n\n<p><strong><mark style=\"background-color:rgba(0, 0, 0, 0);color:#000000\" class=\"has-inline-color\"><em>1\u00ba Secret\u00e1rio<\/em><\/mark><\/strong><em><mark style=\"background-color:rgba(0, 0, 0, 0);color:#000000\" class=\"has-inline-color\"> &#8211; Al\u00e1dio Costa;<\/mark><\/em><\/p>\n\n\n\n<p><strong><mark style=\"background-color:rgba(0, 0, 0, 0);color:#000000\" class=\"has-inline-color\"><em>1\u00ba Tesoureiro &#8211;<\/em><\/mark><\/strong><em><mark style=\"background-color:rgba(0, 0, 0, 0);color:#000000\" class=\"has-inline-color\"> Lu\u00eds Gonzaga Fraz\u00e3o;<\/mark><\/em><\/p>\n\n\n\n<p><strong><mark style=\"background-color:rgba(0, 0, 0, 0);color:#000000\" class=\"has-inline-color\"><em>Diretor social &#8211;<\/em><\/mark><\/strong><em><mark style=\"background-color:rgba(0, 0, 0, 0);color:#000000\" class=\"has-inline-color\"> Ant\u00f4nio Gomes de Oliveira;<\/mark><\/em><\/p>\n\n\n\n<p><strong><mark style=\"background-color:rgba(0, 0, 0, 0);color:#000000\" class=\"has-inline-color\"><em>Diretores de Esportes &#8211;<\/em><\/mark><\/strong><em><mark style=\"background-color:rgba(0, 0, 0, 0);color:#000000\" class=\"has-inline-color\"> Athelo Pinheiro e Wilson Vasconcelos;<\/mark><\/em><\/p>\n\n\n\n<p><mark style=\"background-color:rgba(0, 0, 0, 0);color:#000000\" class=\"has-inline-color\"><strong><em>Procurador &#8211;<\/em><\/strong><em> H\u00e9lio Pereira de Araujo<\/em>.<\/mark><\/p>\n\n\n<div class=\"wp-block-image\">\n<figure class=\"aligncenter size-large is-resized\"><img loading=\"lazy\" decoding=\"async\" width=\"500\" height=\"336\" src=\"https:\/\/historiadofutebol.com\/blog\/wp-content\/uploads\/2025\/05\/465791993_8907309042653462_8027589093309136573_n-500x336.jpg\" alt=\"\" class=\"wp-image-134854\" style=\"width:655px;height:auto\" srcset=\"https:\/\/historiadofutebol.com\/blog\/wp-content\/uploads\/2025\/05\/465791993_8907309042653462_8027589093309136573_n-500x336.jpg 500w, https:\/\/historiadofutebol.com\/blog\/wp-content\/uploads\/2025\/05\/465791993_8907309042653462_8027589093309136573_n-300x201.jpg 300w, https:\/\/historiadofutebol.com\/blog\/wp-content\/uploads\/2025\/05\/465791993_8907309042653462_8027589093309136573_n-768x516.jpg 768w, https:\/\/historiadofutebol.com\/blog\/wp-content\/uploads\/2025\/05\/465791993_8907309042653462_8027589093309136573_n-624x419.jpg 624w, https:\/\/historiadofutebol.com\/blog\/wp-content\/uploads\/2025\/05\/465791993_8907309042653462_8027589093309136573_n.jpg 800w\" sizes=\"auto, (max-width: 500px) 100vw, 500px\" \/><\/figure><\/div>\n\n\n<h2 class=\"wp-block-heading\"><strong><mark style=\"background-color:rgba(0, 0, 0, 0);color:#18228c\" class=\"has-inline-color\">Clube desaparece na d\u00e9cada de 70<\/mark><\/strong><\/h2>\n\n\n\n<p><mark style=\"background-color:rgba(0, 0, 0, 0);color:#000000\" class=\"has-inline-color\">As \u00faltimas not\u00edcias do clube se limitavam alguns jogos de outras equipes disputadas no campo da <strong><em>Alian\u00e7a Atl\u00e9tica FNM <\/em><\/strong>at\u00e9 1973. A partir da\u00ed mais nenhuma linha citou algo sobre essa simp\u00e1tica agremia\u00e7\u00e3o <em>duquecaxiense<\/em>. \u00a0<\/mark><\/p>\n\n\n\n<h2 class=\"wp-block-heading\"><strong><u><mark style=\"background-color:rgba(0, 0, 0, 0);color:#18218e\" class=\"has-inline-color\">Algumas Forma\u00e7\u00f5es<\/mark><\/u><\/strong><\/h2>\n\n\n\n<p><mark style=\"background-color:rgba(0, 0, 0, 0);color:#000000\" class=\"has-inline-color\"><strong><em>Time base de 1955:<\/em><\/strong><em> Pep\u00ea (Wantuil); Nilson e Jair; Garrincha (Pepe), Aurino e Tito (Otavio); Waltrudes (Adail), Tat\u00e3o, B\u00e9ca (Adelino), Noir, Ayrton<\/em>.<\/mark><\/p>\n\n\n\n<p><mark style=\"background-color:rgba(0, 0, 0, 0);color:#000000\" class=\"has-inline-color\"><strong><em>Time base de 1956:<\/em><\/strong><em> Chico (Pep\u00ea); Get\u00falio (Adail) e Wilson; Ot\u00e1vio, Edmar e Pimp\u00e3o (Ita); Maur\u00edcio, Nortista, Aur\u00e9lio, Zez\u00e9 (Esmeraldino) e Noir (Jair)<\/em>.<\/mark><\/p>\n\n\n\n<p><mark style=\"background-color:rgba(0, 0, 0, 0);color:#000000\" class=\"has-inline-color\"><strong><em>Time base de 1957:<\/em><\/strong><em> Chico (Pep\u00ea); Airton e Get\u00falio (Juquinha); Tat\u00e3o (Edmar), Jorge (Faria) e Ribamar (Josaf\u00e1); Waltrudes, Adelino (Jorginho), Leandro, (Luiz Carlos), Noir e L\u00eddio<\/em>.<\/mark><\/p>\n\n\n\n<p><mark style=\"background-color:rgba(0, 0, 0, 0);color:#000000\" class=\"has-inline-color\"><strong><em>Time base de 1958:<\/em><\/strong><em> Pep\u00ea (Chico); Milsinho (Zuquinha) e Ribamar (Jo\u00e3o); Farias, Josaf\u00e1 e Adahyr; Luiz Carlos (Messias), Curimba (Adelmo), Ailton (Samuel), Aur\u00e9lio (Jos\u00e9) e Noir<\/em>.<\/mark><\/p>\n\n\n\n<p><mark style=\"background-color:rgba(0, 0, 0, 0);color:#000000\" class=\"has-inline-color\"><strong><em>Time base de 1959:<\/em><\/strong><em> 103 (Pep\u00ea ou Jonas); Waltrudes (Izaias ou Zezinho) e Gois (Ribamar); H\u00e9lio (Messias), Pedro (Lamparina) e Girardi (Adahyr); Bittencourt (Zezinho), Agenor (Luiz Carlos), Fraz\u00e3o (Valmir ou Airton), Josias o \u2018Ca\u00e7ula\u2019 (Heraldo), Correia (Leandro) e N\u00e9lson (Mirim)<\/em>.<\/mark><\/p>\n\n\n\n<p><mark style=\"background-color:rgba(0, 0, 0, 0);color:#000000\" class=\"has-inline-color\"><strong><em>Time base de 1961:<\/em><\/strong><em> Iquimar (Beto); Isa\u00edas, Lamparina (Ribamar) e Mauro (Ivan); S\u00e9rgio (L\u00facio) e Jorge (Siqueira); Airton (Maninho), Walmir (Samuel), Wanderley (Marinho), Leandro e Gilberto (Luiz Carlos)<\/em>.<\/mark><\/p>\n\n\n\n<p><strong><mark style=\"background-color:rgba(0, 0, 0, 0);color:#b71b1b\" class=\"has-inline-color\"><em><u>ARTE<\/u>:<\/em><\/mark><\/strong><em><mark style=\"background-color:rgba(0, 0, 0, 0);color:#b71b1b\" class=\"has-inline-color\"> desenho do escudo e uniformes \u2013 S\u00e9rgio Mello<\/mark><\/em><\/p>\n\n\n\n<p><mark style=\"background-color:rgba(0, 0, 0, 0);color:#213397\" class=\"has-inline-color\"><strong><em><u>FOTOS<\/u>:<\/em><\/strong> <em>Di\u00e1rio da Noite (RJ)<\/em><\/mark><\/p>\n\n\n\n<p><strong><mark style=\"background-color:rgba(0, 0, 0, 0);color:#98861e\" class=\"has-inline-color\"><em><u>FONTES<\/u>:<\/em><\/mark><\/strong><em><mark style=\"background-color:rgba(0, 0, 0, 0);color:#98861e\" class=\"has-inline-color\"> Correio da Manh\u00e3 (RJ) \u2013 Folha de Caxias (RJ) \u2013 Di\u00e1rio da Noite (RJ) \u2013 Hist\u00f3ria da ALFA \u2013 FNM \u2013 Jornal GGN (RJ) &#8211; O Fluminense (RJ) &#8211; O Jornal (RJ) \u2013 P\u00e1gina no Facebook \u201cRetratos do Futebol Fluminense\u201d, de Orlindo Farias \u2013 \u00daltima Hora (RJ)<\/mark><\/em><\/p>\n","protected":false},"excerpt":{"rendered":"<p>Por S\u00e9rgio Mello O Alian\u00e7a Atl\u00e9tica FNM (F\u00e1brica Nacional de Motores) foi uma agremia\u00e7\u00e3o da cidade de Duque de Caxias, localizado na Baixada Fluminense do estado do Rio de Janeiro. Fundado, no \u2018Dia do Trabalhador\u2019, na quinta-feira, do dia 1\u00ba de Maio de 1952, por funcion\u00e1rios da extinta F\u00e1brica Nacional de Motores S.A., o Alian\u00e7a [&hellip;]<\/p>\n","protected":false},"author":55,"featured_media":0,"comment_status":"open","ping_status":"closed","sticky":false,"template":"","format":"standard","meta":{"footnotes":""},"categories":[203,531,926,59,345,118,3,47,76],"tags":[],"class_list":["post-134851","post","type-post","status-publish","format-standard","hentry","category-sergio-mello","category-carencias","category-clubes-de-futebol","category-escudos","category-fotos-historicas","category-futebol-amador-varzeano","category-historia-do-futebol","category-rio-de-janeiro","category-antigo-estado-do-rio"],"_links":{"self":[{"href":"https:\/\/historiadofutebol.com\/blog\/index.php?rest_route=\/wp\/v2\/posts\/134851","targetHints":{"allow":["GET"]}}],"collection":[{"href":"https:\/\/historiadofutebol.com\/blog\/index.php?rest_route=\/wp\/v2\/posts"}],"about":[{"href":"https:\/\/historiadofutebol.com\/blog\/index.php?rest_route=\/wp\/v2\/types\/post"}],"author":[{"embeddable":true,"href":"https:\/\/historiadofutebol.com\/blog\/index.php?rest_route=\/wp\/v2\/users\/55"}],"replies":[{"embeddable":true,"href":"https:\/\/historiadofutebol.com\/blog\/index.php?rest_route=%2Fwp%2Fv2%2Fcomments&post=134851"}],"version-history":[{"count":1,"href":"https:\/\/historiadofutebol.com\/blog\/index.php?rest_route=\/wp\/v2\/posts\/134851\/revisions"}],"predecessor-version":[{"id":134857,"href":"https:\/\/historiadofutebol.com\/blog\/index.php?rest_route=\/wp\/v2\/posts\/134851\/revisions\/134857"}],"wp:attachment":[{"href":"https:\/\/historiadofutebol.com\/blog\/index.php?rest_route=%2Fwp%2Fv2%2Fmedia&parent=134851"}],"wp:term":[{"taxonomy":"category","embeddable":true,"href":"https:\/\/historiadofutebol.com\/blog\/index.php?rest_route=%2Fwp%2Fv2%2Fcategories&post=134851"},{"taxonomy":"post_tag","embeddable":true,"href":"https:\/\/historiadofutebol.com\/blog\/index.php?rest_route=%2Fwp%2Fv2%2Ftags&post=134851"}],"curies":[{"name":"wp","href":"https:\/\/api.w.org\/{rel}","templated":true}]}}