{"id":134835,"date":"2025-05-22T02:31:20","date_gmt":"2025-05-22T05:31:20","guid":{"rendered":"https:\/\/historiadofutebol.com\/blog\/?p=134835"},"modified":"2025-05-27T01:56:20","modified_gmt":"2025-05-27T04:56:20","slug":"cronica-e-ficha-tecnica-brasil-5-x-1-paraguai-valido-pela-taca-oswaldo-cruz-de-1958","status":"publish","type":"post","link":"https:\/\/historiadofutebol.com\/blog\/?p=134835","title":{"rendered":"Fotos raras, Cr\u00f4nica e ficha-t\u00e9cnica: Brasil 5 x 1 Paraguai, v\u00e1lido pela Ta\u00e7a Oswaldo Cruz de 1958"},"content":{"rendered":"<div class=\"wp-block-image\">\n<figure class=\"aligncenter size-large is-resized\"><img loading=\"lazy\" decoding=\"async\" width=\"500\" height=\"381\" src=\"https:\/\/historiadofutebol.com\/blog\/wp-content\/uploads\/2025\/05\/FOTO-02-500x381.jpg\" alt=\"\" class=\"wp-image-134836\" style=\"width:656px;height:auto\" srcset=\"https:\/\/historiadofutebol.com\/blog\/wp-content\/uploads\/2025\/05\/FOTO-02-500x381.jpg 500w, https:\/\/historiadofutebol.com\/blog\/wp-content\/uploads\/2025\/05\/FOTO-02-300x229.jpg 300w, https:\/\/historiadofutebol.com\/blog\/wp-content\/uploads\/2025\/05\/FOTO-02-768x586.jpg 768w, https:\/\/historiadofutebol.com\/blog\/wp-content\/uploads\/2025\/05\/FOTO-02-1536x1172.jpg 1536w, https:\/\/historiadofutebol.com\/blog\/wp-content\/uploads\/2025\/05\/FOTO-02-624x476.jpg 624w, https:\/\/historiadofutebol.com\/blog\/wp-content\/uploads\/2025\/05\/FOTO-02.jpg 2048w\" sizes=\"auto, (max-width: 500px) 100vw, 500px\" \/><figcaption class=\"wp-element-caption\"><mark style=\"background-color:rgba(0, 0, 0, 0);color:#1f248f\" class=\"has-inline-color\">Brasil: De Sordi, Oreco, Dino Sani, Z\u00f3zimo Gylmar, Bellini e o t\u00e9cnico Vicente Feola (em p\u00e9); M\u00e1rio Am\u00e9rico (massagista), Joel, Didi, Vav\u00e1, Dida e Zagallo.<\/mark><\/figcaption><\/figure><\/div>\n\n\n<p><mark style=\"background-color:rgba(0, 0, 0, 0);color:#000000\" class=\"has-inline-color\">Finalmente dissipou-se a d\u00favida quanto ao treino da <strong><em>sele\u00e7\u00e3o brasileira<\/em><\/strong>, <em>na quinta-feira, do dia 1\u00ba de maio de 1958<\/em>. Como o Minist\u00e9rio do Trabalho n\u00e3o houvesse concretizado a sua proposta para que o pr\u00e9lio tivesse lugar no Est\u00e1dio do Maracan\u00e3, no Rio de Janeiro (RJ). A <strong><em>C.B.D.<\/em><\/strong> <em><strong>(Confedera\u00e7\u00e3o Brasileira de Desportos)<\/strong><\/em> resolveu atender ao pedido do <strong><em>SESI<\/em><\/strong>, de S\u00e3o Paulo a fim de que a exibi\u00e7\u00e3o se realize no <em>Pacaembu<\/em>.<\/mark><\/p>\n\n\n\n<p><mark style=\"background-color:rgba(0, 0, 0, 0);color:#000000\" class=\"has-inline-color\">Assim sendo os craques nacionais, depois de seu retorno de Arax\u00e1 (MG), se apresentar\u00e3o primeiramente aos olhos da torcida bandeirante. <em>No domingo, do dia 4 de maio<\/em>, todavia, estar\u00e3o em atividade no Rio, para enfrentar a representa\u00e7\u00e3o <strong><em>paraguaia<\/em><\/strong> no primeiro jogo pela <strong><em>Ta\u00e7a Oswaldo Cruz<\/em><\/strong>. A segunda peleia est\u00e1 confirmada para S\u00e3o Paulo, <em>na quarta-feira, do dia 7 de maio<\/em>.<\/mark><\/p>\n\n\n\n<p><mark style=\"background-color:rgba(0, 0, 0, 0);color:#000000\" class=\"has-inline-color\">A entidade brasileira convidou o \u00e1rbitro austr\u00edaco, <em>Erwin Hiergger<\/em> para apitar a peleja, no Maracan\u00e3. Com a impossibilidade em atender o convite, a CBD acabou escolhendo o \u00e1rbitro carioca <em>Alberto da Gama Malcher<\/em> <strong><em>(Federa\u00e7\u00e3o Metropolitana de Futebol)<\/em><\/strong>.<\/mark><\/p>\n\n\n<div class=\"wp-block-image\">\n<figure class=\"aligncenter size-large is-resized\"><img loading=\"lazy\" decoding=\"async\" width=\"500\" height=\"370\" src=\"https:\/\/historiadofutebol.com\/blog\/wp-content\/uploads\/2025\/05\/FOTO-07-500x370.jpg\" alt=\"\" class=\"wp-image-134837\" style=\"width:655px;height:auto\" srcset=\"https:\/\/historiadofutebol.com\/blog\/wp-content\/uploads\/2025\/05\/FOTO-07-500x370.jpg 500w, https:\/\/historiadofutebol.com\/blog\/wp-content\/uploads\/2025\/05\/FOTO-07-300x222.jpg 300w, https:\/\/historiadofutebol.com\/blog\/wp-content\/uploads\/2025\/05\/FOTO-07-624x462.jpg 624w, https:\/\/historiadofutebol.com\/blog\/wp-content\/uploads\/2025\/05\/FOTO-07.jpg 666w\" sizes=\"auto, (max-width: 500px) 100vw, 500px\" \/><figcaption class=\"wp-element-caption\"><mark style=\"background-color:rgba(0, 0, 0, 0);color:#bf1d1d\" class=\"has-inline-color\">Paraguai: Aurelio Gonz\u00e1lez (T\u00e9cnico), Edelmiro Ar\u00e9valo, Juan Vicente Lezcano, Ignacio Achucarro, Salvador Villalba, El\u00edgio Echag\u00fce e Ram\u00f3n Mayeregger (em p\u00e9); Juan Bautista Ag\u00fcero, Jos\u00e9 del Rosario Parodi, Jorgelino Romero, \u00d3scar Aguilera, Florencio Amarilla e o massagista.<br \/><\/mark><br \/><\/figcaption><\/figure><\/div>\n\n\n<h2 class=\"wp-block-heading\"><strong><mark style=\"background-color:rgba(0, 0, 0, 0);color:#13661f\" class=\"has-inline-color\">Cr$ 50,00: arquibancadas na estreia do selecionado<\/mark><\/strong><\/h2>\n\n\n\n<p><em><mark style=\"background-color:rgba(0, 0, 0, 0);color:#838221\" class=\"has-inline-color\">Abertura dos port\u00f5es do Maracan\u00e3 \u00e0s 12:45 horas, por ocasi\u00e3o da partida entre brasileiros e paraguaios &#8211; Aprovada a tabela de pre\u00e7os dos ingressos<\/mark><\/em><\/p>\n\n\n\n<p><mark style=\"background-color:rgba(0, 0, 0, 0);color:#000000\" class=\"has-inline-color\">A <strong><em>C.B.D.<\/em><\/strong> anunciou, ontem, pre\u00e7os dos ingressos para a parti da de apresenta\u00e7\u00e3o do escrete brasileiro, frente ao do <strong><em>Paraguai<\/em><\/strong>, dia 4 de maio, no Est\u00e1dio do Maracan\u00e3, na primeira partida da s\u00e9rie de duas, pela posse do <strong><em>trof\u00e9u &#8220;Oswaldo Cruz&#8221;<\/em><\/strong>.<\/mark><\/p>\n\n\n\n<p><mark style=\"background-color:rgba(0, 0, 0, 0);color:#000000\" class=\"has-inline-color\">Tais pre\u00e7os dever\u00e3o prevalecer, tamb\u00e9m, por ocasi\u00e3o do segundo cotejo, dia 7, no Pacaembu. A tabela aprovada \u00e9 a seguinte:<\/mark><\/p>\n\n\n\n<p><strong><mark style=\"background-color:rgba(0, 0, 0, 0);color:#31841d\" class=\"has-inline-color\">Camarotes: Cr$ 750,00;<\/mark><\/strong><\/p>\n\n\n\n<p><strong><mark style=\"background-color:rgba(0, 0, 0, 0);color:#1a3082\" class=\"has-inline-color\">Camarotes laterais: Cr$ 400,00;<\/mark><\/strong><\/p>\n\n\n\n<p><strong><mark style=\"background-color:rgba(0, 0, 0, 0);color:#2b8216\" class=\"has-inline-color\">Cadeiras numeradas: Cr$ 150,00;<\/mark><\/strong><\/p>\n\n\n\n<p><strong><mark style=\"background-color:rgba(0, 0, 0, 0);color:#1f3995\" class=\"has-inline-color\">Cadeiras sem n\u00famero: Cr$ 80.00;<\/mark><\/strong><\/p>\n\n\n\n<p><strong><mark style=\"background-color:rgba(0, 0, 0, 0);color:#136b1a\" class=\"has-inline-color\">arquibancadas: Cr$ 50,00;<\/mark><\/strong><\/p>\n\n\n\n<p><strong><mark style=\"background-color:rgba(0, 0, 0, 0);color:#131c66\" class=\"has-inline-color\">Gerais: Cr$ 20,00;<\/mark><\/strong><\/p>\n\n\n\n<p><strong><mark style=\"background-color:rgba(0, 0, 0, 0);color:#155c13\" class=\"has-inline-color\">Militares e menores: Cr$ 15,00.<\/mark><\/strong><\/p>\n\n\n<div class=\"wp-block-image\">\n<figure class=\"aligncenter size-large is-resized\"><img loading=\"lazy\" decoding=\"async\" width=\"500\" height=\"347\" src=\"https:\/\/historiadofutebol.com\/blog\/wp-content\/uploads\/2025\/05\/FOTO-01-500x347.jpg\" alt=\"\" class=\"wp-image-134838\" style=\"width:655px;height:auto\" srcset=\"https:\/\/historiadofutebol.com\/blog\/wp-content\/uploads\/2025\/05\/FOTO-01-500x347.jpg 500w, https:\/\/historiadofutebol.com\/blog\/wp-content\/uploads\/2025\/05\/FOTO-01-300x208.jpg 300w, https:\/\/historiadofutebol.com\/blog\/wp-content\/uploads\/2025\/05\/FOTO-01-768x533.jpg 768w, https:\/\/historiadofutebol.com\/blog\/wp-content\/uploads\/2025\/05\/FOTO-01-1536x1067.jpg 1536w, https:\/\/historiadofutebol.com\/blog\/wp-content\/uploads\/2025\/05\/FOTO-01-624x433.jpg 624w, https:\/\/historiadofutebol.com\/blog\/wp-content\/uploads\/2025\/05\/FOTO-01.jpg 2048w\" sizes=\"auto, (max-width: 500px) 100vw, 500px\" \/><figcaption class=\"wp-element-caption\"><mark style=\"background-color:rgba(0, 0, 0, 0);color:#2e7d1a\" class=\"has-inline-color\">Garrincha (reserva), M\u00e1rio Am\u00e9rico (massagista), Joel, Dida, De Sordi, Zagallo, Oreco, Didi, Dino Sani, Vav\u00e1 (encoberto), Z\u00f3zimo, Gylmar, Bellini, Vicente Feola (encoberto) e o juiz Alberto da Gama Malcher (ao fundo)<\/mark><\/figcaption><\/figure><\/div>\n\n\n<p><mark style=\"background-color:rgba(0, 0, 0, 0);color:#000000\" class=\"has-inline-color\">Programou a <em><strong>C. B. D. <\/strong><\/em>a venda antecipada dos ingressos, nos <strong><em>Teatros Municipal<\/em><\/strong> e <strong><em>Jo\u00e3o Caetano<\/em><\/strong>, a partir das seguintes datas: Cadeiras, 28 do corrente; Arquibancadas, 2 de maio, e as demais, das 9 horas em diante, do dia do jogo, nas bilheterias do pr\u00f3prio Est\u00e1dio do Maracan\u00e3.<\/mark><\/p>\n\n\n\n<p><mark style=\"background-color:rgba(0, 0, 0, 0);color:#000000\" class=\"has-inline-color\">A preliminar desse encontro reunir\u00e1 as equipes do <strong><em>Cruzeiro do Sul<\/em><\/strong> e do <strong><em>S. C. Maracan\u00e3<\/em><\/strong>. O cotejo entre as representa\u00e7\u00f5es do <strong><em>Brasil<\/em><\/strong> e do <strong><em>Paraguai<\/em><\/strong> ter\u00e1 in\u00edcio \u00e0s 15,30 horas e os port\u00f5es do Est\u00e1dio estar\u00e3o abertos a partir das 12:45 horas.<\/mark><\/p>\n\n\n\n<p><mark style=\"background-color:rgba(0, 0, 0, 0);color:#000000\" class=\"has-inline-color\">De acordo com o regulamento da <strong><em>Ta\u00e7a &#8220;Oswaldo Cruz&#8221;<\/em><\/strong>, se houver empate ap\u00f3s os dois jogos, permanecer\u00e1 em poder do detentor.<\/mark><\/p>\n\n\n<div class=\"wp-block-image\">\n<figure class=\"aligncenter size-large is-resized\"><img loading=\"lazy\" decoding=\"async\" width=\"500\" height=\"433\" src=\"https:\/\/historiadofutebol.com\/blog\/wp-content\/uploads\/2025\/05\/FOTO-03-500x433.jpg\" alt=\"\" class=\"wp-image-134839\" style=\"width:655px;height:auto\" srcset=\"https:\/\/historiadofutebol.com\/blog\/wp-content\/uploads\/2025\/05\/FOTO-03-500x433.jpg 500w, https:\/\/historiadofutebol.com\/blog\/wp-content\/uploads\/2025\/05\/FOTO-03-300x260.jpg 300w, https:\/\/historiadofutebol.com\/blog\/wp-content\/uploads\/2025\/05\/FOTO-03-768x665.jpg 768w, https:\/\/historiadofutebol.com\/blog\/wp-content\/uploads\/2025\/05\/FOTO-03-1536x1330.jpg 1536w, https:\/\/historiadofutebol.com\/blog\/wp-content\/uploads\/2025\/05\/FOTO-03-624x540.jpg 624w, https:\/\/historiadofutebol.com\/blog\/wp-content\/uploads\/2025\/05\/FOTO-03.jpg 2048w\" sizes=\"auto, (max-width: 500px) 100vw, 500px\" \/><figcaption class=\"wp-element-caption\"><mark style=\"background-color:rgba(0, 0, 0, 0);color:#2030a9\" class=\"has-inline-color\">Joel, Didi, Vav\u00e1, Dida e Zagallo, o ataque brasileiro<\/mark><\/figcaption><\/figure><\/div>\n\n\n<h2 class=\"wp-block-heading has-text-align-center\"><strong><em><mark style=\"background-color:rgba(0, 0, 0, 0);color:#166f17\" class=\"has-inline-color\">Cr\u00f4nica na integra do jogo, pelo Di\u00e1rio de Not\u00edcias<\/mark><\/em><\/strong><\/h2>\n\n\n\n<p><mark style=\"background-color:rgba(0, 0, 0, 0);color:#000000\" class=\"has-inline-color\">N\u00c3O deixa de ser algo significativa uma vit\u00f3ria de um <strong><em>selecionado nacional<\/em><\/strong> sobre outro, por <strong><em>5 a 1<\/em><\/strong>. E quando se trata de selecionados que se preparam para uma final de <strong><em>Ta\u00e7a do Mundo<\/em><\/strong>, um triunfo em tais propor\u00e7\u00f5es traz sempre algo de alentador.<\/mark><\/p>\n\n\n\n<p><mark style=\"background-color:rgba(0, 0, 0, 0);color:#000000\" class=\"has-inline-color\">Alentador, sim, deve ter sido para quantos assistiram o encontro de domingo, aquele resultado de <strong><em>5 a 1<\/em><\/strong> a favor da equipe brasileira. Porque, afinal de contas, ganhando de tal forma de uma equipe que j\u00e1 fora, inclusive, apontada como uma das favoritas do Mundial e que viera de uma vit\u00f3ria sobre os argentinos, em Assun\u00e7\u00e3o, seguida de uma derrota vendida a peso de grandes esfor\u00e7os, em Buenos Aires, os paraguaios deixam-nos o consolo de que, pelo menos n\u00e3o dever\u00e1 ser o Brasil o concorrente mais fraco dentre os sul-americanos.<\/mark><\/p>\n\n\n\n<p><mark style=\"background-color:rgba(0, 0, 0, 0);color:#000000\" class=\"has-inline-color\">Vamos considerar, com excesso de otimismo, brilhant\u00edssima a vit\u00f3ria do nosso quadro domingo \u00faltimo. Foi de certo, uma vit\u00f3ria espetacular, a tanto elevou-a o marcador de <strong><em>5 a 1<\/em><\/strong>. Mas, devemos ter em conta que os n\u00fameros expressam mais a precariedade da defesa e do ataque paraguaios do que, propriamente, perfei\u00e7\u00e3o do trabalho do nosso conjunto.<\/mark><\/p>\n\n\n\n<p><mark style=\"background-color:rgba(0, 0, 0, 0);color:#000000\" class=\"has-inline-color\">Partindo-se desse ponto, temos que os brasileiros se impuseram, realmente, e realmente mereceram o triunfo. Fizeram-se senhores da situa\u00e7\u00e3o logo aos primeiros dez minutos de jogo e manobram como bem entenderam, superando com surpreendente facilidade os homens da defesa contr\u00e1ria, que n\u00e3o apresentaram a menor ideia de coe s\u00e3o nem de valor individual, e aniquilando por completo a a\u00e7\u00e3o dos atacantes, dentre os quais <em>Jos\u00e9 Parodi e Romero<\/em> mostraram-se mais agressivos que os seus companheiros.<\/mark><\/p>\n\n\n<div class=\"wp-block-image\">\n<figure class=\"aligncenter size-large is-resized\"><img loading=\"lazy\" decoding=\"async\" width=\"500\" height=\"340\" src=\"https:\/\/historiadofutebol.com\/blog\/wp-content\/uploads\/2025\/05\/FOTO-04-500x340.jpg\" alt=\"\" class=\"wp-image-134840\" style=\"width:655px;height:auto\" srcset=\"https:\/\/historiadofutebol.com\/blog\/wp-content\/uploads\/2025\/05\/FOTO-04-500x340.jpg 500w, https:\/\/historiadofutebol.com\/blog\/wp-content\/uploads\/2025\/05\/FOTO-04-300x204.jpg 300w, https:\/\/historiadofutebol.com\/blog\/wp-content\/uploads\/2025\/05\/FOTO-04-768x522.jpg 768w, https:\/\/historiadofutebol.com\/blog\/wp-content\/uploads\/2025\/05\/FOTO-04-1536x1043.jpg 1536w, https:\/\/historiadofutebol.com\/blog\/wp-content\/uploads\/2025\/05\/FOTO-04-624x424.jpg 624w, https:\/\/historiadofutebol.com\/blog\/wp-content\/uploads\/2025\/05\/FOTO-04.jpg 2048w\" sizes=\"auto, (max-width: 500px) 100vw, 500px\" \/><figcaption class=\"wp-element-caption\"><mark style=\"background-color:rgba(0, 0, 0, 0);color:#1c8737\" class=\"has-inline-color\">Joel, Dida e Zagallo, os jogadores do Flamengo<\/mark><\/figcaption><\/figure><\/div>\n\n\n<p><mark style=\"background-color:rgba(0, 0, 0, 0);color:#000000\" class=\"has-inline-color\">Tendo assinalado, sem maiores preocupa\u00e7\u00f5es depois do primeiro tento, tr\u00eas a zero na primeira etapa, os brasileiros, provavelmente desestimulados pela fraqueza do advers\u00e1rio, desinteressaram-se do marcador, o que n\u00e3o lhes Impediu de marcar mais dois tentos, enquanto os paraguaios. gra\u00e7as a uma falta m\u00e1xima do viril <em>Belini<\/em>, conseguiram o seu tento de honra, para fixar o marcador, finalmente, em <strong><em>5 a 1<\/em><\/strong>.<\/mark><\/p>\n\n\n\n<h2 class=\"wp-block-heading\"><strong><mark style=\"background-color:rgba(0, 0, 0, 0);color:#262f8f\" class=\"has-inline-color\">OS SEIS TENTOS<\/mark><\/strong><\/h2>\n\n\n\n<p><mark style=\"background-color:rgba(0, 0, 0, 0);color:#000000\" class=\"has-inline-color\"><strong>Brasil 1 a 0 &#8211;<\/strong> Foi <em>Zagallo<\/em> que abriu a contagem, aos 12 minutos; recebendo um passe de <em>Dino Sani<\/em>, que invadira a \u00e1rea pela direita, o ponteiro rubro-negro, num belo \u2018<em>mergulho\u2019<\/em> cabeceou, abrindo o placar.<\/mark><\/p>\n\n\n\n<p><mark style=\"background-color:rgba(0, 0, 0, 0);color:#000000\" class=\"has-inline-color\"><strong>Brasil 2 a 0 &#8211;<\/strong> Aos 13 minutos, um tiro de <em>Dida<\/em> levou a bola a resvalar nos p\u00e9s do <em>zagueiro Lescano<\/em> e voltar aos de <em>Vav\u00e1<\/em>, que acompanhava <em>Dida<\/em>; emendando violentamente, Vav\u00e1 assinalou o segundo.<\/mark><\/p>\n\n\n\n<p><mark style=\"background-color:rgba(0, 0, 0, 0);color:#000000\" class=\"has-inline-color\"><strong>Brasil 3 a 0 &#8211;<\/strong> Aos 33 minutos <em>Dida<\/em>, aproveitando um centro de <em>Dino<\/em>, de fora da \u00e1rea, desviou a bola com o calcanhar para ampliar.<\/mark><\/p>\n\n\n\n<p><mark style=\"background-color:rgba(0, 0, 0, 0);color:#000000\" class=\"has-inline-color\"><strong>Brasil 3 a 1 &#8211;<\/strong> O tento do Paraguai surgiu nos 33 minutos do segundo tempo. <em>Arevalo<\/em>, depois de impressionante e resist\u00eancia dos demais jogadores <em>(o mal \u00e9 continental&#8230;)<\/em> cobrando uma falta m\u00e1xima de <em>Belini<\/em> em Pelayo.<\/mark><\/p>\n\n\n\n<p><mark style=\"background-color:rgba(0, 0, 0, 0);color:#000000\" class=\"has-inline-color\"><strong>Brasil 4 a 1 &#8211; <\/strong>Aos 37 minutos, aproveitando a bola rebatida na trave, na cobran\u00e7a de um escanteio, <em>Pel\u00e9 (entrou aos 24 minutos do 2\u00ba tempo)<\/em>, que entrara em lugar de <em>Dida, <\/em>marcou o quarto tento.<\/mark><\/p>\n\n\n\n<p><mark style=\"background-color:rgba(0, 0, 0, 0);color:#000000\" class=\"has-inline-color\"><strong>Brasil 5 a 1 &#8211;<\/strong> \u0415, a\u043es 39 minutos, <em>Zagallo<\/em>, valendo-se de uma rebatida do guardi\u00e3o <em>Mayeregger<\/em>, assinalou o quinto e \u00faltimo tento brasileiro.<\/mark><\/p>\n\n\n<div class=\"wp-block-image\">\n<figure class=\"aligncenter size-large is-resized\"><img loading=\"lazy\" decoding=\"async\" width=\"500\" height=\"328\" src=\"https:\/\/historiadofutebol.com\/blog\/wp-content\/uploads\/2025\/05\/FOTO-05-500x328.jpg\" alt=\"\" class=\"wp-image-134841\" style=\"width:655px;height:auto\" srcset=\"https:\/\/historiadofutebol.com\/blog\/wp-content\/uploads\/2025\/05\/FOTO-05-500x328.jpg 500w, https:\/\/historiadofutebol.com\/blog\/wp-content\/uploads\/2025\/05\/FOTO-05-300x197.jpg 300w, https:\/\/historiadofutebol.com\/blog\/wp-content\/uploads\/2025\/05\/FOTO-05-768x503.jpg 768w, https:\/\/historiadofutebol.com\/blog\/wp-content\/uploads\/2025\/05\/FOTO-05-1536x1007.jpg 1536w, https:\/\/historiadofutebol.com\/blog\/wp-content\/uploads\/2025\/05\/FOTO-05-624x409.jpg 624w, https:\/\/historiadofutebol.com\/blog\/wp-content\/uploads\/2025\/05\/FOTO-05.jpg 2048w\" sizes=\"auto, (max-width: 500px) 100vw, 500px\" \/><figcaption class=\"wp-element-caption\"><mark style=\"background-color:rgba(0, 0, 0, 0);color:#17227c\" class=\"has-inline-color\">De Sordi, Vav\u00e1 e Oreco<\/mark><\/figcaption><\/figure><\/div>\n\n\n<h2 class=\"wp-block-heading\"><strong><mark style=\"background-color:rgba(0, 0, 0, 0);color:#166a31\" class=\"has-inline-color\">Destaques<\/mark><\/strong><\/h2>\n\n\n\n<p><mark style=\"background-color:rgba(0, 0, 0, 0);color:#000000\" class=\"has-inline-color\">Entre os brasileiros, que tiveram, como dissemos, uma tarefa c\u00f4moda, agradou especialmente, o trabalho de <em>Dino e Z\u00f3zimo<\/em>, na defesa, e <em>Didi<\/em>, <em>Vav\u00e1<\/em> e <em>Pel\u00e9<\/em>, no alaque. \u00c9 certo que <em>Dida<\/em> mostrou-se um elemento oportunista: <em>Pel\u00e9<\/em> foi, por\u00e9m, mas agressivo, emprestou mais vida \u00e0s investidas dos brasileiros nos poucos momentos em que esteve em campo.<\/mark><\/p>\n\n\n\n<p><mark style=\"background-color:rgba(0, 0, 0, 0);color:#000000\" class=\"has-inline-color\">Os demais ele mentos, regulares, apenas <em>Oreco<\/em> falhou muito. Em conjunto, nossa defesa apresentou-se mais falha do que ataque. Entre os guaranis, salientaram-se <em>Arevalo<\/em> e <em>Exchague<\/em>, na defesa, e <em>Jos\u00e9 Parodi<\/em> e <em>Romero<\/em>, no ataque.<\/mark><\/p>\n\n\n<div class=\"wp-block-image\">\n<figure class=\"aligncenter size-large is-resized\"><img loading=\"lazy\" decoding=\"async\" width=\"500\" height=\"365\" src=\"https:\/\/historiadofutebol.com\/blog\/wp-content\/uploads\/2025\/05\/FOTO-08-500x365.jpg\" alt=\"\" class=\"wp-image-134842\" style=\"width:655px;height:auto\" srcset=\"https:\/\/historiadofutebol.com\/blog\/wp-content\/uploads\/2025\/05\/FOTO-08-500x365.jpg 500w, https:\/\/historiadofutebol.com\/blog\/wp-content\/uploads\/2025\/05\/FOTO-08-300x219.jpg 300w, https:\/\/historiadofutebol.com\/blog\/wp-content\/uploads\/2025\/05\/FOTO-08-624x455.jpg 624w, https:\/\/historiadofutebol.com\/blog\/wp-content\/uploads\/2025\/05\/FOTO-08.jpg 683w\" sizes=\"auto, (max-width: 500px) 100vw, 500px\" \/><figcaption class=\"wp-element-caption\"><mark style=\"background-color:rgba(0, 0, 0, 0);color:#a01a1a\" class=\"has-inline-color\">Juan Bautista Ag\u00fcero, Jos\u00e9 del Rosario Parodi, Jorgelino Romero, \u00d3scar Aguilera e Florencio Amarilla, o quinteto avan\u00e7ado da Sele\u00e7\u00e3o do Paraguai<\/mark><\/figcaption><\/figure><\/div>\n\n\n<h2 class=\"wp-block-heading\"><strong><em><mark style=\"background-color:rgba(0, 0, 0, 0);color:#222d81\" class=\"has-inline-color\">ARBITRAGEM<\/mark><\/em><\/strong><\/h2>\n\n\n\n<p><mark style=\"background-color:rgba(0, 0, 0, 0);color:#000000\" class=\"has-inline-color\">Funcionou na arbitragem o <em>sr. Alberto Gama Malcher<\/em>. Teve um trabalho suave, dado o comportamento amistoso dos jogadores, embora fossem assinalados alguns \u201c<em>fouls<\/em>\u201d e deixasse de marcar outros. Eun\u00e1pio de Queir\u00f3s e Frederico Lopes funcionaram como auxiliares.<\/mark><\/p>\n\n\n\n<p><mark style=\"background-color:rgba(0, 0, 0, 0);color:#000000\" class=\"has-inline-color\">Na preliminar, os quadros <strong><em>Maracan\u00e3<\/em><\/strong> e <strong><em>Cruzeiro do Sul<\/em><\/strong> empataram por 2 a 2. Foi apurada a <strong><em>renda<\/em><\/strong> de <strong><em>Cr$ 4.306.000.30<\/em><\/strong>, correspondente a <strong><em>75.646 ingressos pagos<\/em><\/strong>, possivelmente umas <strong><em>oitenta mil pessoas<\/em><\/strong> ter\u00e3o assistido ao encontro de domingo.<\/mark><\/p>\n\n\n\n<h2 class=\"wp-block-heading has-text-align-center\"><strong><mark style=\"background-color:rgba(0, 0, 0, 0);color:#151684\" class=\"has-inline-color\">BRASIL\u00a0\u00a0\u00a0\u00a0\u00a0\u00a0\u00a0 5\u00a0\u00a0\u00a0\u00a0\u00a0\u00a0\u00a0 X\u00a0\u00a0\u00a0\u00a0\u00a0\u00a0\u00a0 1\u00a0\u00a0\u00a0\u00a0\u00a0\u00a0\u00a0 PARAGUAI<\/mark><\/strong><\/h2>\n\n\n\n<figure class=\"wp-block-table is-style-stripes\"><table class=\"has-fixed-layout\"><tbody><tr><td><strong><mark style=\"background-color:rgba(0, 0, 0, 0);color:#000000\" class=\"has-inline-color\">LOCAL<\/mark><\/strong><\/td><td><mark style=\"background-color:rgba(0, 0, 0, 0);color:#000000\" class=\"has-inline-color\">Est\u00e1dio Mario Filho, o \u2018Maracan\u00e3\u2019, no Rio de Janeiro (RJ)<\/mark><\/td><\/tr><tr><td><strong><mark style=\"background-color:rgba(0, 0, 0, 0);color:#000000\" class=\"has-inline-color\">CAR\u00c1TER<\/mark><\/strong><\/td><td><mark style=\"background-color:rgba(0, 0, 0, 0);color:#000000\" class=\"has-inline-color\">Ta\u00e7a Oswaldo Cruz de 1958<\/mark><\/td><\/tr><tr><td><strong><mark style=\"background-color:rgba(0, 0, 0, 0);color:#000000\" class=\"has-inline-color\">DATA<\/mark><\/strong><\/td><td><mark style=\"background-color:rgba(0, 0, 0, 0);color:#000000\" class=\"has-inline-color\">Domingo, do dia 4 de maio de 1958<\/mark><\/td><\/tr><tr><td><strong><mark style=\"background-color:rgba(0, 0, 0, 0);color:#000000\" class=\"has-inline-color\">HOR\u00c1RIO<\/mark><\/strong><\/td><td><mark style=\"background-color:rgba(0, 0, 0, 0);color:#000000\" class=\"has-inline-color\">15 horas e 15 minutos (de Bras\u00edlia)<\/mark><\/td><\/tr><tr><td><strong><mark style=\"background-color:rgba(0, 0, 0, 0);color:#000000\" class=\"has-inline-color\">RENDA<\/mark><\/strong><\/td><td><mark style=\"background-color:rgba(0, 0, 0, 0);color:#000000\" class=\"has-inline-color\">Cr$ 4.306.030,00<\/mark><\/td><\/tr><tr><td><strong><mark style=\"background-color:rgba(0, 0, 0, 0);color:#000000\" class=\"has-inline-color\">P\u00daBLICO<\/mark><\/strong><\/td><td><mark style=\"background-color:rgba(0, 0, 0, 0);color:#000000\" class=\"has-inline-color\">75.646 pagantes<\/mark><\/td><\/tr><tr><td><strong><mark style=\"background-color:rgba(0, 0, 0, 0);color:#000000\" class=\"has-inline-color\">\u00c1RBITRO<\/mark><\/strong><\/td><td><mark style=\"background-color:rgba(0, 0, 0, 0);color:#000000\" class=\"has-inline-color\">Alberto da Gama Malcher (BRA)<\/mark><\/td><\/tr><tr><td><strong><mark style=\"background-color:rgba(0, 0, 0, 0);color:#000000\" class=\"has-inline-color\">AUXILIARES<\/mark><\/strong><\/td><td><mark style=\"background-color:rgba(0, 0, 0, 0);color:#000000\" class=\"has-inline-color\">Eun\u00e1pio de Queir\u00f3s (FMF) e Frederico Lopes (FMF)<\/mark><\/td><\/tr><tr><td><strong><mark style=\"background-color:rgba(0, 0, 0, 0);color:#000000\" class=\"has-inline-color\">BRASIL<\/mark><\/strong><\/td><td><mark style=\"background-color:rgba(0, 0, 0, 0);color:#000000\" class=\"has-inline-color\">Gilmar; De Sordi, Bellini, Z\u00f3zimo e Oreco; Dino Sani e Didi; Joel, Vav\u00e1, Dida (Pel\u00e9) e Zagallo. <strong>T\u00e9cnico:<\/strong> Vicente Feola<\/mark><\/td><\/tr><tr><td><strong><mark style=\"background-color:rgba(0, 0, 0, 0);color:#000000\" class=\"has-inline-color\">PARAGUAI<\/mark><\/strong><\/td><td><mark style=\"background-color:rgba(0, 0, 0, 0);color:#000000\" class=\"has-inline-color\">Ram\u00f3n Mayeregger, Edelmiro Ar\u00e9valo e Juan Vicente Lezcano (Dar\u00edo Segovia); Salvador Villalba, Ignacio Achucarro e El\u00edgio Echag\u00fce; Juan Bautista Ag\u00fcero, Jos\u00e9 del Rosario Parodi, Jorgelino Romero (Ra\u00fal Aveiro), \u00d3scar Aguillera e Florencio Amarilla (Gilberto Penayo). <strong>T\u00e9cnico:<\/strong> Aur\u00e9lio Gonz\u00e1lez<\/mark><\/td><\/tr><tr><td><strong><mark style=\"background-color:rgba(0, 0, 0, 0);color:#000000\" class=\"has-inline-color\">GOLS<\/mark><\/strong><\/td><td><mark style=\"background-color:rgba(0, 0, 0, 0);color:#000000\" class=\"has-inline-color\">Zagallo aos 12 minutos (BRA); Vav\u00e1 aos 13 minutos (BRA); Dida aos 33 minutos (BRA); no 1\u00ba tempo. Edelmiro Ar\u00e9valo, de p\u00eanalti, aos 33 minutos (PAR); Pel\u00e9 aos 37 minutos (BRA); Zagallo aos 38 minutos (BRA), no 2\u00ba tempo.<\/mark><\/td><\/tr><tr><td><strong><mark style=\"background-color:rgba(0, 0, 0, 0);color:#000000\" class=\"has-inline-color\">PRELIMINAR<\/mark><\/strong><\/td><td><mark style=\"background-color:rgba(0, 0, 0, 0);color:#000000\" class=\"has-inline-color\">Maracan\u00e3 2 x 2 Cruzeiro do Sul<\/mark><\/td><\/tr><\/tbody><\/table><\/figure>\n\n\n<div class=\"wp-block-image\">\n<figure class=\"aligncenter size-large is-resized\"><img loading=\"lazy\" decoding=\"async\" width=\"500\" height=\"331\" src=\"https:\/\/historiadofutebol.com\/blog\/wp-content\/uploads\/2025\/05\/FOTO-06-500x331.jpg\" alt=\"\" class=\"wp-image-134843\" style=\"width:655px;height:auto\" srcset=\"https:\/\/historiadofutebol.com\/blog\/wp-content\/uploads\/2025\/05\/FOTO-06-500x331.jpg 500w, https:\/\/historiadofutebol.com\/blog\/wp-content\/uploads\/2025\/05\/FOTO-06-300x198.jpg 300w, https:\/\/historiadofutebol.com\/blog\/wp-content\/uploads\/2025\/05\/FOTO-06-768x508.jpg 768w, https:\/\/historiadofutebol.com\/blog\/wp-content\/uploads\/2025\/05\/FOTO-06-1536x1016.jpg 1536w, https:\/\/historiadofutebol.com\/blog\/wp-content\/uploads\/2025\/05\/FOTO-06-624x413.jpg 624w, https:\/\/historiadofutebol.com\/blog\/wp-content\/uploads\/2025\/05\/FOTO-06.jpg 2048w\" sizes=\"auto, (max-width: 500px) 100vw, 500px\" \/><figcaption class=\"wp-element-caption\"><mark style=\"background-color:rgba(0, 0, 0, 0);color:#212b76\" class=\"has-inline-color\">Joel e Zagallo<\/mark><\/figcaption><\/figure><\/div>\n\n\n<p><mark style=\"background-color:rgba(0, 0, 0, 0);color:#000000\" class=\"has-inline-color\">No segundo jogo, <em>na quarta-feira, do dia 7 de maio de 1958, <\/em>no Est\u00e1dio do Pacaembu, terminou empatado sem abertura de contagem. Com esse resultado, a <strong><em>Sele\u00e7\u00e3o Brasileira<\/em><\/strong> se sagrou campe\u00e3 da <strong><em>Ta\u00e7a Oswaldo Cruz<\/em><\/strong>.<\/mark><\/p>\n\n\n\n<p><strong><mark style=\"background-color:rgba(0, 0, 0, 0);color:#0e7d1a\" class=\"has-inline-color\"><em><u>TRABALHO DE PEQUISA<\/u>:<\/em><\/mark><\/strong><em><mark style=\"background-color:rgba(0, 0, 0, 0);color:#0e7d1a\" class=\"has-inline-color\"> S\u00e9rgio Mello<\/mark><\/em><\/p>\n\n\n\n<p><strong><mark style=\"background-color:rgba(0, 0, 0, 0);color:#8b7e17\" class=\"has-inline-color\"><em><u>FOTOS<\/u>:<\/em><\/mark><\/strong><em><mark style=\"background-color:rgba(0, 0, 0, 0);color:#8b7e17\" class=\"has-inline-color\"> Acervo de Amir Otoni de Oliveira<\/mark><\/em><\/p>\n\n\n\n<p><strong><mark style=\"background-color:rgba(0, 0, 0, 0);color:#232483\" class=\"has-inline-color\"><em><u>FONTES<\/u>:<\/em><\/mark><\/strong><em><mark style=\"background-color:rgba(0, 0, 0, 0);color:#232483\" class=\"has-inline-color\"> Correio da Manh\u00e3 (RJ) \u2013 Di\u00e1rio de Not\u00edcias (RJ) \u2013 O Jornal (RJ) \u2013Tribuna da Imprensa (RJ)<\/mark><\/em><\/p>\n","protected":false},"excerpt":{"rendered":"<p>Finalmente dissipou-se a d\u00favida quanto ao treino da sele\u00e7\u00e3o brasileira, na quinta-feira, do dia 1\u00ba de maio de 1958. Como o Minist\u00e9rio do Trabalho n\u00e3o houvesse concretizado a sua proposta para que o pr\u00e9lio tivesse lugar no Est\u00e1dio do Maracan\u00e3, no Rio de Janeiro (RJ). A C.B.D. (Confedera\u00e7\u00e3o Brasileira de Desportos) resolveu atender ao pedido [&hellip;]<\/p>\n","protected":false},"author":55,"featured_media":0,"comment_status":"open","ping_status":"closed","sticky":false,"template":"","format":"standard","meta":{"footnotes":""},"categories":[203,856,91,114,83,345,3,72,47,76,734],"tags":[],"class_list":["post-134835","post","type-post","status-publish","format-standard","hentry","category-sergio-mello","category-brasil","category-campanhas-dos-campeoes-nordeste","category-copas-do-mundo","category-x9-curiosidades","category-fotos-historicas","category-historia-do-futebol","category-g2-conmebol","category-rio-de-janeiro","category-antigo-estado-do-rio","category-selecao-nacional"],"_links":{"self":[{"href":"https:\/\/historiadofutebol.com\/blog\/index.php?rest_route=\/wp\/v2\/posts\/134835","targetHints":{"allow":["GET"]}}],"collection":[{"href":"https:\/\/historiadofutebol.com\/blog\/index.php?rest_route=\/wp\/v2\/posts"}],"about":[{"href":"https:\/\/historiadofutebol.com\/blog\/index.php?rest_route=\/wp\/v2\/types\/post"}],"author":[{"embeddable":true,"href":"https:\/\/historiadofutebol.com\/blog\/index.php?rest_route=\/wp\/v2\/users\/55"}],"replies":[{"embeddable":true,"href":"https:\/\/historiadofutebol.com\/blog\/index.php?rest_route=%2Fwp%2Fv2%2Fcomments&post=134835"}],"version-history":[{"count":2,"href":"https:\/\/historiadofutebol.com\/blog\/index.php?rest_route=\/wp\/v2\/posts\/134835\/revisions"}],"predecessor-version":[{"id":134858,"href":"https:\/\/historiadofutebol.com\/blog\/index.php?rest_route=\/wp\/v2\/posts\/134835\/revisions\/134858"}],"wp:attachment":[{"href":"https:\/\/historiadofutebol.com\/blog\/index.php?rest_route=%2Fwp%2Fv2%2Fmedia&parent=134835"}],"wp:term":[{"taxonomy":"category","embeddable":true,"href":"https:\/\/historiadofutebol.com\/blog\/index.php?rest_route=%2Fwp%2Fv2%2Fcategories&post=134835"},{"taxonomy":"post_tag","embeddable":true,"href":"https:\/\/historiadofutebol.com\/blog\/index.php?rest_route=%2Fwp%2Fv2%2Ftags&post=134835"}],"curies":[{"name":"wp","href":"https:\/\/api.w.org\/{rel}","templated":true}]}}