{"id":134775,"date":"2025-04-27T00:00:02","date_gmt":"2025-04-27T03:00:02","guid":{"rendered":"https:\/\/historiadofutebol.com\/blog\/?p=134775"},"modified":"2025-04-27T00:00:02","modified_gmt":"2025-04-27T03:00:02","slug":"gremio-esportivo-piquerobiense-piquerobi-sp-quatro-edicoes-do-campeonato-paulista-do-interior","status":"publish","type":"post","link":"https:\/\/historiadofutebol.com\/blog\/?p=134775","title":{"rendered":"Gr\u00eamio Esportivo Piquerobiense &#8211; Piquerobi (SP): Quatro edi\u00e7\u00f5es do Campeonato Paulista do Interior!"},"content":{"rendered":"<div class=\"wp-block-image\">\n<figure class=\"aligncenter size-large\"><img loading=\"lazy\" decoding=\"async\" width=\"500\" height=\"318\" src=\"https:\/\/historiadofutebol.com\/blog\/wp-content\/uploads\/2025\/04\/Gremio-Esportivo-Piquerobiense-500x318.jpg\" alt=\"\" class=\"wp-image-134776\" srcset=\"https:\/\/historiadofutebol.com\/blog\/wp-content\/uploads\/2025\/04\/Gremio-Esportivo-Piquerobiense-500x318.jpg 500w, https:\/\/historiadofutebol.com\/blog\/wp-content\/uploads\/2025\/04\/Gremio-Esportivo-Piquerobiense-300x191.jpg 300w, https:\/\/historiadofutebol.com\/blog\/wp-content\/uploads\/2025\/04\/Gremio-Esportivo-Piquerobiense-768x489.jpg 768w, https:\/\/historiadofutebol.com\/blog\/wp-content\/uploads\/2025\/04\/Gremio-Esportivo-Piquerobiense-624x397.jpg 624w, https:\/\/historiadofutebol.com\/blog\/wp-content\/uploads\/2025\/04\/Gremio-Esportivo-Piquerobiense.jpg 1157w\" sizes=\"auto, (max-width: 500px) 100vw, 500px\" \/><\/figure><\/div>\n\n\n<h2 class=\"wp-block-heading\"><strong><em><mark style=\"background-color:rgba(0, 0, 0, 0);color:#1e1fb5\" class=\"has-inline-color\">Por S\u00e9rgio Mello<\/mark><\/em><\/strong><\/h2>\n\n\n\n<p><mark style=\"background-color:rgba(0, 0, 0, 0);color:#000000\" class=\"has-inline-color\">O <strong><em>Gr\u00eamio Esportivo Piquerobiense<\/em><\/strong> foi uma agremia\u00e7\u00e3o do munic\u00edpio de Piquerobi que fica a <em>619 km<\/em> da capital do estado de S\u00e3o Paulo. A localidade possui uma popula\u00e7\u00e3o de <em>3.686 habitantes<\/em>, segundo estimativa do <strong><em>IBGE<\/em><\/strong> <em>(Instituto Brasileiro de Geografia e Estat\u00edstica)<\/em>, de <strong><em>2016<\/em><\/strong>.<\/mark><\/p>\n\n\n\n<p><mark style=\"background-color:rgba(0, 0, 0, 0);color:#000000\" class=\"has-inline-color\">A palavra &#8220;<strong><em>Piquerobi<\/em><\/strong>&#8221; deriva do \u2018<em>tupi antigo\u2019<\/em>:\u00a0<em>pikyroby<\/em>, que significa &#8220;<em>piquiras (uma esp\u00e9cie de peixe mi\u00fado) verdes<\/em>&#8220;, por meio da composi\u00e7\u00e3o de\u00a0<strong><em>pikyra<\/em><\/strong>\u00a0<em>(piquira)<\/em> e\u00a0<strong><em>oby<\/em><\/strong>\u00a0<em>(verde)<\/em>.<\/mark><\/p>\n\n\n\n<p><mark style=\"background-color:rgba(0, 0, 0, 0);color:#000000\" class=\"has-inline-color\">O \u201c<strong><em>Fantasma do Sert\u00e3o<\/em><\/strong>\u201d foi <strong><em>Fundado na 2\u00aa-feira, do dia 21 de Setembro de 1953<\/em><\/strong>. O <strong><em>CNPJ<\/em><\/strong> foi aberto <em>no dia 23 de Janeiro de 1981<\/em>. A sua <strong><em>Sede social <\/em><\/strong>ficava localizado na <strong><em>Rua Dr. Pedro de Tol\u00eado, s\/n &#8211; Centro &#8211; Piquerobi (SP)<\/em><\/strong>. As suas <em>cores<\/em>: <em>azul<\/em> e <em>branco<\/em>.<\/mark><\/p>\n\n\n\n<p><mark style=\"background-color:rgba(0, 0, 0, 0);color:#000000\" class=\"has-inline-color\">No mesmo dia em que foi fundado, ocorreu uma assembleia geral, que elegeu a <strong><em>1\u00aa Diretoria <\/em><\/strong>do <strong><em>Gr\u00eamio Esportivo Piquerobiense<\/em><\/strong>:<\/mark><\/p>\n\n\n\n<p><mark style=\"background-color:rgba(0, 0, 0, 0);color:#000000\" class=\"has-inline-color\"><strong><em>Presidente de honra &#8211;<\/em><\/strong><em> Marcelo Dassie (ent\u00e3o prefeito do munic\u00edpio)<\/em>;<\/mark><\/p>\n\n\n\n<p><mark style=\"background-color:rgba(0, 0, 0, 0);color:#000000\" class=\"has-inline-color\"><strong><em>Presidente &#8211;<\/em><\/strong><em> Claudio Corral<\/em>;<\/mark><\/p>\n\n\n\n<p><strong><em>Vice-presidente &#8211;<\/em><\/strong><em> Manoel Ferreira Reis<\/em>;<\/p>\n\n\n\n<p><mark style=\"background-color:rgba(0, 0, 0, 0);color:#000000\" class=\"has-inline-color\"><strong><em>1\u00ba Tesoureiro &#8211;<\/em><\/strong><em> Arnaldo De Haro<\/em>;<\/mark><\/p>\n\n\n\n<p><mark style=\"background-color:rgba(0, 0, 0, 0);color:#000000\" class=\"has-inline-color\"><strong><em>2\u00ba Tesoureiro &#8211;<\/em><\/strong><em> Andr\u00e9 Corral<\/em>;<\/mark><\/p>\n\n\n\n<p><mark style=\"background-color:rgba(0, 0, 0, 0);color:#000000\" class=\"has-inline-color\"><strong><em>1\u00ba Secret\u00e1rio &#8211;<\/em><\/strong><em> Amador Bueno de Camargo<\/em>;<\/mark><\/p>\n\n\n\n<p><mark style=\"background-color:rgba(0, 0, 0, 0);color:#000000\" class=\"has-inline-color\"><strong><em>2\u00ba Secret\u00e1rio &#8211;<\/em><\/strong><em> Francisco Fr\u00f3is de Morais Neto<\/em>;<\/mark><\/p>\n\n\n\n<p><mark style=\"background-color:rgba(0, 0, 0, 0);color:#000000\" class=\"has-inline-color\"><strong><em>Diretor esportivo &#8211;<\/em><\/strong><em> Ant\u00f4nio Fr\u00f3is de Morais e Silva<\/em>;<\/mark><\/p>\n\n\n\n<p><mark style=\"background-color:rgba(0, 0, 0, 0);color:#000000\" class=\"has-inline-color\"><strong><em>Conselho Fiscal &#8211;<\/em><\/strong><em> Carlos Furlan, Danilo Campanhole e Andr\u00e9 Bonilho Barnab\u00e9<\/em>. <strong><em>Suplentes:<\/em><\/strong><em> Antonio Carreira Bernardino Filho, Conrado Izidoro Paludetto e Antonio Gianelli<\/em>.<\/mark><\/p>\n\n\n<div class=\"wp-block-image\">\n<figure class=\"aligncenter size-full is-resized\"><img loading=\"lazy\" decoding=\"async\" width=\"500\" height=\"376\" src=\"https:\/\/historiadofutebol.com\/blog\/wp-content\/uploads\/2025\/04\/bb11b174ccb3f144a1ae520fc91f95bf.jpg\" alt=\"\" class=\"wp-image-134777\" style=\"width:655px;height:auto\" srcset=\"https:\/\/historiadofutebol.com\/blog\/wp-content\/uploads\/2025\/04\/bb11b174ccb3f144a1ae520fc91f95bf.jpg 500w, https:\/\/historiadofutebol.com\/blog\/wp-content\/uploads\/2025\/04\/bb11b174ccb3f144a1ae520fc91f95bf-300x226.jpg 300w\" sizes=\"auto, (max-width: 500px) 100vw, 500px\" \/><figcaption class=\"wp-element-caption\"><mark style=\"background-color:rgba(0, 0, 0, 0);color:#252fa2\" class=\"has-inline-color\"><strong>Foto:<\/strong> Acervo da Prefeitura de Piquerobi<\/mark><\/figcaption><\/figure><\/div>\n\n\n<h2 class=\"wp-block-heading\"><strong><mark style=\"background-color:rgba(0, 0, 0, 0);color:#2344bc\" class=\"has-inline-color\">Est\u00e1dio Municipal de Piquerobi<\/mark><\/strong><\/h2>\n\n\n\n<p><mark style=\"background-color:rgba(0, 0, 0, 0);color:#000000\" class=\"has-inline-color\">Cumprindo promessas feitas em 1953, o <em>sr. Marcelo Dassie<\/em>, prefeito municipal de Piquerobi, construiu o Est\u00e1dio Municipal, terminando no final de fevereiro de 1954.<\/mark><\/p>\n\n\n<div class=\"wp-block-image\">\n<figure class=\"aligncenter size-full is-resized\"><img loading=\"lazy\" decoding=\"async\" width=\"389\" height=\"244\" src=\"https:\/\/historiadofutebol.com\/blog\/wp-content\/uploads\/2025\/04\/GEP.jpg\" alt=\"\" class=\"wp-image-134778\" style=\"width:655px;height:auto\" srcset=\"https:\/\/historiadofutebol.com\/blog\/wp-content\/uploads\/2025\/04\/GEP.jpg 389w, https:\/\/historiadofutebol.com\/blog\/wp-content\/uploads\/2025\/04\/GEP-300x188.jpg 300w\" sizes=\"auto, (max-width: 389px) 100vw, 389px\" \/><figcaption class=\"wp-element-caption\"><mark style=\"background-color:rgba(0, 0, 0, 0);color:#152372\" class=\"has-inline-color\"><strong>EM P\u00c9 (esquerda para a direita): <\/strong>Nelson, Ipojucam,Lomba, Paulista, Zelio, Edson, Brand\u00e3o, Antoninho, Jo\u00e3ozinho, Pav\u00e3o, Saul, Julio Bariani (presidente) e Osvaldo Pirnia (Massagista).<\/mark><\/figcaption><\/figure><\/div>\n\n\n<h2 class=\"wp-block-heading\"><strong><mark style=\"background-color:rgba(0, 0, 0, 0);color:#2443a1\" class=\"has-inline-color\">Campeonato Paulista do Interior<\/mark><\/strong><\/h2>\n\n\n\n<p><mark style=\"background-color:rgba(0, 0, 0, 0);color:#000000\" class=\"has-inline-color\">Jogou <strong><em>quatro edi\u00e7\u00f5es<\/em><\/strong> do <strong><em>Campeonato Amador do Interior do estado de S\u00e3o Paulo<\/em><\/strong>, organizado pela <strong><em>FPF<\/em><\/strong> <strong><em>(Federa\u00e7\u00e3o Paulista de Futebol)<\/em><\/strong>: <strong><em>1955<\/em><\/strong>, <strong><em>1956<\/em><\/strong><em>,<strong> 1957<\/strong><\/em>, e <strong><em>1958<\/em><\/strong>.<\/mark><\/p>\n\n\n\n<p><mark style=\"background-color:rgba(0, 0, 0, 0);color:#000000\" class=\"has-inline-color\">Foi <strong><em>campe\u00e3o<\/em><\/strong> da <strong><em>Zona 12<\/em><\/strong>, do <strong><em>Setor 44<\/em><\/strong>, do <strong><em>Campeonato Amador do Interior do estado de S\u00e3o Paulo de 1955<\/em><\/strong><em>,com seis vit\u00f3rias em sete jogos<\/em>. A conquista veio ap\u00f3s vencer o <strong><em>Clube Atl\u00e9tico Indiano<\/em><\/strong> pelo placar de <strong><em>1 a 0<\/em><\/strong>. No final, terminou na <strong><em>3\u00aa coloca\u00e7\u00e3o<\/em><\/strong> daquele ano.<\/mark><\/p>\n\n\n\n<p><mark style=\"background-color:rgba(0, 0, 0, 0);color:#000000\" class=\"has-inline-color\">No <strong><em>Campeonato Amador do Interior do estado de S\u00e3o Paulo<\/em><\/strong> de <strong><em>1956<\/em><\/strong>, o <strong><em>Fantasma do Sert\u00e3o<\/em><\/strong> ficou na <strong><em>Zona 14<\/em><\/strong>, do <strong><em>Setor 45 <\/em><\/strong>sediado na <strong><em>S\u00e9rie B<\/em><\/strong> da <strong><em>Liga Prudentina de Futebol<\/em><\/strong>, com os seguintes clubes:<\/mark><\/p>\n\n\n\n<p><mark style=\"background-color:rgba(0, 0, 0, 0);color:#000000\" class=\"has-inline-color\"><strong><em>Fada Futebol Clube<\/em><\/strong><em> (Santo Anastacio)<\/em>;<\/mark><\/p>\n\n\n\n<p><mark style=\"background-color:rgba(0, 0, 0, 0);color:#000000\" class=\"has-inline-color\"><strong><em>Esporte Clube Corinthians<\/em><\/strong><em> (Presidente Venceslau)<\/em>;<\/mark><\/p>\n\n\n\n<p><mark style=\"background-color:rgba(0, 0, 0, 0);color:#000000\" class=\"has-inline-color\"><strong><em>Esporte Clube Fluvial <\/em><\/strong><em>(Presidente Epit\u00e1cio)<\/em>;\u00a0\u00a0<\/mark><\/p>\n\n\n\n<p><mark style=\"background-color:rgba(0, 0, 0, 0);color:#000000\" class=\"has-inline-color\"><strong><em>Gr\u00eamio Esportivo Piquerobiense<\/em><\/strong> <em>(Piquerobi)<\/em>.<\/mark><\/p>\n\n\n<div class=\"wp-block-image\">\n<figure class=\"aligncenter size-large is-resized\"><img loading=\"lazy\" decoding=\"async\" width=\"500\" height=\"376\" src=\"https:\/\/historiadofutebol.com\/blog\/wp-content\/uploads\/2025\/04\/FB_IMG_1744743458984-500x376.jpg\" alt=\"\" class=\"wp-image-134779\" style=\"width:655px;height:auto\" srcset=\"https:\/\/historiadofutebol.com\/blog\/wp-content\/uploads\/2025\/04\/FB_IMG_1744743458984-500x376.jpg 500w, https:\/\/historiadofutebol.com\/blog\/wp-content\/uploads\/2025\/04\/FB_IMG_1744743458984-300x225.jpg 300w, https:\/\/historiadofutebol.com\/blog\/wp-content\/uploads\/2025\/04\/FB_IMG_1744743458984-624x469.jpg 624w, https:\/\/historiadofutebol.com\/blog\/wp-content\/uploads\/2025\/04\/FB_IMG_1744743458984.jpg 720w\" sizes=\"auto, (max-width: 500px) 100vw, 500px\" \/><\/figure><\/div>\n\n\n<h2 class=\"wp-block-heading\"><mark style=\"background-color:rgba(0, 0, 0, 0);color:#1a2b8c\" class=\"has-inline-color\">Algumas Forma\u00e7\u00f5es:<\/mark><\/h2>\n\n\n\n<p><mark style=\"background-color:rgba(0, 0, 0, 0);color:#000000\" class=\"has-inline-color\"><strong><em>Time base de 1954:<\/em><\/strong> <em>Toni (Ded\u00e9); Vigota (Mario ou Pedrinho) e Ferrer (Milton); Chico (Doro), Nelsinho e Pedr\u00e3o (Amorim); Lauro (Mauro), Zinho (Paulo), Jaime (Ipojucam ou Brand\u00e3o), Jo\u00e3ozinho (Sinho) e Antoninho (Euclides)<\/em>.<\/mark><\/p>\n\n\n\n<p><mark style=\"background-color:rgba(0, 0, 0, 0);color:#000000\" class=\"has-inline-color\"><strong><em>Time base de 1955:<\/em><\/strong> <em>Toni; Pedrinho e Ferrer; Chico, Saul e Amorim (Reynaldo); Paulinho, Brand\u00e3o, Carlinhos, Jo\u00e3ozinho e Antoninho<\/em>.<\/mark><\/p>\n\n\n\n<p><mark style=\"background-color:rgba(0, 0, 0, 0);color:#000000\" class=\"has-inline-color\"><strong><em>Time base de 1957:<\/em><\/strong> <em>Augusto; Chico e Maciel; Saul, Pav\u00e3o e Pedr\u00e3o; Ezequias, Bacaninha, Pedrinho, Antoninho e Adinil<\/em>.<\/mark><\/p>\n\n\n\n<p><strong><mark style=\"background-color:rgba(0, 0, 0, 0);color:#253593\" class=\"has-inline-color\"><em><u>ARTE<\/u>: <\/em><\/mark><\/strong><em><mark style=\"background-color:rgba(0, 0, 0, 0);color:#253593\" class=\"has-inline-color\">desenho do escudo e uniforme \u2013 S\u00e9rgio Mello<\/mark><\/em><\/p>\n\n\n\n<p><strong><mark style=\"background-color:rgba(0, 0, 0, 0);color:#000000\" class=\"has-inline-color\"><em><u>Colaborou<\/u>: <\/em><\/mark><\/strong><em><mark style=\"background-color:rgba(0, 0, 0, 0);color:#000000\" class=\"has-inline-color\">Waldomiro Junho<\/mark><\/em><\/p>\n\n\n\n<p><strong><mark style=\"background-color:rgba(0, 0, 0, 0);color:#2b3aac\" class=\"has-inline-color\"><em><u>FOTO<\/u>: <\/em><\/mark><\/strong><em><mark style=\"background-color:rgba(0, 0, 0, 0);color:#2b3aac\" class=\"has-inline-color\">Acervo Gr\u00eamio Esportivo (SP)<\/mark><\/em><\/p>\n\n\n\n<p><strong><mark style=\"background-color:rgba(0, 0, 0, 0);color:#000000\" class=\"has-inline-color\"><em><u>FONTES<\/u>: <\/em><\/mark><\/strong><em><mark style=\"background-color:rgba(0, 0, 0, 0);color:#000000\" class=\"has-inline-color\">A Gazeta Esportiva (SP) \u2013 Correio Paulistano (SP) \u2013 Gr\u00eamio Esportivo (SP) \u2013 Mundo Esportivo (SP)<\/mark><\/em><\/p>\n","protected":false},"excerpt":{"rendered":"<p>Por S\u00e9rgio Mello O Gr\u00eamio Esportivo Piquerobiense foi uma agremia\u00e7\u00e3o do munic\u00edpio de Piquerobi que fica a 619 km da capital do estado de S\u00e3o Paulo. A localidade possui uma popula\u00e7\u00e3o de 3.686 habitantes, segundo estimativa do IBGE (Instituto Brasileiro de Geografia e Estat\u00edstica), de 2016. A palavra &#8220;Piquerobi&#8221; deriva do \u2018tupi antigo\u2019:\u00a0pikyroby, que significa [&hellip;]<\/p>\n","protected":false},"author":55,"featured_media":0,"comment_status":"open","ping_status":"closed","sticky":false,"template":"","format":"standard","meta":{"footnotes":""},"categories":[203,531,83,59,75,345,118,3,51],"tags":[],"class_list":["post-134775","post","type-post","status-publish","format-standard","hentry","category-sergio-mello","category-carencias","category-x9-curiosidades","category-escudos","category-x3-estadios","category-fotos-historicas","category-futebol-amador-varzeano","category-historia-do-futebol","category-sao-paulo"],"_links":{"self":[{"href":"https:\/\/historiadofutebol.com\/blog\/index.php?rest_route=\/wp\/v2\/posts\/134775","targetHints":{"allow":["GET"]}}],"collection":[{"href":"https:\/\/historiadofutebol.com\/blog\/index.php?rest_route=\/wp\/v2\/posts"}],"about":[{"href":"https:\/\/historiadofutebol.com\/blog\/index.php?rest_route=\/wp\/v2\/types\/post"}],"author":[{"embeddable":true,"href":"https:\/\/historiadofutebol.com\/blog\/index.php?rest_route=\/wp\/v2\/users\/55"}],"replies":[{"embeddable":true,"href":"https:\/\/historiadofutebol.com\/blog\/index.php?rest_route=%2Fwp%2Fv2%2Fcomments&post=134775"}],"version-history":[{"count":1,"href":"https:\/\/historiadofutebol.com\/blog\/index.php?rest_route=\/wp\/v2\/posts\/134775\/revisions"}],"predecessor-version":[{"id":134780,"href":"https:\/\/historiadofutebol.com\/blog\/index.php?rest_route=\/wp\/v2\/posts\/134775\/revisions\/134780"}],"wp:attachment":[{"href":"https:\/\/historiadofutebol.com\/blog\/index.php?rest_route=%2Fwp%2Fv2%2Fmedia&parent=134775"}],"wp:term":[{"taxonomy":"category","embeddable":true,"href":"https:\/\/historiadofutebol.com\/blog\/index.php?rest_route=%2Fwp%2Fv2%2Fcategories&post=134775"},{"taxonomy":"post_tag","embeddable":true,"href":"https:\/\/historiadofutebol.com\/blog\/index.php?rest_route=%2Fwp%2Fv2%2Ftags&post=134775"}],"curies":[{"name":"wp","href":"https:\/\/api.w.org\/{rel}","templated":true}]}}