{"id":133925,"date":"2024-12-02T00:09:56","date_gmt":"2024-12-02T03:09:56","guid":{"rendered":"https:\/\/historiadofutebol.com\/blog\/?p=133925"},"modified":"2024-12-02T01:11:24","modified_gmt":"2024-12-02T04:11:24","slug":"inedito-liga-curitybana-de-esportes-athleticos-curitiba-pr-existiu-entre-1932-a-1937","status":"publish","type":"post","link":"https:\/\/historiadofutebol.com\/blog\/?p=133925","title":{"rendered":"In\u00e9dito!! Liga Curitybana de Esportes Athleticos &#8211; Curitiba (PR): existiu entre 1932 a 1937."},"content":{"rendered":"<div class=\"wp-block-image\">\n<figure class=\"aligncenter size-large\"><img loading=\"lazy\" decoding=\"async\" width=\"500\" height=\"335\" src=\"https:\/\/historiadofutebol.com\/blog\/wp-content\/uploads\/2024\/12\/LCEA-500x335.jpg\" alt=\"\" class=\"wp-image-133926\" srcset=\"https:\/\/historiadofutebol.com\/blog\/wp-content\/uploads\/2024\/12\/LCEA-500x335.jpg 500w, https:\/\/historiadofutebol.com\/blog\/wp-content\/uploads\/2024\/12\/LCEA-300x201.jpg 300w, https:\/\/historiadofutebol.com\/blog\/wp-content\/uploads\/2024\/12\/LCEA-768x515.jpg 768w, https:\/\/historiadofutebol.com\/blog\/wp-content\/uploads\/2024\/12\/LCEA-624x418.jpg 624w, https:\/\/historiadofutebol.com\/blog\/wp-content\/uploads\/2024\/12\/LCEA.jpg 1034w\" sizes=\"auto, (max-width: 500px) 100vw, 500px\" \/><\/figure><\/div>\n\n\n<h2 class=\"wp-block-heading\"><strong><em><mark style=\"background-color:rgba(0, 0, 0, 0);color:#121b87\" class=\"has-inline-color\">Por S\u00e9rgio Mello<\/mark><\/em><\/strong><\/h2>\n\n\n\n<p><mark style=\"background-color:rgba(0, 0, 0, 0);color:#000000\" class=\"has-inline-color\">A <\/mark><strong><em><mark style=\"background-color:rgba(0, 0, 0, 0);color:#142d9b\" class=\"has-inline-color\">Liga Curitybana de Esportes Athleticos (LCEA)<\/mark><\/em><\/strong><mark style=\"background-color:rgba(0, 0, 0, 0);color:#000000\" class=\"has-inline-color\"><strong><em> <\/em><\/strong>foi uma entidade esportiva da cidade de Curitiba (PR). <\/mark><strong><em><mark style=\"background-color:rgba(0, 0, 0, 0);color:#211ea8\" class=\"has-inline-color\">Fundado na ter\u00e7a-feira, do dia 26 de Julho de 1932<\/mark><\/em><\/strong><mark style=\"background-color:rgba(0, 0, 0, 0);color:#000000\" class=\"has-inline-color\">, um grupo de esfor\u00e7ados esportistas os quais tiveram a ideia em organizar uma Liga, congregando os diversos clubes dos arredores e centro de nossa Capital; enfim, todos os que militavam por aquelas zonas.<\/mark><\/p>\n\n\n\n<p><mark style=\"background-color:rgba(0, 0, 0, 0);color:#000000\" class=\"has-inline-color\">E assim, sendo, <em>Oswaldo Vardanega<\/em>, <em>Ildefonso Erthal<\/em>, e o popular atleta <em>Silas Pioli<\/em>, ap\u00f3s v\u00e1rios esfor\u00e7os viam os seus esfor\u00e7os coroados de \u00eaxito. Com a coopera\u00e7\u00e3o dos representantes de cinco clubes, realizava-se pois, a primeira assembleia, ficando deliberado que a nova entidade teria a seguinte denomina\u00e7\u00e3o: \u201c<strong><em>Liga Curitybana de Esportes Athleticos<\/em><\/strong>&#8221; cujas <strong><em>cores<\/em><\/strong> seriam: <\/mark><strong><em><mark style=\"background-color:rgba(0, 0, 0, 0);color:#878787\" class=\"has-inline-color\">branco <\/mark><\/em><\/strong><mark style=\"background-color:rgba(0, 0, 0, 0);color:#000000\" class=\"has-inline-color\"><strong><em>e <\/em><\/strong><\/mark><strong><em><mark style=\"background-color:rgba(0, 0, 0, 0);color:#1b2aa1\" class=\"has-inline-color\">azul<\/mark><\/em><\/strong><mark style=\"background-color:rgba(0, 0, 0, 0);color:#000000\" class=\"has-inline-color\">, e o escudo em forma triangular, encimado por um ret\u00e2ngulo com as iniciais, <strong><em>L.C.E.A.<\/em><\/strong><\/mark><\/p>\n\n\n\n<p><mark style=\"background-color:rgba(0, 0, 0, 0);color:#000000\" class=\"has-inline-color\">Naquela assembleia, realizada <em>na sexta-feira, do dia 5 de Agosto<\/em>, tamb\u00e9m cogitaram sobre os estatutos, adotando os da <strong><em>Federa\u00e7\u00e3o Paranaense de Desportos (F.P.D.)<\/em><\/strong>, at\u00e9 que fossem elaborados os seus.<\/mark><\/p>\n\n\n\n<p><mark style=\"background-color:rgba(0, 0, 0, 0);color:#000000\" class=\"has-inline-color\"><em>Na segunda-feira, do dia 8 de Agosto<\/em>, o <strong><em>Conselho Director<\/em><\/strong> da <strong><em>Federa\u00e7\u00e3o Paranaense de Desportos<\/em><\/strong>, aprovou a <strong><em>L.C.E.A.<\/em><\/strong> outorgando a entidade e o seu estatuto.<\/mark><\/p>\n\n\n\n<p><mark style=\"background-color:rgba(0, 0, 0, 0);color:#000000\" class=\"has-inline-color\">E uma semana ap\u00f3s reunia-se a <strong><em>2\u00aa assembleia <\/em><\/strong>para tratarem da organiza\u00e7\u00e3o do <strong><em>Conselho Director<\/em><\/strong> entre os representantes dos <strong>8<em> (oito)<\/em><\/strong> clubes filiados. <em>Silas Pioli<\/em>, o \u201c<em>condoti\u00e9re<\/em>\u201d <em>(chefe de bandoleiros)<\/em> dos fundadores pertencentes ao quadro de amadores do <strong><em>Clube Athletico Paranaense<\/em><\/strong>, do qual \u00e9 um esfor\u00e7ado representante, incumbiu ao seu irm\u00e3o que &#8220;<em>hoje ocupa a presid\u00eancia da Liga<\/em>\u201d &#8211; de levar avante, o seu elogi\u00e1vel empreendimento.<\/mark><\/p>\n\n\n\n<p><mark style=\"background-color:rgba(0, 0, 0, 0);color:#000000\" class=\"has-inline-color\"><em>Na sexta-feira, do dia 12 de Agosto<\/em>, foi definida a <strong><em>1\u00aa Diretoria<\/em><\/strong>, para comandar a entidade no <strong><em>tri\u00eanio<\/em><\/strong> de <strong><em>1932-1934<\/em><\/strong>, com as seguintes constitui\u00e7\u00f5es:<\/mark><\/p>\n\n\n\n<p><mark style=\"background-color:rgba(0, 0, 0, 0);color:#27399e\" class=\"has-inline-color\"><strong><em>Presidente &#8211; <\/em><\/strong><em>Jo\u00e3o de Faria Pioli (Apollo Esporte Clube)<\/em>; <\/mark><\/p>\n\n\n\n<p><mark style=\"background-color:rgba(0, 0, 0, 0);color:#27399e\" class=\"has-inline-color\"><strong><em>1\u00ba Vice-presidente &#8211;<\/em><\/strong><em> Maximino Zanon (Corinthias Esporte Clube)<\/em>; <\/mark><\/p>\n\n\n\n<p><mark style=\"background-color:rgba(0, 0, 0, 0);color:#27399e\" class=\"has-inline-color\"><strong><em>2\u00ba Vice-presidente &#8211;<\/em><\/strong> <em>Honorio Mello (It\u00e1lia Sport Club)<\/em>; <\/mark><\/p>\n\n\n\n<p><mark style=\"background-color:rgba(0, 0, 0, 0);color:#27399e\" class=\"has-inline-color\"><strong><em>Secret\u00e1rio Geral &#8211; <\/em><\/strong><em>Jos\u00e9 Holzmann, pelo (Teb\u00e9 Football Club)<\/em>; <\/mark><\/p>\n\n\n\n<p><mark style=\"background-color:rgba(0, 0, 0, 0);color:#27399e\" class=\"has-inline-color\"><strong><em>1\u00ba Secret\u00e1rio &#8211;<\/em><\/strong><em> Gast\u00e3o Bellegard (Poty Sport Club)<\/em>; <\/mark><\/p>\n\n\n\n<p><mark style=\"background-color:rgba(0, 0, 0, 0);color:#27399e\" class=\"has-inline-color\"><strong><em>2\u00ba Secret\u00e1rio &#8211;<\/em><\/strong> <em>Antenor Boaventura da Silva (Uni\u00e3o Sport Club)<\/em>; <\/mark><\/p>\n\n\n\n<p><mark style=\"background-color:rgba(0, 0, 0, 0);color:#27399e\" class=\"has-inline-color\"><strong><em>1\u00ba Thesoureiro &#8211;<\/em><\/strong><em> Oswaldo Vardanega (Savoia Football Club)<\/em>; <\/mark><\/p>\n\n\n\n<p><mark style=\"background-color:rgba(0, 0, 0, 0);color:#27399e\" class=\"has-inline-color\"><strong><em>2\u00ba Thesoureiro &#8211;<\/em><\/strong> <em>Leonardo Osiecki (Sport Club Esperan\u00e7a)<\/em>; <\/mark><\/p>\n\n\n\n<p><mark style=\"background-color:rgba(0, 0, 0, 0);color:#27399e\" class=\"has-inline-color\"><strong><em>Conselho Fiscal &#8211; <\/em><\/strong><em>Fausto Thomaz, Lauro Dias do Rosario e Mario Lobo<\/em>; <\/mark><\/p>\n\n\n\n<p><mark style=\"background-color:rgba(0, 0, 0, 0);color:#27399e\" class=\"has-inline-color\"><strong><em>Conselho de Julgamento &#8211; <\/em><\/strong><em>Jonas Brasil, Jo\u00e3o Kopryk, Natalin Carraro, Eduardo Haserauer e Haroldo Gerber<\/em>; <\/mark><\/p>\n\n\n\n<p><mark style=\"background-color:rgba(0, 0, 0, 0);color:#27399e\" class=\"has-inline-color\"><strong><em>Commiss\u00e3o de Syndicancia &#8211;<\/em><\/strong> <em>Theodorico do Nascimento, &#8211; Alfredo Bergamini e Elias Darviche<\/em>; <\/mark><\/p>\n\n\n\n<p><mark style=\"background-color:rgba(0, 0, 0, 0);color:#27399e\" class=\"has-inline-color\"><strong><em>Commiss\u00e3o de Futebol &#8211;<\/em><\/strong> <em>Nelson Gon\u00e7alves, Henrique Sperandio, Ildefonso Erthal e Luiz Jos\u00e9 dos Santos<\/em>.<\/mark><\/p>\n\n\n\n<p><mark style=\"background-color:rgba(0, 0, 0, 0);color:#000000\" class=\"has-inline-color\">As organiza\u00e7\u00f5es acima mencionadas, s\u00e3o recentes <em>(conforme observei nos estatutos)<\/em>, c\u00f3digos de penalidades, e futebol da Liga aprovados em sess\u00e3o de assembleia geral de <em>10 de Mar\u00e7o de 1932<\/em>, os quais acham-se registrados.<\/mark><\/p>\n\n\n\n<p><mark style=\"background-color:rgba(0, 0, 0, 0);color:#000000\" class=\"has-inline-color\">Importante acrescentar, que anteriormente os cargos de <strong><em>1.\u00ba e 2.\u00ba vice-presidentes<\/em><\/strong>, foram ocupados pelos srs. <em>Augusto Dudeque (Uni\u00e3o Sport Club) e Ildefonso Erthal (America Sport Club)<\/em>, respectivamente.<\/mark><\/p>\n\n\n\n<p><mark style=\"background-color:rgba(0, 0, 0, 0);color:#000000\" class=\"has-inline-color\">Aquele esportista logo nos primeiros meses demitiu-se, e o sr. <em>Erthal<\/em> passou a tomar parte na <strong><em>Commiss\u00e3o de Futebol<\/em><\/strong>. Era ent\u00e3o <strong><em>Secret\u00e1rio Geral<\/em><\/strong>, o <em>sr. Gercino Artigas<\/em>, pelo <strong><em>Corinthias<\/em><\/strong>, e cuja demiss\u00e3o tamb\u00e9m verificou-se meses ap\u00f3s.<\/mark><\/p>\n\n\n\n<p><mark style=\"background-color:rgba(0, 0, 0, 0);color:#000000\" class=\"has-inline-color\">S\u00e3o fundadores da entidade municipal, os <strong><em>oito clubes<\/em><\/strong>: <strong><em>Savoia Football Club<\/em><\/strong>, <strong><em>Apollo Esporte Clube<\/em><\/strong>, <strong><em>America Sport Club<\/em><\/strong>, <strong><em>Sport Club Esperan\u00e7a<\/em><\/strong>, <strong><em>Teb\u00e9 Football Club<\/em><\/strong>, <strong><em>Poty Sport Club<\/em><\/strong>, <strong><em>Corinthias Esporte Clube<\/em><\/strong> e <strong><em>Uni\u00e3o Sport Club<\/em><\/strong>. Decorridos alguns dias, dois clubes solicitavam filia\u00e7\u00e3o, com as regalias de fundadores: o <strong><em>It\u00e1lia Sport Club<\/em><\/strong> e <strong><em>Avante Esporte Clube<\/em><\/strong>.<\/mark><\/p>\n\n\n\n<h2 class=\"wp-block-heading\"><strong><mark style=\"background-color:rgba(0, 0, 0, 0);color:#2518a7\" class=\"has-inline-color\">Not\u00e1veis Empreendimentos Esportivos e Sociais<\/mark><\/strong><\/h2>\n\n\n\n<p><mark style=\"background-color:rgba(0, 0, 0, 0);color:#000000\" class=\"has-inline-color\"><em>Na tarde de domingo, do dia 21 de Agosto de 1932<\/em>, aconteceu o <strong><em>Torneio In\u00edcio<\/em><\/strong>, ao qual concorreram os <strong><em>dez clubes filiados<\/em><\/strong>, deixando transparecer o \u00f3timo preparo dos seus conjuntos, sob todos os motivos.<\/mark><\/p>\n\n\n\n<h2 class=\"wp-block-heading\"><strong><mark style=\"background-color:rgba(0, 0, 0, 0);color:#221f99\" class=\"has-inline-color\">O Apollo foi o Campe\u00e3o do 1\u00ba Torneio In\u00edcio<\/mark><\/strong><\/h2>\n\n\n\n<p><mark style=\"background-color:rgba(0, 0, 0, 0);color:#000000\" class=\"has-inline-color\">Na pra\u00e7a de desportos do <strong><em>Britannia<\/em><\/strong> <em>(depois passou a ser o campo oficial da <strong>F. P. D.<\/strong>)<\/em> uma numerosa assist\u00eancia, afluiu a fim de presenciar aquela competi\u00e7\u00e3o. Os resultados foram os mais promissores. Coube ao <strong><em>Apollo Esporte Clube<\/em><\/strong> o ent\u00e3o &#8220;<em>Benjam\u00edn<\/em>&#8220;, o <strong><em>t\u00edtulo de campe\u00e3o<\/em><\/strong>, em <strong><em>2\u00ba lugar<\/em><\/strong> o <strong><em>Poty Sport Club<\/em><\/strong>, que receberam duas valiosas ta\u00e7as.<\/mark><\/p>\n\n\n\n<h2 class=\"wp-block-heading\"><strong><mark style=\"background-color:rgba(0, 0, 0, 0);color:#212299\" class=\"has-inline-color\">Campeonato da LCEA de 1932<\/mark><\/strong><\/h2>\n\n\n\n<p><mark style=\"background-color:rgba(0, 0, 0, 0);color:#000000\" class=\"has-inline-color\">Uma semana ap\u00f3s realizavam-se os embates do certame &#8220;<em>lceano<\/em>&#8221; de <strong><em>1932<\/em><\/strong>, em um turno somente e tendo por locais as pra\u00e7as de desportos da <strong><em>F. P. D.<\/em><\/strong> e do <strong><em>Club Athletico Paranaense<\/em><\/strong>.<\/mark><\/p>\n\n\n\n<p><mark style=\"background-color:rgba(0, 0, 0, 0);color:#000000\" class=\"has-inline-color\">Mencionar a grandiosidade daquele campeonato seria tarefa demasiada qu\u00e3o desnecess\u00e1ria; pois o nosso p\u00fablico teve oportunidade de presenci\u00e1-lo, ou mesmo, por interm\u00e9dio da imprensa esportiva, a qual vem muito acertadamente cooperando pelo progresso do \u201c<em>soccer tinguy<\/em>\u201d em suas diversas fases.<\/mark><\/p>\n\n\n\n<p><mark style=\"background-color:rgba(0, 0, 0, 0);color:#000000\" class=\"has-inline-color\">Entre mentes, a entidade municipal efetuou um festival no gramado do <strong><em>Athletico<\/em><\/strong>, em seu benef\u00edcio e com o concurso dos clubes: <strong><em>Avante x It\u00e1lia<\/em><\/strong>; <strong><em>Teb\u00e9 x Esperan\u00e7a<\/em><\/strong> e <strong><em>Savoia x Uni\u00e3o<\/em><\/strong>.<\/mark><\/p>\n\n\n\n<p><mark style=\"background-color:rgba(0, 0, 0, 0);color:#000000\" class=\"has-inline-color\">Tr\u00eas pr\u00eamios foram institu\u00eddos aos vencedores, <strong><em>Teb\u00e9 x Savoia<\/em><\/strong>; ficando empatado o 1.\u00ba encontro. Por ocasi\u00e3o das temporadas intermunicipais e interestaduais sob os ausp\u00edcios da m\u00e1xima entidade, a <strong><em>Liga<\/em><\/strong> n\u00e3o s\u00f3 transferiu os seus encontros oficiais, como tamb\u00e9m, emprestou o seu modesto, mas sincero apoio confirmado pois, a sua valiosa contribui\u00e7\u00e3o, como evidenciara, quando das elei\u00e7\u00f5es para a diretoria da \u201c<em>mater<\/em>\u201d.<\/mark><\/p>\n\n\n\n<p><mark style=\"background-color:rgba(0, 0, 0, 0);color:#000000\" class=\"has-inline-color\">Naquela reuni\u00e3o memor\u00e1vel, o conselho dos presidentes prestigiava a \u201c<em>una voc\u00ea<\/em>\u201d, a candidatura composta dos acatados esportistas que, no momento atual dirigem a <strong><em>F. P. D.<\/em><\/strong><\/mark><\/p>\n\n\n\n<p><mark style=\"background-color:rgba(0, 0, 0, 0);color:#000000\" class=\"has-inline-color\">No futebol intermunicipal os clubes <strong><em>Savoia<\/em><\/strong> e <strong><em>Corinthias<\/em><\/strong> representaram brilhantemente as cores <strong><em>Iceanas<\/em><\/strong> ao evidenciarem a classe do futebol &#8220;<em>tinguy<\/em>&#8220;, em canchas paranaenses.<\/mark><\/p>\n\n\n\n<p><mark style=\"background-color:rgba(0, 0, 0, 0);color:#000000\" class=\"has-inline-color\">Ainda em pleno transcurso do <strong><em>campeonato de 1932<\/em><\/strong>, \u03bf <strong><em>Uni\u00e3o S. C. <\/em><\/strong>com a sua pra\u00e7a de desportos veio ampliar o progresso do futebol &#8220;<strong><em>lceano<\/em><\/strong>&#8220;. \u0415 na sua cancha se efetuaram os demais jogos da temporada.<\/mark><\/p>\n\n\n\n<p><mark style=\"background-color:rgba(0, 0, 0, 0);color:#000000\" class=\"has-inline-color\">Numa brilhante atua\u00e7\u00e3o os clubes <strong><em>Savoia<\/em><\/strong> e <strong><em>Teb\u00e9<\/em><\/strong> obtinham os honrosos <strong><em>t\u00edtulos<\/em><\/strong> de <strong><em>campe\u00e3o<\/em><\/strong> e <strong><em>vice-campe\u00e3o<\/em><\/strong> nos <strong><em>Primeiros e Segundos Quadros<\/em><\/strong> respectivamente.<\/mark><\/p>\n\n\n\n<p><mark style=\"background-color:rgba(0, 0, 0, 0);color:#000000\" class=\"has-inline-color\"><em>Em Abril de <strong>1932<\/strong><\/em>, tinha lugar na cancha &#8220;<strong><em>unionense<\/em><\/strong>&#8221; o campeonato &#8220;<strong><em>Encerramento<\/em><\/strong>&#8221; que foi levantado pelo <strong><em>Savoia<\/em><\/strong> <em>(1\u00b0 lugar)<\/em> e <strong><em>Poty S.C.<\/em><\/strong> na <em>2\u00aa coloca\u00e7\u00e3o<\/em>, os quais obtiveram as <strong><em>ta\u00e7as<\/em><\/strong> &#8220;<em>Caridade<\/em>&#8221; e &#8220;<em>Savoia<\/em>&#8220;, respectivamente.<\/mark><\/p>\n\n\n\n<p><mark style=\"background-color:rgba(0, 0, 0, 0);color:#000000\" class=\"has-inline-color\">O <strong><em>time campe\u00e3o<\/em><\/strong> formou assim: <em>Rafael; Am\u00edlcar e Alfredo; Augusto, Olavo e Orestes; Reinaldo, Frederico, Oscar, Arnaldo e Herondino (Biale, Lima, Nelson, Mois\u00e9s, Alberto e Scuissiato)<\/em>.<\/mark><\/p>\n\n\n\n<p><mark style=\"background-color:rgba(0, 0, 0, 0);color:#000000\" class=\"has-inline-color\">Para a atual temporada, novos clubes vieram cerrar fileiras na <strong><em>L. C. E. A.<\/em><\/strong> aumentando ainda mais o seu prestigio. Vemo-los com as suas cores variad\u00edssimas, representado os apraz\u00edveis arrabaldes e zonas do <em>centro da Cidade Sorriso<\/em>, numa expans\u00e3o logicamente progressista.<\/mark><\/p>\n\n\n\n<p><mark style=\"background-color:rgba(0, 0, 0, 0);color:#000000\" class=\"has-inline-color\">As agremia\u00e7\u00f5es rec\u00e9m inscritas s\u00e3o as seguintes: <strong><em>Ypiranga Football Club<\/em><\/strong>, <strong><em>Bloco Esportivo \u00c1gua Verde<\/em><\/strong>, <strong><em>Nacional Sport Club<\/em><\/strong>, <strong><em>Aquidaban Sport Club<\/em><\/strong>, <strong><em>Universal Sport Club<\/em><\/strong> e <strong><em>Sociedade de<\/em><\/strong> <strong><em>Educa\u00e7\u00e3o Physica Junak<\/em><\/strong>.<\/mark><\/p>\n\n\n\n<h2 class=\"wp-block-heading\"><strong><mark style=\"background-color:rgba(0, 0, 0, 0);color:#182799\" class=\"has-inline-color\">Campeonato da LCEA de 1933<\/mark><\/strong><\/h2>\n\n\n\n<p><mark style=\"background-color:rgba(0, 0, 0, 0);color:#000000\" class=\"has-inline-color\">A fim de facilitar o <strong><em>campeonato de 1933<\/em><\/strong>, foram organizados duas s\u00e9ries com <strong><em>8 clubes<\/em><\/strong> cada uma; a &#8220;<strong><em>Paran\u00e1<\/em><\/strong>&#8220;, e &#8220;<strong><em>Iguassu<\/em><\/strong>&#8221; constando a tabela de um turno. Com a extin\u00e7\u00e3o da sec\u00e7\u00e3o futebol\u00edstica do <strong><em>Corinthias Esporte Clube<\/em><\/strong> verificada ultimamente ficou a <strong><em>serie Paran\u00e1<\/em><\/strong>, com <strong><em>sete clubes<\/em><\/strong>.<\/mark><\/p>\n\n\n\n<p><mark style=\"background-color:rgba(0, 0, 0, 0);color:#000000\" class=\"has-inline-color\">Realizando-se o <strong><em>Torneio In\u00edcio<\/em><\/strong> e devido o consider\u00e1vel n\u00famero de concorrentes foram os jogos disputados em dois domingos no campo do Britannia ainda&#8230; E assim ficavam de posse de duas ta\u00e7as os clubes <strong><em>It\u00e1lia Sport Club<\/em><\/strong> e <strong><em>Avante Esporte Clube<\/em><\/strong>, respectivamente o <strong><em>campe\u00e3o<\/em><\/strong> e <strong><em>vice-campe\u00e3o<\/em><\/strong>. V\u00e1rios festivais esportivos foram efetuados pelos clubes: <strong><em>America<\/em><\/strong>, <strong><em>Avante Esporte Clube<\/em><\/strong> e <strong><em>Apollo<\/em><\/strong>.<\/mark><\/p>\n\n\n\n<p><mark style=\"background-color:rgba(0, 0, 0, 0);color:#000000\" class=\"has-inline-color\">Na fase social o conceito dos aguerridos clubes &#8220;<strong><em>Iceanos<\/em><\/strong>&#8221; foi concretizado com magnificas festividades inaugurais, e todos eles possuindo em amplos edif\u00edcios as suas sedes instaladas, e dotadas dos mais modernos requisitos, sendo que alguns pretendem dentro em breve oficializar os seus campos, ap\u00f3s as necess\u00e1rias remodela\u00e7\u00f5es a exemplo do <strong><em>Uni\u00e3o<\/em><\/strong>.<\/mark><\/p>\n\n\n\n<p><mark style=\"background-color:rgba(0, 0, 0, 0);color:#000000\" class=\"has-inline-color\">Como antigo amador em quantas entidades houveram, desde a <strong><em>Liga Infantil Paranaense<\/em><\/strong>, <strong><em>Liga Curitybana de Desportos<\/em><\/strong> <em>(em suas diversas d\u00e9cadas)<\/em> ou seja de 1923 ao din\u00e2mico 1933, testemunhando essa evolu\u00e7\u00e3o do nosso futebol municipal at\u00e9 a <strong><em>L.C.E.A.<\/em><\/strong> n\u00e3o \u00e9 de minha inten\u00e7\u00e3o, desmerecer numa breve compara\u00e7\u00e3o, o que, os outros fizeram; pelo contr\u00e1rio, rendo-lhes minha obscura homenagem nesta cr\u00f4nica, porque eles, implantando o que hoje qualifico de futebol \u201c<strong><em>tinguy<\/em><\/strong>&#8221; poder\u00e3o constatar muita justiceiramente, que a <strong><em>L.C.E.A.<\/em><\/strong> cujo esfor\u00e7o unido e deveras elogi\u00e1vel \u00e9, e n\u00e3o h\u00e1 negar, uma entidade que honra o futebol paranaense!<\/mark><\/p>\n\n\n\n<p><mark style=\"background-color:rgba(0, 0, 0, 0);color:#000000\" class=\"has-inline-color\">No <strong><em>Campeonato Municipal de 1933<\/em><\/strong>, o <strong><em>Savoia<\/em><\/strong> conquistou o bicampeonato, enquanto o <strong><em>Junak<\/em><\/strong> ficou com o <strong><em>vice<\/em><\/strong>. O <strong><em>time campe\u00e3o<\/em><\/strong> formou assim: <em>Rafael; Biale e Mikare; Nito, Olavo e Orestes; Tedesco, Frederico, Mois\u00e9s (Reinaldo), Albertinho e Carlito<\/em>. &nbsp;<\/mark><\/p>\n\n\n\n<p><mark style=\"background-color:rgba(0, 0, 0, 0);color:#000000\" class=\"has-inline-color\">O <strong><em>Teb\u00e9 Football Club<\/em><\/strong> e o <strong><em>Sav\u00f3ia Football Club<\/em><\/strong> ficaram com o <strong><em>t\u00edtulo<\/em><\/strong> e o <strong><em>vice-campe\u00e3o<\/em><\/strong> nos <strong><em>Segundos Quadros<\/em><\/strong> respectivamente.<\/mark><\/p>\n\n\n\n<p><mark style=\"background-color:rgba(0, 0, 0, 0);color:#000000\" class=\"has-inline-color\">O <strong><em>Corinthias Esporte Clube, inaugurou <\/em><\/strong>a sua<strong><em> Sede social <\/em><\/strong>\u2013<em>na noite de s\u00e1bado do dia 4 de fevereiro de 1933<\/em>. O endere\u00e7o da <strong><em>equipe rubro-negra<\/em><\/strong> fica na <strong><em>Rua Visconde de Guarapuava, n\u00ba 609, no Alto da XV, em Curitiba\/PR<\/em><\/strong>. O evento teve in\u00edcio \u00e0s <em>21h30min.<\/em>, onde ocorreu um <em>estupendo baile<\/em>, comandada pela banda <strong><em>Royal Jazz Band<\/em><\/strong>.<\/mark><\/p>\n\n\n\n<h2 class=\"wp-block-heading\"><strong><mark style=\"background-color:rgba(0, 0, 0, 0);color:#221f99\" class=\"has-inline-color\">Campeonato da LCEA de 1934<\/mark><\/strong><\/h2>\n\n\n\n<p><mark style=\"background-color:rgba(0, 0, 0, 0);color:#000000\" class=\"has-inline-color\">Pelo <strong><em>Torneio In\u00edcio<\/em><\/strong>, <em>entre os dias de 28 de janeiro e 4 de fevereiro<\/em>, o <strong><em>Avante Esporte Clube<\/em><\/strong> derrotou na final o <strong><em>Aquidaban Sport Club<\/em><\/strong>, ficando com o t\u00edtulo. Pelo <strong><em>Campeonato dos Segundos Quadros<\/em><\/strong>, o<strong><em> Sav\u00f3ia<\/em><\/strong> se <strong><em>sagrou campe\u00e3o<\/em><\/strong>, enquanto o <strong><em>SEF Junak<\/em><\/strong> ficou com o <strong><em>vice<\/em><\/strong>.<\/mark><\/p>\n\n\n\n<p><mark style=\"background-color:rgba(0, 0, 0, 0);color:#000000\" class=\"has-inline-color\">No <strong><em>Primeiro Quadros<\/em><\/strong>, o <strong><em>Sav\u00f3ia Football Club<\/em><\/strong> conquistou o <strong><em>Tricampeonato<\/em><\/strong>, enquanto o <strong><em>Botafogo Football Club<\/em><\/strong> ficou com a <strong><em>segunda coloca\u00e7\u00e3o<\/em><\/strong>. O <strong><em>time campe\u00e3o<\/em><\/strong> formou: <em>Rafael; Scuissiato e Luiz; Orestes, Tarqu\u00e1 e Bicudo; Turim, Armandinho, Reinaldo, Albertinho, Carlito (Biale), Nelson, Mois\u00e9s e \u00c9rico<\/em>. &nbsp;<\/mark><\/p>\n\n\n\n<h2 class=\"wp-block-heading\"><strong><mark style=\"background-color:rgba(0, 0, 0, 0);color:#1718a8\" class=\"has-inline-color\">Campeonato da LCEA de 1935<\/mark><\/strong><\/h2>\n\n\n\n<p><mark style=\"background-color:rgba(0, 0, 0, 0);color:#000000\" class=\"has-inline-color\">Pelo <strong><em>Campeonato dos Segundos Quadros<\/em><\/strong>, o<strong><em> Bloco \u00c1gua Verde<\/em><\/strong> se <strong><em>sagrou campe\u00e3o<\/em><\/strong>, enquanto o <strong><em>Esperan\u00e7a Football Club<\/em><\/strong> ficou com o <strong><em>vice<\/em><\/strong>. No <strong><em>Primeiro Quadros<\/em><\/strong>, o <strong><em>Ipiranga Football Club<\/em><\/strong> conquistou o <strong><em>in\u00e9dito t\u00edtulo<\/em><\/strong>, enquanto o <strong><em>It\u00e1lia Sport Club<\/em><\/strong> ficou em <strong><em>2\u00ba lugar<\/em><\/strong>. O <strong><em>time campe\u00e3o<\/em><\/strong> formou: <em>Neno; Ilio e Gilberto; Aldino, Miro e Lourival; Pedrinho, Afonso, Naldo, Marcha e Chefe<\/em>. &nbsp;<\/mark><\/p>\n\n\n\n<h2 class=\"wp-block-heading\"><strong><mark style=\"background-color:rgba(0, 0, 0, 0);color:#1b2cad\" class=\"has-inline-color\">Liga Curitybana venceu a Federa\u00e7\u00e3o Paranaense de Desportos<\/mark><\/strong><\/h2>\n\n\n\n<p><mark style=\"background-color:rgba(0, 0, 0, 0);color:#000000\" class=\"has-inline-color\"><em>Na manh\u00e3 de domingo, do dia 27 de Outubro de 1935<\/em>, a <strong><em>Sele\u00e7\u00e3o da LCEA<\/em><\/strong> surpreendeu o <strong><em>Selecionado da FPD<\/em><\/strong>, e venceu pela contagem de <strong><em>4 a 2<\/em><\/strong>, no campo da \u00c1gua Verde.<\/mark><\/p>\n\n\n\n<p><mark style=\"background-color:rgba(0, 0, 0, 0);color:#000000\" class=\"has-inline-color\">A partida transcorreu, contra expectativa geral, sem incidentes de vulto, sagrando-se vencedor o &#8220;<em>potente<\/em>&#8221; combinado da <strong><em>LCEA<\/em><\/strong>. Os gols da partida foram assinalados por <em>Jos\u00e9<\/em>, duas vezes; <em>Maximino<\/em> e <em>Jurandyr<\/em>, um tento cada, para <strong><em>Liga Curitybana de Desportos<\/em><\/strong>; enquanto <em>Pand\u00fa<\/em> e <em>Ary<\/em> marcaram para a <strong><em>FPD<\/em><\/strong>. Conduziu-se com acerto na <em><strong>arbitragem<\/strong><\/em>, o sr. <em>Ubirajara Pinheiro Lima<\/em>.<\/mark><\/p>\n\n\n\n<p><mark style=\"background-color:rgba(0, 0, 0, 0);color:#000000\" class=\"has-inline-color\"><strong><em>LCEA:<\/em><\/strong><em> Vosgeram; Lucas e Tony; Leonel, Xingo e Maximino; Ribeiro, Jurandyr, Pedrinho, Elysio e Tedesco<\/em>.<\/mark><\/p>\n\n\n\n<p><mark style=\"background-color:rgba(0, 0, 0, 0);color:#000000\" class=\"has-inline-color\"><strong><em>FPD:<\/em><\/strong><em> Pand\u00fa; Altino e Paran\u00e1; Marchand, Annibal e Sobocinski; Ary, Canhoto, Faria, Itaciano e Placido<\/em>.<\/mark><\/p>\n\n\n\n<h2 class=\"wp-block-heading\"><strong><mark style=\"background-color:rgba(0, 0, 0, 0);color:#1e1c97\" class=\"has-inline-color\">Campeonato da LCEA de 1936<\/mark><\/strong><\/h2>\n\n\n\n<p><mark style=\"background-color:rgba(0, 0, 0, 0);color:#000000\" class=\"has-inline-color\">No <strong><em>Torneio In\u00edcio<\/em><\/strong>, <em>no dia 15 de mar\u00e7o<\/em>, no Campo do <strong><em>Athletico<\/em><\/strong>, o <strong><em>Bloco \u00c1gua Verde<\/em><\/strong> derrotou na final o <strong><em>It\u00e1lia Sport Club<\/em><\/strong>, ficando com o <strong><em>t\u00edtulo<\/em><\/strong>. No <strong><em>Primeiro Quadros<\/em><\/strong>, o <strong><em>Ipiranga Football Club<\/em><\/strong> conquistou o <strong><em>Bicampeonato<\/em><\/strong>, enquanto o <strong><em>Bloco \u00c1gua Verde<\/em><\/strong> ficou com o <strong><em>vice-campeonato<\/em><\/strong>. <strong><em>&nbsp;<\/em><\/strong><\/mark><\/p>\n\n\n\n<p><mark style=\"background-color:rgba(0, 0, 0, 0);color:#000000\" class=\"has-inline-color\">O <strong><em>time campe\u00e3o<\/em><\/strong> formou: <em>Neno; Ilio e Gilberto; Narciso, Naldo e Pauca (Odilon); Miro, Nelson, J\u00falio, Marcha e Lourival. Tamb\u00e9m jogaram: Afonso, Pedrinho, At\u00edlio, Chefe, Massuci, Dando, Beb\u00ea, Russo e Emilio<\/em>. &nbsp;<\/mark><\/p>\n\n\n\n<h2 class=\"wp-block-heading\"><strong><mark style=\"background-color:rgba(0, 0, 0, 0);color:#152895\" class=\"has-inline-color\">LCEA desapareceu em 1937<\/mark><\/strong><\/h2>\n\n\n\n<p><mark style=\"background-color:rgba(0, 0, 0, 0);color:#000000\" class=\"has-inline-color\">A <strong><em>Liga Curitybana de Esportes Athleticos (LCEA) <\/em><\/strong>existiu por seis temporadas, organizado os campeonatos da cidade de <strong><em>1932<\/em><\/strong> a <strong><em>1937<\/em><\/strong>. A \u00faltima not\u00edcia sobre a entidade aconteceu <em>na quinta-feira, \u00e0s 20 horas, do dia 15 de abril de 1937<\/em>.<\/mark><\/p>\n\n\n\n<p><mark style=\"background-color:rgba(0, 0, 0, 0);color:#000000\" class=\"has-inline-color\">Na ocasi\u00e3o, o <strong><em>presidente da<\/em><\/strong> <strong><em>LCEA<\/em><\/strong>, <em>Jurandyr Azevedo e Silva<\/em> convocou os clubes filiados, na sede da <strong><em>FPD<\/em><\/strong>, a fim de tratar da organiza\u00e7\u00e3o do <strong><em>Campeonato Citadino de Curitiba de 1937<\/em><\/strong>. Fato \u00e9 que esse campeonato n\u00e3o aconteceu, a <strong><em>Liga Curitybana de Esportes Athleticos <\/em><\/strong>foi extinta, sendo substitu\u00edda meses depois pela <strong><em>Liga Curitybana de Futebol (LCF)<\/em><\/strong>.<\/mark><\/p>\n\n\n\n<p><strong><mark style=\"background-color:rgba(0, 0, 0, 0);color:#2435bf\" class=\"has-inline-color\"><em><u>ARTE<\/u>:<\/em><\/mark><\/strong><em><mark style=\"background-color:rgba(0, 0, 0, 0);color:#2435bf\" class=\"has-inline-color\"> desenho do escudo e uniforme \u2013 S\u00e9rgio Mello<\/mark><\/em><\/p>\n\n\n\n<p><strong><mark style=\"background-color:rgba(0, 0, 0, 0);color:#701010\" class=\"has-inline-color\"><em><u>Colaborou<\/u>: <\/em><\/mark><\/strong><em><mark style=\"background-color:rgba(0, 0, 0, 0);color:#701010\" class=\"has-inline-color\">La\u00e9rcio Becker<\/mark><\/em><\/p>\n\n\n\n<p><mark style=\"background-color:rgba(0, 0, 0, 0);color:#161e7d\" class=\"has-inline-color\"><strong><em><u>FONTES<\/u>:<\/em><\/strong><em> Correio do Paran\u00e1 (PR) \u2013 Di\u00e1rio da Tarde (PR) \u2013 O Dia (PR)<\/em> <em>\u2013<\/em> <em>Livro \u201cFutebol do Paran\u00e1 \u2013 100 anos de hist\u00f3ria\u201d, de Heriberto Ivan Machado e Levi Mulford Chrestenzen<\/em><\/mark><\/p>\n\n\n\n<p><\/p>\n","protected":false},"excerpt":{"rendered":"<p>Por S\u00e9rgio Mello A Liga Curitybana de Esportes Athleticos (LCEA) foi uma entidade esportiva da cidade de Curitiba (PR). Fundado na ter\u00e7a-feira, do dia 26 de Julho de 1932, um grupo de esfor\u00e7ados esportistas os quais tiveram a ideia em organizar uma Liga, congregando os diversos clubes dos arredores e centro de nossa Capital; enfim, [&hellip;]<\/p>\n","protected":false},"author":55,"featured_media":0,"comment_status":"open","ping_status":"closed","sticky":false,"template":"","format":"standard","meta":{"footnotes":""},"categories":[203,531,83,59,3,108,41,733],"tags":[],"class_list":["post-133925","post","type-post","status-publish","format-standard","hentry","category-sergio-mello","category-carencias","category-x9-curiosidades","category-escudos","category-historia-do-futebol","category-jogos-historicos","category-parana","category-selecoes-municipais"],"_links":{"self":[{"href":"https:\/\/historiadofutebol.com\/blog\/index.php?rest_route=\/wp\/v2\/posts\/133925","targetHints":{"allow":["GET"]}}],"collection":[{"href":"https:\/\/historiadofutebol.com\/blog\/index.php?rest_route=\/wp\/v2\/posts"}],"about":[{"href":"https:\/\/historiadofutebol.com\/blog\/index.php?rest_route=\/wp\/v2\/types\/post"}],"author":[{"embeddable":true,"href":"https:\/\/historiadofutebol.com\/blog\/index.php?rest_route=\/wp\/v2\/users\/55"}],"replies":[{"embeddable":true,"href":"https:\/\/historiadofutebol.com\/blog\/index.php?rest_route=%2Fwp%2Fv2%2Fcomments&post=133925"}],"version-history":[{"count":4,"href":"https:\/\/historiadofutebol.com\/blog\/index.php?rest_route=\/wp\/v2\/posts\/133925\/revisions"}],"predecessor-version":[{"id":133930,"href":"https:\/\/historiadofutebol.com\/blog\/index.php?rest_route=\/wp\/v2\/posts\/133925\/revisions\/133930"}],"wp:attachment":[{"href":"https:\/\/historiadofutebol.com\/blog\/index.php?rest_route=%2Fwp%2Fv2%2Fmedia&parent=133925"}],"wp:term":[{"taxonomy":"category","embeddable":true,"href":"https:\/\/historiadofutebol.com\/blog\/index.php?rest_route=%2Fwp%2Fv2%2Fcategories&post=133925"},{"taxonomy":"post_tag","embeddable":true,"href":"https:\/\/historiadofutebol.com\/blog\/index.php?rest_route=%2Fwp%2Fv2%2Ftags&post=133925"}],"curies":[{"name":"wp","href":"https:\/\/api.w.org\/{rel}","templated":true}]}}