{"id":133168,"date":"2024-07-31T00:57:51","date_gmt":"2024-07-31T03:57:51","guid":{"rendered":"https:\/\/historiadofutebol.com\/blog\/?p=133168"},"modified":"2024-07-31T01:11:37","modified_gmt":"2024-07-31T04:11:37","slug":"1o-escudo-de-1948-liga-desportiva-de-limoeiro-do-norte-ldln-limoeiro-do-norte-ce","status":"publish","type":"post","link":"https:\/\/historiadofutebol.com\/blog\/?p=133168","title":{"rendered":"1\u00ba escudo de 1948: Liga Desportiva de Limoeiro do Norte (LDLN) &#8211; Limoeiro do Norte (CE)"},"content":{"rendered":"<div class=\"wp-block-image\">\n<figure class=\"aligncenter size-large\"><img loading=\"lazy\" decoding=\"async\" width=\"500\" height=\"211\" src=\"https:\/\/historiadofutebol.com\/blog\/wp-content\/uploads\/2024\/07\/LDLN-500x211.jpg\" alt=\"\" class=\"wp-image-133169\" srcset=\"https:\/\/historiadofutebol.com\/blog\/wp-content\/uploads\/2024\/07\/LDLN-500x211.jpg 500w, https:\/\/historiadofutebol.com\/blog\/wp-content\/uploads\/2024\/07\/LDLN-300x127.jpg 300w, https:\/\/historiadofutebol.com\/blog\/wp-content\/uploads\/2024\/07\/LDLN-768x324.jpg 768w, https:\/\/historiadofutebol.com\/blog\/wp-content\/uploads\/2024\/07\/LDLN-1536x648.jpg 1536w, https:\/\/historiadofutebol.com\/blog\/wp-content\/uploads\/2024\/07\/LDLN-624x263.jpg 624w, https:\/\/historiadofutebol.com\/blog\/wp-content\/uploads\/2024\/07\/LDLN.jpg 1587w\" sizes=\"auto, (max-width: 500px) 100vw, 500px\" \/><\/figure><\/div>\n\n\n<h2 class=\"wp-block-heading\"><strong><em><mark style=\"background-color:rgba(0, 0, 0, 0);color:#197d16\" class=\"has-inline-color\">Por S\u00e9rgio Mello<\/mark><\/em><\/strong><\/h2>\n\n\n\n<p><mark style=\"background-color:rgba(0, 0, 0, 0);color:#000000\" class=\"has-inline-color\">A <strong><em>Liga Desportiva de Limoeiro do Norte (LDLN)<\/em><\/strong> \u00e9 a entidade m\u00e1xima do munic\u00edpio de Limoeiro do Norte <em>(com uma popula\u00e7\u00e3o de 59.515 habitantes, segundo o censo do IBGE de 2010)<\/em>, situado no <em>Vale do Jaguaribe<\/em> a <em>200 km da capital (Fortaleza) do estado do Cear\u00e1<\/em>.<\/mark><\/p>\n\n\n\n<p><mark style=\"background-color:rgba(0, 0, 0, 0);color:#000000\" class=\"has-inline-color\"><strong><em>Fundada na quarta-feira, do dia 02 de Julho de 1947<\/em><\/strong>, tem a sua <strong><em>Sede pr\u00f3pria<\/em><\/strong> localizado na <strong><em>Rua Jos\u00e9 Satino, n\u00ba 765, no Jo\u00e3o XXIII, em Limoeiro do Norte\/CE<\/em><\/strong>. Na foto abaixo \u00e9 do ano de 1948 e podemos ver o <strong><em>1\u00ba escudo<\/em><\/strong> da <strong><em>entidade limoeirense<\/em><\/strong>.<\/mark><\/p>\n\n\n<div class=\"wp-block-image\">\n<figure class=\"aligncenter size-large is-resized\"><img loading=\"lazy\" decoding=\"async\" width=\"500\" height=\"374\" src=\"https:\/\/historiadofutebol.com\/blog\/wp-content\/uploads\/2024\/07\/LDLN1-500x374.jpg\" alt=\"\" class=\"wp-image-133170\" style=\"width:655px;height:auto\" srcset=\"https:\/\/historiadofutebol.com\/blog\/wp-content\/uploads\/2024\/07\/LDLN1-500x374.jpg 500w, https:\/\/historiadofutebol.com\/blog\/wp-content\/uploads\/2024\/07\/LDLN1-300x225.jpg 300w, https:\/\/historiadofutebol.com\/blog\/wp-content\/uploads\/2024\/07\/LDLN1-768x575.jpg 768w, https:\/\/historiadofutebol.com\/blog\/wp-content\/uploads\/2024\/07\/LDLN1-624x467.jpg 624w, https:\/\/historiadofutebol.com\/blog\/wp-content\/uploads\/2024\/07\/LDLN1.jpg 1131w\" sizes=\"auto, (max-width: 500px) 100vw, 500px\" \/><figcaption class=\"wp-element-caption\"><strong><mark style=\"background-color:rgba(0, 0, 0, 0);color:#136b20\" class=\"has-inline-color\"><em>Foto de 1948 &#8211;<\/em><\/mark><\/strong><em><mark style=\"background-color:rgba(0, 0, 0, 0);color:#136b20\" class=\"has-inline-color\"> O selecionado era a base do Esporte Clube Limoeiro<\/mark><\/em><br \/><strong><mark style=\"background-color:rgba(0, 0, 0, 0);color:#9f2323\" class=\"has-inline-color\"><em>EM P\u00c9 (esquerda para a direita):<\/em><\/mark><\/strong><em><mark style=\"background-color:rgba(0, 0, 0, 0);color:#9f2323\" class=\"has-inline-color\"> An\u00edsio, Guedes, Chic\u00e3o, Jos\u00e9 Carlos, Louro e Zezinho;<\/mark><\/em><br \/><strong><mark style=\"background-color:rgba(0, 0, 0, 0);color:#0f7124\" class=\"has-inline-color\"><em>AGACHADOS (esquerda para a direita):<\/em><\/mark><\/strong><em><mark style=\"background-color:rgba(0, 0, 0, 0);color:#0f7124\" class=\"has-inline-color\"> Moacir, L\u00edrio, Alfredinho, Meladinho e Edir Saboia.<\/mark><\/em><\/figcaption><\/figure><\/div>\n\n\n<p><strong><mark style=\"background-color:rgba(0, 0, 0, 0);color:#a12424\" class=\"has-inline-color\"><em><u>ARTE<\/u>:<\/em><\/mark><\/strong><em><mark style=\"background-color:rgba(0, 0, 0, 0);color:#a12424\" class=\"has-inline-color\"> desenho dos escudos e uniformes \u2013 S\u00e9rgio Mello<\/mark><\/em><\/p>\n\n\n\n<p><strong><mark style=\"background-color:rgba(0, 0, 0, 0);color:#33a518\" class=\"has-inline-color\"><em><u>FOTO<\/u>:<\/em><\/mark><\/strong><em><mark style=\"background-color:rgba(0, 0, 0, 0);color:#33a518\" class=\"has-inline-color\"> Acervo de Galdino Silva<\/mark><\/em><\/p>\n\n\n\n<p><strong><mark style=\"background-color:rgba(0, 0, 0, 0);color:#942121\" class=\"has-inline-color\"><em><u>FONTES<\/u>:<\/em><\/mark><\/strong><em><mark style=\"background-color:rgba(0, 0, 0, 0);color:#942121\" class=\"has-inline-color\"> Federa\u00e7\u00e3o Cearense de Futebol \u2013 Prefeitura de Limoeiro do Norte<\/mark><\/em><\/p>\n","protected":false},"excerpt":{"rendered":"<p>Por S\u00e9rgio Mello A Liga Desportiva de Limoeiro do Norte (LDLN) \u00e9 a entidade m\u00e1xima do munic\u00edpio de Limoeiro do Norte (com uma popula\u00e7\u00e3o de 59.515 habitantes, segundo o censo do IBGE de 2010), situado no Vale do Jaguaribe a 200 km da capital (Fortaleza) do estado do Cear\u00e1. Fundada na quarta-feira, do dia 02 [&hellip;]<\/p>\n","protected":false},"author":55,"featured_media":0,"comment_status":"open","ping_status":"closed","sticky":false,"template":"","format":"standard","meta":{"footnotes":""},"categories":[203,531,32,83,59,345,3,733],"tags":[],"class_list":["post-133168","post","type-post","status-publish","format-standard","hentry","category-sergio-mello","category-carencias","category-ceara","category-x9-curiosidades","category-escudos","category-fotos-historicas","category-historia-do-futebol","category-selecoes-municipais"],"_links":{"self":[{"href":"https:\/\/historiadofutebol.com\/blog\/index.php?rest_route=\/wp\/v2\/posts\/133168","targetHints":{"allow":["GET"]}}],"collection":[{"href":"https:\/\/historiadofutebol.com\/blog\/index.php?rest_route=\/wp\/v2\/posts"}],"about":[{"href":"https:\/\/historiadofutebol.com\/blog\/index.php?rest_route=\/wp\/v2\/types\/post"}],"author":[{"embeddable":true,"href":"https:\/\/historiadofutebol.com\/blog\/index.php?rest_route=\/wp\/v2\/users\/55"}],"replies":[{"embeddable":true,"href":"https:\/\/historiadofutebol.com\/blog\/index.php?rest_route=%2Fwp%2Fv2%2Fcomments&post=133168"}],"version-history":[{"count":2,"href":"https:\/\/historiadofutebol.com\/blog\/index.php?rest_route=\/wp\/v2\/posts\/133168\/revisions"}],"predecessor-version":[{"id":133172,"href":"https:\/\/historiadofutebol.com\/blog\/index.php?rest_route=\/wp\/v2\/posts\/133168\/revisions\/133172"}],"wp:attachment":[{"href":"https:\/\/historiadofutebol.com\/blog\/index.php?rest_route=%2Fwp%2Fv2%2Fmedia&parent=133168"}],"wp:term":[{"taxonomy":"category","embeddable":true,"href":"https:\/\/historiadofutebol.com\/blog\/index.php?rest_route=%2Fwp%2Fv2%2Fcategories&post=133168"},{"taxonomy":"post_tag","embeddable":true,"href":"https:\/\/historiadofutebol.com\/blog\/index.php?rest_route=%2Fwp%2Fv2%2Ftags&post=133168"}],"curies":[{"name":"wp","href":"https:\/\/api.w.org\/{rel}","templated":true}]}}