{"id":132870,"date":"2024-06-29T23:12:00","date_gmt":"2024-06-30T02:12:00","guid":{"rendered":"https:\/\/historiadofutebol.com\/blog\/?p=132870"},"modified":"2024-07-08T00:25:17","modified_gmt":"2024-07-08T03:25:17","slug":"gremio-esportivo-vila-harding-sao-paulo-sp-fundado-em-1930","status":"publish","type":"post","link":"https:\/\/historiadofutebol.com\/blog\/?p=132870","title":{"rendered":"Gr\u00eamio Esportivo Vila Harding &#8211; S\u00e3o Paulo (SP): Fundado em 1930!"},"content":{"rendered":"<div class=\"wp-block-image\">\n<figure class=\"aligncenter size-large\"><img loading=\"lazy\" decoding=\"async\" width=\"500\" height=\"315\" src=\"https:\/\/historiadofutebol.com\/blog\/wp-content\/uploads\/2024\/07\/GEVH-500x315.jpg\" alt=\"\" class=\"wp-image-132871\" srcset=\"https:\/\/historiadofutebol.com\/blog\/wp-content\/uploads\/2024\/07\/GEVH-500x315.jpg 500w, https:\/\/historiadofutebol.com\/blog\/wp-content\/uploads\/2024\/07\/GEVH-300x189.jpg 300w, https:\/\/historiadofutebol.com\/blog\/wp-content\/uploads\/2024\/07\/GEVH-768x484.jpg 768w, https:\/\/historiadofutebol.com\/blog\/wp-content\/uploads\/2024\/07\/GEVH-624x393.jpg 624w, https:\/\/historiadofutebol.com\/blog\/wp-content\/uploads\/2024\/07\/GEVH.jpg 1145w\" sizes=\"auto, (max-width: 500px) 100vw, 500px\" \/><\/figure><\/div>\n\n\n<h2 class=\"wp-block-heading has-text-align-center\"><strong><mark style=\"background-color:rgba(0, 0, 0, 0);color:#b02424\" class=\"has-inline-color\">VILA HARDING<\/mark><\/strong><\/h2>\n\n\n\n<p><mark style=\"background-color:rgba(0, 0, 0, 0);color:#000000\" class=\"has-inline-color\">Os ingleses s\u00e3o bastante presentes na forma\u00e7\u00e3o de S\u00e3o Paulo em muitos aspectos. O mais conhecido deles, provavelmente, envolve <em>a ferrovia S\u00e3o Paulo Railway<\/em> cuja presen\u00e7a atualmente \u00e9 mais observada em algumas esta\u00e7\u00f5es ferrovi\u00e1rias, como a Luz e de Paranapiacaba.<\/mark><\/p>\n\n\n\n<p><mark style=\"background-color:rgba(0, 0, 0, 0);color:#000000\" class=\"has-inline-color\">Contudo os ingleses se fazem tamb\u00e9m presentes na urbaniza\u00e7\u00e3o de um importante bairro paulistano e tamb\u00e9m de seus arredores: o\u00a0<em>Tucuruvi<\/em>.<\/mark><\/p>\n\n\n\n<p><mark style=\"background-color:rgba(0, 0, 0, 0);color:#000000\" class=\"has-inline-color\">Harding chegou ao Brasil no final do <em>S\u00e9culo XIX<\/em> para trabalhar nas ferrovias operadas por ingleses e no in\u00edcio do s\u00e9culo seguinte, precisamente em 1903, adquiriu uma grande propriedade rural chamada\u00a0<em>Fazenda Itaquaravi<\/em>.<\/mark><\/p>\n\n\n\n<p><mark style=\"background-color:rgba(0, 0, 0, 0);color:#000000\" class=\"has-inline-color\">Nos primeiros anos a fazenda ficou sem grandes altera\u00e7\u00f5es, at\u00e9 que posteriormente ele decide fazer um pequeno povoamento na regi\u00e3o e, claro, tamb\u00e9m fixar ali sua resid\u00eancia em uma regi\u00e3o ainda pouco habitada e bastante agrad\u00e1vel.<\/mark><\/p>\n\n\n\n<p><mark style=\"background-color:rgba(0, 0, 0, 0);color:#000000\" class=\"has-inline-color\">Assim em <em>1912<\/em> <em>William Harding<\/em> contrata o empreiteiro civil de origem portuguesa\u00a0<em>Jo\u00e3o Fidalgo<\/em>\u00a0para erguer ali sua nova resid\u00eancia, que, ao ser conclu\u00edda, seria batizada de <strong><em>Vila Harding<\/em><\/strong>. O palacete foi erguido no ponto mais alto de sua propriedade, bem no topo da colina, em uma \u00e1rea de entorno de 7000m\u00b2. A edifica\u00e7\u00e3o servia tanto de casa, quanto escrit\u00f3rio.<\/mark><\/p>\n\n\n\n<p><mark style=\"background-color:rgba(0, 0, 0, 0);color:#000000\" class=\"has-inline-color\">Das terras pertencentes a Harding sairiam duas importantes esta\u00e7\u00f5es ferrovi\u00e1rias do <em>extinto Tramway da Cantareira<\/em>, a <em>Parada Inglesa<\/em> e <em>Tucuruvi<\/em>.<\/mark><\/p>\n\n\n\n<p><mark style=\"background-color:rgba(0, 0, 0, 0);color:#000000\" class=\"has-inline-color\">No caso da primeira esta\u00e7\u00e3o o nome foi uma adapta\u00e7\u00e3o do nome popular que a esta\u00e7\u00e3o havia recebido. A pequena parada passava pelas terras de Harding e era conhecida como a \u201c<em>Parada do Ingl\u00eas<\/em>\u201d, posteriormente tornando-se a <em>Parada Inglesa<\/em>.<\/mark><\/p>\n\n\n<div class=\"wp-block-image\">\n<figure class=\"aligncenter size-large is-resized\"><img loading=\"lazy\" decoding=\"async\" width=\"500\" height=\"326\" src=\"https:\/\/historiadofutebol.com\/blog\/wp-content\/uploads\/2024\/07\/image-4-500x326.png\" alt=\"\" class=\"wp-image-132874\" style=\"width:655px;height:auto\" srcset=\"https:\/\/historiadofutebol.com\/blog\/wp-content\/uploads\/2024\/07\/image-4-500x326.png 500w, https:\/\/historiadofutebol.com\/blog\/wp-content\/uploads\/2024\/07\/image-4-300x196.png 300w, https:\/\/historiadofutebol.com\/blog\/wp-content\/uploads\/2024\/07\/image-4-768x501.png 768w, https:\/\/historiadofutebol.com\/blog\/wp-content\/uploads\/2024\/07\/image-4-624x407.png 624w, https:\/\/historiadofutebol.com\/blog\/wp-content\/uploads\/2024\/07\/image-4.png 886w\" sizes=\"auto, (max-width: 500px) 100vw, 500px\" \/><\/figure><\/div>\n\n\n<p><mark style=\"background-color:rgba(0, 0, 0, 0);color:#000000\" class=\"has-inline-color\">J\u00e1 a esta\u00e7\u00e3o Tucuruvi \u00e9 intimamente ligada a <em>William Harding<\/em>, pois a parada foi criada gra\u00e7as \u00e0 doa\u00e7\u00e3o, por parte dele, do terreno onde ela viria a ser constru\u00edda. Toda a regi\u00e3o do <em>Tucuruvi<\/em> acabou basicamente se desenvolvendo ao redor da Vila Harding, que rapidamente virou a grande refer\u00eancia da regi\u00e3o. <\/mark><\/p>\n\n\n\n<p><mark style=\"background-color:rgba(0, 0, 0, 0);color:#000000\" class=\"has-inline-color\">Boa parte dos loteamentos que ali surgiram foram oriundos da velha fazenda Itaquaravi que aos poucos se transformava em um movimentado bairro paulistano, caminho para outras paragens mais distantes como a <em>Cantareira<\/em> e a vizinha cidade de Guarulhos.<\/mark><\/p>\n\n\n\n<p><mark style=\"background-color:rgba(0, 0, 0, 0);color:#000000\" class=\"has-inline-color\">William Harding viveu em seu palacete at\u00e9 falecer em <em>10 de abril de 1942<\/em>. O cortejo, inclusive, saiu de sua resid\u00eancia at\u00e9 o <em>Cemit\u00e9rio de Santana<\/em>\u00a0<em>(Chora Menino)<\/em>\u00a0onde ele foi sepultado no dia seguinte.<\/mark><\/p>\n\n\n\n<p><mark style=\"background-color:rgba(0, 0, 0, 0);color:#000000\" class=\"has-inline-color\">Ap\u00f3s sua morte o palacete pouco depois trocou de m\u00e3os sendo vendido para Jo\u00e3o Fidalgo, que foi seu construtor. Na d\u00e9cada de 40, <em>Fidalgo<\/em> era conhecido como um controverso empres\u00e1rio do ramo da constru\u00e7\u00e3o civil, devido a in\u00fameras casas problem\u00e1ticas que construiu na regi\u00e3o, cujo apelido era\u00a0<em>\u201cCidade Maldita\u201d<\/em>.<\/mark><\/p>\n\n\n<div class=\"wp-block-image\">\n<figure class=\"aligncenter size-large is-resized\"><img loading=\"lazy\" decoding=\"async\" width=\"500\" height=\"374\" src=\"https:\/\/historiadofutebol.com\/blog\/wp-content\/uploads\/2024\/07\/40633408_2450891121587772_7672702596036952064_n-500x374.jpg\" alt=\"\" class=\"wp-image-132872\" style=\"width:655px;height:auto\" srcset=\"https:\/\/historiadofutebol.com\/blog\/wp-content\/uploads\/2024\/07\/40633408_2450891121587772_7672702596036952064_n-500x374.jpg 500w, https:\/\/historiadofutebol.com\/blog\/wp-content\/uploads\/2024\/07\/40633408_2450891121587772_7672702596036952064_n-300x224.jpg 300w, https:\/\/historiadofutebol.com\/blog\/wp-content\/uploads\/2024\/07\/40633408_2450891121587772_7672702596036952064_n-768x574.jpg 768w, https:\/\/historiadofutebol.com\/blog\/wp-content\/uploads\/2024\/07\/40633408_2450891121587772_7672702596036952064_n-624x466.jpg 624w, https:\/\/historiadofutebol.com\/blog\/wp-content\/uploads\/2024\/07\/40633408_2450891121587772_7672702596036952064_n.jpg 1261w\" sizes=\"auto, (max-width: 500px) 100vw, 500px\" \/><\/figure><\/div>\n\n\n<h2 class=\"wp-block-heading has-text-align-center\"><strong><mark style=\"background-color:rgba(0, 0, 0, 0);color:#ff0000\" class=\"has-inline-color\">GR\u00caMIO ESPORTIVO VILA HARDING DO TUCURUVI<\/mark><\/strong><\/h2>\n\n\n\n<p><mark style=\"background-color:rgba(0, 0, 0, 0);color:#000000\" class=\"has-inline-color\">O <strong><em>Gr\u00eamio Esportivo Vila Harding<\/em><\/strong> foi uma agremia\u00e7\u00e3o da cidade de S\u00e3o Paulo (SP). <strong><em>Fundando em Janeiro de 1930<\/em><\/strong>, o nome de <strong><em>Chuta Vento Football Club<\/em><\/strong>. Quatro meses depois, alterou para <strong><em>Villa Harding Football Club do Tucuruvy<\/em><\/strong>. Em novembro de 1937, foi reorganizado.<\/mark><\/p>\n\n\n\n<p><mark style=\"background-color:rgba(0, 0, 0, 0);color:#000000\" class=\"has-inline-color\">A sua <strong><em>Sede<\/em><\/strong> ficava na <strong><em>Travessa Esperan\u00e7a, n\u00ba 4-A, com a Travessa Av. Mazzei, na altura do n\u00ba 112 &#8211; Tucuruvi &#8211; S\u00e3o Paulo (SP)<\/em><\/strong>. A sua \u00faltima <strong><em>Sede<\/em><\/strong>: <strong><em>Rua Salvador Bicudo, n\u00ba 30 &#8211; Tucuruvi &#8211; S\u00e3o Paulo (SP)<\/em><\/strong>. A sua <strong><em>Pra\u00e7a de Esportes<\/em><\/strong>: <strong><em>Avenida Tucuruvi, n\u00ba 428 &#8211; Tucuruvi &#8211; S\u00e3o Paulo (SP)<\/em><\/strong>.<\/mark><\/p>\n\n\n\n<p><mark style=\"background-color:rgba(0, 0, 0, 0);color:#000000\" class=\"has-inline-color\">O clube participou de diversas competi\u00e7\u00f5es varzeanas, com em <strong><em>1947<\/em><\/strong>, disputou o <strong><em>Campeonato <\/em><\/strong>da <strong><em>LECI (Liga Esportiva do Com\u00e9rcio e Infd\u00fastria)<\/em><\/strong> e o <strong><em>Campeonato da Sub-Divis\u00e3o Riachuelo<\/em><\/strong>. Em <strong><em>1950<\/em><\/strong>, disputou o <strong><em>Torneio Varzeano Dr. Adhemar de Barros<\/em><\/strong>, no <strong><em>Tucuruvi \u2013 Setor n\u00ba 1<\/em><\/strong>.<\/mark><\/p>\n\n\n\n<p><mark style=\"background-color:rgba(0, 0, 0, 0);color:#000000\" class=\"has-inline-color\">Na <strong><em>Assembleia Geral <\/em><\/strong>definiu a <strong><em>nova diretoria<\/em><\/strong> do <strong><em>Vila Harding<\/em><\/strong>, realizado <em>na ter\u00e7a-feira, do dia 13 de janeiro de 1948<\/em>. A posse aconteceu <em>na sexta-feira, do dia 30 de janeiro de 1948<\/em>. A diretoria foi constitu\u00edda pelos seguintes membros:<\/mark><\/p>\n\n\n\n<p><mark style=\"background-color:rgba(0, 0, 0, 0);color:#000000\" class=\"has-inline-color\"><strong><em>Presidente &#8211;<\/em><\/strong><em> Ant\u00f4nio Narinati<\/em>;<\/mark><\/p>\n\n\n\n<p><mark style=\"background-color:rgba(0, 0, 0, 0);color:#000000\" class=\"has-inline-color\"><strong><em>Vice-presidente &#8211;<\/em><\/strong><em> Ant\u00f4nio Lopes Nascimento<\/em>;<\/mark><\/p>\n\n\n\n<p><mark style=\"background-color:rgba(0, 0, 0, 0);color:#000000\" class=\"has-inline-color\"><strong><em>2\u00ba Vice-presidente &#8211;<\/em><\/strong><em> Mario Perpetuo<\/em>;<\/mark><\/p>\n\n\n\n<p><mark style=\"background-color:rgba(0, 0, 0, 0);color:#000000\" class=\"has-inline-color\"><strong><em>Secret\u00e1rio geral &#8211; <\/em><\/strong><em>Valdemar Rodrigues<\/em>;<\/mark><\/p>\n\n\n\n<p><mark style=\"background-color:rgba(0, 0, 0, 0);color:#000000\" class=\"has-inline-color\"><strong><em>1\u00ba Secret\u00e1rio geral &#8211;<\/em><\/strong><em> Neri F. Vitrio<\/em>;<\/mark><\/p>\n\n\n\n<p><mark style=\"background-color:rgba(0, 0, 0, 0);color:#000000\" class=\"has-inline-color\"><strong><em>2\u00ba Secret\u00e1rio geral &#8211;<\/em><\/strong><em> Fernandes Deneiro<\/em>;<\/mark><\/p>\n\n\n\n<p><mark style=\"background-color:rgba(0, 0, 0, 0);color:#000000\" class=\"has-inline-color\"><strong><em>Tesoureiro &#8211;<\/em><\/strong><em> Jo\u00e3o Sambineli<\/em>;<\/mark><\/p>\n\n\n\n<p><mark style=\"background-color:rgba(0, 0, 0, 0);color:#000000\" class=\"has-inline-color\"><strong><em>2\u00ba Tesoureiro &#8211;<\/em><\/strong><em> Domingos Gutierrez<\/em>;<\/mark><\/p>\n\n\n\n<p><mark style=\"background-color:rgba(0, 0, 0, 0);color:#000000\" class=\"has-inline-color\"><strong><em>Diretor Geral dos Esportes &#8211;<\/em><\/strong><em> Domingos Marques<\/em>;<\/mark><\/p>\n\n\n\n<p><mark style=\"background-color:rgba(0, 0, 0, 0);color:#000000\" class=\"has-inline-color\"><strong><em>1\u00ba Esportivo &#8211;<\/em><\/strong><em> Marino Gutierrez<\/em>;<\/mark><\/p>\n\n\n\n<p><mark style=\"background-color:rgba(0, 0, 0, 0);color:#000000\" class=\"has-inline-color\"><strong><em>2\u00ba Esportivo &#8211;<\/em><\/strong><em> Angelino Pugliese<\/em>.<\/mark><\/p>\n\n\n<div class=\"wp-block-image\">\n<figure class=\"aligncenter size-large\"><img loading=\"lazy\" decoding=\"async\" width=\"345\" height=\"500\" src=\"https:\/\/historiadofutebol.com\/blog\/wp-content\/uploads\/2024\/07\/10661662_1190690994274464_1550132417079059687_o-345x500.jpg\" alt=\"\" class=\"wp-image-132873\" srcset=\"https:\/\/historiadofutebol.com\/blog\/wp-content\/uploads\/2024\/07\/10661662_1190690994274464_1550132417079059687_o-345x500.jpg 345w, https:\/\/historiadofutebol.com\/blog\/wp-content\/uploads\/2024\/07\/10661662_1190690994274464_1550132417079059687_o-207x300.jpg 207w, https:\/\/historiadofutebol.com\/blog\/wp-content\/uploads\/2024\/07\/10661662_1190690994274464_1550132417079059687_o-768x1113.jpg 768w, https:\/\/historiadofutebol.com\/blog\/wp-content\/uploads\/2024\/07\/10661662_1190690994274464_1550132417079059687_o-1060x1536.jpg 1060w, https:\/\/historiadofutebol.com\/blog\/wp-content\/uploads\/2024\/07\/10661662_1190690994274464_1550132417079059687_o-624x904.jpg 624w, https:\/\/historiadofutebol.com\/blog\/wp-content\/uploads\/2024\/07\/10661662_1190690994274464_1550132417079059687_o.jpg 1413w\" sizes=\"auto, (max-width: 345px) 100vw, 345px\" \/><\/figure><\/div>\n\n\n<h2 class=\"wp-block-heading\"><strong><mark style=\"background-color:rgba(0, 0, 0, 0);color:#ff0000\" class=\"has-inline-color\"><u>Algumas forma\u00e7\u00f5es<\/u>:<\/mark><\/strong><\/h2>\n\n\n\n<p><mark style=\"background-color:rgba(0, 0, 0, 0);color:#000000\" class=\"has-inline-color\"><strong>Time base de 1948:<\/strong> Nelson; Nicola e Carlos; Ari, Man\u00e3o e Luizinho; Luiz, Novais, Orlando, Eduardo e Isaltino.<\/mark><\/p>\n\n\n\n<p><mark style=\"background-color:rgba(0, 0, 0, 0);color:#000000\" class=\"has-inline-color\"><strong>Time base de 1951:<\/strong> Nelsinho (Baiano); Pedr\u00e3o e Nino (Cascata); Ticaba I (Cl\u00e1udio), Falaschi (Jacob) e Nilson (Emilio); Silvio (Ticaba II), Cl\u00f3vis (Jo\u00e3o Maria), Zeca (Formiga), Mario II e Carlito (Batata). <strong>T\u00e9cnico:<\/strong> Duca.<\/mark><\/p>\n\n\n\n<p><mark style=\"background-color:rgba(0, 0, 0, 0);color:#000000\" class=\"has-inline-color\"><strong>Time base de 1952:<\/strong> Nelsinho; Levi e Nino; Ticaba II, Falaschi e Nilson; Silvio, Mario, Zeca, Dit\u00e3o e Carlito. <strong>T\u00e9cnico:<\/strong> Duca.<\/mark><\/p>\n\n\n\n<p><mark style=\"background-color:rgba(0, 0, 0, 0);color:#000000\" class=\"has-inline-color\"><strong>Time base de 1953:<\/strong> Isaltino; Nilson e Nino; Geraldo, Valad\u00e3o e Valdemar; Jo\u00e3o Maria, Mario I, Marino, Eduardo e Zeca.<\/mark><\/p>\n\n\n\n<p><strong><mark style=\"background-color:rgba(0, 0, 0, 0);color:#0e1aa4\" class=\"has-inline-color\"><em><u>ARTES<\/u>:<\/em><\/mark><\/strong><em><mark style=\"background-color:rgba(0, 0, 0, 0);color:#0e1aa4\" class=\"has-inline-color\"> escudo e uniforme \u2013 S\u00e9rgio Mello<\/mark><\/em><\/p>\n\n\n\n<p><strong><mark style=\"background-color:rgba(0, 0, 0, 0);color:#841212\" class=\"has-inline-color\"><em><u>FONTES<\/u>:<\/em><\/mark><\/strong><em><mark style=\"background-color:rgba(0, 0, 0, 0);color:#841212\" class=\"has-inline-color\"> A Gazeta (SP) \u2013 Correio Paulistano (SP) \u2013 Jornal de Not\u00edcias (SP) \u2013 Mundo Esportivo (SP) &#8211; Tucuruvi Antiga &#8211; A Gazeta da Zona Norte &#8211; Facebook<\/mark><\/em><\/p>\n","protected":false},"excerpt":{"rendered":"<p>VILA HARDING Os ingleses s\u00e3o bastante presentes na forma\u00e7\u00e3o de S\u00e3o Paulo em muitos aspectos. O mais conhecido deles, provavelmente, envolve a ferrovia S\u00e3o Paulo Railway cuja presen\u00e7a atualmente \u00e9 mais observada em algumas esta\u00e7\u00f5es ferrovi\u00e1rias, como a Luz e de Paranapiacaba. Contudo os ingleses se fazem tamb\u00e9m presentes na urbaniza\u00e7\u00e3o de um importante bairro [&hellip;]<\/p>\n","protected":false},"author":55,"featured_media":0,"comment_status":"open","ping_status":"closed","sticky":false,"template":"","format":"standard","meta":{"footnotes":""},"categories":[203,189,531,83,59,345,118,3,51],"tags":[],"class_list":["post-132870","post","type-post","status-publish","format-standard","hentry","category-sergio-mello","category-toninho-sereno","category-carencias","category-x9-curiosidades","category-escudos","category-fotos-historicas","category-futebol-amador-varzeano","category-historia-do-futebol","category-sao-paulo"],"_links":{"self":[{"href":"https:\/\/historiadofutebol.com\/blog\/index.php?rest_route=\/wp\/v2\/posts\/132870","targetHints":{"allow":["GET"]}}],"collection":[{"href":"https:\/\/historiadofutebol.com\/blog\/index.php?rest_route=\/wp\/v2\/posts"}],"about":[{"href":"https:\/\/historiadofutebol.com\/blog\/index.php?rest_route=\/wp\/v2\/types\/post"}],"author":[{"embeddable":true,"href":"https:\/\/historiadofutebol.com\/blog\/index.php?rest_route=\/wp\/v2\/users\/55"}],"replies":[{"embeddable":true,"href":"https:\/\/historiadofutebol.com\/blog\/index.php?rest_route=%2Fwp%2Fv2%2Fcomments&post=132870"}],"version-history":[{"count":1,"href":"https:\/\/historiadofutebol.com\/blog\/index.php?rest_route=\/wp\/v2\/posts\/132870\/revisions"}],"predecessor-version":[{"id":132875,"href":"https:\/\/historiadofutebol.com\/blog\/index.php?rest_route=\/wp\/v2\/posts\/132870\/revisions\/132875"}],"wp:attachment":[{"href":"https:\/\/historiadofutebol.com\/blog\/index.php?rest_route=%2Fwp%2Fv2%2Fmedia&parent=132870"}],"wp:term":[{"taxonomy":"category","embeddable":true,"href":"https:\/\/historiadofutebol.com\/blog\/index.php?rest_route=%2Fwp%2Fv2%2Fcategories&post=132870"},{"taxonomy":"post_tag","embeddable":true,"href":"https:\/\/historiadofutebol.com\/blog\/index.php?rest_route=%2Fwp%2Fv2%2Ftags&post=132870"}],"curies":[{"name":"wp","href":"https:\/\/api.w.org\/{rel}","templated":true}]}}