{"id":132780,"date":"2024-07-01T00:01:00","date_gmt":"2024-07-01T03:01:00","guid":{"rendered":"https:\/\/historiadofutebol.com\/blog\/?p=132780"},"modified":"2024-06-28T02:34:08","modified_gmt":"2024-06-28T05:34:08","slug":"uniao-vila-pirituba-futebol-clube-sao-paulo-sp-fundado-em-1941","status":"publish","type":"post","link":"https:\/\/historiadofutebol.com\/blog\/?p=132780","title":{"rendered":"Uni\u00e3o Vila Pirituba Futebol Clube &#8211; S\u00e3o Paulo (SP): Fundado em 1941"},"content":{"rendered":"<div class=\"wp-block-image\">\n<figure class=\"aligncenter size-large\"><img loading=\"lazy\" decoding=\"async\" width=\"500\" height=\"208\" src=\"https:\/\/historiadofutebol.com\/blog\/wp-content\/uploads\/2024\/06\/Sem-titulo-1-500x208.png\" alt=\"\" class=\"wp-image-132781\" srcset=\"https:\/\/historiadofutebol.com\/blog\/wp-content\/uploads\/2024\/06\/Sem-titulo-1-500x208.png 500w, https:\/\/historiadofutebol.com\/blog\/wp-content\/uploads\/2024\/06\/Sem-titulo-1-300x125.png 300w, https:\/\/historiadofutebol.com\/blog\/wp-content\/uploads\/2024\/06\/Sem-titulo-1-768x320.png 768w, https:\/\/historiadofutebol.com\/blog\/wp-content\/uploads\/2024\/06\/Sem-titulo-1-1536x639.png 1536w, https:\/\/historiadofutebol.com\/blog\/wp-content\/uploads\/2024\/06\/Sem-titulo-1-624x260.png 624w, https:\/\/historiadofutebol.com\/blog\/wp-content\/uploads\/2024\/06\/Sem-titulo-1.png 1598w\" sizes=\"auto, (max-width: 500px) 100vw, 500px\" \/><\/figure><\/div>\n\n\n<h2 class=\"wp-block-heading\"><strong><em><mark style=\"background-color:rgba(0, 0, 0, 0);color:#0e6521\" class=\"has-inline-color\">Por S\u00e9rgio Mello<\/mark><\/em><\/strong><\/h2>\n\n\n\n<p><mark style=\"background-color:rgba(0, 0, 0, 0);color:#000000\" class=\"has-inline-color\">O <strong><em>Uni\u00e3o Vila Pirituba Futebol Clube<\/em><\/strong> foi uma agremia\u00e7\u00e3o da cidade de S\u00e3o Paulo (SP). <strong><em>Fundado na d\u00e9cada de 30<\/em><\/strong>, com o nome de <strong><em>Primeiro de Maio<\/em><\/strong>. Uma d\u00e9cada depois foi reorganizado e rebatizado. Assim, o \u201c<strong><em>Clube mais Querido de Pirituba<\/em><\/strong>\u201d foi <strong><em>Fundado em 1941<\/em><\/strong>. <em>Em 1967<\/em>, alterou o nome para <strong><em>Centro Recreativo Vila Pirituba<\/em><\/strong>.<\/mark><\/p>\n\n\n\n<p><mark style=\"background-color:rgba(0, 0, 0, 0);color:#000000\" class=\"has-inline-color\">A sua <strong><em>Sede social<\/em><\/strong> localizado na <strong><em>Avenida Jaragu\u00e1 (<\/em><\/strong><em>Atual: Avenida Muitinga<strong>), n\u00ba 2-A, no bairro de Pirituba, na Zona Noroeste da capital paulista<\/strong><\/em>. \u00a0O seu <strong><em>campo<\/em><\/strong> ficava na <strong><em>Av. Agenor Couto de Magalh\u00e3es, n\u00ba 32 (esquina com Avenida Mutinga), em Pirituba<\/em><\/strong>.<\/mark><\/p>\n\n\n\n<p><mark style=\"background-color:rgba(0, 0, 0, 0);color:#000000\" class=\"has-inline-color\">O <strong><em>Uni\u00e3o Vila Pirituba <\/em><\/strong>era muito ativo nas realiza\u00e7\u00f5es de eventos como bailes, Festa Junina, Carnaval, etc. Al\u00e9m disso, realizou a corrida pedestre batizado de <strong><em>Volta de Pirituba <\/em><\/strong>que acontecia no primeiro semestre e foram realizados: <strong><em>1946, 1947, 1948, 1949 e 1950<\/em><\/strong>. Al\u00e9m do <strong><em>futebol<\/em><\/strong>, o clube tamb\u00e9m contava com o <strong><em>basquete<\/em><\/strong> e <strong><em>voleibol<\/em><\/strong>.<\/mark><\/p>\n\n\n\n<p><mark style=\"background-color:rgba(0, 0, 0, 0);color:#000000\" class=\"has-inline-color\"><em>Em janeiro de 1948<\/em>, foi empossada a <strong><em>nova diretoria<\/em><\/strong>:<\/mark><\/p>\n\n\n\n<p><mark style=\"background-color:rgba(0, 0, 0, 0);color:#000000\" class=\"has-inline-color\"><strong><em>Presidente &#8211;<\/em><\/strong><em> Ant\u00f4nio Jorge Filho<\/em>; <\/mark><\/p>\n\n\n\n<p><mark style=\"background-color:rgba(0, 0, 0, 0);color:#000000\" class=\"has-inline-color\"><strong><em>Presidente honor\u00e1rio &#8211;<\/em><\/strong><em> Ant\u00f4nio Werneck Rodrigues<\/em>; <\/mark><\/p>\n\n\n\n<p><mark style=\"background-color:rgba(0, 0, 0, 0);color:#000000\" class=\"has-inline-color\"><strong><em>Vice-presidente &#8211;<\/em><\/strong><em> Mansueto Pradella<\/em>; <\/mark><\/p>\n\n\n\n<p><mark style=\"background-color:rgba(0, 0, 0, 0);color:#000000\" class=\"has-inline-color\"><strong><em>1\u00ba Secretario &#8211;<\/em><\/strong><em> Stefano Mauzzer<\/em>; <\/mark><\/p>\n\n\n\n<p><mark style=\"background-color:rgba(0, 0, 0, 0);color:#000000\" class=\"has-inline-color\"><strong><em>2\u00ba Secretario &#8211; <\/em><\/strong><em>Felipe Ramos<\/em>; <\/mark><\/p>\n\n\n\n<p><mark style=\"background-color:rgba(0, 0, 0, 0);color:#000000\" class=\"has-inline-color\"><strong><em>Tesoureiro &#8211;<\/em><\/strong><em> Humberto Castelo<\/em>; <\/mark><\/p>\n\n\n\n<p><mark style=\"background-color:rgba(0, 0, 0, 0);color:#000000\" class=\"has-inline-color\"><strong><em>Diretor esportivo &#8211;<\/em><\/strong><em> Pedro Rodrigues<\/em>; <\/mark><\/p>\n\n\n\n<p><mark style=\"background-color:rgba(0, 0, 0, 0);color:#000000\" class=\"has-inline-color\"><strong><em>Auxiliar esportivo &#8211;<\/em><\/strong><em> S\u00edrio do Prado<\/em>.<\/mark><\/p>\n\n\n\n<h2 class=\"wp-block-heading\"><strong><mark style=\"background-color:rgba(0, 0, 0, 0);color:#ff0000\" class=\"has-inline-color\">Quadra Poliesportiva inaugurada em 1955<\/mark><\/strong><\/h2>\n\n\n\n<p><mark style=\"background-color:rgba(0, 0, 0, 0);color:#000000\" class=\"has-inline-color\"><em>Na ter\u00e7a-feira, do dia 15 de novembro de 1955<\/em>, foi inaugurado a <strong><em>quadra poliesportiva<\/em><\/strong> do <strong><em>Uni\u00e3o<\/em><\/strong>. No vizinho sub\u00farbio da <strong><em>E.F.S.J.<\/em><\/strong>, na pra\u00e7a de esportes do <strong><em>Uni\u00e3o V. Pirituba F.C.<\/em><\/strong>, <strong><em>na Av. Jaragu\u00e1, n\u00ba 2<\/em><\/strong>, a <strong><em>quadra<\/em><\/strong> de <strong><em>Bola ao Cesto (basquete) e Voleibol<\/em><\/strong>.<\/mark><\/p>\n\n\n\n<p><mark style=\"background-color:rgba(0, 0, 0, 0);color:#000000\" class=\"has-inline-color\">Quadra foi constru\u00edda de acordo com os regulamentos oficiais e que muito ir\u00e1 engrandecer o desenvolvimento desse esporte no vizinho sub\u00farbio bandeirante.<\/mark><\/p>\n\n\n\n<p><mark style=\"background-color:rgba(0, 0, 0, 0);color:#000000\" class=\"has-inline-color\">O in\u00edcio das festividades est\u00e1 programado para \u00e0s 14 horas, no que tomar\u00e3o parte o forte quinteto do <strong><em>Gr\u00eamio 15 de Dezembro<\/em><\/strong>, da <strong><em>Escola de Oficiais da nossa gloriosa For\u00e7a P\u00fablica<\/em><\/strong>, contra o forte conjunto do <strong><em>Nacional A.C.<\/em><\/strong>, que gentilmente atenderam aos convites formulados para esta grande tarde esportiva.<\/mark><\/p>\n\n\n\n<p><mark style=\"background-color:rgba(0, 0, 0, 0);color:#000000\" class=\"has-inline-color\">Como preliminar teremos a apresenta\u00e7\u00e3o inicial dos principiantes de voleibol, que ser\u00e1 os quadros do <strong><em>Uni\u00e3o Vila Pirituba<\/em><\/strong> e o <strong><em>S\u00e3o Paulo Recreativo (S.P.R.)<\/em><\/strong>.<\/mark><\/p>\n\n\n<div class=\"wp-block-image\">\n<figure class=\"aligncenter size-large\"><img loading=\"lazy\" decoding=\"async\" width=\"500\" height=\"192\" src=\"https:\/\/historiadofutebol.com\/blog\/wp-content\/uploads\/2024\/06\/Screenshot_20240627-0737473-500x192.png\" alt=\"\" class=\"wp-image-132782\" srcset=\"https:\/\/historiadofutebol.com\/blog\/wp-content\/uploads\/2024\/06\/Screenshot_20240627-0737473-500x192.png 500w, https:\/\/historiadofutebol.com\/blog\/wp-content\/uploads\/2024\/06\/Screenshot_20240627-0737473-300x115.png 300w, https:\/\/historiadofutebol.com\/blog\/wp-content\/uploads\/2024\/06\/Screenshot_20240627-0737473-768x294.png 768w, https:\/\/historiadofutebol.com\/blog\/wp-content\/uploads\/2024\/06\/Screenshot_20240627-0737473-624x239.png 624w, https:\/\/historiadofutebol.com\/blog\/wp-content\/uploads\/2024\/06\/Screenshot_20240627-0737473.png 939w\" sizes=\"auto, (max-width: 500px) 100vw, 500px\" \/><\/figure><\/div>\n\n\n<h2 class=\"wp-block-heading\"><strong><mark style=\"background-color:rgba(0, 0, 0, 0);color:#ff0000\" class=\"has-inline-color\">Participa\u00e7\u00f5es na esfera amadora<\/mark><\/strong><\/h2>\n\n\n\n<p><mark style=\"background-color:rgba(0, 0, 0, 0);color:#000000\" class=\"has-inline-color\">No futebol, <strong><em>Uni\u00e3o Vila Pirituba <\/em><\/strong>esteve presente em diversas competi\u00e7\u00f5es organizadas pela <strong><em>Federa\u00e7\u00e3o Paulista de Futebol (FPF)<\/em><\/strong>. A <strong><em>Divis\u00e3o Varzeana de Futebol do Estado de S\u00e3o Paulo<\/em><\/strong>, <strong><em>Subdivis\u00e3o Lapeana de 1948<\/em><\/strong>. O <strong><em>Campeonato Varzeano de Futebol de 1954<\/em><\/strong>; <strong><em>Campeonato Amador do Interior de 1957<\/em><\/strong>; a <strong><em>Divis\u00e3o Extra de Amadores de 1959<\/em><\/strong>, entre outras.<\/mark><\/p>\n\n\n\n<h2 class=\"wp-block-heading\"><strong><mark style=\"background-color:rgba(0, 0, 0, 0);color:#ff0000\" class=\"has-inline-color\">Uni\u00e3o bate o E.C. Cruzeiro<\/mark><\/strong><\/h2>\n\n\n\n<p><mark style=\"background-color:rgba(0, 0, 0, 0);color:#000000\" class=\"has-inline-color\"><em>Na sexta-feira, do dia 16 de janeiro de 1948<\/em>, o <strong><em>Uni\u00e3o Vila Pirituba Futebol Clube<\/em><\/strong> recebeu o <strong><em>Esporte Clube Cruzeiro<\/em><\/strong>, valendo a bela ta\u00e7a ofertada pela <em>Mercearia S\u00e3o Jorge<\/em>. No final, melhor para o Uni\u00e3o que goleou o advers\u00e1rio pelo placar de <strong><em>5 a 0<\/em><\/strong>.<\/mark><\/p>\n\n\n\n<p><mark style=\"background-color:rgba(0, 0, 0, 0);color:#000000\" class=\"has-inline-color\">Os gols foram assinalados por <em>Miro<\/em>, tr\u00eas vezes; <em>Macaco<\/em> e <em>Toco<\/em>, um tento cada. O <strong><em>Uni\u00e3o<\/em><\/strong> jogou com a seguinte forma\u00e7\u00e3o: <em>Pingo; Barbozinha e Colim; Armando, Macaco e Ferrara; Piva, Miro, Toco, Martins e Orlando<\/em>.<\/mark><\/p>\n\n\n<div class=\"wp-block-image\">\n<figure class=\"aligncenter size-large is-resized\"><img loading=\"lazy\" decoding=\"async\" width=\"500\" height=\"276\" src=\"https:\/\/historiadofutebol.com\/blog\/wp-content\/uploads\/2024\/06\/Screenshot_20240627-0740142-500x276.png\" alt=\"\" class=\"wp-image-132783\" style=\"width:655px;height:auto\" srcset=\"https:\/\/historiadofutebol.com\/blog\/wp-content\/uploads\/2024\/06\/Screenshot_20240627-0740142-500x276.png 500w, https:\/\/historiadofutebol.com\/blog\/wp-content\/uploads\/2024\/06\/Screenshot_20240627-0740142-300x165.png 300w, https:\/\/historiadofutebol.com\/blog\/wp-content\/uploads\/2024\/06\/Screenshot_20240627-0740142-624x344.png 624w, https:\/\/historiadofutebol.com\/blog\/wp-content\/uploads\/2024\/06\/Screenshot_20240627-0740142.png 720w\" sizes=\"auto, (max-width: 500px) 100vw, 500px\" \/><\/figure><\/div>\n\n\n<h2 class=\"wp-block-heading\"><strong><mark style=\"background-color:rgba(0, 0, 0, 0);color:#ff0000\" class=\"has-inline-color\">Triunfo diante do C.A. S\u00e3o Bento<\/mark><\/strong><\/h2>\n\n\n\n<p><mark style=\"background-color:rgba(0, 0, 0, 0);color:#000000\" class=\"has-inline-color\"><em>No domingo, do dia 08 de agosto de 1954<\/em>, o <strong><em>Uni\u00e3o Vila Pirituba <\/em><\/strong>recebeu a visita do forte e disciplinado conjunto do <strong><em>Clube Atletico<\/em><\/strong> <strong><em>S\u00e3o Bento<\/em><\/strong>, e venceu pelo <strong><em>placar de 4 a 3<\/em><\/strong>. Os gols foram assinalados por interm\u00e9dio de <em>Mineiro<\/em>, <em>Ja\u00fa<\/em> e <em>Emerson<\/em>, duas vezes.<\/mark><\/p>\n\n\n\n<p><mark style=\"background-color:rgba(0, 0, 0, 0);color:#000000\" class=\"has-inline-color\">Nos <strong><em>Segundos Quadros<\/em><\/strong>, o <strong><em>Uni\u00e3o<\/em><\/strong> tamb\u00e9m saiu vencedor pela contagem de <strong><em>3 a 1<\/em><\/strong>. O time principal do <strong><em>Uni\u00e3o<\/em><\/strong> jogou com: <em>Osvaldo; Colim e Barbante; Cinzeiro, \u00c1lvaro e Orlando; Emerson, Djalma, Ja\u00fa, A\u00e7\u00facar e Mineiro<\/em>.<\/mark><\/p>\n\n\n<div class=\"wp-block-image\">\n<figure class=\"aligncenter size-large is-resized\"><img loading=\"lazy\" decoding=\"async\" width=\"349\" height=\"500\" src=\"https:\/\/historiadofutebol.com\/blog\/wp-content\/uploads\/2024\/06\/A-Gazeta-Esportiva-SP-1957-349x500.jpeg\" alt=\"\" class=\"wp-image-132784\" style=\"width:655px;height:auto\" srcset=\"https:\/\/historiadofutebol.com\/blog\/wp-content\/uploads\/2024\/06\/A-Gazeta-Esportiva-SP-1957-349x500.jpeg 349w, https:\/\/historiadofutebol.com\/blog\/wp-content\/uploads\/2024\/06\/A-Gazeta-Esportiva-SP-1957-209x300.jpeg 209w, https:\/\/historiadofutebol.com\/blog\/wp-content\/uploads\/2024\/06\/A-Gazeta-Esportiva-SP-1957-768x1101.jpeg 768w, https:\/\/historiadofutebol.com\/blog\/wp-content\/uploads\/2024\/06\/A-Gazeta-Esportiva-SP-1957-1071x1536.jpeg 1071w, https:\/\/historiadofutebol.com\/blog\/wp-content\/uploads\/2024\/06\/A-Gazeta-Esportiva-SP-1957-624x895.jpeg 624w, https:\/\/historiadofutebol.com\/blog\/wp-content\/uploads\/2024\/06\/A-Gazeta-Esportiva-SP-1957.jpeg 1114w\" sizes=\"auto, (max-width: 349px) 100vw, 349px\" \/><\/figure><\/div>\n\n\n<h2 class=\"wp-block-heading\"><strong><mark style=\"background-color:rgba(0, 0, 0, 0);color:#ff0000\" class=\"has-inline-color\">Vit\u00f3ria no cl\u00e1ssico<\/mark><\/strong><\/h2>\n\n\n\n<p><mark style=\"background-color:rgba(0, 0, 0, 0);color:#000000\" class=\"has-inline-color\"><em>No domingo, do dia 14 de abril de 1957<\/em>, pela <strong><em>1\u00aa rodada<\/em><\/strong> do <strong><em>Campeonato Amador do Interior<\/em><\/strong>, da <strong><em>FPF<\/em><\/strong>, <strong><em>Setor &#8220;9&#8221;<\/em><\/strong>, o <strong><em>Uni\u00e3o Vila Pirituba F. C.<\/em><\/strong> venceu espetacularmente o valoroso esquadr\u00e3o do <strong><em>Pirituba F. C.<\/em><\/strong> pela contagem de <strong><em>1 a 0<\/em><\/strong>, tento este consignado por <em>Emilinho<\/em>, aos 5 minutos do primeiro tempo.<\/mark><\/p>\n\n\n\n<p><mark style=\"background-color:rgba(0, 0, 0, 0);color:#000000\" class=\"has-inline-color\">Os dois quadros, velhos rivais e que h\u00e1 oito anos n\u00e3o se defrontavam, fizeram uma brilhante partida, proporcionando \u00e0 numerosa torcida que lotou a <strong><em>Pra\u00e7a de Esportes<\/em><\/strong> do <strong><em>Uni\u00e3o Vila Pirituba F. C.<\/em><\/strong>, um espet\u00e1culo bonito e cavalheiresco, digno dos melhores aplausos.<\/mark><\/p>\n\n\n\n<p><mark style=\"background-color:rgba(0, 0, 0, 0);color:#000000\" class=\"has-inline-color\">O <strong><em>juiz<\/em><\/strong> da partida foi o <em>sr. Mario Gardeli<\/em>, indicado pela <strong><em>FPF<\/em><\/strong>, que teve uma brilhante atua\u00e7\u00e3o. O <strong><em>Uni\u00e3o Vila Pirituba F. C.<\/em><\/strong> alinhou com: <em>Chico; Orlando e Land\u00e3o; Paulo, \u00c1lvaro e Emilinho; Djalma, Ivo, Dilio, Tite e Ja\u00fa<\/em>.<\/mark><\/p>\n\n\n\n<p><mark style=\"background-color:rgba(0, 0, 0, 0);color:#000000\" class=\"has-inline-color\">A preliminar terminou sem abertura de contagem, tendo o <strong><em>Segundo Quadro<\/em><\/strong> do <strong><em>Unido Uni\u00e3o Vila Piritu F. C.<\/em><\/strong> jogado com a seguinte escala\u00e7\u00e3o: <em>Orlando; J\u00falio e \u00canio; Laercio, Z\u00e9 Pulinho e Mineiro; Castelinho; Joel, Ad\u00e3o, Martelo e Bolinha<\/em>.<\/mark><\/p>\n\n\n\n<figure class=\"wp-block-image size-large is-resized\"><img loading=\"lazy\" decoding=\"async\" width=\"500\" height=\"257\" src=\"https:\/\/historiadofutebol.com\/blog\/wp-content\/uploads\/2024\/06\/Screenshot_20240627-0649322-500x257.png\" alt=\"\" class=\"wp-image-132785\" style=\"width:655px;height:auto\" srcset=\"https:\/\/historiadofutebol.com\/blog\/wp-content\/uploads\/2024\/06\/Screenshot_20240627-0649322-500x257.png 500w, https:\/\/historiadofutebol.com\/blog\/wp-content\/uploads\/2024\/06\/Screenshot_20240627-0649322-300x154.png 300w, https:\/\/historiadofutebol.com\/blog\/wp-content\/uploads\/2024\/06\/Screenshot_20240627-0649322-624x321.png 624w, https:\/\/historiadofutebol.com\/blog\/wp-content\/uploads\/2024\/06\/Screenshot_20240627-0649322.png 720w\" sizes=\"auto, (max-width: 500px) 100vw, 500px\" \/><\/figure>\n\n\n\n<h2 class=\"wp-block-heading\"><strong><mark style=\"background-color:rgba(0, 0, 0, 0);color:#ff0000\" class=\"has-inline-color\">Uni\u00e3o foi goleado pelo time misto do S\u00e3o Paulo F.C.<\/mark><\/strong><\/h2>\n\n\n\n<p><mark style=\"background-color:rgba(0, 0, 0, 0);color:#000000\" class=\"has-inline-color\"><em>No domingo, do dia 13 de abril de 1958<\/em>, no vizinho <em>sub\u00farbio da<\/em> <strong><em>E.F.S.J.<\/em><\/strong>, enfrentou o seu advers\u00e1rio mais famoso e poderoso: o <strong><em>S\u00e3o Paulo Futebol Clube<\/em><\/strong>.<\/mark><\/p>\n\n\n\n<p><mark style=\"background-color:rgba(0, 0, 0, 0);color:#000000\" class=\"has-inline-color\">Mesmo com o seu time misto, o<strong><em> S\u00e3o Paulo F.C.<\/em><\/strong> n\u00e3o tomou conhecimento e goleou o <strong><em>Uni\u00e3o Vila Pirituba F.C.<\/em><\/strong> pelo placar de <strong><em>5 a 1<\/em><\/strong>. O \u00e1rbitro da partida foi o <em>Sr. Serafim Bombicino<\/em>.<\/mark><\/p>\n\n\n\n<p><mark style=\"background-color:rgba(0, 0, 0, 0);color:#000000\" class=\"has-inline-color\">O <strong><em>Tricolor do Morumbi<\/em><\/strong> formou com: <em>Valdemar; Lopes, Atilio, Sabar\u00e1, Laurindo, Ademar, Eduardo, Juraci, Rubini, Osvaldo, Celso, Roberto<\/em>. Na preliminar, jogaram o misto do <strong><em>Uni\u00e3o Vila Pirituba F.C.<\/em><\/strong> venceu o <strong><em>Tiradentes F.C.<\/em><\/strong>, de Vila Mirante.<\/mark><\/p>\n\n\n\n<p><strong><mark style=\"background-color:rgba(0, 0, 0, 0);color:#178215\" class=\"has-inline-color\"><em><u>ARTES<\/u>:<\/em><\/mark><\/strong><em><mark style=\"background-color:rgba(0, 0, 0, 0);color:#178215\" class=\"has-inline-color\"> Desenho do escudo e uniformes \u2013 S\u00e9rgio Mello<\/mark><\/em><\/p>\n\n\n\n<p><strong><mark style=\"background-color:rgba(0, 0, 0, 0);color:#a81414\" class=\"has-inline-color\"><em><u>COLABOROU<\/u>:<\/em><\/mark><\/strong><em><mark style=\"background-color:rgba(0, 0, 0, 0);color:#a81414\" class=\"has-inline-color\"> Waldomiro Junho<\/mark><\/em><\/p>\n\n\n\n<p><strong><mark style=\"background-color:rgba(0, 0, 0, 0);color:#12821f\" class=\"has-inline-color\"><em><u>FOTOS<\/u>:<\/em><\/mark><\/strong><em><mark style=\"background-color:rgba(0, 0, 0, 0);color:#12821f\" class=\"has-inline-color\"> Acervo da <em>P\u00e1gina no Facebook \u201cHist\u00f3rias de Pirituba\u201d<\/em><\/mark><\/em><\/p>\n\n\n\n<p><strong><mark style=\"background-color:rgba(0, 0, 0, 0);color:#c11616\" class=\"has-inline-color\"><em><u>FONTES<\/u>:<\/em><\/mark><\/strong><em><mark style=\"background-color:rgba(0, 0, 0, 0);color:#c11616\" class=\"has-inline-color\"> A Gazeta Esportiva (SP) \u2013 A Tribuna (SP) \u2013 Correio Paulistano (SP) \u2013 Di\u00e1rio da Noite (SP) \u2013 Jornal de Not\u00edcias (SP) \u2013 Mundo Esportivo (SP) \u2013 P\u00e1gina no Facebook \u201cHist\u00f3rias de Pirituba\u201d<\/mark><\/em><\/p>\n","protected":false},"excerpt":{"rendered":"<p>Por S\u00e9rgio Mello O Uni\u00e3o Vila Pirituba Futebol Clube foi uma agremia\u00e7\u00e3o da cidade de S\u00e3o Paulo (SP). Fundado na d\u00e9cada de 30, com o nome de Primeiro de Maio. Uma d\u00e9cada depois foi reorganizado e rebatizado. Assim, o \u201cClube mais Querido de Pirituba\u201d foi Fundado em 1941. Em 1967, alterou o nome para Centro [&hellip;]<\/p>\n","protected":false},"author":55,"featured_media":0,"comment_status":"open","ping_status":"closed","sticky":false,"template":"","format":"standard","meta":{"footnotes":""},"categories":[203,531,83,59,345,118,3,51],"tags":[],"class_list":["post-132780","post","type-post","status-publish","format-standard","hentry","category-sergio-mello","category-carencias","category-x9-curiosidades","category-escudos","category-fotos-historicas","category-futebol-amador-varzeano","category-historia-do-futebol","category-sao-paulo"],"_links":{"self":[{"href":"https:\/\/historiadofutebol.com\/blog\/index.php?rest_route=\/wp\/v2\/posts\/132780","targetHints":{"allow":["GET"]}}],"collection":[{"href":"https:\/\/historiadofutebol.com\/blog\/index.php?rest_route=\/wp\/v2\/posts"}],"about":[{"href":"https:\/\/historiadofutebol.com\/blog\/index.php?rest_route=\/wp\/v2\/types\/post"}],"author":[{"embeddable":true,"href":"https:\/\/historiadofutebol.com\/blog\/index.php?rest_route=\/wp\/v2\/users\/55"}],"replies":[{"embeddable":true,"href":"https:\/\/historiadofutebol.com\/blog\/index.php?rest_route=%2Fwp%2Fv2%2Fcomments&post=132780"}],"version-history":[{"count":1,"href":"https:\/\/historiadofutebol.com\/blog\/index.php?rest_route=\/wp\/v2\/posts\/132780\/revisions"}],"predecessor-version":[{"id":132786,"href":"https:\/\/historiadofutebol.com\/blog\/index.php?rest_route=\/wp\/v2\/posts\/132780\/revisions\/132786"}],"wp:attachment":[{"href":"https:\/\/historiadofutebol.com\/blog\/index.php?rest_route=%2Fwp%2Fv2%2Fmedia&parent=132780"}],"wp:term":[{"taxonomy":"category","embeddable":true,"href":"https:\/\/historiadofutebol.com\/blog\/index.php?rest_route=%2Fwp%2Fv2%2Fcategories&post=132780"},{"taxonomy":"post_tag","embeddable":true,"href":"https:\/\/historiadofutebol.com\/blog\/index.php?rest_route=%2Fwp%2Fv2%2Ftags&post=132780"}],"curies":[{"name":"wp","href":"https:\/\/api.w.org\/{rel}","templated":true}]}}