{"id":132760,"date":"2024-06-27T02:11:44","date_gmt":"2024-06-27T05:11:44","guid":{"rendered":"https:\/\/historiadofutebol.com\/blog\/?p=132760"},"modified":"2024-06-27T13:46:03","modified_gmt":"2024-06-27T16:46:03","slug":"retiro-sport-club-nova-lima-mg-papel-timbrado-com-o-escudo-de-1932","status":"publish","type":"post","link":"https:\/\/historiadofutebol.com\/blog\/?p=132760","title":{"rendered":"Retiro Sport Club &#8211; Nova Lima (MG): papel timbrado com o escudo de 1932"},"content":{"rendered":"<div class=\"wp-block-image\">\n<figure class=\"aligncenter size-large\"><img loading=\"lazy\" decoding=\"async\" width=\"500\" height=\"319\" src=\"https:\/\/historiadofutebol.com\/blog\/wp-content\/uploads\/2024\/06\/Sem-titulo-15-500x319.jpg\" alt=\"\" class=\"wp-image-132763\" srcset=\"https:\/\/historiadofutebol.com\/blog\/wp-content\/uploads\/2024\/06\/Sem-titulo-15-500x319.jpg 500w, https:\/\/historiadofutebol.com\/blog\/wp-content\/uploads\/2024\/06\/Sem-titulo-15-300x191.jpg 300w, https:\/\/historiadofutebol.com\/blog\/wp-content\/uploads\/2024\/06\/Sem-titulo-15-768x489.jpg 768w, https:\/\/historiadofutebol.com\/blog\/wp-content\/uploads\/2024\/06\/Sem-titulo-15-624x398.jpg 624w, https:\/\/historiadofutebol.com\/blog\/wp-content\/uploads\/2024\/06\/Sem-titulo-15.jpg 1061w\" sizes=\"auto, (max-width: 500px) 100vw, 500px\" \/><\/figure><\/div>\n\n\n<h2 class=\"wp-block-heading\"><em><strong><mark style=\"background-color:rgba(0, 0, 0, 0);color:#0c670d\" class=\"has-inline-color\">Por S\u00e9rgio Mello<\/mark><\/strong><\/em><\/h2>\n\n\n\n<p><mark style=\"background-color:rgba(0, 0, 0, 0);color:#000000\" class=\"has-inline-color\">O\u00a0<strong><em>Retiro Sport Club<\/em><\/strong>\u00a0\u00e9 uma agremia\u00e7\u00e3o Centen\u00e1ria da Cidade de Nova Lima (MG).\u00a0O \u201c<em><strong>Alvinegro das Montanhas Novalimense<\/strong><\/em>\u201d foi<strong> Fundado no s\u00e1bado, do dia 1\u00ba de Julho de 1916<\/strong>, possui a sua\u00a0<strong><em>Sede<\/em><\/strong>\u00a0e\u00a0<strong><em>Est\u00e1dio Retiro Saudoso, Colina<\/em><\/strong>, localizados na\u00a0<strong><em>Rua Elogio Pimentel, s\/n, Bairro do Retiro, em Nova Lima<\/em><\/strong>. Foi <em><strong>Vice-campe\u00e3o Mineiro de 1932<\/strong><\/em>, ainda pela <em><strong>LMDT<\/strong><\/em>, e <em><strong>3\u00b0 lugar<\/strong><\/em> no <em><strong>campeonato mineiro de 1936<\/strong><\/em>.<\/mark><\/p>\n\n\n\n<figure class=\"wp-block-image size-large is-resized\"><img loading=\"lazy\" decoding=\"async\" width=\"500\" height=\"167\" src=\"https:\/\/historiadofutebol.com\/blog\/wp-content\/uploads\/2024\/06\/122-500x167.jpg\" alt=\"\" class=\"wp-image-132764\" style=\"width:655px;height:auto\" srcset=\"https:\/\/historiadofutebol.com\/blog\/wp-content\/uploads\/2024\/06\/122-500x167.jpg 500w, https:\/\/historiadofutebol.com\/blog\/wp-content\/uploads\/2024\/06\/122-300x100.jpg 300w, https:\/\/historiadofutebol.com\/blog\/wp-content\/uploads\/2024\/06\/122-768x257.jpg 768w, https:\/\/historiadofutebol.com\/blog\/wp-content\/uploads\/2024\/06\/122-1536x513.jpg 1536w, https:\/\/historiadofutebol.com\/blog\/wp-content\/uploads\/2024\/06\/122-2048x685.jpg 2048w, https:\/\/historiadofutebol.com\/blog\/wp-content\/uploads\/2024\/06\/122-624x209.jpg 624w\" sizes=\"auto, (max-width: 500px) 100vw, 500px\" \/><\/figure>\n\n\n\n<h1 class=\"wp-block-heading\"><strong>Vice-campe\u00e3o Mineiro de 1932<\/strong><\/h1>\n\n\n\n<p>Apesar de ter acabado com futebol profissional e muitos daqueles que freq\u00fcentam o clube atualmente, desconhecem a hist\u00f3ria do&nbsp;<strong>Retiro,&nbsp;<\/strong>o time de futebol &nbsp;j\u00e1 foi&nbsp;<em>\u2018figurinha carimbada\u2019<\/em>&nbsp;na&nbsp;<strong><em>Elite do Futebol Mineiro<\/em><\/strong>, nos idos de 20 e 30. Ao todo, foram&nbsp;<em>sete participa\u00e7\u00f5es<\/em>&nbsp;no&nbsp;<strong><em>Campeonato Mineiro da 1\u00aa Divis\u00e3o<\/em><\/strong>:&nbsp;<strong><em>1927 (7\u00ba lugar)<\/em><\/strong>,&nbsp;<strong><em>1932 (2\u00ba lugar)<\/em><\/strong>,&nbsp;<strong><em>1933 (8\u00ba lugar)<\/em><\/strong>,&nbsp;<strong><em>1934 (4\u00ba lugar)<\/em><\/strong>,&nbsp;<strong><em>1935 (6\u00ba lugar)<\/em><\/strong>,&nbsp;<strong><em>1936 (3\u00ba lugar)<\/em><\/strong>&nbsp;e&nbsp;<strong><em>1937 (6\u00ba lugar)<\/em><\/strong>.<\/p>\n\n\n\n<p>Dessas edi\u00e7\u00f5es, duas se destacam: o&nbsp;<strong><em>vice-campeonato de 1932<\/em><\/strong>&nbsp;<em>(s\u00f3 atr\u00e1s do&nbsp;<strong>Atl\u00e9tico Mineiro<\/strong>)<\/em>, organizado pela&nbsp;<strong><em>Liga Mineira de Desportos Terrestres (LMDT)<\/em><\/strong>&nbsp;e a&nbsp;<strong><em>3\u00aa coloca\u00e7\u00e3o do Campeonato&nbsp;<\/em><\/strong>reunificado de&nbsp;<strong><em>1936<\/em><\/strong>.<\/p>\n\n\n\n<p>Nos dias atuais, o&nbsp;<strong>Retiro<\/strong>&nbsp;busca estimular a pr\u00e1tica esportiva e a inclus\u00e3o social, por meio da sua&nbsp;<em>Escolinha de Futebol<\/em>, onde formam atletas, mas, principalmente, cidad\u00e3os de bem.<\/p>\n\n\n\n<figure class=\"wp-block-image size-large is-resized\"><img loading=\"lazy\" decoding=\"async\" width=\"500\" height=\"280\" src=\"https:\/\/historiadofutebol.com\/blog\/wp-content\/uploads\/2024\/06\/212594200_1235155086921379_3826583394451621127_n-500x280.jpg\" alt=\"\" class=\"wp-image-132765\" style=\"width:655px;height:auto\" srcset=\"https:\/\/historiadofutebol.com\/blog\/wp-content\/uploads\/2024\/06\/212594200_1235155086921379_3826583394451621127_n-500x280.jpg 500w, https:\/\/historiadofutebol.com\/blog\/wp-content\/uploads\/2024\/06\/212594200_1235155086921379_3826583394451621127_n-300x168.jpg 300w, https:\/\/historiadofutebol.com\/blog\/wp-content\/uploads\/2024\/06\/212594200_1235155086921379_3826583394451621127_n-768x430.jpg 768w, https:\/\/historiadofutebol.com\/blog\/wp-content\/uploads\/2024\/06\/212594200_1235155086921379_3826583394451621127_n-624x350.jpg 624w, https:\/\/historiadofutebol.com\/blog\/wp-content\/uploads\/2024\/06\/212594200_1235155086921379_3826583394451621127_n.jpg 1280w\" sizes=\"auto, (max-width: 500px) 100vw, 500px\" \/><\/figure>\n\n\n\n<p><em><mark style=\"background-color:rgba(0, 0, 0, 0);color:#6f0c0c\" class=\"has-inline-color\"><strong>ARTES:<\/strong> Escudo e uniforme &#8211; S\u00e9rgio Mello<\/mark><\/em><\/p>\n\n\n\n<p><em><mark style=\"background-color:rgba(0, 0, 0, 0);color:#ea0000\" class=\"has-inline-color\"><strong>COLABOROU: <\/strong>Fabiano Rosa Campos<\/mark><\/em><\/p>\n\n\n\n<p><em><mark style=\"background-color:rgba(0, 0, 0, 0);color:#157623\" class=\"has-inline-color\"><strong>FOTO:<\/strong> Sport Ilustrado (RJ) <\/mark><\/em><\/p>\n\n\n\n<p><strong><mark style=\"background-color:rgba(0, 0, 0, 0);color:#0f1562\" class=\"has-inline-color\"><em>FONTES:<\/em><\/mark><\/strong><em><mark style=\"background-color:rgba(0, 0, 0, 0);color:#0f1562\" class=\"has-inline-color\">\u00a0<\/mark>minhas anota\u00e7\u00f5es \u2013<\/em> <em><mark style=\"background-color:rgba(0, 0, 0, 0);color:#0f1562\" class=\"has-inline-color\">Rsssf Brasil \u2013 P\u00e1gina do Clube no Facebook <\/mark><\/em><\/p>\n","protected":false},"excerpt":{"rendered":"<p>Por S\u00e9rgio Mello O\u00a0Retiro Sport Club\u00a0\u00e9 uma agremia\u00e7\u00e3o Centen\u00e1ria da Cidade de Nova Lima (MG).\u00a0O \u201cAlvinegro das Montanhas Novalimense\u201d foi Fundado no s\u00e1bado, do dia 1\u00ba de Julho de 1916, possui a sua\u00a0Sede\u00a0e\u00a0Est\u00e1dio Retiro Saudoso, Colina, localizados na\u00a0Rua Elogio Pimentel, s\/n, Bairro do Retiro, em Nova Lima. Foi Vice-campe\u00e3o Mineiro de 1932, ainda pela LMDT, [&hellip;]<\/p>\n","protected":false},"author":55,"featured_media":0,"comment_status":"open","ping_status":"closed","sticky":false,"template":"","format":"standard","meta":{"footnotes":""},"categories":[203,531,83,59,345,3,39],"tags":[],"class_list":["post-132760","post","type-post","status-publish","format-standard","hentry","category-sergio-mello","category-carencias","category-x9-curiosidades","category-escudos","category-fotos-historicas","category-historia-do-futebol","category-minas-gerais"],"_links":{"self":[{"href":"https:\/\/historiadofutebol.com\/blog\/index.php?rest_route=\/wp\/v2\/posts\/132760","targetHints":{"allow":["GET"]}}],"collection":[{"href":"https:\/\/historiadofutebol.com\/blog\/index.php?rest_route=\/wp\/v2\/posts"}],"about":[{"href":"https:\/\/historiadofutebol.com\/blog\/index.php?rest_route=\/wp\/v2\/types\/post"}],"author":[{"embeddable":true,"href":"https:\/\/historiadofutebol.com\/blog\/index.php?rest_route=\/wp\/v2\/users\/55"}],"replies":[{"embeddable":true,"href":"https:\/\/historiadofutebol.com\/blog\/index.php?rest_route=%2Fwp%2Fv2%2Fcomments&post=132760"}],"version-history":[{"count":3,"href":"https:\/\/historiadofutebol.com\/blog\/index.php?rest_route=\/wp\/v2\/posts\/132760\/revisions"}],"predecessor-version":[{"id":132775,"href":"https:\/\/historiadofutebol.com\/blog\/index.php?rest_route=\/wp\/v2\/posts\/132760\/revisions\/132775"}],"wp:attachment":[{"href":"https:\/\/historiadofutebol.com\/blog\/index.php?rest_route=%2Fwp%2Fv2%2Fmedia&parent=132760"}],"wp:term":[{"taxonomy":"category","embeddable":true,"href":"https:\/\/historiadofutebol.com\/blog\/index.php?rest_route=%2Fwp%2Fv2%2Fcategories&post=132760"},{"taxonomy":"post_tag","embeddable":true,"href":"https:\/\/historiadofutebol.com\/blog\/index.php?rest_route=%2Fwp%2Fv2%2Ftags&post=132760"}],"curies":[{"name":"wp","href":"https:\/\/api.w.org\/{rel}","templated":true}]}}