{"id":132738,"date":"2024-06-28T00:01:00","date_gmt":"2024-06-28T03:01:00","guid":{"rendered":"https:\/\/historiadofutebol.com\/blog\/?p=132738"},"modified":"2024-06-27T01:55:34","modified_gmt":"2024-06-27T04:55:34","slug":"escudo-de-1930-villa-nova-atletico-clube-nova-lima-mg-completa-hoje-116-anos","status":"publish","type":"post","link":"https:\/\/historiadofutebol.com\/blog\/?p=132738","title":{"rendered":"Escudo de 1930: Villa Nova Atl\u00e9tico Clube &#8211; Nova Lima (MG), completa hoje 116 anos!"},"content":{"rendered":"<div class=\"wp-block-image\">\n<figure class=\"aligncenter size-large\"><img loading=\"lazy\" decoding=\"async\" width=\"500\" height=\"215\" src=\"https:\/\/historiadofutebol.com\/blog\/wp-content\/uploads\/2024\/06\/Sem-titulo-12-500x215.jpg\" alt=\"\" class=\"wp-image-132739\" srcset=\"https:\/\/historiadofutebol.com\/blog\/wp-content\/uploads\/2024\/06\/Sem-titulo-12-500x215.jpg 500w, https:\/\/historiadofutebol.com\/blog\/wp-content\/uploads\/2024\/06\/Sem-titulo-12-300x129.jpg 300w, https:\/\/historiadofutebol.com\/blog\/wp-content\/uploads\/2024\/06\/Sem-titulo-12-768x330.jpg 768w, https:\/\/historiadofutebol.com\/blog\/wp-content\/uploads\/2024\/06\/Sem-titulo-12-1536x660.jpg 1536w, https:\/\/historiadofutebol.com\/blog\/wp-content\/uploads\/2024\/06\/Sem-titulo-12-624x268.jpg 624w, https:\/\/historiadofutebol.com\/blog\/wp-content\/uploads\/2024\/06\/Sem-titulo-12.jpg 1709w\" sizes=\"auto, (max-width: 500px) 100vw, 500px\" \/><figcaption class=\"wp-element-caption\"><em><strong><mark style=\"background-color:rgba(0, 0, 0, 0);color:#a61616\" class=\"has-inline-color\">Escudo e uniforme de 1930<\/mark><\/strong><\/em><\/figcaption><\/figure><\/div>\n\n\n<h2 class=\"wp-block-heading\"><strong><em><mark style=\"background-color:rgba(0, 0, 0, 0);color:#df1313\" class=\"has-inline-color\">Por S\u00e9rgio Mello<\/mark><\/em><\/strong><\/h2>\n\n\n\n<h2 class=\"wp-block-heading has-text-align-center\"><strong><mark style=\"background-color:rgba(0, 0, 0, 0);color:#ff0000\" class=\"has-inline-color\">Uma Hist\u00f3ria Gloriosa<\/mark><\/strong><\/h2>\n\n\n\n<p><mark style=\"background-color:rgba(0, 0, 0, 0);color:#000000\" class=\"has-inline-color\"><em>No dia 28 de junho de 1930<\/em>, uma bela mat\u00e9ria do <em>Di\u00e1rio de Not\u00edcias (RJ)<\/em> sobre o <strong><em>Villa Nova Athletico Club<\/em><\/strong>, um dos mais festejados clubes filiados \u00e0 <strong><em>Liga Mineira de Desportos Terrestres (LMDT)<\/em><\/strong>, que comemorava 22 anos de exist\u00eancia.<\/mark><\/p>\n\n\n<div class=\"wp-block-image\">\n<figure class=\"aligncenter size-large is-resized\"><img loading=\"lazy\" decoding=\"async\" width=\"355\" height=\"500\" src=\"https:\/\/historiadofutebol.com\/blog\/wp-content\/uploads\/2024\/06\/Sem-titulo1-355x500.jpg\" alt=\"\" class=\"wp-image-132740\" style=\"width:355px;height:auto\" srcset=\"https:\/\/historiadofutebol.com\/blog\/wp-content\/uploads\/2024\/06\/Sem-titulo1-355x500.jpg 355w, https:\/\/historiadofutebol.com\/blog\/wp-content\/uploads\/2024\/06\/Sem-titulo1-213x300.jpg 213w, https:\/\/historiadofutebol.com\/blog\/wp-content\/uploads\/2024\/06\/Sem-titulo1.jpg 519w\" sizes=\"auto, (max-width: 355px) 100vw, 355px\" \/><figcaption class=\"wp-element-caption\"><em><strong><mark style=\"background-color:rgba(0, 0, 0, 0);color:#d81010\" class=\"has-inline-color\">1\u00ba Uniforme do Villa Nova<\/mark><\/strong><\/em><\/figcaption><\/figure><\/div>\n\n\n<p><mark style=\"background-color:rgba(0, 0, 0, 0);color:#000000\" class=\"has-inline-color\">O <em>glorioso clube mineiro<\/em> da cidade de Nova Lima, Minas, que foi <strong><em>fundado no domingo, do dia 28 de junho de 1908<\/em><\/strong>, por trabalhadores da <strong><em>mina de Morro Velho<\/em><\/strong>, pertencente \u00e0 <strong><em>Saint John Del Rey Mining Company Limited<\/em><\/strong> da cidade de Nova Lima.<\/mark><\/p>\n\n\n<div class=\"wp-block-image\">\n<figure class=\"aligncenter size-large is-resized\"><img loading=\"lazy\" decoding=\"async\" width=\"500\" height=\"343\" src=\"https:\/\/historiadofutebol.com\/blog\/wp-content\/uploads\/2024\/06\/Sem-titulo-13-500x343.jpg\" alt=\"\" class=\"wp-image-132750\" style=\"width:655px;height:auto\" srcset=\"https:\/\/historiadofutebol.com\/blog\/wp-content\/uploads\/2024\/06\/Sem-titulo-13-500x343.jpg 500w, https:\/\/historiadofutebol.com\/blog\/wp-content\/uploads\/2024\/06\/Sem-titulo-13-300x206.jpg 300w, https:\/\/historiadofutebol.com\/blog\/wp-content\/uploads\/2024\/06\/Sem-titulo-13-768x527.jpg 768w, https:\/\/historiadofutebol.com\/blog\/wp-content\/uploads\/2024\/06\/Sem-titulo-13-624x428.jpg 624w, https:\/\/historiadofutebol.com\/blog\/wp-content\/uploads\/2024\/06\/Sem-titulo-13.jpg 865w\" sizes=\"auto, (max-width: 500px) 100vw, 500px\" \/><figcaption class=\"wp-element-caption\"><em><strong><mark style=\"background-color:rgba(0, 0, 0, 0);color:#db0d0d\" class=\"has-inline-color\">Forto posada de 1908<\/mark><\/strong><\/em><\/figcaption><\/figure><\/div>\n\n\n<h2 class=\"wp-block-heading\"><strong><mark style=\"background-color:rgba(0, 0, 0, 0);color:#ff0000\" class=\"has-inline-color\">A escolha do nome<\/mark><\/strong><\/h2>\n\n\n\n<p><mark style=\"background-color:rgba(0, 0, 0, 0);color:#000000\" class=\"has-inline-color\">Nos prim\u00f3rdios da sua hist\u00f3ria, o munic\u00edpio de Nova Lima chamava-se <strong><em>Villa Nova de Lima<\/em><\/strong> e os fundadores resolveram homenagear o antigo top\u00f4nimo e mantiveram, inclusive, a grafia de <strong><em>Villa<\/em><\/strong> com dois\u201d L\u201d. Logo no in\u00edcio da sua bela trajet\u00f3ria, o <strong><em>Villa Nova<\/em><\/strong> consolidou-se como um dos mais tradicionais e aguerridos times do estado de Minas Gerais e os t\u00edtulos n\u00e3o demoraram a ser conquistados.<\/mark><\/p>\n\n\n\n<p><mark style=\"background-color:rgba(0, 0, 0, 0);color:#000000\" class=\"has-inline-color\">O <strong><em>Le\u00e3o do Bonfim<\/em><\/strong> \u00e9 um dos mais progressistas e queridos centros esportivos do grande Estado central, cujo valor esportivo vem se firmando lado a lado com a sua ascend\u00eancia social e material, j\u00e1 tendo o seu nome valoroso ultrapassado as fronteiras das Alterosas, incutindo amizade, valor respeito \u00e0s maiores sociedades esportivas do pa\u00eds.<\/mark><\/p>\n\n\n<div class=\"wp-block-image\">\n<figure class=\"aligncenter size-large is-resized\"><img loading=\"lazy\" decoding=\"async\" width=\"500\" height=\"217\" src=\"https:\/\/historiadofutebol.com\/blog\/wp-content\/uploads\/2024\/06\/Revista-da-Semana-RJ-1909-500x217.jpeg\" alt=\"\" class=\"wp-image-132741\" style=\"width:655px;height:auto\" srcset=\"https:\/\/historiadofutebol.com\/blog\/wp-content\/uploads\/2024\/06\/Revista-da-Semana-RJ-1909-500x217.jpeg 500w, https:\/\/historiadofutebol.com\/blog\/wp-content\/uploads\/2024\/06\/Revista-da-Semana-RJ-1909-300x130.jpeg 300w, https:\/\/historiadofutebol.com\/blog\/wp-content\/uploads\/2024\/06\/Revista-da-Semana-RJ-1909-768x333.jpeg 768w, https:\/\/historiadofutebol.com\/blog\/wp-content\/uploads\/2024\/06\/Revista-da-Semana-RJ-1909-1536x666.jpeg 1536w, https:\/\/historiadofutebol.com\/blog\/wp-content\/uploads\/2024\/06\/Revista-da-Semana-RJ-1909-2048x888.jpeg 2048w, https:\/\/historiadofutebol.com\/blog\/wp-content\/uploads\/2024\/06\/Revista-da-Semana-RJ-1909-624x270.jpeg 624w\" sizes=\"auto, (max-width: 500px) 100vw, 500px\" \/><figcaption class=\"wp-element-caption\"><em><strong><mark style=\"background-color:rgba(0, 0, 0, 0);color:#000000\" class=\"has-inline-color\">Revista da Semana (RJ) &#8211; 1909<\/mark><\/strong><\/em><\/figcaption><\/figure><\/div>\n\n\n<h2 class=\"wp-block-heading\"><strong><mark style=\"background-color:rgba(0, 0, 0, 0);color:#ff0000\" class=\"has-inline-color\">A primeira grande vit\u00f3ria<\/mark><\/strong><\/h2>\n\n\n\n<p><mark style=\"background-color:rgba(0, 0, 0, 0);color:#000000\" class=\"has-inline-color\">O <strong><em>Villa Nova A. Club<\/em><\/strong> teve a sua primeira grande vit\u00f3ria de football, nos campos de football, dois ap\u00f3s a sua funda\u00e7\u00e3o, quando, em <strong><em>1910<\/em><\/strong>, venceu brilhantemente, por <strong><em>2 x 1<\/em><\/strong>, o at\u00e9 ent\u00e3o invenc\u00edvel <strong><em>Morro Velho Athletic Club<\/em><\/strong>, veterana e modelar sociedade mineira, e qui\u00e7\u00e1 a mais antiga agremia\u00e7\u00e3o esportiva do Brasil, mantida pelos ingleses da companhia que lhe d\u00e1 o nome. De ent\u00e3o para c\u00e1 tem o <em>clube nova-limense<\/em> trilhado vertiginosamente a estrada luminosa da gloria.<\/mark><\/p>\n\n\n<div class=\"wp-block-image\">\n<figure class=\"aligncenter size-large is-resized\"><img loading=\"lazy\" decoding=\"async\" width=\"500\" height=\"474\" src=\"https:\/\/historiadofutebol.com\/blog\/wp-content\/uploads\/2024\/06\/Fon-Fon-RJ-1918-VILLA-NOVA-500x474.jpeg\" alt=\"\" class=\"wp-image-132742\" style=\"width:657px;height:auto\" srcset=\"https:\/\/historiadofutebol.com\/blog\/wp-content\/uploads\/2024\/06\/Fon-Fon-RJ-1918-VILLA-NOVA-500x474.jpeg 500w, https:\/\/historiadofutebol.com\/blog\/wp-content\/uploads\/2024\/06\/Fon-Fon-RJ-1918-VILLA-NOVA-300x285.jpeg 300w, https:\/\/historiadofutebol.com\/blog\/wp-content\/uploads\/2024\/06\/Fon-Fon-RJ-1918-VILLA-NOVA-768x728.jpeg 768w, https:\/\/historiadofutebol.com\/blog\/wp-content\/uploads\/2024\/06\/Fon-Fon-RJ-1918-VILLA-NOVA-624x592.jpeg 624w, https:\/\/historiadofutebol.com\/blog\/wp-content\/uploads\/2024\/06\/Fon-Fon-RJ-1918-VILLA-NOVA.jpeg 815w\" sizes=\"auto, (max-width: 500px) 100vw, 500px\" \/><figcaption class=\"wp-element-caption\"><strong><em><mark style=\"background-color:rgba(0, 0, 0, 0);color:#d21818\" class=\"has-inline-color\">1.\u00ba team do Villa Nova Athletic Club<\/mark><\/em><\/strong><mark style=\"background-color:rgba(0, 0, 0, 0);color:#000000\" class=\"has-inline-color\"> <\/mark><em><strong><mark style=\"background-color:rgba(0, 0, 0, 0);color:#6e0e0e\" class=\"has-inline-color\">(Fon Fon 1918)<\/mark><\/strong><\/em><mark style=\"background-color:rgba(0, 0, 0, 0);color:#000000\" class=\"has-inline-color\"><br \/>Luizinho, Goularte, Villela, Gallo, Rodrigues, Souza, Moretzon, J. Deus, Atilio, Nem, Euclides. O Villa Nova Athletic Club \u00e9 filiado a Liga Mineira. Em Minas n\u00e3o tem rival. Ao seu activo conta mais de 5) victorias. J\u00e1 derrotou as famosas equipes de Bello Horizonte e os profissionaes inglezes do Morro Velho Athletic Club.<\/mark><\/figcaption><\/figure><\/div>\n\n\n<h2 class=\"wp-block-heading\"><strong><mark style=\"background-color:rgba(0, 0, 0, 0);color:#ff0000\" class=\"has-inline-color\">Na d\u00e9cada de 20, o clube viajou at\u00e9 o Rio de Janeiro<\/mark><\/strong><\/h2>\n\n\n\n<p><mark style=\"background-color:rgba(0, 0, 0, 0);color:#000000\" class=\"has-inline-color\">Sob a presid\u00eancia do <em>sr. Agostinho de Mello<\/em>, em <strong><em>1920<\/em><\/strong>, iniciou o <strong><em>Villa Nova A. Club<\/em><\/strong> as suas rela\u00e7\u00f5es esportivas com os grandes centros: esportivos da Capital Federal, recebendo ent\u00e3o a visita amistosa do <strong><em>S\u00e3o Christov\u00e3o A. C.<\/em><\/strong> e j\u00e1 em 1922, na presid\u00eancia do <em>sr. \u00c1lvaro Ribeiro<\/em>, recebeu festivamente a representa\u00e7\u00e3o do grande &#8220;<em>leader<\/em>&#8221; do football nacional, o <strong><em>Fluminense F. \u0421.<\/em><\/strong><\/mark><\/p>\n\n\n\n<p><mark style=\"background-color:rgba(0, 0, 0, 0);color:#000000\" class=\"has-inline-color\">A par do progresso esportivo do club, veio, tamb\u00e9m, se avolumando o progresso material, cuja principal obra foi a constru\u00e7\u00e3o, sob a presid\u00eancia do <em>sr. Jos\u00e9 Dias de Araujo<\/em>, da magnifica <strong><em>sede social<\/em><\/strong>, suntuosamente instalada em edif\u00edcio pr\u00f3prio e a continua\u00e7\u00e3o da constru\u00e7\u00e3o das arquibancadas; obra est\u00e1 j\u00e1 iniciada na administra\u00e7\u00e3o anterior.<\/mark><\/p>\n\n\n\n<p><mark style=\"background-color:rgba(0, 0, 0, 0);color:#000000\" class=\"has-inline-color\">Todos os clubes mineiros filiados \u00e1 <strong><em>Liga Mineira de Desportos Terrestres<\/em><\/strong> t\u00eam j\u00e1 pisado o gramado <strong><em>villanovense<\/em><\/strong>, em lutas amistosas com o pujante e adestrado quadro do <strong><em>alvirrubro<\/em><\/strong>, com excep\u00e7\u00e3o unicamente do <strong><em>Sport Club Uberaba<\/em><\/strong>.<\/mark><\/p>\n\n\n<div class=\"wp-block-image\">\n<figure class=\"aligncenter size-large is-resized\"><img loading=\"lazy\" decoding=\"async\" width=\"500\" height=\"500\" src=\"https:\/\/historiadofutebol.com\/blog\/wp-content\/uploads\/2024\/06\/Vida-Sportiva-1919-500x500.jpeg\" alt=\"\" class=\"wp-image-132743\" style=\"width:655px;height:auto\" srcset=\"https:\/\/historiadofutebol.com\/blog\/wp-content\/uploads\/2024\/06\/Vida-Sportiva-1919-500x500.jpeg 500w, https:\/\/historiadofutebol.com\/blog\/wp-content\/uploads\/2024\/06\/Vida-Sportiva-1919-300x300.jpeg 300w, https:\/\/historiadofutebol.com\/blog\/wp-content\/uploads\/2024\/06\/Vida-Sportiva-1919-150x150.jpeg 150w, https:\/\/historiadofutebol.com\/blog\/wp-content\/uploads\/2024\/06\/Vida-Sportiva-1919-768x770.jpeg 768w, https:\/\/historiadofutebol.com\/blog\/wp-content\/uploads\/2024\/06\/Vida-Sportiva-1919.jpeg 1125w\" sizes=\"auto, (max-width: 500px) 100vw, 500px\" \/><figcaption class=\"wp-element-caption\"><em><strong><mark style=\"background-color:rgba(0, 0, 0, 0);color:#ff0000\" class=\"has-inline-color\">Vida Sportiva (RJ) 1919<\/mark><\/strong><\/em><\/figcaption><\/figure><\/div>\n\n\n<p><mark style=\"background-color:rgba(0, 0, 0, 0);color:#000000\" class=\"has-inline-color\">Disputando o campeonato da <strong><em>Liga Mineira<\/em><\/strong>, no corrente ano, conquistou o <strong><em>Villa Nova<\/em><\/strong> o almejado t\u00edtulo de <strong><em>campe\u00e3o<\/em><\/strong> do <strong><em>Torneio Initium da Liga<\/em><\/strong>, e \u00e9 considerado como um dos prov\u00e1veis detentores do campeonato mineiro, pertencendo ao seu quadro os dois melhores chutadores do atual campeonato, os players <em>Moore<\/em> e <em>L\u00eara<\/em>.<\/mark><\/p>\n\n\n\n<p><mark style=\"background-color:rgba(0, 0, 0, 0);color:#000000\" class=\"has-inline-color\">\u00c9, pois, o <strong><em>Villa Nova A. Club<\/em><\/strong> uma verdadeira escola de desportistas, possuindo nada menos de cinco teams inferiores, inclusive um club, seu filiado, <strong><em>o Palmeiras F. C.<\/em><\/strong>, de modo que um jogador para alcan\u00e7ar o primeiro team ter\u00e1 que passar por todos os cinco teams do clubs, sendo o <strong><em>Palmeiras<\/em><\/strong> que \u00e9 o team juvenil, o primeiro degrau da escala.<\/mark><\/p>\n\n\n<div class=\"wp-block-image\">\n<figure class=\"aligncenter size-large is-resized\"><img loading=\"lazy\" decoding=\"async\" width=\"500\" height=\"312\" src=\"https:\/\/historiadofutebol.com\/blog\/wp-content\/uploads\/2024\/06\/VILLA-NOVA-1930-1-500x312.jpeg\" alt=\"\" class=\"wp-image-132744\" style=\"width:655px;height:auto\" srcset=\"https:\/\/historiadofutebol.com\/blog\/wp-content\/uploads\/2024\/06\/VILLA-NOVA-1930-1-500x312.jpeg 500w, https:\/\/historiadofutebol.com\/blog\/wp-content\/uploads\/2024\/06\/VILLA-NOVA-1930-1-300x187.jpeg 300w, https:\/\/historiadofutebol.com\/blog\/wp-content\/uploads\/2024\/06\/VILLA-NOVA-1930-1-768x479.jpeg 768w, https:\/\/historiadofutebol.com\/blog\/wp-content\/uploads\/2024\/06\/VILLA-NOVA-1930-1-1536x957.jpeg 1536w, https:\/\/historiadofutebol.com\/blog\/wp-content\/uploads\/2024\/06\/VILLA-NOVA-1930-1-2048x1276.jpeg 2048w, https:\/\/historiadofutebol.com\/blog\/wp-content\/uploads\/2024\/06\/VILLA-NOVA-1930-1-624x389.jpeg 624w\" sizes=\"auto, (max-width: 500px) 100vw, 500px\" \/><figcaption class=\"wp-element-caption\"><em><mark style=\"background-color:rgba(0, 0, 0, 0);color:#b01919\" class=\"has-inline-color\"><strong>Di\u00e1rio de Not\u00edcias (RJ) 1930 <\/strong><\/mark><\/em><\/figcaption><\/figure><\/div>\n\n\n<h2 class=\"wp-block-heading\"><mark style=\"background-color:rgba(0, 0, 0, 0);color:#ff0000\" class=\"has-inline-color\">Em 19<strong>30, o Villa contava com 2 mil s\u00f3cios<\/strong><\/mark><\/h2>\n\n\n\n<p><mark style=\"background-color:rgba(0, 0, 0, 0);color:#000000\" class=\"has-inline-color\">Comp\u00f5e-se o quadro social do <strong><em>Villa Nova<\/em><\/strong> de mais de <strong><em>2 mil associados<\/em><\/strong>, n\u00e3o obstante existirem em Nova Lima mais duas importantes sociedades esportivas, o <strong><em>Morro Velho A. Club<\/em><\/strong> e o <strong><em>Retiro Sport Club<\/em><\/strong>, cada um com cerca de mil s\u00f3cios.<\/mark><\/p>\n\n\n\n<p><mark style=\"background-color:rgba(0, 0, 0, 0);color:#000000\" class=\"has-inline-color\">O <strong><em>Villa Nova A. Club<\/em><\/strong> \u00e9 a \u201c<em>menina dos olhos<\/em>&#8221; do povo de Nova Lima, tanto que os &#8220;<em>mineiros<\/em>&#8221; da <em>Mina do Morro Velho<\/em> acabam de prestar espontaneamente, ao <strong><em>Villa<\/em><\/strong>, uma significativa homenagem, oferecendo ao club valioso e belo trof\u00e9u, art\u00edstico bronze representando a <em>Victoria<\/em>, como lembran\u00e7a dos triunfos ultimamente obtidos pelo <strong><em>1\u00ba team<\/em><\/strong> do poderoso <strong><em>gr\u00eamio nova limense<\/em><\/strong>.<\/mark><\/p>\n\n\n\n<h2 class=\"wp-block-heading\"><mark style=\"background-color:rgba(0, 0, 0, 0);color:#e01212\" class=\"has-inline-color\"><strong><em>A diretoria do Villa Nova, em 1930<\/em><\/strong>:<\/mark><\/h2>\n\n\n\n<p><strong><mark style=\"background-color:rgba(0, 0, 0, 0);color:#000000\" class=\"has-inline-color\"><em>Presidente &#8211;<\/em><\/mark><\/strong><em><mark style=\"background-color:rgba(0, 0, 0, 0);color:#000000\" class=\"has-inline-color\"> Castor Cifuentes;<\/mark><\/em><\/p>\n\n\n\n<p><strong><mark style=\"background-color:rgba(0, 0, 0, 0);color:#000000\" class=\"has-inline-color\"><em>Vice-presidente &#8211;<\/em><\/mark><\/strong><em><mark style=\"background-color:rgba(0, 0, 0, 0);color:#000000\" class=\"has-inline-color\"> Omar Wanderley;<\/mark><\/em><\/p>\n\n\n\n<p><strong><mark style=\"background-color:rgba(0, 0, 0, 0);color:#000000\" class=\"has-inline-color\"><em>2\u00b0 vice-presidente &#8211;<\/em><\/mark><\/strong><em><mark style=\"background-color:rgba(0, 0, 0, 0);color:#000000\" class=\"has-inline-color\"> dr. Jos\u00e9 Furletti;<\/mark><\/em><\/p>\n\n\n\n<p><strong><mark style=\"background-color:rgba(0, 0, 0, 0);color:#000000\" class=\"has-inline-color\"><em>Secret\u00e1rio geral &#8211; <\/em><\/mark><\/strong><em><mark style=\"background-color:rgba(0, 0, 0, 0);color:#000000\" class=\"has-inline-color\">Jos\u00e9 Dias de Araujo;<\/mark><\/em><\/p>\n\n\n\n<p><mark style=\"background-color:rgba(0, 0, 0, 0);color:#000000\" class=\"has-inline-color\"><strong><em>1\u00b0 secretario &#8211;<\/em><\/strong><em> Agostinho Taveira;<\/em> <\/mark><\/p>\n\n\n\n<p><mark style=\"background-color:rgba(0, 0, 0, 0);color:#000000\" class=\"has-inline-color\"><strong><em>1\u00b0 tesoureiro &#8211;<\/em><\/strong><em> Robespierre Magalh\u00e3es;<\/em> <\/mark><\/p>\n\n\n\n<p><mark style=\"background-color:rgba(0, 0, 0, 0);color:#000000\" class=\"has-inline-color\"><strong><em>2\u00ba secretario &#8211;<\/em><\/strong><em> Raymundo Lacerda;<\/em><\/mark><\/p>\n\n\n\n<p><mark style=\"background-color:rgba(0, 0, 0, 0);color:#000000\" class=\"has-inline-color\"><strong><em>2\u00b0 tesoureiro &#8211;<\/em><\/strong><em> Sylvio Wanderley;<\/em> <strong><em>Orador &#8211;<\/em><\/strong><em> major Jos\u00e9 Gustavo Dias.<\/em> <\/mark><\/p>\n\n\n\n<p><mark style=\"background-color:rgba(0, 0, 0, 0);color:#000000\" class=\"has-inline-color\"><strong><em>Commiss\u00e3o de sports &#8211; <\/em><\/strong><em>Jos\u00e9 Dias, Jo\u00e3o Carvalho, Cicero Dias e Argemiro Dias.<\/em> <\/mark><\/p>\n\n\n\n<p><mark style=\"background-color:rgba(0, 0, 0, 0);color:#000000\" class=\"has-inline-color\"> <strong><em>Auxiliar da direc\u00e7\u00e3o sportiva &#8211;<\/em><\/strong><em> Massagista e treinador, Manfrido Costa<\/em>.<\/mark><\/p>\n\n\n\n<p><mark style=\"background-color:rgba(0, 0, 0, 0);color:#000000\" class=\"has-inline-color\">A <\/mark><mark style=\"background-color:rgba(0, 0, 0, 0);color:#d71919\" class=\"has-inline-color\"><strong><em>Falange Feminina<\/em><\/strong> do <strong><em>Villa Nova<\/em><\/strong><\/mark><mark style=\"background-color:rgba(0, 0, 0, 0);color:#000000\" class=\"has-inline-color\">, ultimamente formada, tem j\u00e1 prestado muitos valiosos servi\u00e7os ao club <em><strong>alvirrubro<\/strong><\/em>, estando assim organizada a <strong><em>diretoria<\/em> <em>de 1930<\/em><\/strong>:<\/mark><\/p>\n\n\n\n<p><mark style=\"background-color:rgba(0, 0, 0, 0);color:#000000\" class=\"has-inline-color\"><strong><em>Presidente &#8211;<\/em><\/strong><em> Gercina de Mello Taveira;<\/em> <\/mark><\/p>\n\n\n\n<p><mark style=\"background-color:rgba(0, 0, 0, 0);color:#000000\" class=\"has-inline-color\"><strong><em>Vice-presidente &#8211;<\/em><\/strong><em> Maria Roussin Guedes;<\/em> <\/mark><\/p>\n\n\n\n<p><mark style=\"background-color:rgba(0, 0, 0, 0);color:#000000\" class=\"has-inline-color\"><strong><em>1\u00aa secretaria &#8211;<\/em><\/strong><em> Lya Wanderley;<\/em> <\/mark><\/p>\n\n\n\n<p><mark style=\"background-color:rgba(0, 0, 0, 0);color:#000000\" class=\"has-inline-color\"><strong><em>2\u00aa secretaria &#8211;<\/em><\/strong><em> Olga Magalh\u00e3es;<\/em> <\/mark><\/p>\n\n\n\n<p><mark style=\"background-color:rgba(0, 0, 0, 0);color:#000000\" class=\"has-inline-color\"><strong><em>1\u00aa tesoureira &#8211;<\/em><\/strong><em> Maria Carvalho de Aguiar;<\/em> <\/mark><\/p>\n\n\n\n<p><mark style=\"background-color:rgba(0, 0, 0, 0);color:#000000\" class=\"has-inline-color\"><strong><em>2\u00aa tesoureira &#8211;<\/em><\/strong><em> Maria Ribeiro;<\/em> <\/mark><\/p>\n\n\n\n<p><mark style=\"background-color:rgba(0, 0, 0, 0);color:#000000\" class=\"has-inline-color\"><strong><em>Procuradoras &#8211;<\/em><\/strong><em> Clelia Santiago e Esmeralda Alves;<\/em><\/mark><\/p>\n\n\n\n<p><mark style=\"background-color:rgba(0, 0, 0, 0);color:#000000\" class=\"has-inline-color\"><strong><em>Directoras de sports &#8211;<\/em><\/strong><em> Gercina Roscoe Gavriloff e Clelia Santiago<\/em>.<\/mark><\/p>\n\n\n\n<p><mark style=\"background-color:rgba(0, 0, 0, 0);color:#000000\" class=\"has-inline-color\">Os associados do <strong><em>Villa Nova A. Club<\/em><\/strong> elegeram, recentemente, a sua <strong><em>rainha<\/em><\/strong>, a senhorita <em>Geralda Pulcherio<\/em>, cuja casa real ficou composta das <strong><em>gr\u00e3-duquesas<\/em><\/strong> senhoritas <em>Clelia Santiago, Lili Fonseca e Josepha Rodrigues<\/em>.<\/mark><\/p>\n\n\n<div class=\"wp-block-image\">\n<figure class=\"aligncenter size-large is-resized\"><img loading=\"lazy\" decoding=\"async\" width=\"500\" height=\"396\" src=\"https:\/\/historiadofutebol.com\/blog\/wp-content\/uploads\/2024\/06\/Gazeta-de-Noticias-RJ-1935-500x396.jpeg\" alt=\"\" class=\"wp-image-132745\" style=\"width:655px;height:auto\" srcset=\"https:\/\/historiadofutebol.com\/blog\/wp-content\/uploads\/2024\/06\/Gazeta-de-Noticias-RJ-1935-500x396.jpeg 500w, https:\/\/historiadofutebol.com\/blog\/wp-content\/uploads\/2024\/06\/Gazeta-de-Noticias-RJ-1935-300x238.jpeg 300w, https:\/\/historiadofutebol.com\/blog\/wp-content\/uploads\/2024\/06\/Gazeta-de-Noticias-RJ-1935-768x609.jpeg 768w, https:\/\/historiadofutebol.com\/blog\/wp-content\/uploads\/2024\/06\/Gazeta-de-Noticias-RJ-1935-1536x1217.jpeg 1536w, https:\/\/historiadofutebol.com\/blog\/wp-content\/uploads\/2024\/06\/Gazeta-de-Noticias-RJ-1935-624x495.jpeg 624w, https:\/\/historiadofutebol.com\/blog\/wp-content\/uploads\/2024\/06\/Gazeta-de-Noticias-RJ-1935.jpeg 1812w\" sizes=\"auto, (max-width: 500px) 100vw, 500px\" \/><figcaption class=\"wp-element-caption\"><em><strong><mark style=\"background-color:rgba(0, 0, 0, 0);color:#ed0f0f\" class=\"has-inline-color\">Gazeta de Noticias (RJ) &#8211; 1935<\/mark><\/strong><\/em><\/figcaption><\/figure><\/div>\n\n\n<h2 class=\"wp-block-heading\"><strong><mark style=\"background-color:rgba(0, 0, 0, 0);color:#ff0000\" class=\"has-inline-color\">Tricampe\u00e3o Mineiro na d\u00e9cada de 30<\/mark><\/strong><\/h2>\n\n\n\n<p><mark style=\"background-color:rgba(0, 0, 0, 0);color:#000000\" class=\"has-inline-color\">O time ostenta muitas conquistas, como t\u00edtulo o t<strong><em>ricampeonato mineiro de 1933\/34\/35<\/em><\/strong>, <strong><em>Supercampe\u00e3o em 1951<\/em><\/strong>, quando numa c\u00e9lebre final disputada contra o <strong><em>Atl\u00e9tico<\/em><\/strong> derrotou ap\u00f3s tr\u00eas emocionantes jogos. Outro feito hist\u00f3rico foi a conquista do <strong><em>Campeonato Brasileiro da Primeira Divis\u00e3o em 1971<\/em><\/strong>, competi\u00e7\u00e3o que equivale atualmente \u00e0 <strong><em>S\u00e9rie B<\/em><\/strong>.<\/mark><\/p>\n\n\n\n<p><mark style=\"background-color:rgba(0, 0, 0, 0);color:#000000\" class=\"has-inline-color\">Note-se que o <strong><em>futebol mineiro<\/em><\/strong> venceu as duas primeiras edi\u00e7\u00f5es do <strong><em>Campeonato Brasileiro <\/em><\/strong>com o <strong><em>Villa Nova<\/em><\/strong> levando a <strong><em>Primeira Divis\u00e3o (S\u00e9rie B)<\/em><\/strong> e o <strong><em>Atl\u00e9tico<\/em><\/strong> ficando com a <strong><em>Divis\u00e3o Extra (S\u00e9rie A)<\/em><\/strong>.<\/mark><\/p>\n\n\n\n<p><mark style=\"background-color:rgba(0, 0, 0, 0);color:#000000\" class=\"has-inline-color\">O ep\u00edteto de \u201c<strong><em>Le\u00e3o do Bonfim<\/em><\/strong>\u201d foi incorporado \u00e0 equipe na d\u00e9cada de 40 pelo chargista Fernando Pierucetti, o <em>Mangabeira<\/em>, do extinto jornal <strong><em>Folha da Manh\u00e3<\/em><\/strong>, de Belo Horizonte.<\/mark><\/p>\n\n\n\n<p><mark style=\"background-color:rgba(0, 0, 0, 0);color:#000000\" class=\"has-inline-color\">Ele gostava de associar bichos que simbolizassem a alma dos times mineiros e dessa forma nasceram o <strong><em>Galo<\/em><\/strong>, a <strong><em>Raposa<\/em><\/strong> e o <strong><em>Coelho<\/em><\/strong> para designar, respectivamente, o <strong><em>Atl\u00e9tico<\/em><\/strong>, o <strong><em>Cruzeiro<\/em><\/strong>, e <strong><em>Am\u00e9rica<\/em><\/strong>.<\/mark><\/p>\n\n\n<div class=\"wp-block-image\">\n<figure class=\"aligncenter size-large is-resized\"><img loading=\"lazy\" decoding=\"async\" width=\"500\" height=\"307\" src=\"https:\/\/historiadofutebol.com\/blog\/wp-content\/uploads\/2024\/06\/Sem-titulo-14-500x307.jpg\" alt=\"\" class=\"wp-image-132755\" style=\"width:655px;height:auto\" srcset=\"https:\/\/historiadofutebol.com\/blog\/wp-content\/uploads\/2024\/06\/Sem-titulo-14-500x307.jpg 500w, https:\/\/historiadofutebol.com\/blog\/wp-content\/uploads\/2024\/06\/Sem-titulo-14-300x184.jpg 300w, https:\/\/historiadofutebol.com\/blog\/wp-content\/uploads\/2024\/06\/Sem-titulo-14-768x471.jpg 768w, https:\/\/historiadofutebol.com\/blog\/wp-content\/uploads\/2024\/06\/Sem-titulo-14-624x383.jpg 624w, https:\/\/historiadofutebol.com\/blog\/wp-content\/uploads\/2024\/06\/Sem-titulo-14.jpg 1272w\" sizes=\"auto, (max-width: 500px) 100vw, 500px\" \/><figcaption class=\"wp-element-caption\"><mark style=\"background-color:rgba(0, 0, 0, 0);color:#b61515\" class=\"has-inline-color\">Villa Nova\u00a0 x S\u00e3o Crist\u00f3v\u00e3o (vice-campe\u00e3o Carioca de 1938), no tradicional Estadinho do Bonfim. Est\u00e1 em ru\u00ednas o velho est\u00e1dio do Villa Nova (Revista Manchete de 1958)<\/mark><\/figcaption><\/figure><\/div>\n\n\n<p><mark style=\"background-color:rgba(0, 0, 0, 0);color:#000000\" class=\"has-inline-color\">J\u00e1 o \u201c<strong><em>Bonfim<\/em><\/strong>\u201d do apelido \u00e9 uma refer\u00eancia ao Bairro de Nova Lima onde est\u00e1 sediado o lend\u00e1rio <strong><em>Est\u00e1dio Castor Cifuentes<\/em><\/strong>, na <em>Rua Major Felizardo<\/em>. Ali\u00e1s, o nome do Est\u00e1dio \u00e9 uma homenagem a um grande benfeitor <em>villa-novense<\/em> e ex-presidente da agremia\u00e7\u00e3o durante a conquista do <strong><em>tricampeonato em 33\/34\/35<\/em><\/strong>. Atualmente, o <strong><em>Est\u00e1dio Castor Cifuentes<\/em><\/strong> tem capacidade para <strong><em>10 mil torcedores<\/em><\/strong>, fruto das melhorias que foram implementadas no decorrer da hist\u00f3ria.<\/mark><\/p>\n\n\n<div class=\"wp-block-image\">\n<figure class=\"aligncenter size-large is-resized\"><img loading=\"lazy\" decoding=\"async\" width=\"477\" height=\"500\" src=\"https:\/\/historiadofutebol.com\/blog\/wp-content\/uploads\/2024\/06\/I0006990-2-0-002008-001452-004212-003045-477x500.jpeg\" alt=\"\" class=\"wp-image-132757\" style=\"width:655px;height:auto\" srcset=\"https:\/\/historiadofutebol.com\/blog\/wp-content\/uploads\/2024\/06\/I0006990-2-0-002008-001452-004212-003045-477x500.jpeg 477w, https:\/\/historiadofutebol.com\/blog\/wp-content\/uploads\/2024\/06\/I0006990-2-0-002008-001452-004212-003045-286x300.jpeg 286w, https:\/\/historiadofutebol.com\/blog\/wp-content\/uploads\/2024\/06\/I0006990-2-0-002008-001452-004212-003045-624x654.jpeg 624w, https:\/\/historiadofutebol.com\/blog\/wp-content\/uploads\/2024\/06\/I0006990-2-0-002008-001452-004212-003045.jpeg 699w\" sizes=\"auto, (max-width: 477px) 100vw, 477px\" \/><figcaption class=\"wp-element-caption\"><em><strong><mark style=\"background-color:rgba(0, 0, 0, 0);color:#9d1111\" class=\"has-inline-color\">A peleja final de 1951 com o Atl\u00e9tico Mineiro, o Villa Nova se sagrou Campe\u00e3o Mineiro.<\/mark><\/strong><\/em><\/figcaption><\/figure><\/div>\n\n\n<p><strong><mark style=\"background-color:rgba(0, 0, 0, 0);color:#c51717\" class=\"has-inline-color\"><em><u>ARTES<\/u>:<\/em><\/mark><\/strong><em><mark style=\"background-color:rgba(0, 0, 0, 0);color:#c51717\" class=\"has-inline-color\"> escudo e uniformes \u2013 S\u00e9rgio Mello<\/mark><\/em><\/p>\n\n\n\n<p><strong><mark style=\"background-color:rgba(0, 0, 0, 0);color:#610c0c\" class=\"has-inline-color\"><em><u>FOTOS<\/u>:<\/em><\/mark><\/strong><em><mark style=\"background-color:rgba(0, 0, 0, 0);color:#610c0c\" class=\"has-inline-color\"> Di\u00e1rio de Not\u00edcias (RJ) \u2013 Gazeta de Not\u00edcias (RJ) \u2013 Revista Fon Fon (RJ) \u2013 Revista da Semana (RJ) \u2013 Revista Manchete <em><mark style=\"background-color:rgba(0, 0, 0, 0);color:#610c0c\" class=\"has-inline-color\">\u2013 <\/mark><\/em>Vida Sportiva (RJ)<\/mark><\/em><\/p>\n\n\n\n<p><strong><mark style=\"background-color:rgba(0, 0, 0, 0);color:#b01919\" class=\"has-inline-color\"><em><u>FONTES<\/u>:<\/em><\/mark><\/strong><em><mark style=\"background-color:rgba(0, 0, 0, 0);color:#b01919\" class=\"has-inline-color\"> Di\u00e1rio de Not\u00edcias (RJ) \u2013 Jornal Minas (MG)<\/mark><\/em><\/p>\n","protected":false},"excerpt":{"rendered":"<p>Por S\u00e9rgio Mello Uma Hist\u00f3ria Gloriosa No dia 28 de junho de 1930, uma bela mat\u00e9ria do Di\u00e1rio de Not\u00edcias (RJ) sobre o Villa Nova Athletico Club, um dos mais festejados clubes filiados \u00e0 Liga Mineira de Desportos Terrestres (LMDT), que comemorava 22 anos de exist\u00eancia. O glorioso clube mineiro da cidade de Nova Lima, [&hellip;]<\/p>\n","protected":false},"author":55,"featured_media":0,"comment_status":"open","ping_status":"closed","sticky":false,"template":"","format":"standard","meta":{"footnotes":"[]"},"categories":[203,531,83,59,345,3,39],"tags":[],"class_list":["post-132738","post","type-post","status-publish","format-standard","hentry","category-sergio-mello","category-carencias","category-x9-curiosidades","category-escudos","category-fotos-historicas","category-historia-do-futebol","category-minas-gerais"],"_links":{"self":[{"href":"https:\/\/historiadofutebol.com\/blog\/index.php?rest_route=\/wp\/v2\/posts\/132738","targetHints":{"allow":["GET"]}}],"collection":[{"href":"https:\/\/historiadofutebol.com\/blog\/index.php?rest_route=\/wp\/v2\/posts"}],"about":[{"href":"https:\/\/historiadofutebol.com\/blog\/index.php?rest_route=\/wp\/v2\/types\/post"}],"author":[{"embeddable":true,"href":"https:\/\/historiadofutebol.com\/blog\/index.php?rest_route=\/wp\/v2\/users\/55"}],"replies":[{"embeddable":true,"href":"https:\/\/historiadofutebol.com\/blog\/index.php?rest_route=%2Fwp%2Fv2%2Fcomments&post=132738"}],"version-history":[{"count":7,"href":"https:\/\/historiadofutebol.com\/blog\/index.php?rest_route=\/wp\/v2\/posts\/132738\/revisions"}],"predecessor-version":[{"id":132759,"href":"https:\/\/historiadofutebol.com\/blog\/index.php?rest_route=\/wp\/v2\/posts\/132738\/revisions\/132759"}],"wp:attachment":[{"href":"https:\/\/historiadofutebol.com\/blog\/index.php?rest_route=%2Fwp%2Fv2%2Fmedia&parent=132738"}],"wp:term":[{"taxonomy":"category","embeddable":true,"href":"https:\/\/historiadofutebol.com\/blog\/index.php?rest_route=%2Fwp%2Fv2%2Fcategories&post=132738"},{"taxonomy":"post_tag","embeddable":true,"href":"https:\/\/historiadofutebol.com\/blog\/index.php?rest_route=%2Fwp%2Fv2%2Ftags&post=132738"}],"curies":[{"name":"wp","href":"https:\/\/api.w.org\/{rel}","templated":true}]}}