{"id":132262,"date":"2024-05-29T02:36:13","date_gmt":"2024-05-29T05:36:13","guid":{"rendered":"https:\/\/historiadofutebol.com\/blog\/?p=132262"},"modified":"2024-05-29T20:04:45","modified_gmt":"2024-05-29T23:04:45","slug":"escudo-difeente-associacao-atletica-matarazzo-sao-paulo-sp-campea-estadual-amador-de-1955","status":"publish","type":"post","link":"https:\/\/historiadofutebol.com\/blog\/?p=132262","title":{"rendered":"Escudo diferente: Associa\u00e7\u00e3o Atl\u00e9tica Matarazzo \u2013 S\u00e3o Paulo (SP): Campe\u00e3 Estadual Amador de 1955"},"content":{"rendered":"<div class=\"wp-block-image\">\n<figure class=\"aligncenter size-large\"><img loading=\"lazy\" decoding=\"async\" width=\"500\" height=\"307\" src=\"https:\/\/historiadofutebol.com\/blog\/wp-content\/uploads\/2024\/05\/AAM-500x307.jpg\" alt=\"\" class=\"wp-image-132263\" srcset=\"https:\/\/historiadofutebol.com\/blog\/wp-content\/uploads\/2024\/05\/AAM-500x307.jpg 500w, https:\/\/historiadofutebol.com\/blog\/wp-content\/uploads\/2024\/05\/AAM-300x184.jpg 300w, https:\/\/historiadofutebol.com\/blog\/wp-content\/uploads\/2024\/05\/AAM-768x471.jpg 768w, https:\/\/historiadofutebol.com\/blog\/wp-content\/uploads\/2024\/05\/AAM-624x383.jpg 624w, https:\/\/historiadofutebol.com\/blog\/wp-content\/uploads\/2024\/05\/AAM.jpg 1148w\" sizes=\"auto, (max-width: 500px) 100vw, 500px\" \/><figcaption class=\"wp-element-caption\"><em><strong><mark style=\"background-color:rgba(0, 0, 0, 0);color:#e41818\" class=\"has-inline-color\">Escudo e uniforme utilizado nos anos de 1955 e 1956<\/mark><\/strong><\/em><\/figcaption><\/figure><\/div>\n\n\n<h2 class=\"wp-block-heading\"><em><mark style=\"background-color:rgba(0, 0, 0, 0);color:#a82020\" class=\"has-inline-color\">Por S\u00e9rgio Mello<\/mark><\/em><\/h2>\n\n\n\n<p><mark style=\"background-color:rgba(0, 0, 0, 0);color:#000000\" class=\"has-inline-color\">A <strong><em>Associa\u00e7\u00e3o Atl\u00e9tica Matarazzo<\/em><\/strong> foi uma agremia\u00e7\u00e3o da cidade de S\u00e3o Paulo (SP). <strong><em>Fundada no s\u00e1bado, do dia 14 de novembro de 1914<\/em><\/strong>, reunia os empregados dos escrit\u00f3rios comerciais e industriais da <strong><em>S\/A<\/em><\/strong> <strong><em>Ind\u00fastrias Reunidas Francisco Matarazzo<\/em><\/strong>.<\/mark><\/p>\n\n\n\n<h2 class=\"wp-block-heading\"><strong><mark style=\"background-color:rgba(0, 0, 0, 0);color:#ff0000\" class=\"has-inline-color\">Breve hist\u00f3ria<\/mark><\/strong><\/h2>\n\n\n\n<p><mark style=\"background-color:rgba(0, 0, 0, 0);color:#000000\" class=\"has-inline-color\">Voltada principalmente ao &#8220;<em>cultivo do futebol<\/em>&#8220;, segundo estabelecia seu <em>1\u00ba estatuto (1928)<\/em>, a <strong><em>Associa\u00e7\u00e3o<\/em><\/strong> tamb\u00e9m se destinava \u00e0 promo\u00e7\u00e3o de festivais esportivos e recreativos, bem como bailes com a participa\u00e7\u00e3o de s\u00f3cios e seus familiares.<\/mark><\/p>\n\n\n\n<p><mark style=\"background-color:rgba(0, 0, 0, 0);color:#000000\" class=\"has-inline-color\">Ao ser admitido a um daqueles escrit\u00f3rios, automaticamente, o empregado se tornava s\u00f3cio dessa agremia\u00e7\u00e3o. Como os escrit\u00f3rios sempre mantiveram uma <em>m\u00e9dia de 1.800 funcion\u00e1rios<\/em>, este tamb\u00e9m deveria ser o n\u00famero aproximado dos associados da <strong><em>Atl\u00e9tica Matarazzo<\/em><\/strong>.<\/mark><\/p>\n\n\n\n<p><mark style=\"background-color:rgba(0, 0, 0, 0);color:#000000\" class=\"has-inline-color\">As mensalidades pagas variavam segundo faixas salariais. Os valores envolvidos eram pequenos, mas regularmente descontados das folhas de pagamento. Assim, todos os funcion\u00e1rios dos escrit\u00f3rios contribu\u00edam, mesmo aqueles que n\u00e3o frequentavam a <strong><em>Atl\u00e9tica<\/em><\/strong>. Os funcion\u00e1rios n\u00e3o poderiam optar entre serem ou n\u00e3o associados. Como informou um ex-diretor, todos eram obrigados a se filiar:<\/mark><\/p>\n\n\n\n<p><em><mark style=\"background-color:rgba(0, 0, 0, 0);color:#000000\" class=\"has-inline-color\">Na Atl\u00e9tica era o seguinte. Voc\u00ea entrava como empregado na Matarazzo, automaticamente, voc\u00ea era s\u00f3cio. Ent\u00e3o voc\u00ea fazia parte do quadro da Atl\u00e9tica. (&#8230;) Descontava-se a mensalidade na folha de pagamento. (&#8230;) Quando voc\u00ea assinava o contrato de trabalho, voc\u00ea j\u00e1 era s\u00f3cio da Atl\u00e9tica. Era obrigat\u00f3rio. V\u00e1rias pessoas tentaram mais tarde sair, quando ela j\u00e1 n\u00e3o oferecia nada&#8230; Mas n\u00e3o era poss\u00edvel. Nunca ningu\u00e9m conseguiu. Ent\u00e3o eles descontavam. N\u00e3o era uma coisa exorbitante, mas vinha descontado na folha de pagamento. (&#8230;) Voc\u00ea era obrigado a entrar. (L.R.)<\/mark><\/em><\/p>\n\n\n\n<figure class=\"wp-block-image size-large is-resized\"><img loading=\"lazy\" decoding=\"async\" width=\"404\" height=\"500\" src=\"https:\/\/historiadofutebol.com\/blog\/wp-content\/uploads\/2024\/05\/A-GAZETA-MATARAZZO-1958-404x500.jpg\" alt=\"\" class=\"wp-image-132264\" style=\"width:655px;height:auto\" srcset=\"https:\/\/historiadofutebol.com\/blog\/wp-content\/uploads\/2024\/05\/A-GAZETA-MATARAZZO-1958-404x500.jpg 404w, https:\/\/historiadofutebol.com\/blog\/wp-content\/uploads\/2024\/05\/A-GAZETA-MATARAZZO-1958-243x300.jpg 243w, https:\/\/historiadofutebol.com\/blog\/wp-content\/uploads\/2024\/05\/A-GAZETA-MATARAZZO-1958-768x950.jpg 768w, https:\/\/historiadofutebol.com\/blog\/wp-content\/uploads\/2024\/05\/A-GAZETA-MATARAZZO-1958-1242x1536.jpg 1242w, https:\/\/historiadofutebol.com\/blog\/wp-content\/uploads\/2024\/05\/A-GAZETA-MATARAZZO-1958-1656x2048.jpg 1656w, https:\/\/historiadofutebol.com\/blog\/wp-content\/uploads\/2024\/05\/A-GAZETA-MATARAZZO-1958-624x772.jpg 624w\" sizes=\"auto, (max-width: 404px) 100vw, 404px\" \/><\/figure>\n\n\n\n<h2 class=\"wp-block-heading\"><strong><em><mark style=\"background-color:rgba(0, 0, 0, 0);color:#ff0000\" class=\"has-inline-color\">Sedes Sociais<\/mark><\/em><\/strong><\/h2>\n\n\n\n<p><mark style=\"background-color:rgba(0, 0, 0, 0);color:#000000\" class=\"has-inline-color\"><strong><em>Em julho de 1931<\/em><\/strong>, a diretoria resolveu desocupar a sala situada na <strong><em>Av. Brigadeiro Lu\u00eds Ant\u00f4nio n\u00ba 44<\/em><\/strong>. Alegava tratar-se &#8220;<em>De um pr\u00e9dio muito acanhado, fora de m\u00e3o e de aluguel demasiado alto<\/em>&#8220;.<\/mark><\/p>\n\n\n\n<p><mark style=\"background-color:rgba(0, 0, 0, 0);color:#000000\" class=\"has-inline-color\"><strong><em>Em 1932<\/em><\/strong>, a <strong><em>Associa\u00e7\u00e3o<\/em><\/strong> comprou <em>um terreno<\/em> situado na <strong><em>Alameda Casa Branca<\/em><\/strong>, de propriedade do <em>Conde Luiz Eduardo Matarazzo<\/em>, onde foi instalada a <strong><em>pra\u00e7a de esportes<\/em><\/strong>. Al\u00e9m de um <em>bangal\u00f4<\/em> e de uma <strong><em>quadra de t\u00eanis<\/em><\/strong> j\u00e1 existentes no local, a <strong><em>Associa\u00e7\u00e3o<\/em><\/strong> pretendia construir um <em>gin\u00e1sio para jogos de basquete<\/em>, aproveit\u00e1vel tamb\u00e9m para bailes.<\/mark><\/p>\n\n\n\n<p><mark style=\"background-color:rgba(0, 0, 0, 0);color:#000000\" class=\"has-inline-color\">O <em>Conde Francisco Matarazzo Jr.<\/em>, ent\u00e3o administrador gerente da <strong><em>S\/A Ind\u00fastrias Reunidas Francisco Matarazzo<\/em><\/strong>, prometia que, durante o primeiro ano posterior \u00e0 compra, a empresa contribuiria com a soma de um conto de r\u00e9is (1:000$000) por m\u00eas, a fim de auxiliar a <strong><em>Associa\u00e7\u00e3o<\/em><\/strong> a saldar sua d\u00edvida de 400 contos de r\u00e9is!<\/mark><\/p>\n\n\n\n<p><mark style=\"background-color:rgba(0, 0, 0, 0);color:#000000\" class=\"has-inline-color\">A tarefa, bastante \u00e1rdua, n\u00e3o foi levada adiante e, em <em>maio de 1936<\/em>, a Associa\u00e7\u00e3o desfez o neg\u00f3cio, passando, ent\u00e3o, a alugar o mesmo terreno, utilizando-se apenas da <em>quadra de t\u00eanis<\/em>. Nesse mesmo ano, uma <strong><em>nova sede social <\/em><\/strong><em>(alugado) <\/em>foi instalada num conjunto de salas do <strong><em>Edif\u00edcio Martinelli<\/em><\/strong>.<\/mark><\/p>\n\n\n\n<p><mark style=\"background-color:rgba(0, 0, 0, 0);color:#000000\" class=\"has-inline-color\"><strong><em>Associa\u00e7\u00e3o Atl\u00e9tica Matarazzo<\/em><\/strong>, montou no 19\u00ba andar, a sua sede, onde ocupava praticamente tr\u00eas quartos do espa\u00e7o f\u00edsico. Pegava toda a parte da <em>Avenida S\u00e3o Jo\u00e3o<\/em> e parte da <em>Rua L\u00edbero Badar\u00f3<\/em>.<\/mark><\/p>\n\n\n\n<p><mark style=\"background-color:rgba(0, 0, 0, 0);color:#000000\" class=\"has-inline-color\">Tinha uma <strong><em>mesa de bilhar<\/em><\/strong>, tinha uma bonita <strong><em>biblioteca<\/em><\/strong>, um <strong><em>bar<\/em><\/strong>, mesa de <strong><em>pingue-pongue<\/em><\/strong>, <strong><em>xadrez<\/em><\/strong>, <strong><em>dama<\/em><\/strong>, <strong><em>domin\u00f3<\/em><\/strong>. Naquela ocasi\u00e3o, o clube j\u00e1 contava com time de futebol, onde disputava o campeonato, organizado pela <strong><em>Federa\u00e7\u00e3o Paulista de Futebol (FPF)<\/em><\/strong>.<\/mark><\/p>\n\n\n\n<p><mark style=\"background-color:rgba(0, 0, 0, 0);color:#000000\" class=\"has-inline-color\"><strong><em>Em 1940<\/em><\/strong>, devido \u00e0s dificuldades financeiras pelas quais passava, a <strong><em>Atl\u00e9tica<\/em><\/strong> deixou de <em>alugar a quadra de t\u00eanis<\/em>. Os custos com sua manuten\u00e7\u00e3o e com a compra do material para a pr\u00e1tica do esporte tornaram-se muito onerosos. Para os <strong><em>jogos de futebol<\/em><\/strong>, a <strong><em>Atl\u00e9tica<\/em><\/strong> alugava o <strong><em>campo da vila oper\u00e1ria Maria Z\u00e9lia<\/em><\/strong>, na <strong><em>Rua Catumbi<\/em><\/strong>.<\/mark><\/p>\n\n\n<div class=\"wp-block-image\">\n<figure class=\"aligncenter is-resized\"><img loading=\"lazy\" decoding=\"async\" width=\"500\" height=\"322\" src=\"https:\/\/historiadofutebol.com\/blog\/wp-content\/uploads\/2021\/12\/Sem-titulo-1-500x322.jpg\" alt=\"\" class=\"wp-image-124491\" style=\"width:503px;height:auto\" srcset=\"https:\/\/historiadofutebol.com\/blog\/wp-content\/uploads\/2021\/12\/Sem-titulo-1-500x322.jpg 500w, https:\/\/historiadofutebol.com\/blog\/wp-content\/uploads\/2021\/12\/Sem-titulo-1-300x193.jpg 300w, https:\/\/historiadofutebol.com\/blog\/wp-content\/uploads\/2021\/12\/Sem-titulo-1-624x401.jpg 624w, https:\/\/historiadofutebol.com\/blog\/wp-content\/uploads\/2021\/12\/Sem-titulo-1.jpg 701w\" sizes=\"auto, (max-width: 500px) 100vw, 500px\" \/><figcaption class=\"wp-element-caption\"><mark style=\"background-color:rgba(0, 0, 0, 0);color:#c91919\" class=\"has-inline-color\">Escudo publicado no <em><strong>Hist\u00f3ria do Futebol <\/strong><\/em>em 2011: <\/mark><a href=\"https:\/\/historiadofutebol.com\/blog\/?p=21686\">https:\/\/historiadofutebol.com\/blog\/?p=21686<\/a><\/figcaption><\/figure><\/div>\n\n\n<p><mark style=\"background-color:rgba(0, 0, 0, 0);color:#000000\" class=\"has-inline-color\"><em>No Martinelli<\/em>, a <strong><em>Associa\u00e7\u00e3o<\/em><\/strong> ficou at\u00e9 <strong><em>1956<\/em><\/strong>, quando recebeu uma notifica\u00e7\u00e3o para desocupar as salas. Mudou-se, ent\u00e3o, para um sal\u00e3o de propriedade da empresa num edif\u00edcio rec\u00e9m-constru\u00eddo na <strong><em>Av. do Estado<\/em><\/strong>.<\/mark><\/p>\n\n\n\n<p><em><mark style=\"background-color:rgba(0, 0, 0, 0);color:#000000\" class=\"has-inline-color\">Finalmente, por volta de <strong>1958<\/strong>, a empresa permitiu que o clube constru\u00edsse a <strong>sede definitiva<\/strong> em um terreno de sua propriedade, situado \u00e0 <strong>Av. Ordem e Progresso<\/strong>, no <strong>bairro do Lim\u00e3o<\/strong>.<\/mark><\/em><\/p>\n\n\n\n<p><mark style=\"background-color:rgba(0, 0, 0, 0);color:#000000\" class=\"has-inline-color\">L\u00e1 permaneceu at\u00e9 <strong><em>1986<\/em><\/strong>, quando a empresa vendeu a <strong><em>pra\u00e7a de esportes<\/em><\/strong> para uma <em>f\u00e1brica de retentores<\/em>. Hoje, a <strong><em>Atl\u00e9tica Matarazzo<\/em><\/strong> se resume \u00e0 sua secretaria, que funciona precariamente numa das salas dos escrit\u00f3rios da f\u00e1brica do <em>Belenzinho<\/em>.<\/mark><\/p>\n\n\n\n<h2 class=\"wp-block-heading\"><mark style=\"background-color:rgba(0, 0, 0, 0);color:#ff0000\" class=\"has-inline-color\"><strong>Futebol<\/strong> na Matarazzo<\/mark><\/h2>\n\n\n<div class=\"wp-block-image\">\n<figure class=\"aligncenter size-large is-resized\"><img loading=\"lazy\" decoding=\"async\" width=\"500\" height=\"347\" src=\"https:\/\/historiadofutebol.com\/blog\/wp-content\/uploads\/2024\/05\/1955-500x347.jpg\" alt=\"\" class=\"wp-image-132268\" style=\"width:655px;height:auto\" srcset=\"https:\/\/historiadofutebol.com\/blog\/wp-content\/uploads\/2024\/05\/1955-500x347.jpg 500w, https:\/\/historiadofutebol.com\/blog\/wp-content\/uploads\/2024\/05\/1955-300x208.jpg 300w, https:\/\/historiadofutebol.com\/blog\/wp-content\/uploads\/2024\/05\/1955-768x533.jpg 768w, https:\/\/historiadofutebol.com\/blog\/wp-content\/uploads\/2024\/05\/1955-624x433.jpg 624w, https:\/\/historiadofutebol.com\/blog\/wp-content\/uploads\/2024\/05\/1955.jpg 1106w\" sizes=\"auto, (max-width: 500px) 100vw, 500px\" \/><figcaption class=\"wp-element-caption\"><mark style=\"background-color:rgba(0, 0, 0, 0);color:#cd1818\" class=\"has-inline-color\"><em><strong>Escala\u00e7\u00e3o:<\/strong><\/em> <em>Ti\u00e3o; Cardoso e Oldemar; Chico, Marino e Douglas; Mineiro, Yube, Piloto, Dante e Gasolina<\/em>.<\/mark><\/figcaption><\/figure><\/div>\n\n\n<p><mark style=\"background-color:rgba(0, 0, 0, 0);color:#000000\" class=\"has-inline-color\">O futebol era praticado na <strong><em>Associa\u00e7\u00e3o Atl\u00e9tica Matarazzo<\/em><\/strong>, desde sua funda\u00e7\u00e3o, em campeonatos internos entre as diferentes se\u00e7\u00f5es dos escrit\u00f3rios centrais, de onde selecionavam-se os integrantes da equipe principal. Esta, por sua vez, disputava os <strong><em>campeonatos internos interf\u00e1bricas<\/em><\/strong>, que reuniam os gr\u00eamios das Ind\u00fastrias Matarazzo da Capital e tamb\u00e9m do interior do estado de S\u00e3o Paulo.<\/mark><\/p>\n\n\n\n<p><mark style=\"background-color:rgba(0, 0, 0, 0);color:#000000\" class=\"has-inline-color\">A partir da <strong><em>d\u00e9cada de 30<\/em><\/strong>, esse quadro passou por transforma\u00e7\u00f5es. <strong><em>Em 1933<\/em><\/strong>, a primeira participa\u00e7\u00e3o da <strong><em>Atl\u00e9tica<\/em><\/strong> no <strong><em>Campeonato da Liga Esportiva Com\u00e9rcio e Ind\u00fastria (LECI)<\/em><\/strong>, quando obteve a <strong><em>2\u00aa coloca\u00e7\u00e3o<\/em><\/strong>.<\/mark><\/p>\n\n\n\n<p><mark style=\"background-color:rgba(0, 0, 0, 0);color:#000000\" class=\"has-inline-color\">J\u00e1 nessa \u00e9poca, a diretoria constatava e criticava o pequeno entusiasmo dos associados com rela\u00e7\u00e3o ao desempenho do time de futebol, problema que se intensificaria nos anos seguintes: &#8220;<em>Provavelmente ter\u00edamos obtido ainda melhor coloca\u00e7\u00e3o se houvesse mais entusiasmo por parte dos senhores s\u00f3cios por esta modalidade de esporte, fato este, ali\u00e1s, j\u00e1 consignado no relat\u00f3rio da Diretoria relativo a 1932<\/em>&#8220;.<\/mark><\/p>\n\n\n\n<p><mark style=\"background-color:rgba(0, 0, 0, 0);color:#000000\" class=\"has-inline-color\">A inclus\u00e3o no torneio da <strong><em>LECI<\/em><\/strong> motivou a <strong><em>Atl\u00e9tica Matarazzo<\/em><\/strong> a admitir jogadores dos gr\u00eamios das f\u00e1bricas para integrar sua equipe. Com isso, os campeonatos <em>internos interf\u00e1bricas<\/em> ganharam novo \u00e2nimo, acirrando ainda mais as disputas entre os jogadores que, agora, deparavam-se com a possibilidade de participar de um campeonato oficial e de aumentarem seus proventos, projetando-se como futebolistas.<\/mark><\/p>\n\n\n\n<p><mark style=\"background-color:rgba(0, 0, 0, 0);color:#000000\" class=\"has-inline-color\">Desse modo, favoreceu-se a profissionaliza\u00e7\u00e3o paralela de oper\u00e1rios-jogadores, que dependiam do emprego para seu sustento e que n\u00e3o encaravam o esporte como divers\u00e3o, mas como uma forma de complementa\u00e7\u00e3o salarial.<\/mark><\/p>\n\n\n\n<p><mark style=\"background-color:rgba(0, 0, 0, 0);color:#000000\" class=\"has-inline-color\">No entanto, com o passar do tempo, esses oper\u00e1rios-jogadores deixaram de ser privilegiados pela <strong><em>Atl\u00e9tica Matarazzo<\/em><\/strong> em virtude da entrada no time de jogadores profissionais de fato.<\/mark><\/p>\n\n\n\n<p><mark style=\"background-color:rgba(0, 0, 0, 0);color:#000000\" class=\"has-inline-color\"><strong><em>A partir dos anos 40<\/em><\/strong>, o quadro de futebol manteve-se muito pr\u00f3ximo da administra\u00e7\u00e3o da empresa, despertando o interesse dos filhos <em>do Conde Jr.,<\/em> que chegaram a integrar a equipe como jogadores. Pode-se mesmo afirmar que o time de futebol estava mais estreitamente ligado \u00e0 administra\u00e7\u00e3o da empresa que \u00e0 pr\u00f3pria diretoria da <strong><em>Atl\u00e9tica Matarazzo<\/em><\/strong>. Era quase outro clube.<\/mark><\/p>\n\n\n\n<p><mark style=\"background-color:rgba(0, 0, 0, 0);color:#000000\" class=\"has-inline-color\">A ado\u00e7\u00e3o do profissionalismo parecia ocorrer de modo concomitante a uma maior autonomia do departamento de futebol dos clubes em rela\u00e7\u00e3o \u00e0s suas demais atividades.<\/mark><\/p>\n\n\n<div class=\"wp-block-image\">\n<figure class=\"aligncenter size-large is-resized\"><img loading=\"lazy\" decoding=\"async\" width=\"500\" height=\"359\" src=\"https:\/\/historiadofutebol.com\/blog\/wp-content\/uploads\/2024\/05\/1955-1-2-500x359.jpg\" alt=\"\" class=\"wp-image-132271\" style=\"width:655px;height:auto\" srcset=\"https:\/\/historiadofutebol.com\/blog\/wp-content\/uploads\/2024\/05\/1955-1-2-500x359.jpg 500w, https:\/\/historiadofutebol.com\/blog\/wp-content\/uploads\/2024\/05\/1955-1-2-300x215.jpg 300w, https:\/\/historiadofutebol.com\/blog\/wp-content\/uploads\/2024\/05\/1955-1-2-768x551.jpg 768w, https:\/\/historiadofutebol.com\/blog\/wp-content\/uploads\/2024\/05\/1955-1-2-1536x1102.jpg 1536w, https:\/\/historiadofutebol.com\/blog\/wp-content\/uploads\/2024\/05\/1955-1-2-624x448.jpg 624w, https:\/\/historiadofutebol.com\/blog\/wp-content\/uploads\/2024\/05\/1955-1-2.jpg 1585w\" sizes=\"auto, (max-width: 500px) 100vw, 500px\" \/><figcaption class=\"wp-element-caption\"><mark style=\"background-color:rgba(0, 0, 0, 0);color:#c72222\" class=\"has-inline-color\"><strong><em>Escala\u00e7\u00e3o:<\/em><\/strong><em> Mion; Cardoso e Oldemar; Chic\u00e3o, Marino e Douglas; Mario, Yube, Piloto, Dante e Zeca<\/em>.<\/mark><\/figcaption><\/figure><\/div>\n\n\n<p><mark style=\"background-color:rgba(0, 0, 0, 0);color:#000000\" class=\"has-inline-color\">Essa autonomia garantia maiores recursos \u00e0 pr\u00e1tica do futebol, pois, caso se mantivesse equiparada \u00e0s outras atividades do clube, as verbas teriam que ser divididas.<\/mark><\/p>\n\n\n\n<p><mark style=\"background-color:rgba(0, 0, 0, 0);color:#000000\" class=\"has-inline-color\">Ainda na <strong><em>d\u00e9cada de 40<\/em><\/strong>, a <strong><em>Associa\u00e7\u00e3o<\/em><\/strong> deixou de participar com frequ\u00eancia dos torneios da <strong><em>LECI<\/em><\/strong>. Sua maior atividade centrava-se, ent\u00e3o, <strong><em>na disputa de jogos amistosos<\/em><\/strong> contra times varzeanos, at\u00e9, finalmente, ser inclu\u00edda entre os clubes com direito \u00e0 participa\u00e7\u00e3o do <strong><em>Campeonato Amador da Cidade de S\u00e3o Paulo<\/em><\/strong>, organizado pela <strong><em>Federa\u00e7\u00e3o Paulista de Futebol (FPF)<\/em><\/strong>.<\/mark><\/p>\n\n\n\n<p><mark style=\"background-color:rgba(0, 0, 0, 0);color:#000000\" class=\"has-inline-color\">Ao contr\u00e1rio do <strong><em>Campeonato Amador do Interior<\/em><\/strong>, as exig\u00eancias da <strong><em>FPF<\/em><\/strong> para a inscri\u00e7\u00e3o no torneio da Capital eram menores. A partir de determinado n\u00famero de associados, os clubes j\u00e1 teriam condi\u00e7\u00f5es de participar, mesmo n\u00e3o dispondo de instala\u00e7\u00f5es necess\u00e1rias \u00e0 pr\u00e1tica do futebol, como era o caso da <strong><em>Atl\u00e9tica Matarazzo<\/em><\/strong>.<\/mark><\/p>\n\n\n\n<p><mark style=\"background-color:rgba(0, 0, 0, 0);color:#000000\" class=\"has-inline-color\"><strong><em>Na d\u00e9cada de 50<\/em><\/strong>, com a participa\u00e7\u00e3o dos <em>irm\u00e3os Ermelino e Eduardo Matarazzo<\/em>, filhos do <em>Conde J\u00fanior<\/em>, foi decisiva nesse sentido. Cuidaram de dotar a <strong><em>Atl\u00e9tica<\/em><\/strong> das condi\u00e7\u00f5es necess\u00e1rias \u00e0 manuten\u00e7\u00e3o de uma equipe profissional.<\/mark><\/p>\n\n\n\n<p><mark style=\"background-color:rgba(0, 0, 0, 0);color:#000000\" class=\"has-inline-color\">Montaram uma <em>comiss\u00e3o t\u00e9cnica<\/em> com <em>massagista<\/em>, <em>roupeiro<\/em> e um <em>t\u00e9cnico de futebol<\/em> com experi\u00eancia anterior, que j\u00e1 era funcion\u00e1rio da empresa. Mas, sobretudo, passaram a fornecer o dinheiro para o pagamento do &#8220;<em>bicho<\/em>&#8221; aos jogadores.<\/mark><\/p>\n\n\n\n<h2 class=\"wp-block-heading\"><strong><mark style=\"background-color:rgba(0, 0, 0, 0);color:#ff0000\" class=\"has-inline-color\">Craques de bola<\/mark><\/strong><\/h2>\n\n\n\n<p><mark style=\"background-color:rgba(0, 0, 0, 0);color:#000000\" class=\"has-inline-color\"><em>Ermelino<\/em>, ent\u00e3o goleiro da equipe juvenil do <strong><em>Palmeiras<\/em><\/strong> <em>(entre os anos 1943\/45)<\/em>, valendo-se de sua influ\u00eancia no meio futebol\u00edstico, tamb\u00e9m conseguiu reunir jogadores profissionais, seus colegas, para integrarem, eventualmente, o time da <strong><em>Matarazzo<\/em><\/strong>.<\/mark><\/p>\n\n\n\n<p>Durante a disputa do <strong><em>Campeonato Amador da Capital<\/em><\/strong> e <strong><em>dos torneios da LECI<\/em><\/strong> e do <strong><em>Servi\u00e7o Social da Ind\u00fastria (SESI)<\/em><\/strong>, a equipe da <strong><em>Atl\u00e9tica<\/em><\/strong> era formada basicamente por jogadores profissionais de clubes da cidade, que, mais tarde, tornar-se-iam nomes famosos do futebol brasileiro como, por exemplo: <em>Colombo (<strong>Corinthians<\/strong>)<\/em>; <em>Gino Orlando, Bibe, Sav\u00e9rio e Bauer 121<\/em> <em>(apelidado &#8220;o monstro do Maracan\u00e3&#8221; por sua atua\u00e7\u00e3o na Copa do Mundo de 1950)<\/em>, todos do <strong><em>S\u00e3o Paulo F.C. <\/em><\/strong>entre outros.<\/p>\n\n\n<div class=\"wp-block-image\">\n<figure class=\"aligncenter size-large is-resized\"><img loading=\"lazy\" decoding=\"async\" width=\"500\" height=\"327\" src=\"https:\/\/historiadofutebol.com\/blog\/wp-content\/uploads\/2024\/05\/A-GAZETA-MATARAZZO-1955-500x327.jpg\" alt=\"\" class=\"wp-image-132265\" style=\"width:655px;height:auto\" srcset=\"https:\/\/historiadofutebol.com\/blog\/wp-content\/uploads\/2024\/05\/A-GAZETA-MATARAZZO-1955-500x327.jpg 500w, https:\/\/historiadofutebol.com\/blog\/wp-content\/uploads\/2024\/05\/A-GAZETA-MATARAZZO-1955-300x196.jpg 300w, https:\/\/historiadofutebol.com\/blog\/wp-content\/uploads\/2024\/05\/A-GAZETA-MATARAZZO-1955-768x503.jpg 768w, https:\/\/historiadofutebol.com\/blog\/wp-content\/uploads\/2024\/05\/A-GAZETA-MATARAZZO-1955-1536x1006.jpg 1536w, https:\/\/historiadofutebol.com\/blog\/wp-content\/uploads\/2024\/05\/A-GAZETA-MATARAZZO-1955-2048x1341.jpg 2048w, https:\/\/historiadofutebol.com\/blog\/wp-content\/uploads\/2024\/05\/A-GAZETA-MATARAZZO-1955-624x409.jpg 624w\" sizes=\"auto, (max-width: 500px) 100vw, 500px\" \/><\/figure><\/div>\n\n\n<h2 class=\"wp-block-heading has-text-align-center\"><strong><mark style=\"background-color:rgba(0, 0, 0, 0);color:#c80e0e\" class=\"has-inline-color\">Matarazzo campe\u00e3o da Divis\u00e3o de Com\u00e9rcio e Industria (ACEA) de 1955<\/mark><\/strong><\/h2>\n\n\n\n<p><mark style=\"background-color:rgba(0, 0, 0, 0);color:#000000\" class=\"has-inline-color\"><em>Na quinta-feira, \u00e0s 21 horas, do dia 22 de dezembro de 1955<\/em>, a <strong><em>Atl\u00e9tica<\/em><\/strong> <strong><em>Matarazzo <\/em><\/strong>se sagrou <strong><em>campe\u00e3o<\/em><\/strong> da <strong><em>Divis\u00e3o de Com\u00e9rcio e Industria, organizada pela ACEA <\/em><\/strong><em>(Associa\u00e7\u00e3o Comercial de Esportes Atheticos. Fundada em 1930)<\/em>, ao vencer a <strong><em>Metal\u00fargica Matarazzo F.C.<\/em><\/strong> por <strong><em>1 a 0<\/em><\/strong>, no <em>Est\u00e1dio do Pacaembu<\/em>, na capital paulista.<\/mark><\/p>\n\n\n\n<p><mark style=\"background-color:rgba(0, 0, 0, 0);color:#000000\" class=\"has-inline-color\">O gol do t\u00edtulo saiu aos 23 minutos do primeiro tempo. Ap\u00f3s receber o passe, <em>Mineiro<\/em> toca para <em>Yube<\/em>, que rapidamente centra a meia altura para <em>Mineiro<\/em>, que mesmo marcado, conseguiu dominar e chutar firme para o gol da noite. <strong><em>Arbitragem<\/em><\/strong> ficou a cargo de <em>Jo\u00e3o Etzel<\/em>.<\/mark><\/p>\n\n\n\n<p><mark style=\"background-color:rgba(0, 0, 0, 0);color:#000000\" class=\"has-inline-color\"><strong><em>A.A. Matarazo:<\/em><\/strong><em> Ti\u00e3o; Cardoso e Oldemar; Chico, Marino e Douglas; Mineiro, Yube, Piloto, Dante e Gasolina<\/em>.<\/mark><\/p>\n\n\n\n<p><mark style=\"background-color:rgba(0, 0, 0, 0);color:#000000\" class=\"has-inline-color\"><strong><em>Met. Matarazzo:<\/em><\/strong><em> Bilu; Pires e Stelvio; Mario, Carlito e Moraes; Jacob, Abelha, H\u00e9lio, Placido e Valdemar<\/em>.<\/mark><\/p>\n\n\n\n<p><mark style=\"background-color:rgba(0, 0, 0, 0);color:#000000\" class=\"has-inline-color\"><strong>Detalhe: <\/strong>O <strong><em>Metal\u00fargica Matarazzo Futebol Clube<\/em><\/strong> foi <em><strong>Fundado na quinta-feira, do dia 15 de Junho de 1933<\/strong><\/em>. A sua <em><strong>Sede social<\/strong><\/em> ficava localizada na <em><strong>Rua da Mooca, n\u00ba 609, no bairro da Mooca, na regi\u00e3o leste da cidade de S\u00e3o Paulo\/SP<\/strong><\/em>. Em <em><strong>1942<\/strong><\/em>, contava com n\u00famero total de <em><strong>1.300 s\u00f3cios<\/strong><\/em>. <\/mark><\/p>\n\n\n<div class=\"wp-block-image\">\n<figure class=\"aligncenter size-large is-resized\"><img loading=\"lazy\" decoding=\"async\" width=\"319\" height=\"500\" src=\"https:\/\/historiadofutebol.com\/blog\/wp-content\/uploads\/2024\/05\/A-GAZETA-MATARAZZO-319x500.jpg\" alt=\"\" class=\"wp-image-132266\" style=\"width:655px;height:auto\" srcset=\"https:\/\/historiadofutebol.com\/blog\/wp-content\/uploads\/2024\/05\/A-GAZETA-MATARAZZO-319x500.jpg 319w, https:\/\/historiadofutebol.com\/blog\/wp-content\/uploads\/2024\/05\/A-GAZETA-MATARAZZO-191x300.jpg 191w, https:\/\/historiadofutebol.com\/blog\/wp-content\/uploads\/2024\/05\/A-GAZETA-MATARAZZO-768x1205.jpg 768w, https:\/\/historiadofutebol.com\/blog\/wp-content\/uploads\/2024\/05\/A-GAZETA-MATARAZZO-979x1536.jpg 979w, https:\/\/historiadofutebol.com\/blog\/wp-content\/uploads\/2024\/05\/A-GAZETA-MATARAZZO-1306x2048.jpg 1306w, https:\/\/historiadofutebol.com\/blog\/wp-content\/uploads\/2024\/05\/A-GAZETA-MATARAZZO-624x979.jpg 624w, https:\/\/historiadofutebol.com\/blog\/wp-content\/uploads\/2024\/05\/A-GAZETA-MATARAZZO-scaled.jpg 1632w\" sizes=\"auto, (max-width: 319px) 100vw, 319px\" \/><\/figure><\/div>\n\n\n<h2 class=\"wp-block-heading has-text-align-center\"><strong><mark style=\"background-color:rgba(0, 0, 0, 0);color:#b71e1e\" class=\"has-inline-color\">Campeonato Paulista de Futebol Amador do Estado de 1955<\/mark><\/strong><\/h2>\n\n\n\n<p><strong><em><mark style=\"background-color:rgba(0, 0, 0, 0);color:#ff0000\" class=\"has-inline-color\">No primeiro jogo, fora de casa, Matarazzo arrancou empate<\/mark><\/em><\/strong><\/p>\n\n\n\n<p><mark style=\"background-color:rgba(0, 0, 0, 0);color:#000000\" class=\"has-inline-color\"><em>No domingo, \u00e0s 15 horas, do dia 2 de junho de 1956<\/em>, foi realizado o <strong><em>1\u00ba jogo<\/em><\/strong>, <strong><em>na melhor de tr\u00eas<\/em><\/strong>, entre <strong><em>Atl\u00e9tica<\/em><\/strong> <strong><em>Matarazzo <\/em><\/strong><em>(campe\u00e3o da capital)<\/em>e <strong><em>Associa\u00e7\u00e3o Atl\u00e9tica Itapetininga <\/em><\/strong><em>(campe\u00e3o do Interior)<\/em>, para definir o <strong><em>Campe\u00e3o<\/em><\/strong> <strong><em>Amador do Estado de S\u00e3o Paulo<\/em><\/strong>, certame este referente ao ano de <strong><em>1955<\/em><\/strong>, <em>organizado<\/em> pela <strong><em>Federa\u00e7\u00e3o Paulista de Futebol (FPF)<\/em><\/strong>.<\/mark><\/p>\n\n\n\n<p><mark style=\"background-color:rgba(0, 0, 0, 0);color:#000000\" class=\"has-inline-color\">O <strong><em>Matarazzo<\/em><\/strong> arrancou empate em <strong><em>2 a 2<\/em><\/strong>, fora de casa, ap\u00f3s estar perdendo por dois gols. O primeiro tempo foi marcado pelas defesas sobressaindo os ataques e o placar terminou sem gols.<\/mark><\/p>\n\n\n\n<p><mark style=\"background-color:rgba(0, 0, 0, 0);color:#000000\" class=\"has-inline-color\">Na etapa final, <em>Alceu<\/em> marcou duas vezes colocando os <strong><em>itapetininganos<\/em><\/strong> em vantagem. No entanto, <em>Dante<\/em> e <em>Mario<\/em> deixaram o placar novamente em igualdade. O <strong><em>\u00e1rbitro<\/em><\/strong> foi <em>Norberto Rodrigues de Paula<\/em> e a <strong><em>Renda<\/em><\/strong> foi de <strong><em>26 mil cruzeiros<\/em><\/strong>.<\/mark><\/p>\n\n\n\n<p><mark style=\"background-color:rgba(0, 0, 0, 0);color:#000000\" class=\"has-inline-color\"><strong><em>Itapetininga: <\/em><\/strong><em>Bili; Rubens e Roque; Silvio, Cacau e Tempero; Tico-Tico, Alceu, Name, Coquita e Quitu<\/em>.<\/mark><\/p>\n\n\n\n<p><mark style=\"background-color:rgba(0, 0, 0, 0);color:#000000\" class=\"has-inline-color\"><strong><em>Matarazzo:<\/em><\/strong><em> Ti\u00e3o; Cardoso e Oldemar; Chic\u00e3o, Marino e Douglas; Mario, Yube, Piloto, Dante e Zeca<\/em>.<\/mark><\/p>\n\n\n<div class=\"wp-block-image\">\n<figure class=\"aligncenter size-large is-resized\"><img loading=\"lazy\" decoding=\"async\" width=\"497\" height=\"500\" src=\"https:\/\/historiadofutebol.com\/blog\/wp-content\/uploads\/2024\/05\/A-GAZETA-MATARAZZO-1956-497x500.jpg\" alt=\"\" class=\"wp-image-132267\" style=\"width:655px;height:auto\" srcset=\"https:\/\/historiadofutebol.com\/blog\/wp-content\/uploads\/2024\/05\/A-GAZETA-MATARAZZO-1956-497x500.jpg 497w, https:\/\/historiadofutebol.com\/blog\/wp-content\/uploads\/2024\/05\/A-GAZETA-MATARAZZO-1956-298x300.jpg 298w, https:\/\/historiadofutebol.com\/blog\/wp-content\/uploads\/2024\/05\/A-GAZETA-MATARAZZO-1956-150x150.jpg 150w, https:\/\/historiadofutebol.com\/blog\/wp-content\/uploads\/2024\/05\/A-GAZETA-MATARAZZO-1956-768x772.jpg 768w, https:\/\/historiadofutebol.com\/blog\/wp-content\/uploads\/2024\/05\/A-GAZETA-MATARAZZO-1956-1528x1536.jpg 1528w, https:\/\/historiadofutebol.com\/blog\/wp-content\/uploads\/2024\/05\/A-GAZETA-MATARAZZO-1956-2037x2048.jpg 2037w, https:\/\/historiadofutebol.com\/blog\/wp-content\/uploads\/2024\/05\/A-GAZETA-MATARAZZO-1956-624x627.jpg 624w\" sizes=\"auto, (max-width: 497px) 100vw, 497px\" \/><\/figure><\/div>\n\n\n<h2 class=\"wp-block-heading\"><strong><mark style=\"background-color:rgba(0, 0, 0, 0);color:#ff0000\" class=\"has-inline-color\">Na segunda partida, Matarazzo goleou<\/mark><\/strong><\/h2>\n\n\n\n<p><mark style=\"background-color:rgba(0, 0, 0, 0);color:#000000\" class=\"has-inline-color\">A <strong><em>segunda peleja da s\u00e9rie melhor de tr\u00eas<\/em><\/strong> ser\u00e1 realizada <em>no domingo seguinte<\/em>, <em>\u00e0s 15 horas, do dia 9 de junho de 1956<\/em>, entre <strong><em>Atl\u00e9tica<\/em><\/strong> <strong><em>Matarazzo <\/em><\/strong>e <strong><em>Associa\u00e7\u00e3o Atl\u00e9tica Itapetininga<\/em><\/strong>, no <em>Parque Antarctica<\/em>. A partida foi transmitida pela <strong><em>R\u00e1dio Panamericana<\/em><\/strong>.<\/mark><\/p>\n\n\n\n<p><mark style=\"background-color:rgba(0, 0, 0, 0);color:#000000\" class=\"has-inline-color\">Com a entrada franca, o que se viu foi de <em>um p\u00fablico apenas regular<\/em>. O <strong><em>\u00e1rbitro<\/em><\/strong> foi <em>Casimiro Gomes<\/em>, que cometeu alguns erros, mas em que nada influ\u00edram no resultado final.<\/mark><\/p>\n\n\n\n<p><mark style=\"background-color:rgba(0, 0, 0, 0);color:#000000\" class=\"has-inline-color\">O <strong><em>Matarazzo<\/em><\/strong> conquistou uma imponente goleada sobre o <strong><em>Itapetininga<\/em><\/strong> pelo placar de <strong><em>5 a 0<\/em><\/strong>. Com o resultado, o time s\u00f3 precisava de um ponto no terceiro jogo para fica com o t\u00edtulo.<\/mark><\/p>\n\n\n\n<p><mark style=\"background-color:rgba(0, 0, 0, 0);color:#000000\" class=\"has-inline-color\">O primeiro tempo foi fraco tecnicamente, com poucas chances de gol. Mas quando melhor chance surgiu o <strong><em>Matarazzo<\/em><\/strong> abriu o placar aos 5 minutos. <em>Yube<\/em> tocou para <em>Mario<\/em>, pela direita, que driblou o seu marcador e centrou na \u00e1rea. <em>Piloto<\/em> testou firme para o <strong><em>1\u00ba gol<\/em><\/strong>.<\/mark><\/p>\n\n\n\n<p><mark style=\"background-color:rgba(0, 0, 0, 0);color:#000000\" class=\"has-inline-color\">Na segunda etapa, o <strong><em>Matarazzo<\/em><\/strong> ampliou aos 6 minutos. Ap\u00f3s bela jogada, Piloto deu passe \u201c<em>a\u00e7ucarado<\/em>\u201d para <em>Mario<\/em>, que dentro da \u00e1rea, fuzilou a meta de <em>Bili<\/em>, que nada pode fazer.<\/mark><\/p>\n\n\n\n<p><mark style=\"background-color:rgba(0, 0, 0, 0);color:#000000\" class=\"has-inline-color\">Com o <strong><em>Itapetininga<\/em><\/strong> atordoado, veio o <strong><em>3\u00ba gol<\/em><\/strong>. Dante deu \u00f3timo passe para <em>Zeca<\/em> que tocou na sa\u00edda do goleiro, colocando a bola no fundo das redes. O <strong><em>4\u00ba tento<\/em><\/strong> saiu aos 22 minutos, quando <em>Dante<\/em> lan\u00e7ou <em>Yube<\/em> fez um gola\u00e7o com maestria. <\/mark><\/p>\n\n\n\n<p><mark style=\"background-color:rgba(0, 0, 0, 0);color:#000000\" class=\"has-inline-color\">O <strong><em>5\u00ba tento<\/em><\/strong>, saiu aos 38 minutos, numa arrancada de <em>Zeca<\/em>, que invadiu a grande \u00e1rea e foi derrubado por <em>Rubens<\/em>. P\u00eanalti, <em>Yube<\/em> cobrou com categoria, dando n\u00fameros finais a peleja.<\/mark><\/p>\n\n\n\n<p><mark style=\"background-color:rgba(0, 0, 0, 0);color:#000000\" class=\"has-inline-color\"><strong><em>Matarazzo:<\/em><\/strong><em> Mion; Cardoso e Oldemar; Chic\u00e3o, Marino e Douglas; Mario, Yube, Piloto, Dante e Zeca<\/em>.<\/mark><\/p>\n\n\n\n<p><mark style=\"background-color:rgba(0, 0, 0, 0);color:#000000\" class=\"has-inline-color\"><strong><em>Itapetininga: <\/em><\/strong><em>Bili; Rubens e Roque; Silvio, Cacau e Tempero; Tico-Tico, Alceu, Marolo, Coquita e Quitu<\/em>.<\/mark><\/p>\n\n\n\n<h2 class=\"wp-block-heading\"><strong><mark style=\"background-color:rgba(0, 0, 0, 0);color:#ff0000\" class=\"has-inline-color\">Matarazzo volta a vencer e fica com o t\u00edtulo in\u00e9dito do Estadual Amador<\/mark><\/strong><\/h2>\n\n\n<div class=\"wp-block-image\">\n<figure class=\"aligncenter size-large is-resized\"><img loading=\"lazy\" decoding=\"async\" width=\"500\" height=\"359\" src=\"https:\/\/historiadofutebol.com\/blog\/wp-content\/uploads\/2024\/05\/1955-1-1-500x359.jpg\" alt=\"\" class=\"wp-image-132270\" style=\"width:655px;height:auto\" srcset=\"https:\/\/historiadofutebol.com\/blog\/wp-content\/uploads\/2024\/05\/1955-1-1-500x359.jpg 500w, https:\/\/historiadofutebol.com\/blog\/wp-content\/uploads\/2024\/05\/1955-1-1-300x215.jpg 300w, https:\/\/historiadofutebol.com\/blog\/wp-content\/uploads\/2024\/05\/1955-1-1-768x551.jpg 768w, https:\/\/historiadofutebol.com\/blog\/wp-content\/uploads\/2024\/05\/1955-1-1-1536x1102.jpg 1536w, https:\/\/historiadofutebol.com\/blog\/wp-content\/uploads\/2024\/05\/1955-1-1-624x448.jpg 624w, https:\/\/historiadofutebol.com\/blog\/wp-content\/uploads\/2024\/05\/1955-1-1.jpg 1585w\" sizes=\"auto, (max-width: 500px) 100vw, 500px\" \/><figcaption class=\"wp-element-caption\"><mark style=\"background-color:rgba(0, 0, 0, 0);color:#d71616\" class=\"has-inline-color\"><strong><em>Escala\u00e7\u00e3o:<\/em><\/strong><em> Mion; Cardoso e Oldemar; Chic\u00e3o, Marino e Douglas; Mario, Yube, Piloto, Dante e Zeca<\/em>.<\/mark><\/figcaption><\/figure><\/div>\n\n\n<p><mark style=\"background-color:rgba(0, 0, 0, 0);color:#000000\" class=\"has-inline-color\"><em>No domingo, \u00e0s 15 horas, do dia 16 de junho de 1956<\/em>, foi realizado o <strong><em>3\u00ba jogo e \u00faltimo<\/em><\/strong>, <strong><em>na melhor de tr\u00eas<\/em><\/strong>, entre <strong><em>Atl\u00e9tica<\/em><\/strong> <strong><em>Matarazzo <\/em><\/strong>e <strong><em>Associa\u00e7\u00e3o Atl\u00e9tica Itapetininga<\/em><\/strong>, no Est\u00e1dio do <em>Esporte Clube S\u00e3o Bento<\/em>, <em>em Sorocaba, no Interior Paulista<\/em>. Mais uma vez o <strong><em>\u00e1rbitro<\/em><\/strong> foi <em>Casimiro Gomes, que teve uma atua\u00e7\u00e3o regular<\/em>. A <strong><em>Renda<\/em><\/strong> foi de <strong><em>Cr$ 12.530,00<\/em><\/strong>.<\/mark><\/p>\n\n\n\n<p><mark style=\"background-color:rgba(0, 0, 0, 0);color:#000000\" class=\"has-inline-color\">Ap\u00f3s um <em>empate (2 a 2) e uma vit\u00f3ria (5 a 0)<\/em>, a <strong><em>Atl\u00e9tica<\/em> <em>Matarazzo<\/em><\/strong>voltou a derrotar o <strong><em>Itapetininga<\/em><\/strong> pelo placar de <strong><em>2 a 1<\/em><\/strong>, ficando com o <strong><em>in\u00e9dito t\u00edtulo<\/em><\/strong> do <strong><em>Campeonato Paulista de Futebol Amador do Estado de 1955<\/em><\/strong>.<\/mark><\/p>\n\n\n\n<p><mark style=\"background-color:rgba(0, 0, 0, 0);color:#000000\" class=\"has-inline-color\">Ao contr\u00e1rio dos dois primeiros jogos, a primeira etapa foi agitada com as duas equipes buscando o gol. Melhor para o <strong><em>Matarazzo<\/em><\/strong><em> <\/em>que abriu o placar aos 12 minutos, ap\u00f3s o zagueiro Rubens cometer um p\u00eanalti. <em>Ciro<\/em> cobrou com categoria. Por\u00e9m, aos 18 minutos, o <strong><em>Itapetininga<\/em><\/strong> conseguiu o empate por interm\u00e9dio de <em>Alceu<\/em>. O que se viu at\u00e9 o final da primeira etapa foi um jogo equilibrado.<\/mark><\/p>\n\n\n\n<p><mark style=\"background-color:rgba(0, 0, 0, 0);color:#000000\" class=\"has-inline-color\">No segundo tempo, melhor coordenado, o <strong><em>Matarazzo<\/em><\/strong>voltou a ficar na frente do placar aos 20 minutos por interm\u00e9dio de <em>Mario<\/em>. O clima esquentou e o meia do <strong><em>Itapetininga<\/em><\/strong> <em>Tempero<\/em> agrediu o <strong><em>\u00e1rbitro<\/em><\/strong> <em>Casimiro Gomes<\/em>. Na sequ\u00eancia o juiz expulsou quatro jogadores <strong><em>Itapetininga<\/em><\/strong>: <em>Tempero<\/em>, <em>Roque<\/em>, <em>Quitu<\/em> e <em>Tico-Tico<\/em>. Com isso, sem for\u00e7as e emocionalmente abalado o <strong><em>Itapetininga<\/em><\/strong> n\u00e3o foi p\u00e1reo e viu a <strong><em>Associa\u00e7\u00e3o Atl\u00e9tica Matarazzo<\/em><\/strong> ficar com o t\u00edtulo!<\/mark><\/p>\n\n\n\n<p><mark style=\"background-color:rgba(0, 0, 0, 0);color:#000000\" class=\"has-inline-color\"><strong><em>Matarazzo:<\/em><\/strong><em> Mion; Cardoso e Oldemar; Chic\u00e3o, Marino e Douglas; Mario, Yube, Piloto, Dante e Zeca<\/em>.<\/mark><\/p>\n\n\n\n<p><mark style=\"background-color:rgba(0, 0, 0, 0);color:#000000\" class=\"has-inline-color\"><strong><em>Itapetininga: <\/em><\/strong><em>Bili; Rubens e Roque; Silvio, Cacau e Tempero; Tico-Tico, Alceu, Marolo, Coquita e Quitu<\/em>.<\/mark><\/p>\n\n\n<div class=\"wp-block-image\">\n<figure class=\"aligncenter size-large is-resized\"><img loading=\"lazy\" decoding=\"async\" width=\"500\" height=\"400\" src=\"https:\/\/historiadofutebol.com\/blog\/wp-content\/uploads\/2024\/05\/I0009805-3-0-006435-004429-006435-004429-500x400.jpg\" alt=\"\" class=\"wp-image-132283\" style=\"width:655px;height:auto\" srcset=\"https:\/\/historiadofutebol.com\/blog\/wp-content\/uploads\/2024\/05\/I0009805-3-0-006435-004429-006435-004429-500x400.jpg 500w, https:\/\/historiadofutebol.com\/blog\/wp-content\/uploads\/2024\/05\/I0009805-3-0-006435-004429-006435-004429-300x240.jpg 300w, https:\/\/historiadofutebol.com\/blog\/wp-content\/uploads\/2024\/05\/I0009805-3-0-006435-004429-006435-004429-768x614.jpg 768w, https:\/\/historiadofutebol.com\/blog\/wp-content\/uploads\/2024\/05\/I0009805-3-0-006435-004429-006435-004429-1536x1228.jpg 1536w, https:\/\/historiadofutebol.com\/blog\/wp-content\/uploads\/2024\/05\/I0009805-3-0-006435-004429-006435-004429-624x499.jpg 624w, https:\/\/historiadofutebol.com\/blog\/wp-content\/uploads\/2024\/05\/I0009805-3-0-006435-004429-006435-004429.jpg 1794w\" sizes=\"auto, (max-width: 500px) 100vw, 500px\" \/><\/figure><\/div>\n\n\n<p><strong><mark style=\"background-color:rgba(0, 0, 0, 0);color:#ab1c1c\" class=\"has-inline-color\"><em>Desenho dos escudos e uniformes:<\/em><\/mark><\/strong><em><mark style=\"background-color:rgba(0, 0, 0, 0);color:#ab1c1c\" class=\"has-inline-color\"> S\u00e9rgio Mello<\/mark><\/em><\/p>\n\n\n\n<p><strong><mark style=\"background-color:rgba(0, 0, 0, 0);color:#341fa3\" class=\"has-inline-color\"><em><u>FOTOS<\/u>:<\/em><\/mark><\/strong><em><mark style=\"background-color:rgba(0, 0, 0, 0);color:#341fa3\" class=\"has-inline-color\"> A Gazeta Esportiva (SP) <\/mark><\/em><\/p>\n\n\n\n<p><mark style=\"background-color:rgba(0, 0, 0, 0);color:#a31f1f\" class=\"has-inline-color\"><strong><em><u>FONTES<\/u>:<\/em><\/strong><em> A Gazeta Esportiva (SP) \u2013 \u201cFutebol de F\u00e1brica em S\u00e3o Paulo\u201d, um trabalho de Disserta\u00e7\u00e3o de Mestrado em Sociologia apresentada ao Departamento de Sociologia da Faculdade de Filosofia, Letras e Ci\u00eancias Humanas da Universidade de S\u00e3o Paulo, por F\u00e1tima Martin Rodrigues Ferreira Antunes.<\/em> <em>\u00a0<\/em><\/mark><\/p>\n","protected":false},"excerpt":{"rendered":"<p>Por S\u00e9rgio Mello A Associa\u00e7\u00e3o Atl\u00e9tica Matarazzo foi uma agremia\u00e7\u00e3o da cidade de S\u00e3o Paulo (SP). Fundada no s\u00e1bado, do dia 14 de novembro de 1914, reunia os empregados dos escrit\u00f3rios comerciais e industriais da S\/A Ind\u00fastrias Reunidas Francisco Matarazzo. Breve hist\u00f3ria Voltada principalmente ao &#8220;cultivo do futebol&#8220;, segundo estabelecia seu 1\u00ba estatuto (1928), a [&hellip;]<\/p>\n","protected":false},"author":55,"featured_media":0,"comment_status":"open","ping_status":"closed","sticky":false,"template":"","format":"standard","meta":{"footnotes":""},"categories":[203,531,83,59,345,3,108,51],"tags":[],"class_list":["post-132262","post","type-post","status-publish","format-standard","hentry","category-sergio-mello","category-carencias","category-x9-curiosidades","category-escudos","category-fotos-historicas","category-historia-do-futebol","category-jogos-historicos","category-sao-paulo"],"_links":{"self":[{"href":"https:\/\/historiadofutebol.com\/blog\/index.php?rest_route=\/wp\/v2\/posts\/132262","targetHints":{"allow":["GET"]}}],"collection":[{"href":"https:\/\/historiadofutebol.com\/blog\/index.php?rest_route=\/wp\/v2\/posts"}],"about":[{"href":"https:\/\/historiadofutebol.com\/blog\/index.php?rest_route=\/wp\/v2\/types\/post"}],"author":[{"embeddable":true,"href":"https:\/\/historiadofutebol.com\/blog\/index.php?rest_route=\/wp\/v2\/users\/55"}],"replies":[{"embeddable":true,"href":"https:\/\/historiadofutebol.com\/blog\/index.php?rest_route=%2Fwp%2Fv2%2Fcomments&post=132262"}],"version-history":[{"count":9,"href":"https:\/\/historiadofutebol.com\/blog\/index.php?rest_route=\/wp\/v2\/posts\/132262\/revisions"}],"predecessor-version":[{"id":132285,"href":"https:\/\/historiadofutebol.com\/blog\/index.php?rest_route=\/wp\/v2\/posts\/132262\/revisions\/132285"}],"wp:attachment":[{"href":"https:\/\/historiadofutebol.com\/blog\/index.php?rest_route=%2Fwp%2Fv2%2Fmedia&parent=132262"}],"wp:term":[{"taxonomy":"category","embeddable":true,"href":"https:\/\/historiadofutebol.com\/blog\/index.php?rest_route=%2Fwp%2Fv2%2Fcategories&post=132262"},{"taxonomy":"post_tag","embeddable":true,"href":"https:\/\/historiadofutebol.com\/blog\/index.php?rest_route=%2Fwp%2Fv2%2Ftags&post=132262"}],"curies":[{"name":"wp","href":"https:\/\/api.w.org\/{rel}","templated":true}]}}