{"id":131852,"date":"2024-04-12T00:49:15","date_gmt":"2024-04-12T03:49:15","guid":{"rendered":"https:\/\/historiadofutebol.com\/blog\/?p=131852"},"modified":"2024-04-12T01:34:21","modified_gmt":"2024-04-12T04:34:21","slug":"inedito-club-athletico-praiano-rio-de-janeiro-rj-fundado-nos-anos-30","status":"publish","type":"post","link":"https:\/\/historiadofutebol.com\/blog\/?p=131852","title":{"rendered":"In\u00e9dito! Club Athletico Praiano &#8211; Rio de Janeiro (RJ): Fundado nos anos 30!"},"content":{"rendered":"<div class=\"wp-block-image\">\n<figure class=\"aligncenter size-large\"><img loading=\"lazy\" decoding=\"async\" width=\"500\" height=\"218\" src=\"https:\/\/historiadofutebol.com\/blog\/wp-content\/uploads\/2024\/04\/CA-PRAIANO-500x218.jpg\" alt=\"\" class=\"wp-image-131853\" srcset=\"https:\/\/historiadofutebol.com\/blog\/wp-content\/uploads\/2024\/04\/CA-PRAIANO-500x218.jpg 500w, https:\/\/historiadofutebol.com\/blog\/wp-content\/uploads\/2024\/04\/CA-PRAIANO-300x131.jpg 300w, https:\/\/historiadofutebol.com\/blog\/wp-content\/uploads\/2024\/04\/CA-PRAIANO-768x335.jpg 768w, https:\/\/historiadofutebol.com\/blog\/wp-content\/uploads\/2024\/04\/CA-PRAIANO-624x272.jpg 624w, https:\/\/historiadofutebol.com\/blog\/wp-content\/uploads\/2024\/04\/CA-PRAIANO.jpg 1496w\" sizes=\"auto, (max-width: 500px) 100vw, 500px\" \/><\/figure><\/div>\n\n\n<p>O <em><strong>C<\/strong><\/em><strong><em>lub Athletico Praiano<\/em> <\/strong>foi uma agremia\u00e7\u00e3o da cidade do Rio de Janeiro (RJ). O <strong>\u201c<em>Gr\u00eamio da faixa azul<\/em>\u201d foi <em>Fundado no in\u00edcio da d\u00e9cada de 30<\/em><\/strong>. A sua <strong><em>Sede<\/em> <\/strong>ficava localizado no <em><strong>bairro de Ipanema, na Zona Sul do Rio<\/strong><\/em>.<\/p>\n\n\n\n<p>Alguns <em><strong>presidentes<\/strong><\/em>: <em>Sr. Ubiratan Napole\u00e3o (1933), Jorge Dias Vaz (1937)<\/em>. Al\u00e9m do <em><strong>futebol<\/strong><\/em>, o <em>clube<\/em> tamb\u00e9m possu\u00eda uma equipe de <em><strong>ciclismo<\/strong><\/em>, <strong><em>nata\u00e7\u00e3o<\/em> <\/strong>e <em><strong>atletismo<\/strong><\/em>.<\/p>\n\n\n\n<p>O seu grande rival era o <em><strong>Oceano Football Club<\/strong><\/em>. Quando se enfrentavam os jornais destacavam o cl\u00e1ssico como \u201c<em><strong>O Fla-Flu de Ipanema<\/strong><\/em>\u201d.<\/p>\n\n\n<div class=\"wp-block-image\">\n<figure class=\"aligncenter size-large is-resized\"><img loading=\"lazy\" decoding=\"async\" width=\"331\" height=\"500\" src=\"https:\/\/historiadofutebol.com\/blog\/wp-content\/uploads\/2024\/04\/CA-Praiano-1935-331x500.jpg\" alt=\"\" class=\"wp-image-131856\" style=\"width:513px;height:auto\" srcset=\"https:\/\/historiadofutebol.com\/blog\/wp-content\/uploads\/2024\/04\/CA-Praiano-1935-331x500.jpg 331w, https:\/\/historiadofutebol.com\/blog\/wp-content\/uploads\/2024\/04\/CA-Praiano-1935-199x300.jpg 199w, https:\/\/historiadofutebol.com\/blog\/wp-content\/uploads\/2024\/04\/CA-Praiano-1935.jpg 503w\" sizes=\"auto, (max-width: 331px) 100vw, 331px\" \/><\/figure><\/div>\n\n\n<p>Em <strong><em>1935<\/em><\/strong> e <strong><em>1936<\/em><\/strong>, disputou o\u00a0<em><strong>Campeonato Carioca do Sport Menor (<\/strong><\/em><strong><em>Campeonato Inter-Clubs)<\/em><\/strong>, pela chave\u00a0<em>Zona Zona Sul<\/em>, patrocinado pelo <em><strong>Gazeta de Not\u00edcias<\/strong><\/em>.<\/p>\n\n\n\n<p>Uma das \u00faltimas not\u00edcias sobre o <em>C<strong>lub Athletico Praiano<\/strong><\/em> aconteceu <em>no domingo, do dia 22 de maio de 1938<\/em>, enfrentou o <em><strong>Ceres Futebol Clube<\/strong><\/em>, no bairro de Bangu, na Zona Rural <em>(atual Zona Oeste)<\/em>.<\/p>\n\n\n\n<figure class=\"wp-block-image size-large is-resized\"><img loading=\"lazy\" decoding=\"async\" width=\"325\" height=\"500\" src=\"https:\/\/historiadofutebol.com\/blog\/wp-content\/uploads\/2024\/04\/CA-Praiano-1937-1-325x500.jpeg\" alt=\"\" class=\"wp-image-131855\" style=\"width:593px;height:auto\" srcset=\"https:\/\/historiadofutebol.com\/blog\/wp-content\/uploads\/2024\/04\/CA-Praiano-1937-1-325x500.jpeg 325w, https:\/\/historiadofutebol.com\/blog\/wp-content\/uploads\/2024\/04\/CA-Praiano-1937-1-195x300.jpeg 195w, https:\/\/historiadofutebol.com\/blog\/wp-content\/uploads\/2024\/04\/CA-Praiano-1937-1-768x1182.jpeg 768w, https:\/\/historiadofutebol.com\/blog\/wp-content\/uploads\/2024\/04\/CA-Praiano-1937-1-998x1536.jpeg 998w, https:\/\/historiadofutebol.com\/blog\/wp-content\/uploads\/2024\/04\/CA-Praiano-1937-1-1331x2048.jpeg 1331w, https:\/\/historiadofutebol.com\/blog\/wp-content\/uploads\/2024\/04\/CA-Praiano-1937-1-624x960.jpeg 624w, https:\/\/historiadofutebol.com\/blog\/wp-content\/uploads\/2024\/04\/CA-Praiano-1937-1-scaled.jpeg 1663w\" sizes=\"auto, (max-width: 325px) 100vw, 325px\" \/><\/figure>\n\n\n\n<h1 class=\"wp-block-heading\"><mark style=\"background-color:rgba(0, 0, 0, 0);color:#212768\" class=\"has-inline-color\">Algumas Forma\u00e7\u00f5es<\/mark><\/h1>\n\n\n\n<p><em><strong>Time de 1936:<\/strong> Geraldo; Marques e Jo\u00e3o; Severiano, Thom\u00e9 e Elp\u00eddio; Odilon, Ant\u00f4nio, Cardeal, Soares e Sylvo.<\/em><\/p>\n\n\n\n<p><em><strong>Time de 1937 (Primeiros Quadros): <\/strong>Benedicto; Nacional e Nariz; Rapha (Mosquete), Thom\u00e9 e Sylvio; Bahiano, Antonico, Dorico (Aurelio), Cardeal e Paulista.<\/em><\/p>\n\n\n\n<p><em><strong>Time de 1937 (Segundos Quadros): <\/strong>Geraldo; Torgado (Don\u00f4) e China (M\u00f4); Jorge, Henrique e Cabral; Odilon (Albino), Artelino (Toni), Ti\u00e3o, Oleg\u00e1rio (Mario) e Vivi.<\/em><\/p>\n\n\n\n<p><mark style=\"background-color:rgba(0, 0, 0, 0)\" class=\"has-inline-color has-blue-color\">\u00a0<em><strong><u>FOTOS<\/u>:<\/strong>\u00a0\u00c1lbum Bala Favorita de 1935 \u2013 Time posado (Gazeta de Not\u00edcias)<\/em><\/mark><\/p>\n\n\n\n<p><mark style=\"background-color:rgba(0, 0, 0, 0);color:#3f5aab\" class=\"has-inline-color\">\u00a0<em><u>FONTES<\/u>: A Noite (RJ) \u2013 Beira-Mar: Copacabana, Ipanema e Leme (RJ) \u2013 Di\u00e1rio da Noite (RJ) \u2013 Gazeta de Not\u00edcias (RJ) \u2013 Jornal dos Sports (RJ)<\/em><\/mark><\/p>\n","protected":false},"excerpt":{"rendered":"<p>O Club Athletico Praiano foi uma agremia\u00e7\u00e3o da cidade do Rio de Janeiro (RJ). O \u201cGr\u00eamio da faixa azul\u201d foi Fundado no in\u00edcio da d\u00e9cada de 30. A sua Sede ficava localizado no bairro de Ipanema, na Zona Sul do Rio. Alguns presidentes: Sr. Ubiratan Napole\u00e3o (1933), Jorge Dias Vaz (1937). Al\u00e9m do futebol, o [&hellip;]<\/p>\n","protected":false},"author":55,"featured_media":0,"comment_status":"open","ping_status":"closed","sticky":false,"template":"","format":"standard","meta":{"footnotes":""},"categories":[203,531,83,59,345,3,47,76],"tags":[],"class_list":["post-131852","post","type-post","status-publish","format-standard","hentry","category-sergio-mello","category-carencias","category-x9-curiosidades","category-escudos","category-fotos-historicas","category-historia-do-futebol","category-rio-de-janeiro","category-antigo-estado-do-rio"],"_links":{"self":[{"href":"https:\/\/historiadofutebol.com\/blog\/index.php?rest_route=\/wp\/v2\/posts\/131852","targetHints":{"allow":["GET"]}}],"collection":[{"href":"https:\/\/historiadofutebol.com\/blog\/index.php?rest_route=\/wp\/v2\/posts"}],"about":[{"href":"https:\/\/historiadofutebol.com\/blog\/index.php?rest_route=\/wp\/v2\/types\/post"}],"author":[{"embeddable":true,"href":"https:\/\/historiadofutebol.com\/blog\/index.php?rest_route=\/wp\/v2\/users\/55"}],"replies":[{"embeddable":true,"href":"https:\/\/historiadofutebol.com\/blog\/index.php?rest_route=%2Fwp%2Fv2%2Fcomments&post=131852"}],"version-history":[{"count":2,"href":"https:\/\/historiadofutebol.com\/blog\/index.php?rest_route=\/wp\/v2\/posts\/131852\/revisions"}],"predecessor-version":[{"id":131858,"href":"https:\/\/historiadofutebol.com\/blog\/index.php?rest_route=\/wp\/v2\/posts\/131852\/revisions\/131858"}],"wp:attachment":[{"href":"https:\/\/historiadofutebol.com\/blog\/index.php?rest_route=%2Fwp%2Fv2%2Fmedia&parent=131852"}],"wp:term":[{"taxonomy":"category","embeddable":true,"href":"https:\/\/historiadofutebol.com\/blog\/index.php?rest_route=%2Fwp%2Fv2%2Fcategories&post=131852"},{"taxonomy":"post_tag","embeddable":true,"href":"https:\/\/historiadofutebol.com\/blog\/index.php?rest_route=%2Fwp%2Fv2%2Ftags&post=131852"}],"curies":[{"name":"wp","href":"https:\/\/api.w.org\/{rel}","templated":true}]}}