{"id":131840,"date":"2024-04-10T00:39:27","date_gmt":"2024-04-10T03:39:27","guid":{"rendered":"https:\/\/historiadofutebol.com\/blog\/?p=131840"},"modified":"2024-04-10T01:14:56","modified_gmt":"2024-04-10T04:14:56","slug":"foto-rara-de-1978-no-dia-que-o-leite-gloria-derrotou-o-poderoso-america-football-club-do-rio-rj","status":"publish","type":"post","link":"https:\/\/historiadofutebol.com\/blog\/?p=131840","title":{"rendered":"Foto rara de 1978: No dia que o Leite Gl\u00f3ria derrotou o poderoso America Football Club, do Rio (RJ)"},"content":{"rendered":"<div class=\"wp-block-image\">\n<figure class=\"aligncenter size-large\"><img loading=\"lazy\" decoding=\"async\" width=\"500\" height=\"331\" src=\"https:\/\/historiadofutebol.com\/blog\/wp-content\/uploads\/2024\/04\/Sem-titulo-3-500x331.jpg\" alt=\"\" class=\"wp-image-131841\" srcset=\"https:\/\/historiadofutebol.com\/blog\/wp-content\/uploads\/2024\/04\/Sem-titulo-3-500x331.jpg 500w, https:\/\/historiadofutebol.com\/blog\/wp-content\/uploads\/2024\/04\/Sem-titulo-3-300x199.jpg 300w, https:\/\/historiadofutebol.com\/blog\/wp-content\/uploads\/2024\/04\/Sem-titulo-3-768x509.jpg 768w, https:\/\/historiadofutebol.com\/blog\/wp-content\/uploads\/2024\/04\/Sem-titulo-3-624x413.jpg 624w, https:\/\/historiadofutebol.com\/blog\/wp-content\/uploads\/2024\/04\/Sem-titulo-3.jpg 1016w\" sizes=\"auto, (max-width: 500px) 100vw, 500px\" \/><\/figure><\/div>\n\n\n<p>Ap\u00f3s o encerramento do <strong><em>Campeonato Carioca da 1\u00aa Divis\u00e3o de 1978<\/em><\/strong>, os clubes cariocas, como de costume naquela \u00e9poca, realizavam uma s\u00e9rie de amistosos a fim de arrecadar dinheiro para manter e poder pagar o seu elenco. E, nesses jogos eram comuns os grandes clubes enfrentarem equipes menores no interior do Rio e, at\u00e9 equipes amadoras. &nbsp;&nbsp;&nbsp;<\/p>\n\n\n\n<p>E, no <strong><em>America Football Club<\/em><\/strong> \u2013 ent\u00e3o treinando no <em>Est\u00e1dio Volnei Brauney<\/em>, no bairro do Andara\u00ed \u2013 confirmou uma s\u00e9rie de amistosos, dentre eles, contra o <strong><em>Gr\u00eamio Recreativo Esportivo Gl\u00f3ria<\/em><\/strong>. &nbsp;<\/p>\n\n\n\n<p>E quem era o <strong><em>GRE Gl\u00f3ria ou Leite Gl\u00f3ria<\/em><\/strong>? Foi uma agremia\u00e7\u00e3o <strong><em>Fundada em 1971<\/em><\/strong>, por funcion\u00e1rios da <strong><em>f\u00e1brica Leite em P\u00f3 Gl\u00f3ria<\/em><\/strong>. A sua <strong><em>Sede e o campo<\/em><\/strong> ficavam localizados dentro da empresa, na <strong><em>Avenida Presidente Dutra, n\u00ba 733, na Cidade Nova, em Itaperuna, no Noroeste Fluminense do estado do Rio de Janeiro<\/em><\/strong>. &nbsp;<\/p>\n\n\n\n<p>O elenco do <strong><em>Leite Gl\u00f3ria<\/em><\/strong>, todos trabalhavam na empresa, onde disputavam o <strong><em>Campeonato Citadino de Itaperuna<\/em><\/strong>, no qual lideravam o certame. E, convidaram o poderoso <strong><em>America do Rio<\/em><\/strong> para um amistoso.<\/p>\n\n\n\n<p>A diretoria do <strong><em>Mec\u00e3o<\/em><\/strong> acertou quatro amistosos: <em>7 de dezembro diante do <strong>Leite Gl\u00f3ria<\/strong>, em Itaperuna<\/em>; <em>10 de dezembro diante do <strong>Serrano<\/strong>, em Petr\u00f3polis<\/em>; <em>14 de dezembro diante do <strong>Sele\u00e7\u00e3o de Tr\u00eas Rios<\/strong>, em Tr\u00eas Rios<\/em>; <em>17 de dezembro diante do <strong>Volta Redonda<\/strong>, na cidade do A\u00e7o<\/em>. O <strong><em>America<\/em><\/strong> recebeu Cr$ 120 mil por apresenta\u00e7\u00e3o.<\/p>\n\n\n\n<h2 class=\"wp-block-heading\"><strong><mark style=\"background-color:rgba(0, 0, 0, 0);color:#e40707\" class=\"has-inline-color\">Clube da Campos Sales seguiu para O Noroeste do estado<\/mark><\/strong><\/h2>\n\n\n\n<p>A <strong><em>delega\u00e7\u00e3o americana<\/em><\/strong> seguiu num \u00f4nibus especial, <em>\u00e0s 8 horas da manh\u00e3 da quarta-feira, do dia 06 de dezembro de 1978<\/em>, onde ficou hospedado no <strong><em>Hotel Raposo<\/em><\/strong>, localizado a 20 km de Itaperuna. Hoje, com as estradas numa condi\u00e7\u00e3o melhor, essa mesma viagem demora mais ou menos em <em>5 horas e 18 minutos, aproximadamente 318,2 km (via BR-116 e BR-393)<\/em>.<\/p>\n\n\n\n<p>Para essa partida, o t\u00e9cnico Jaime Valente aproveitou para levar alguns jogadores juvenis: os zagueiros <em>Z\u00e9 Paulo<\/em>, <em>Lauro<\/em> e <em>Jorge Lima<\/em>; o apoiador <em>Duarte<\/em> e o goleiro <em>Jurandir<\/em>. Completando os reservas: <em>\u00c1lvaro<\/em>, <em>Peixoto<\/em> e <em>Silvinho<\/em>, por terem nascido na cidade e o zagueiro <em>Alex<\/em>, foram homenageados pela <em>Prefeitura de Itaperuna<\/em>.<\/p>\n\n\n\n<h2 class=\"wp-block-heading\"><strong><mark style=\"background-color:rgba(0, 0, 0, 0);color:#f90c0c\" class=\"has-inline-color\">Deu Leite Gl\u00f3ria na cabe\u00e7a!<\/mark><\/strong><\/h2>\n\n\n<div class=\"wp-block-image\">\n<figure class=\"aligncenter size-large is-resized\"><img loading=\"lazy\" decoding=\"async\" width=\"500\" height=\"364\" src=\"https:\/\/historiadofutebol.com\/blog\/wp-content\/uploads\/2024\/04\/LEITE-GLORIA-1978-500x364.jpg\" alt=\"\" class=\"wp-image-131842\" style=\"width:664px;height:auto\" srcset=\"https:\/\/historiadofutebol.com\/blog\/wp-content\/uploads\/2024\/04\/LEITE-GLORIA-1978-500x364.jpg 500w, https:\/\/historiadofutebol.com\/blog\/wp-content\/uploads\/2024\/04\/LEITE-GLORIA-1978-300x219.jpg 300w, https:\/\/historiadofutebol.com\/blog\/wp-content\/uploads\/2024\/04\/LEITE-GLORIA-1978-768x560.jpg 768w, https:\/\/historiadofutebol.com\/blog\/wp-content\/uploads\/2024\/04\/LEITE-GLORIA-1978-624x455.jpg 624w, https:\/\/historiadofutebol.com\/blog\/wp-content\/uploads\/2024\/04\/LEITE-GLORIA-1978.jpg 1183w\" sizes=\"auto, (max-width: 500px) 100vw, 500px\" \/><figcaption class=\"wp-element-caption\">&nbsp;<br \/><mark style=\"background-color:rgba(0, 0, 0, 0);color:#fc0404\" class=\"has-inline-color\"><strong>EM P\u00c9 (esquerda para a direita): <\/strong>Z\u00e9 Luiz, Expedito, C\u00e9lio, M\u00e1rio Ven\u00e2ncio, Ad\u00eanis e Capucha.<br \/><\/mark><mark style=\"background-color:rgba(0, 0, 0, 0);color:#343ebc\" class=\"has-inline-color\"><strong>AGACHADOS (esquerda para a direita): <\/strong>Daniel, Pacote, Alceb\u00edades, Fofinho e Ad\u00e3ozinho.<\/mark><\/figcaption><\/figure><\/div>\n\n\n<p>A partida foi realizada naquela noite <em>(06\/12\/1978)<\/em>, \u00e0s <strong><em>21 horas<\/em><\/strong>, no <strong><em>Est\u00e1dio Jair Bittencourt<\/em><\/strong>, no Centro de Itaperuna. E, para a surpresa de muitos, o time valente e aguerrido do <strong><em>Leite Gl\u00f3ria<\/em><\/strong> acabou derrotando o <strong><em>America do Rio<\/em><\/strong> pelo placar de <strong><em>2 a 1<\/em><\/strong>, levando o bom p\u00fablico presente ao del\u00edrio!<\/p>\n\n\n\n<p>O <strong><em>America<\/em><\/strong> come\u00e7ou melhor e abriu o marcador aos <strong><em>23 minutos<\/em><\/strong>, por interm\u00e9dio de <em>L\u00e9o Oliveira<\/em>. A alegria s\u00f3 durou por nove minutos, quando o ponta direita <em>Daniel<\/em> deixou tudo igual aos <strong><em>32 minutos<\/em><\/strong>. Sete minutos depois, p\u00eanalti a favor do <strong><em>Leite Gl\u00f3ria<\/em><\/strong>! <em>Fofinho<\/em>, cobrou com categoria, estabelecendo a virada. Na etapa final, o <strong><em>America<\/em><\/strong> at\u00e9 tentou, mas esbarrou no bom sistema defensivo do <strong><em>GRE Gl\u00f3ria<\/em><\/strong>.<\/p>\n\n\n\n<p>Fim de jogo, e, certamente, o <strong><em>Gr\u00eamio Recreativo Esportivo Gl\u00f3ria<\/em><\/strong> festejou a maior vit\u00f3ria da sua hist\u00f3ria. Ap\u00f3s a partida, os donos da casa receberam o \u00a0<strong><em>Trof\u00e9u Prefeito Orlando Tavares<\/em><\/strong> <em>(ent\u00e3o prefeito da cidade de Itaperuna, entre 1977 a 1983. Essa era a terceira vez que Orlando Tavares tinha sido prefeito da cidade. Antes foi prefeito em 1962 e 1967 a 1971)<\/em>.<\/p>\n\n\n\n<p>O <strong><em>America<\/em><\/strong>, que recebeu a cota de <em>Cr$ 60 mil (sessenta mil cruzeiros)<\/em> pela partida, retornou ao Rio, <em>na manh\u00e3 da quinta-feira, dia 07 de dezembro de 1978<\/em>. Para o <strong><em>Mec\u00e3o<\/em><\/strong> apenas mais um amistoso, mas para os jogadores do <strong><em>Leite Gl\u00f3ria<\/em><\/strong> uma eterna e linda lembran\u00e7a!<\/p>\n\n\n\n<p><strong>America:<\/strong> Carlos Afonso; Z\u00e9 Paulo (Alex), Heraldo, Jorge Lima e Jorge Valen\u00e7a; Wilson, L\u00e9o Oliveira e Silvinho; Hugo, Paulo C\u00e9sar e Renato. <strong>T\u00e9cnico:<\/strong> Jaime Valente.<\/p>\n\n\n\n<p><strong>GRE Gl\u00f3ria:<\/strong> Ad\u00eanis; M\u00e1rio Ven\u00e2ncio, Expedito, Z\u00e9 Lu\u00eds e Capucha; C\u00e9lio, Pacote e Alceb\u00edades; Daniel, Fofinho e Ad\u00e3ozinho. <strong>T\u00e9cnico:<\/strong> Ayres Lopes.<\/p>\n\n\n\n<p><strong><mark style=\"background-color:rgba(0, 0, 0, 0);color:#2653a7\" class=\"has-inline-color\"><em><u>Colaborou<\/u>:<\/em><\/mark><\/strong><em><mark style=\"background-color:rgba(0, 0, 0, 0);color:#2653a7\" class=\"has-inline-color\"> Orlindo Farias, de \u201cRetratos do Futebol Fluminense\u201d<\/mark><\/em><\/p>\n\n\n\n<p><em><mark style=\"background-color:rgba(0, 0, 0, 0);color:#b61717\" class=\"has-inline-color\"><strong><u>FOTO<\/u>:<\/strong> Acervo de Aryllion Magalh\u00e3es Queres<\/mark><\/em><\/p>\n\n\n\n<p><strong><mark style=\"background-color:rgba(0, 0, 0, 0);color:#0f0d7e\" class=\"has-inline-color\"><em><u>FONTES<\/u>: <\/em><\/mark><\/strong><em><mark style=\"background-color:rgba(0, 0, 0, 0);color:#0f0d7e\" class=\"has-inline-color\">Jornal dos Sports (RJ) \u2013 O Fluminense (RJ) \u2013 Tribuna da Imprensa (RJ)<\/mark><\/em><\/p>\n","protected":false},"excerpt":{"rendered":"<p>Ap\u00f3s o encerramento do Campeonato Carioca da 1\u00aa Divis\u00e3o de 1978, os clubes cariocas, como de costume naquela \u00e9poca, realizavam uma s\u00e9rie de amistosos a fim de arrecadar dinheiro para manter e poder pagar o seu elenco. E, nesses jogos eram comuns os grandes clubes enfrentarem equipes menores no interior do Rio e, at\u00e9 equipes [&hellip;]<\/p>\n","protected":false},"author":55,"featured_media":0,"comment_status":"open","ping_status":"closed","sticky":false,"template":"","format":"standard","meta":{"footnotes":""},"categories":[203,531,83,59,345,3,47,76],"tags":[],"class_list":["post-131840","post","type-post","status-publish","format-standard","hentry","category-sergio-mello","category-carencias","category-x9-curiosidades","category-escudos","category-fotos-historicas","category-historia-do-futebol","category-rio-de-janeiro","category-antigo-estado-do-rio"],"_links":{"self":[{"href":"https:\/\/historiadofutebol.com\/blog\/index.php?rest_route=\/wp\/v2\/posts\/131840","targetHints":{"allow":["GET"]}}],"collection":[{"href":"https:\/\/historiadofutebol.com\/blog\/index.php?rest_route=\/wp\/v2\/posts"}],"about":[{"href":"https:\/\/historiadofutebol.com\/blog\/index.php?rest_route=\/wp\/v2\/types\/post"}],"author":[{"embeddable":true,"href":"https:\/\/historiadofutebol.com\/blog\/index.php?rest_route=\/wp\/v2\/users\/55"}],"replies":[{"embeddable":true,"href":"https:\/\/historiadofutebol.com\/blog\/index.php?rest_route=%2Fwp%2Fv2%2Fcomments&post=131840"}],"version-history":[{"count":4,"href":"https:\/\/historiadofutebol.com\/blog\/index.php?rest_route=\/wp\/v2\/posts\/131840\/revisions"}],"predecessor-version":[{"id":131847,"href":"https:\/\/historiadofutebol.com\/blog\/index.php?rest_route=\/wp\/v2\/posts\/131840\/revisions\/131847"}],"wp:attachment":[{"href":"https:\/\/historiadofutebol.com\/blog\/index.php?rest_route=%2Fwp%2Fv2%2Fmedia&parent=131840"}],"wp:term":[{"taxonomy":"category","embeddable":true,"href":"https:\/\/historiadofutebol.com\/blog\/index.php?rest_route=%2Fwp%2Fv2%2Fcategories&post=131840"},{"taxonomy":"post_tag","embeddable":true,"href":"https:\/\/historiadofutebol.com\/blog\/index.php?rest_route=%2Fwp%2Fv2%2Ftags&post=131840"}],"curies":[{"name":"wp","href":"https:\/\/api.w.org\/{rel}","templated":true}]}}