{"id":131632,"date":"2022-03-17T01:01:00","date_gmt":"2022-03-17T04:01:00","guid":{"rendered":"https:\/\/historiadofutebol.com\/blog\/?p=131632"},"modified":"2024-03-17T01:09:02","modified_gmt":"2024-03-17T04:09:02","slug":"foto-rara-de-1977-clube-de-regatas-flamengo-rio-de-janeiro-rj","status":"publish","type":"post","link":"https:\/\/historiadofutebol.com\/blog\/?p=131632","title":{"rendered":"Foto Rara de 1977: Clube de Regatas Flamengo &#8211; Rio de Janeiro (RJ)"},"content":{"rendered":"<div class=\"wp-block-image\">\n<figure class=\"aligncenter size-large is-resized\"><img loading=\"lazy\" decoding=\"async\" width=\"500\" height=\"374\" src=\"https:\/\/historiadofutebol.com\/blog\/wp-content\/uploads\/2024\/03\/Sem-titulo-2-500x374.jpg\" alt=\"\" class=\"wp-image-131633\" style=\"width:653px;height:auto\" srcset=\"https:\/\/historiadofutebol.com\/blog\/wp-content\/uploads\/2024\/03\/Sem-titulo-2-500x374.jpg 500w, https:\/\/historiadofutebol.com\/blog\/wp-content\/uploads\/2024\/03\/Sem-titulo-2-300x224.jpg 300w, https:\/\/historiadofutebol.com\/blog\/wp-content\/uploads\/2024\/03\/Sem-titulo-2-768x574.jpg 768w, https:\/\/historiadofutebol.com\/blog\/wp-content\/uploads\/2024\/03\/Sem-titulo-2-624x466.jpg 624w, https:\/\/historiadofutebol.com\/blog\/wp-content\/uploads\/2024\/03\/Sem-titulo-2.jpg 1295w\" sizes=\"auto, (max-width: 500px) 100vw, 500px\" \/><\/figure><\/div>\n\n\n<p><mark style=\"background-color:rgba(0, 0, 0, 0);color:#000000\" class=\"has-inline-color\">Na <strong><em>foto (acima)<\/em><\/strong> o <strong><em>Clube de Regatas Flamengo<\/em><\/strong>, no<em> Est\u00e1dio Mario Filho, o Maracan\u00e3<\/em>, no ano de <strong><em>1977<\/em><\/strong>. Os nomes dos jogadores na ordem s\u00e3o esses:<\/mark><\/p>\n\n\n\n<p><mark style=\"background-color:rgba(0, 0, 0, 0);color:#d01c1c\" class=\"has-inline-color\"><strong>EM P\u00c9 (esquerda para a direita):<\/strong> Roberto, Rondinelli, Carlos Alberto Torres, J\u00fanior, Vanderlei Luxemburgo e Merica;<\/mark><\/p>\n\n\n\n<p><mark style=\"background-color:rgba(0, 0, 0, 0);color:#000000\" class=\"has-inline-color\"><strong>AGACHADOS (esquerda para a direita):<\/strong> Tita, Ad\u00edlio, Kalu, Dend\u00ea e Lu\u00eds Paulo.<\/mark><\/p>\n\n\n\n<p><strong><mark style=\"background-color:rgba(0, 0, 0, 0);color:#160d44\" class=\"has-inline-color\"><em><u>FOTO<\/u>:<\/em><\/mark><\/strong><em><mark style=\"background-color:rgba(0, 0, 0, 0);color:#160d44\" class=\"has-inline-color\"> Arquivo \/ Ag. O Globo<\/mark><\/em><\/p>\n","protected":false},"excerpt":{"rendered":"<p>Na foto (acima) o Clube de Regatas Flamengo, no Est\u00e1dio Mario Filho, o Maracan\u00e3, no ano de 1977. Os nomes dos jogadores na ordem s\u00e3o esses: EM P\u00c9 (esquerda para a direita): Roberto, Rondinelli, Carlos Alberto Torres, J\u00fanior, Vanderlei Luxemburgo e Merica; AGACHADOS (esquerda para a direita): Tita, Ad\u00edlio, Kalu, Dend\u00ea e Lu\u00eds Paulo. FOTO: [&hellip;]<\/p>\n","protected":false},"author":55,"featured_media":0,"comment_status":"open","ping_status":"closed","sticky":false,"template":"","format":"standard","meta":{"footnotes":""},"categories":[203,531,83,345,3,47,76],"tags":[],"class_list":["post-131632","post","type-post","status-publish","format-standard","hentry","category-sergio-mello","category-carencias","category-x9-curiosidades","category-fotos-historicas","category-historia-do-futebol","category-rio-de-janeiro","category-antigo-estado-do-rio"],"_links":{"self":[{"href":"https:\/\/historiadofutebol.com\/blog\/index.php?rest_route=\/wp\/v2\/posts\/131632","targetHints":{"allow":["GET"]}}],"collection":[{"href":"https:\/\/historiadofutebol.com\/blog\/index.php?rest_route=\/wp\/v2\/posts"}],"about":[{"href":"https:\/\/historiadofutebol.com\/blog\/index.php?rest_route=\/wp\/v2\/types\/post"}],"author":[{"embeddable":true,"href":"https:\/\/historiadofutebol.com\/blog\/index.php?rest_route=\/wp\/v2\/users\/55"}],"replies":[{"embeddable":true,"href":"https:\/\/historiadofutebol.com\/blog\/index.php?rest_route=%2Fwp%2Fv2%2Fcomments&post=131632"}],"version-history":[{"count":2,"href":"https:\/\/historiadofutebol.com\/blog\/index.php?rest_route=\/wp\/v2\/posts\/131632\/revisions"}],"predecessor-version":[{"id":131636,"href":"https:\/\/historiadofutebol.com\/blog\/index.php?rest_route=\/wp\/v2\/posts\/131632\/revisions\/131636"}],"wp:attachment":[{"href":"https:\/\/historiadofutebol.com\/blog\/index.php?rest_route=%2Fwp%2Fv2%2Fmedia&parent=131632"}],"wp:term":[{"taxonomy":"category","embeddable":true,"href":"https:\/\/historiadofutebol.com\/blog\/index.php?rest_route=%2Fwp%2Fv2%2Fcategories&post=131632"},{"taxonomy":"post_tag","embeddable":true,"href":"https:\/\/historiadofutebol.com\/blog\/index.php?rest_route=%2Fwp%2Fv2%2Ftags&post=131632"}],"curies":[{"name":"wp","href":"https:\/\/api.w.org\/{rel}","templated":true}]}}