{"id":130779,"date":"2023-11-07T00:58:07","date_gmt":"2023-11-07T03:58:07","guid":{"rendered":"https:\/\/historiadofutebol.com\/blog\/?p=130779"},"modified":"2023-11-07T00:58:08","modified_gmt":"2023-11-07T03:58:08","slug":"escudo-raro-de-1972-comercial-esporte-clube-pocone-mt","status":"publish","type":"post","link":"https:\/\/historiadofutebol.com\/blog\/?p=130779","title":{"rendered":"Escudo raro de 1972: Comercial Esporte Clube \u2013 Pocon\u00e9 (MT)"},"content":{"rendered":"<div class=\"wp-block-image\">\n<figure class=\"aligncenter size-large\"><img loading=\"lazy\" decoding=\"async\" width=\"500\" height=\"298\" src=\"https:\/\/historiadofutebol.com\/blog\/wp-content\/uploads\/2023\/11\/CEC-POCONE-500x298.jpg\" alt=\"\" class=\"wp-image-130783\" srcset=\"https:\/\/historiadofutebol.com\/blog\/wp-content\/uploads\/2023\/11\/CEC-POCONE-500x298.jpg 500w, https:\/\/historiadofutebol.com\/blog\/wp-content\/uploads\/2023\/11\/CEC-POCONE-300x179.jpg 300w, https:\/\/historiadofutebol.com\/blog\/wp-content\/uploads\/2023\/11\/CEC-POCONE-768x458.jpg 768w, https:\/\/historiadofutebol.com\/blog\/wp-content\/uploads\/2023\/11\/CEC-POCONE-624x372.jpg 624w, https:\/\/historiadofutebol.com\/blog\/wp-content\/uploads\/2023\/11\/CEC-POCONE.jpg 1190w\" sizes=\"auto, (max-width: 500px) 100vw, 500px\" \/><\/figure><\/div>\n\n\n<p>O <strong>Comercial Esporte Clube<\/strong> \u00e9 uma agremia\u00e7\u00e3o da cidade de Pocon\u00e9 (MT). A sua <strong><em>Sede social<\/em> <\/strong>ficava na <strong><em>Rua Salvador Marques, n\u00ba 282, no Centro de Pocon\u00e9<\/em><\/strong>. O <strong><em>&#8216;Zebu do Norte&#8217;<\/em><\/strong> foi <strong>Fundado na quafta-feira, do dia 03 de Maio de 1967<\/strong>, por fazendeiros liderados por <em>Manoel Gomes de Arruda<\/em>, conhecido como <em>Neco Falc\u00e3o<\/em>. As suas cores s\u00e3o vermelho e branco.<\/p>\n\n\n\n<p>Nascido em Pocon\u00e9, no dia 20 de fevereiro de 1931, <em>Neco<\/em> era um farmac\u00eautico e odont\u00f3logo, formado no Rio de Janeiro, que colaborou na funda\u00e7\u00e3o da Sociedade Benefic\u00eancia Poconeana <em>(Hospital Geral de Pocon\u00e9)<\/em>.<\/p>\n\n\n<div class=\"wp-block-image\">\n<figure class=\"aligncenter size-large is-resized\"><img loading=\"lazy\" decoding=\"async\" src=\"https:\/\/historiadofutebol.com\/blog\/wp-content\/uploads\/2023\/11\/44aab935-9317-42bd-b2e3-43afb08fa56c-500x166.jpeg\" alt=\"\" class=\"wp-image-130784\" width=\"614\" height=\"204\" srcset=\"https:\/\/historiadofutebol.com\/blog\/wp-content\/uploads\/2023\/11\/44aab935-9317-42bd-b2e3-43afb08fa56c-500x166.jpeg 500w, https:\/\/historiadofutebol.com\/blog\/wp-content\/uploads\/2023\/11\/44aab935-9317-42bd-b2e3-43afb08fa56c-300x99.jpeg 300w, https:\/\/historiadofutebol.com\/blog\/wp-content\/uploads\/2023\/11\/44aab935-9317-42bd-b2e3-43afb08fa56c-768x254.jpeg 768w, https:\/\/historiadofutebol.com\/blog\/wp-content\/uploads\/2023\/11\/44aab935-9317-42bd-b2e3-43afb08fa56c-1536x509.jpeg 1536w, https:\/\/historiadofutebol.com\/blog\/wp-content\/uploads\/2023\/11\/44aab935-9317-42bd-b2e3-43afb08fa56c-624x207.jpeg 624w, https:\/\/historiadofutebol.com\/blog\/wp-content\/uploads\/2023\/11\/44aab935-9317-42bd-b2e3-43afb08fa56c.jpeg 1600w\" sizes=\"auto, (max-width: 614px) 100vw, 614px\" \/><figcaption class=\"wp-element-caption\"><em><strong><mark style=\"background-color:rgba(0, 0, 0, 0);color:#f20000\" class=\"has-inline-color\">Acervo de S\u00e9rgio Santos<\/mark><\/strong><\/em><\/figcaption><\/figure><\/div>\n\n\n<p>Posteriormente foi Prefeito Municipal de Pocon\u00e9 em duas gest\u00f5es: a 1\u00aa de 1967 a 1970 e a 2\u00aa de 1973 a 1977. Na sua primeira gest\u00e3o como prefeito construiu o <strong><em>Est\u00e1dio Manoel Gomes de Arruda<\/em><\/strong>. Neco Falc\u00e3o morreu aos 80 anos, em 2011. A partida inaugural foi <em>no dia 01 de mar\u00e7o de 1970<\/em>, na vit\u00f3ria do <strong><em>Comercial de Pocon\u00e9<\/em><\/strong> por 5 a 2 sobre o <strong><em>Cacimba do Leite<\/em><\/strong> do Cuiab\u00e1.<\/p>\n\n\n\n<p>Quatro anos depois o <strong><em>Comercial de Pocon\u00e9<\/em><\/strong> inaugurou outro est\u00e1dio. O Est\u00e1dio Municipal Luiz Geraldo da Silva, conhecido como Gerald\u00e3o, em C\u00e1ceres foi inaugurado <em>no dia 06 de outubro de 1974<\/em>, entre <strong><em>Sele\u00e7\u00e3o de C\u00e1ceres<\/em><\/strong> e <strong><em>Comercial de Pocon\u00e9<\/em><\/strong>.<\/p>\n\n\n<div class=\"wp-block-image\">\n<figure class=\"aligncenter size-large is-resized\"><img loading=\"lazy\" decoding=\"async\" src=\"https:\/\/historiadofutebol.com\/blog\/wp-content\/uploads\/2023\/11\/294546940_2072081819631123_2426788742279759234_n-500x391.jpg\" alt=\"\" class=\"wp-image-130785\" width=\"653\" height=\"511\" srcset=\"https:\/\/historiadofutebol.com\/blog\/wp-content\/uploads\/2023\/11\/294546940_2072081819631123_2426788742279759234_n-500x391.jpg 500w, https:\/\/historiadofutebol.com\/blog\/wp-content\/uploads\/2023\/11\/294546940_2072081819631123_2426788742279759234_n-300x234.jpg 300w, https:\/\/historiadofutebol.com\/blog\/wp-content\/uploads\/2023\/11\/294546940_2072081819631123_2426788742279759234_n.jpg 567w\" sizes=\"auto, (max-width: 653px) 100vw, 653px\" \/><\/figure><\/div>\n\n\n<p>Ap\u00f3s 40 anos longe do futebol profissional, \u00a0o <strong><em>Comercial de Pocon\u00e9<\/em><\/strong> foi reativado. O clube vem se reestruturando para retornar futuramente as disputas profissionais, organizada pela <strong><em>Federa\u00e7\u00e3o Matogrossense de Futebol (FMF)<\/em><\/strong>.<\/p>\n\n\n\n<p><em><strong>COLABOROU:<\/strong> S\u00e9rgio Santos<\/em><\/p>\n\n\n\n<p><em><strong>FONTES &amp; FOTO:<\/strong> Site Craques do R\u00e1dio (MT) &#8211; Olho no Esporte MT &#8211; Olhar Esportivo &#8211; Revista Placar &#8211; Craques do R\u00e1dio <\/em><\/p>\n","protected":false},"excerpt":{"rendered":"<p>O Comercial Esporte Clube \u00e9 uma agremia\u00e7\u00e3o da cidade de Pocon\u00e9 (MT). A sua Sede social ficava na Rua Salvador Marques, n\u00ba 282, no Centro de Pocon\u00e9. O &#8216;Zebu do Norte&#8217; foi Fundado na quafta-feira, do dia 03 de Maio de 1967, por fazendeiros liderados por Manoel Gomes de Arruda, conhecido como Neco Falc\u00e3o. As [&hellip;]<\/p>\n","protected":false},"author":55,"featured_media":0,"comment_status":"open","ping_status":"closed","sticky":false,"template":"","format":"standard","meta":{"footnotes":""},"categories":[203,531,83,59,345,3,37],"tags":[],"class_list":["post-130779","post","type-post","status-publish","format-standard","hentry","category-sergio-mello","category-carencias","category-x9-curiosidades","category-escudos","category-fotos-historicas","category-historia-do-futebol","category-mato-grosso"],"_links":{"self":[{"href":"https:\/\/historiadofutebol.com\/blog\/index.php?rest_route=\/wp\/v2\/posts\/130779","targetHints":{"allow":["GET"]}}],"collection":[{"href":"https:\/\/historiadofutebol.com\/blog\/index.php?rest_route=\/wp\/v2\/posts"}],"about":[{"href":"https:\/\/historiadofutebol.com\/blog\/index.php?rest_route=\/wp\/v2\/types\/post"}],"author":[{"embeddable":true,"href":"https:\/\/historiadofutebol.com\/blog\/index.php?rest_route=\/wp\/v2\/users\/55"}],"replies":[{"embeddable":true,"href":"https:\/\/historiadofutebol.com\/blog\/index.php?rest_route=%2Fwp%2Fv2%2Fcomments&post=130779"}],"version-history":[{"count":1,"href":"https:\/\/historiadofutebol.com\/blog\/index.php?rest_route=\/wp\/v2\/posts\/130779\/revisions"}],"predecessor-version":[{"id":130786,"href":"https:\/\/historiadofutebol.com\/blog\/index.php?rest_route=\/wp\/v2\/posts\/130779\/revisions\/130786"}],"wp:attachment":[{"href":"https:\/\/historiadofutebol.com\/blog\/index.php?rest_route=%2Fwp%2Fv2%2Fmedia&parent=130779"}],"wp:term":[{"taxonomy":"category","embeddable":true,"href":"https:\/\/historiadofutebol.com\/blog\/index.php?rest_route=%2Fwp%2Fv2%2Fcategories&post=130779"},{"taxonomy":"post_tag","embeddable":true,"href":"https:\/\/historiadofutebol.com\/blog\/index.php?rest_route=%2Fwp%2Fv2%2Ftags&post=130779"}],"curies":[{"name":"wp","href":"https:\/\/api.w.org\/{rel}","templated":true}]}}