{"id":130562,"date":"2023-09-22T01:08:19","date_gmt":"2023-09-22T04:08:19","guid":{"rendered":"https:\/\/historiadofutebol.com\/blog\/?p=130562"},"modified":"2023-09-22T01:15:54","modified_gmt":"2023-09-22T04:15:54","slug":"foto-rara-de-1968-esporte-clube-norte-brasileiro-belem-pa","status":"publish","type":"post","link":"https:\/\/historiadofutebol.com\/blog\/?p=130562","title":{"rendered":"Foto rara de 1968: Esporte Clube Norte Brasileiro \u2013 Bel\u00e9m (PA)"},"content":{"rendered":"<div class=\"wp-block-image\">\n<figure class=\"aligncenter size-large\"><img loading=\"lazy\" decoding=\"async\" width=\"500\" height=\"336\" src=\"https:\/\/historiadofutebol.com\/blog\/wp-content\/uploads\/2023\/09\/EC-Norte-Brasileiro-500x336.jpg\" alt=\"\" class=\"wp-image-130563\" srcset=\"https:\/\/historiadofutebol.com\/blog\/wp-content\/uploads\/2023\/09\/EC-Norte-Brasileiro-500x336.jpg 500w, https:\/\/historiadofutebol.com\/blog\/wp-content\/uploads\/2023\/09\/EC-Norte-Brasileiro-300x202.jpg 300w, https:\/\/historiadofutebol.com\/blog\/wp-content\/uploads\/2023\/09\/EC-Norte-Brasileiro-768x517.jpg 768w, https:\/\/historiadofutebol.com\/blog\/wp-content\/uploads\/2023\/09\/EC-Norte-Brasileiro-624x420.jpg 624w, https:\/\/historiadofutebol.com\/blog\/wp-content\/uploads\/2023\/09\/EC-Norte-Brasileiro.jpg 926w\" sizes=\"auto, (max-width: 500px) 100vw, 500px\" \/><\/figure><\/div>\n\n\n<p>O<strong><mark style=\"background-color:rgba(0, 0, 0, 0);color:#213b9c\" class=\"has-inline-color\">&nbsp;<em>Esporte Clube Norte Brasileiro<\/em> <\/mark><\/strong>foi uma agremia\u00e7\u00e3o da cidade de Bel\u00e9m (PA). O \u201c<strong><em>Tigre da Crema\u00e7\u00e3o<\/em><\/strong>\u201d ou \u201c<strong><em><mark style=\"background-color:rgba(0, 0, 0, 0);color:#21339c\" class=\"has-inline-color\">Le\u00e3o do Norte<\/mark><\/em><\/strong>\u201d foi <strong><em>Fundado no domingo, do dia 04 de Janeiro de 1914<\/em><\/strong>. Localizado na <strong><em>Travessa 9 de Janeiro, no Bairro da Crema\u00e7\u00e3o, em Bel\u00e9m<\/em><\/strong>, mandava os seus jogos na <strong><em>Pra\u00e7a de Esportes Magalh\u00e3es Barata<\/em><\/strong>.<\/p>\n\n\n\n<p>O <strong><em>Norte Brasileiro<\/em><\/strong> nunca disputou \u00e0 <strong><em>Elite Paraense<\/em><\/strong>. Em <strong><em>1947<\/em><\/strong>, o \u201c<strong><em>Tigre da Crema\u00e7\u00e3o<\/em><\/strong>\u201d se sagrou <strong><em>campe\u00e3o<\/em><\/strong> do <strong><em>Campeonato Suburbano<\/em><\/strong>. Em <strong><em>1948<\/em><\/strong>, foi laureado como o <strong><em>vice-campe\u00e3o<\/em><\/strong>, sendo o l\u00edder <strong><em>invicto<\/em><\/strong> da <strong><em>Zona C<\/em><\/strong>.&nbsp; Em <strong><em>1949<\/em><\/strong>, tendo em concurso efetuado pela imprensa esportiva sido considerado o <strong><em>\u2018Clube Mais Querido do Sub\u00farbio\u2019<\/em><\/strong>.<\/p>\n\n\n\n<p>Em <strong><em>1950<\/em><\/strong>, <em>sob o comando<\/em> de <em>Arlindo Luchards<\/em>, o <strong><em>Norte Brasileiro<\/em><\/strong> chegou na final da <strong><em>divis\u00e3o de acesso<\/em><\/strong>, e, numa <em>melhor de tr\u00eas partidas<\/em> <em>(ou quatro pontos)<\/em> contra o <strong><em>Jabaquara Futebol Clube<\/em><\/strong>. No <strong><em>1\u00ba jogo<\/em><\/strong>, <em>na manh\u00e3 de domingo, \u00e0s 9h30min., do dia 31 de dezembro de 1950<\/em>, acabou derrotado pelo placar de <strong><em>4 a 3<\/em><\/strong>.<\/p>\n\n\n\n<p>Na <strong><em>2\u00aa partida<\/em><\/strong>, <em>na manh\u00e3 de domingo, \u00e0s 9h30min., do dia 07 de janeiro de 1951<\/em>, terminou empatado em <strong><em>4 a 4<\/em><\/strong>, tendo <em>Manuel Farias de Moura<\/em> no <strong><em>apito<\/em><\/strong>, e como <strong><em>auxiliares<\/em><\/strong> <em>Cl\u00e1udio B. da Silva <\/em>e <em>Jos\u00e9 F. Matos<\/em>.<\/p>\n\n\n<div class=\"wp-block-image\">\n<figure class=\"aligncenter size-large is-resized\"><img loading=\"lazy\" decoding=\"async\" src=\"https:\/\/historiadofutebol.com\/blog\/wp-content\/uploads\/2023\/09\/Norte-Brasileiro-500x380.jpg\" alt=\"\" class=\"wp-image-130567\" width=\"654\" height=\"497\" srcset=\"https:\/\/historiadofutebol.com\/blog\/wp-content\/uploads\/2023\/09\/Norte-Brasileiro-500x380.jpg 500w, https:\/\/historiadofutebol.com\/blog\/wp-content\/uploads\/2023\/09\/Norte-Brasileiro-300x228.jpg 300w, https:\/\/historiadofutebol.com\/blog\/wp-content\/uploads\/2023\/09\/Norte-Brasileiro-768x583.jpg 768w, https:\/\/historiadofutebol.com\/blog\/wp-content\/uploads\/2023\/09\/Norte-Brasileiro-624x474.jpg 624w, https:\/\/historiadofutebol.com\/blog\/wp-content\/uploads\/2023\/09\/Norte-Brasileiro.jpg 944w\" sizes=\"auto, (max-width: 654px) 100vw, 654px\" \/><figcaption class=\"wp-element-caption\"><mark style=\"background-color:rgba(0, 0, 0, 0);color:#24377b\" class=\"has-inline-color\"><strong>E P\u00c9 (esquerda para a direita):<\/strong> n\u00e3o identificado, Baca, Pedro, Prego, Soares e Nilson, n\u00e3o identificado e n\u00e3o identificado;<br \/><\/mark><mark style=\"background-color:rgba(0, 0, 0, 0);color:#183a8e\" class=\"has-inline-color\"><strong>AGACHADOS (esquerda para a direita):<\/strong> Porquinho, Paulo Seco, Chininha, Milton e Charutinho.\u00a0<\/mark><\/figcaption><\/figure><\/div>\n\n\n<p>No <strong><em>3\u00ba e derradeiro jogo<\/em><\/strong>, <em>na tarde de domingo, \u00e0s 17 horas, do dia 14 de janeiro de 1951<\/em>, no Est\u00e1dio Ant\u00f4nio Baena (campo do <strong><em>Clube do Remo)<\/em><\/strong>, acabou derrotado por <strong><em>4 a 1<\/em><\/strong> para o <strong><em>Jabaquara (sagrando-se bicampe\u00e3o 1949 e 1950) <\/em><\/strong>e terminou com o <strong><em>vice-campeonato Paraense da S\u00e9rie B<\/em><\/strong>. O <strong><em>\u00e1rbitro<\/em><\/strong> da partida foi o <em>sr. Artur Vicentini (boa atua\u00e7\u00e3o)<\/em>.<\/p>\n\n\n<div class=\"wp-block-image\">\n<figure class=\"aligncenter size-large\"><img loading=\"lazy\" decoding=\"async\" width=\"500\" height=\"461\" src=\"https:\/\/historiadofutebol.com\/blog\/wp-content\/uploads\/2023\/09\/O-LIBERAL-escudo-1951-500x461.jpeg\" alt=\"\" class=\"wp-image-130564\" srcset=\"https:\/\/historiadofutebol.com\/blog\/wp-content\/uploads\/2023\/09\/O-LIBERAL-escudo-1951-500x461.jpeg 500w, https:\/\/historiadofutebol.com\/blog\/wp-content\/uploads\/2023\/09\/O-LIBERAL-escudo-1951-300x277.jpeg 300w, https:\/\/historiadofutebol.com\/blog\/wp-content\/uploads\/2023\/09\/O-LIBERAL-escudo-1951-768x708.jpeg 768w, https:\/\/historiadofutebol.com\/blog\/wp-content\/uploads\/2023\/09\/O-LIBERAL-escudo-1951-624x575.jpeg 624w, https:\/\/historiadofutebol.com\/blog\/wp-content\/uploads\/2023\/09\/O-LIBERAL-escudo-1951.jpeg 1241w\" sizes=\"auto, (max-width: 500px) 100vw, 500px\" \/><\/figure><\/div>\n\n\n<p>No 1\u00ba tempo, terminou com vantagem do <strong><em>Jabaquara<\/em><\/strong> por <strong><em>2 a 1<\/em><\/strong>, com gols de <em>Pirunci<\/em> aos 11 e 24 minutos; <em>Lavico<\/em> diminuiu para o <strong><em>Norte<\/em><\/strong> aos 34 minutos. Na etapa final, <em>Zeca<\/em> aos 12 minutos e <em>Pirunci<\/em> aos 41 minutos deram n\u00fameros finais a peleja.<\/p>\n\n\n\n<p><strong><em>Norte Brasileiro:<\/em><\/strong><em> Cruz; Marreta e Ad\u00e3o; Adinamar, Pelado e Anacleto; Em\u00edlio, Vav\u00e1, Lavico, Guloso e Carlito<\/em>. <strong><em>T\u00e9cnico:<\/em><\/strong> <em>Arlindo Luchards<\/em>.<\/p>\n\n\n\n<p><strong><em>Jabaquara:<\/em><\/strong><em> Z\u00e9 Ferreira; Leiteiro e Cazuza; Perigo, Bianor e Cipoal; Panair, Zeca, Pirunci, Canjica e Tubinho<\/em>.<\/p>\n\n\n\n<p>Abaixo, o <strong><em>Jornal O Liberal<\/em><\/strong> <em>(04-01-1951)<\/em>, abordando mais um anivers\u00e1rio do&nbsp;<strong>E.C. Norte Brasileiro<\/strong>&nbsp;e com uma foto do time posado <strong><em>vice-campe\u00e3o da Segundona de 1950<\/em><\/strong>.<\/p>\n\n\n<div class=\"wp-block-image\">\n<figure class=\"aligncenter size-large is-resized\"><img loading=\"lazy\" decoding=\"async\" src=\"https:\/\/historiadofutebol.com\/blog\/wp-content\/uploads\/2023\/09\/O-LIBERAL-1951-1-459x500.jpeg\" alt=\"\" class=\"wp-image-130566\" width=\"651\" height=\"709\" srcset=\"https:\/\/historiadofutebol.com\/blog\/wp-content\/uploads\/2023\/09\/O-LIBERAL-1951-1-459x500.jpeg 459w, https:\/\/historiadofutebol.com\/blog\/wp-content\/uploads\/2023\/09\/O-LIBERAL-1951-1-275x300.jpeg 275w, https:\/\/historiadofutebol.com\/blog\/wp-content\/uploads\/2023\/09\/O-LIBERAL-1951-1-768x837.jpeg 768w, https:\/\/historiadofutebol.com\/blog\/wp-content\/uploads\/2023\/09\/O-LIBERAL-1951-1-624x680.jpeg 624w, https:\/\/historiadofutebol.com\/blog\/wp-content\/uploads\/2023\/09\/O-LIBERAL-1951-1.jpeg 1163w\" sizes=\"auto, (max-width: 651px) 100vw, 651px\" \/><\/figure><\/div>\n\n\n<h2 class=\"wp-block-heading\"><strong><mark style=\"background-color:rgba(0, 0, 0, 0)\" class=\"has-inline-color has-blue-color\">Dados patrimoniais e trof\u00e9us<\/mark><\/strong><\/h2>\n\n\n\n<p><strong><em>No in\u00edcio de<\/em><\/strong> <strong><em>janeiro de<\/em><\/strong> <strong><em>1951<\/em><\/strong>, sob a <strong><em>presid\u00eancia<\/em><\/strong> do <em>Sr. Jos\u00e9 de Carvalho<\/em> o \u201c<strong><em>Tigre da Crema\u00e7\u00e3o<\/em><\/strong>\u201d possu\u00eda um <strong><em>patrim\u00f4nio<\/em><\/strong> superior a <strong><em>200 mil cruzeiros<\/em><\/strong> <em>(a <strong>Pra\u00e7a de Esportes<\/strong> no valor de <strong>100 mil<\/strong> e a <strong>sede social<\/strong> tamb\u00e9m na cifra de <strong>100 mil cruzeiros<\/strong>)<\/em>.<\/p>\n\n\n\n<p>Na sua <strong><em>Sala de Trof\u00e9us<\/em><\/strong>, o clube contabilizava <strong><em>125 ta\u00e7as<\/em><\/strong>, entre as quais se destacam a <strong><em>Copa Cidade de Bel\u00e9m<\/em><\/strong>, conquistado frente a <strong><em>falange<\/em><\/strong> <strong><em>alvi-azul, <\/em><\/strong><em>em<strong> 1940<\/strong><\/em>, e, o <strong><em>Trof\u00e9u Jos\u00e9 Maria Marques<\/em><\/strong>, frente ao <strong><em>selecionado Suburbano<\/em><\/strong> em <strong><em>1947<\/em><\/strong>.&nbsp; &nbsp;&nbsp;<\/p>\n\n\n\n<p><strong><em><u>FOTO<\/u><\/em><\/strong><strong><em>:<\/em><\/strong><em> Acervo de Marco Andr\u00e9 Araujo Pinheiro<\/em><\/p>\n\n\n\n<p><strong><em><u>FONTE<\/u><\/em><\/strong><strong><em>:<\/em><\/strong><em> O Liberal (PA)<\/em><\/p>\n","protected":false},"excerpt":{"rendered":"<p>O&nbsp;Esporte Clube Norte Brasileiro foi uma agremia\u00e7\u00e3o da cidade de Bel\u00e9m (PA). O \u201cTigre da Crema\u00e7\u00e3o\u201d ou \u201cLe\u00e3o do Norte\u201d foi Fundado no domingo, do dia 04 de Janeiro de 1914. Localizado na Travessa 9 de Janeiro, no Bairro da Crema\u00e7\u00e3o, em Bel\u00e9m, mandava os seus jogos na Pra\u00e7a de Esportes Magalh\u00e3es Barata. O Norte [&hellip;]<\/p>\n","protected":false},"author":55,"featured_media":0,"comment_status":"open","ping_status":"closed","sticky":false,"template":"","format":"standard","meta":{"footnotes":""},"categories":[203,531,83,59,345,3,42],"tags":[],"class_list":["post-130562","post","type-post","status-publish","format-standard","hentry","category-sergio-mello","category-carencias","category-x9-curiosidades","category-escudos","category-fotos-historicas","category-historia-do-futebol","category-para"],"_links":{"self":[{"href":"https:\/\/historiadofutebol.com\/blog\/index.php?rest_route=\/wp\/v2\/posts\/130562","targetHints":{"allow":["GET"]}}],"collection":[{"href":"https:\/\/historiadofutebol.com\/blog\/index.php?rest_route=\/wp\/v2\/posts"}],"about":[{"href":"https:\/\/historiadofutebol.com\/blog\/index.php?rest_route=\/wp\/v2\/types\/post"}],"author":[{"embeddable":true,"href":"https:\/\/historiadofutebol.com\/blog\/index.php?rest_route=\/wp\/v2\/users\/55"}],"replies":[{"embeddable":true,"href":"https:\/\/historiadofutebol.com\/blog\/index.php?rest_route=%2Fwp%2Fv2%2Fcomments&post=130562"}],"version-history":[{"count":3,"href":"https:\/\/historiadofutebol.com\/blog\/index.php?rest_route=\/wp\/v2\/posts\/130562\/revisions"}],"predecessor-version":[{"id":130571,"href":"https:\/\/historiadofutebol.com\/blog\/index.php?rest_route=\/wp\/v2\/posts\/130562\/revisions\/130571"}],"wp:attachment":[{"href":"https:\/\/historiadofutebol.com\/blog\/index.php?rest_route=%2Fwp%2Fv2%2Fmedia&parent=130562"}],"wp:term":[{"taxonomy":"category","embeddable":true,"href":"https:\/\/historiadofutebol.com\/blog\/index.php?rest_route=%2Fwp%2Fv2%2Fcategories&post=130562"},{"taxonomy":"post_tag","embeddable":true,"href":"https:\/\/historiadofutebol.com\/blog\/index.php?rest_route=%2Fwp%2Fv2%2Ftags&post=130562"}],"curies":[{"name":"wp","href":"https:\/\/api.w.org\/{rel}","templated":true}]}}