{"id":130461,"date":"2023-08-20T01:04:56","date_gmt":"2023-08-20T04:04:56","guid":{"rendered":"https:\/\/historiadofutebol.com\/blog\/?p=130461"},"modified":"2024-10-22T22:39:21","modified_gmt":"2024-10-23T01:39:21","slug":"inedito-clube-atletico-juventus-caju-betim-divinopolis-mg-quatro-participacoes-estadual-nos-anos-90","status":"publish","type":"post","link":"https:\/\/historiadofutebol.com\/blog\/?p=130461","title":{"rendered":"In\u00e9dito!! Clube Atl\u00e9tico Juventus (CAJU) &#8211; Betim\/Divin\u00f3polis (MG): Quatro participa\u00e7\u00f5es Estadual, nos anos 90!"},"content":{"rendered":"<div class=\"wp-block-image\">\n<figure class=\"aligncenter size-large is-resized\"><img loading=\"lazy\" decoding=\"async\" width=\"500\" height=\"207\" src=\"https:\/\/historiadofutebol.com\/blog\/wp-content\/uploads\/2023\/08\/CAJU-1977-500x207.jpg\" alt=\"\" class=\"wp-image-130462\" style=\"width:538px;height:auto\" srcset=\"https:\/\/historiadofutebol.com\/blog\/wp-content\/uploads\/2023\/08\/CAJU-1977-500x207.jpg 500w, https:\/\/historiadofutebol.com\/blog\/wp-content\/uploads\/2023\/08\/CAJU-1977-300x124.jpg 300w, https:\/\/historiadofutebol.com\/blog\/wp-content\/uploads\/2023\/08\/CAJU-1977-768x317.jpg 768w, https:\/\/historiadofutebol.com\/blog\/wp-content\/uploads\/2023\/08\/CAJU-1977-624x258.jpg 624w, https:\/\/historiadofutebol.com\/blog\/wp-content\/uploads\/2023\/08\/CAJU-1977.jpg 949w\" sizes=\"auto, (max-width: 500px) 100vw, 500px\" \/><\/figure><\/div>\n\n\n<p>O <strong><em>Clube Atl\u00e9tico Juventus (CAJU)<\/em><\/strong> foi uma agremia\u00e7\u00e3o da cidade de Contagem (MG). <strong><em>Fundado na ter\u00e7a-feira, do dia 26 de Abril de 1977<\/em><\/strong>, por um <em>grupo de funcion\u00e1rios<\/em> da <strong><em>FIAT<\/em><\/strong> <em>(Inaugurada em 9 de julho de 1976, a f\u00e1brica da Fiat foi a 1\u00aa do setor automotivo fora do ABCD paulista)<\/em>, em Betim.<\/p>\n\n\n\n<p>Ao longo de 16 anos de exist\u00eancia, o clube alterou o seu escudo e as cores. Al\u00e9m disso, ficou sediado em <em>Betim <\/em>por onze temporadas, onde come\u00e7ou mandando os seus jogos em <em>Brumadinho<\/em> e <em>Contagem<\/em>.<\/p>\n\n\n\n<p>Os seus quatro \u00faltimos anos, se mudou para <em>Divin\u00f3polis<\/em> pelo fato de receber o apoio financeiro da cidade. A sua maior conquista aconteceu em <strong><em>1989<\/em><\/strong>, quando se sagrou <strong><em>campe\u00e3o<\/em><\/strong> do <strong><em>Estadual da 2\u00aa Divis\u00e3o<\/em><\/strong>. E por que n\u00e3o? As quatro participa\u00e7\u00f5es na <strong><em>Elite do Futebol Mineiro<\/em><\/strong> tamb\u00e9m. fez a hist\u00f3ria dessa modesta agremia\u00e7\u00e3o uma conquista.<\/p>\n\n\n<div class=\"wp-block-image is-resized\">\n<figure class=\"aligncenter size-large\"><img loading=\"lazy\" decoding=\"async\" width=\"500\" height=\"277\" src=\"https:\/\/historiadofutebol.com\/blog\/wp-content\/uploads\/2023\/08\/CJU-02-500x277.jpg\" alt=\"\" class=\"wp-image-130463\" style=\"width:640px;height:auto\" srcset=\"https:\/\/historiadofutebol.com\/blog\/wp-content\/uploads\/2023\/08\/CJU-02-500x277.jpg 500w, https:\/\/historiadofutebol.com\/blog\/wp-content\/uploads\/2023\/08\/CJU-02-300x166.jpg 300w, https:\/\/historiadofutebol.com\/blog\/wp-content\/uploads\/2023\/08\/CJU-02-624x346.jpg 624w, https:\/\/historiadofutebol.com\/blog\/wp-content\/uploads\/2023\/08\/CJU-02.jpg 720w\" sizes=\"auto, (max-width: 500px) 100vw, 500px\" \/><\/figure><\/div>\n\n\n<h2 class=\"wp-block-heading\"><strong><mark style=\"background-color:rgba(0, 0, 0, 0);color:#3623bb\" class=\"has-inline-color\">Resumo da hist\u00f3ria do CAJU<\/mark><\/strong><\/h2>\n\n\n\n<p>Quatro meses ap\u00f3s a sua funda\u00e7\u00e3o, o <strong><em>CAJU<\/em><\/strong> debutou na esfera profissional para disputar o <strong><em>Campeonato Mineiro da 2\u00aa Divis\u00e3o de 1977<\/em><\/strong>, organizado pela <strong><em>FMF (Federa\u00e7\u00e3o Mineira de Futebol)<\/em><\/strong>.<\/p>\n\n\n\n<p>Na ocasi\u00e3o, a equipe mandou os seus jogos em <em>Brumadinho<\/em>, que fica a 25,5 km de dist\u00e2ncia <em>(cerca de 37 minutos, via MG-155 e Rod. MG 040)<\/em>. O <strong><em>CAJU<\/em><\/strong> estreou com derrota por <strong><em>1 a 0<\/em><\/strong>, <em>no domingo, do dia 17 de julho, <\/em>fora de casa, para o<em> <strong>Am\u00e9rica de Te\u00f3filo Otoni<\/strong><\/em>.<\/p>\n\n\n\n<p>A 1\u00aa vit\u00f3ria aconteceu na rodada seguinte<em>, no domingo, do dia 24 de julho, ao <\/em>vencer o<em> <strong>Araguari<\/strong> por <strong>2 a 1<\/strong><\/em>, em<em> Brumadinho<\/em>. Na<em> tarde da quarta-feira, do dia 31 de agosto<\/em>, em casa, diante do <strong><em>Atl\u00e9tico de Tr\u00eas Cora\u00e7\u00f5es<\/em><\/strong>. No entanto, acabou derrotado pelo placar de <strong><em>2 a 0<\/em><\/strong>. No entanto, ap\u00f3s 12 rodadas, o <strong><em>CAJU<\/em><\/strong> se retirou da competi\u00e7\u00e3o por raz\u00f5es financeiras.<\/p>\n\n\n<div class=\"wp-block-image\">\n<figure class=\"aligncenter size-large\"><img loading=\"lazy\" decoding=\"async\" width=\"419\" height=\"500\" src=\"https:\/\/historiadofutebol.com\/blog\/wp-content\/uploads\/2023\/08\/CAJU-01-1-419x500.jpg\" alt=\"\" class=\"wp-image-130465\" srcset=\"https:\/\/historiadofutebol.com\/blog\/wp-content\/uploads\/2023\/08\/CAJU-01-1-419x500.jpg 419w, https:\/\/historiadofutebol.com\/blog\/wp-content\/uploads\/2023\/08\/CAJU-01-1-251x300.jpg 251w, https:\/\/historiadofutebol.com\/blog\/wp-content\/uploads\/2023\/08\/CAJU-01-1.jpg 540w\" sizes=\"auto, (max-width: 419px) 100vw, 419px\" \/><\/figure><\/div>\n\n\n<p>Ap\u00f3s quatro temporadas, o <strong><em>Clube Atl\u00e9tico Juventus (CAJU)<\/em><\/strong> retornou a <strong><em>Segundona Mineira de 1982<\/em><\/strong>. Nesse ano, a equipe de Betim escolheu para mandar os seus jogos no Est\u00e1dio Vale Verde, em Contagem, que fica a <em>22 km<\/em> <em>(via BR-381 e Via Expressa Francisco Cleuton Lopes)<\/em>, cerca de <em>25 minutos<\/em>.<\/p>\n\n\n\n<p>O <strong><em>CAJU<\/em><\/strong> ficou no <strong><em>Grupo B<\/em><\/strong>, juntamente com outras seis equipes: <strong><em>Araguari (Araguari)<\/em><\/strong>,<strong><em> Fluminense (Araguari)<\/em><\/strong>,<strong><em> Ituiutabana (Ituiutaba)<\/em><\/strong>,<strong><em> Nacional (Uberaba)<\/em><\/strong>,<strong><em> Sete de Setembro (Belo Horizonte)<\/em><\/strong> e <strong><em>XV de Novembro (Uberl\u00e2ndia)<\/em><\/strong>.<\/p>\n\n\n\n<p>No final, acabou em <strong><em>14\u00ba e \u00faltimo lugar<\/em><\/strong> no geral: foram <strong><em>12 jogos e um ponto ganho; um empate e 11 derrotas; marcando cinco, sofrendo 41 gols e um saldo negativo de 26<\/em><\/strong>.<\/p>\n\n\n\n<p>No <strong><em>Campeonato Mineiro da 2\u00aa Divis\u00e3o de 1983<\/em><\/strong>, o <strong><em>CAJU<\/em><\/strong> ficou no <strong><em>Grupo C<\/em><\/strong>, com <strong><em>Tupi (Juiz de Fora)<\/em><\/strong>, <strong><em>Tupynamb\u00e1s (Juiz de Fora)<\/em><\/strong>, <strong><em>Flamengo (Varginha)<\/em><\/strong> e <strong><em>Sete de Setembro (Belo Horizonte)<\/em><\/strong>. Novamente, a campanha foi p\u00edfia, terminando em \u00faltimo lugar com apenas um ponto conquistado em seis jogos.&nbsp;&nbsp;<\/p>\n\n\n<div class=\"wp-block-image\">\n<figure class=\"aligncenter size-large\"><img loading=\"lazy\" decoding=\"async\" width=\"500\" height=\"302\" src=\"https:\/\/historiadofutebol.com\/blog\/wp-content\/uploads\/2023\/08\/CAJU-1989-500x302.jpg\" alt=\"\" class=\"wp-image-130466\" srcset=\"https:\/\/historiadofutebol.com\/blog\/wp-content\/uploads\/2023\/08\/CAJU-1989-500x302.jpg 500w, https:\/\/historiadofutebol.com\/blog\/wp-content\/uploads\/2023\/08\/CAJU-1989-300x181.jpg 300w, https:\/\/historiadofutebol.com\/blog\/wp-content\/uploads\/2023\/08\/CAJU-1989.jpg 600w\" sizes=\"auto, (max-width: 500px) 100vw, 500px\" \/><\/figure><\/div>\n\n\n<p>No <strong><em>Estadual da Segundona de 1984<\/em><\/strong>, o <strong><em>Clube Atl\u00e9tico Juventus <\/em><\/strong>ficou no <strong><em>Grupo A<\/em><\/strong>, com o <strong><em>Ateneu (Montes Claros)<\/em><\/strong>, <strong><em>Sete de Setembro (Belo Horizonte)<\/em><\/strong>, <strong><em>Trespontano (Tr\u00eas Pontas)<\/em><\/strong> e <strong><em>Am\u00e9rica (Te\u00f3filo Otoni)<\/em><\/strong>. O CAJU terminou na <strong><em>lanterna<\/em><\/strong> com <strong><em>quatro pontos em oito jogos: quatro empates e quatro derrotas; dois gols pr\u00f3, oito contra e um saldo de menos seis<\/em><\/strong>.<\/p>\n\n\n\n<p>No <strong><em>Campeonato Mineiro da 2\u00aa Divis\u00e3o de 1985<\/em><\/strong>, a <em>equipe de Contagem<\/em> esteve presente no <strong><em>Grupo A<\/em><\/strong>, juntamente com sete equipes: <strong><em>Sete de Setembro (Belo Horizonte)<\/em><\/strong>, <strong><em>Trespontano (Tr\u00eas Pontas)<\/em><\/strong>, <strong><em>Flamengo (Varginha)<\/em><\/strong>, <strong><em>Santo Antonio (Te\u00f3filo Otoni)<\/em><\/strong>, <strong><em>Aymor\u00e9s (Ub\u00e1)<\/em><\/strong>, <strong><em>Villa do Carmo (Barbacena) <\/em><\/strong>e <strong><em>Ol\u00edmpica (Lavras)<\/em><\/strong>.<\/p>\n\n\n\n<p>O <strong><em>CAJU<\/em><\/strong> terminou na <strong><em>7\u00aa coloca\u00e7\u00e3o<\/em><\/strong> com <strong><em>sete pontos em 12 jogos; com duas vit\u00f3rias, tr\u00eas empates e sete derrotas, marcando oito gols, sofrendo 22 e um saldo negativo de 14<\/em><\/strong>.<\/p>\n\n\n<div class=\"wp-block-image\">\n<figure class=\"aligncenter size-large\"><img loading=\"lazy\" decoding=\"async\" width=\"359\" height=\"500\" src=\"https:\/\/historiadofutebol.com\/blog\/wp-content\/uploads\/2023\/08\/CAJU-3-359x500.jpg\" alt=\"\" class=\"wp-image-130467\" srcset=\"https:\/\/historiadofutebol.com\/blog\/wp-content\/uploads\/2023\/08\/CAJU-3-359x500.jpg 359w, https:\/\/historiadofutebol.com\/blog\/wp-content\/uploads\/2023\/08\/CAJU-3-215x300.jpg 215w, https:\/\/historiadofutebol.com\/blog\/wp-content\/uploads\/2023\/08\/CAJU-3.jpg 437w\" sizes=\"auto, (max-width: 359px) 100vw, 359px\" \/><\/figure><\/div>\n\n\n<p>No <strong><em>Campeonato Mineiro da 2\u00aa Divis\u00e3o de 1986<\/em><\/strong>, o <strong><em>CAJU<\/em><\/strong> ficou no <strong><em>Grupo A<\/em><\/strong>, com sete equipes <em>(as mesmas do ano anterior)<\/em>: <strong><em>Sete de Setembro (Belo Horizonte)<\/em><\/strong>, <strong><em>Trespontano (Tr\u00eas Pontas)<\/em><\/strong>, <strong><em>Flamengo (Varginha)<\/em><\/strong>, <strong><em>Santo Antonio (Te\u00f3filo Otoni)<\/em><\/strong>, <strong><em>Aymor\u00e9s (Ub\u00e1)<\/em><\/strong>, <strong><em>Villa do Carmo (Barbacena) <\/em><\/strong>e <strong><em>Ol\u00edmpica (Lavras)<\/em><\/strong>.<\/p>\n\n\n\n<p>O <strong><em>CAJU<\/em><\/strong> terminou na <strong><em>8\u00aa posi\u00e7\u00e3o<\/em><\/strong> com <strong><em>tr\u00eas pontos em 14 jogos; com tr\u00eas empates e 11 derrotas, marcando seis gols, sofrendo 32 e um saldo negativo de 26<\/em><\/strong>.<\/p>\n\n\n\n<p>No <strong><em>Campeonato Mineiro da 2\u00aa Divis\u00e3o de 1987<\/em><\/strong>, o <strong><em>CAJU<\/em><\/strong> ficou no <strong><em>Grupo A<\/em><\/strong>, com sete equipes: <strong><em>Sete de Setembro (Belo Horizonte)<\/em><\/strong>, <strong><em>Trespontano (Tr\u00eas Pontas)<\/em><\/strong>, <strong><em>Guarani (Divin\u00f3polis)<\/em><\/strong>, <strong><em>Santo Antonio (Te\u00f3filo Otoni)<\/em><\/strong>, <strong><em>Aymor\u00e9s (Ub\u00e1)<\/em><\/strong>, <strong><em>Villa do Carmo (Barbacena) <\/em><\/strong>e <strong><em>Sport (Juiz de Fora)<\/em><\/strong>.<\/p>\n\n\n<div class=\"wp-block-image\">\n<figure class=\"aligncenter size-large\"><img loading=\"lazy\" decoding=\"async\" width=\"416\" height=\"500\" src=\"https:\/\/historiadofutebol.com\/blog\/wp-content\/uploads\/2023\/08\/CAJU-2-416x500.jpg\" alt=\"\" class=\"wp-image-130468\" srcset=\"https:\/\/historiadofutebol.com\/blog\/wp-content\/uploads\/2023\/08\/CAJU-2-416x500.jpg 416w, https:\/\/historiadofutebol.com\/blog\/wp-content\/uploads\/2023\/08\/CAJU-2-250x300.jpg 250w, https:\/\/historiadofutebol.com\/blog\/wp-content\/uploads\/2023\/08\/CAJU-2-624x749.jpg 624w, https:\/\/historiadofutebol.com\/blog\/wp-content\/uploads\/2023\/08\/CAJU-2.jpg 707w\" sizes=\"auto, (max-width: 416px) 100vw, 416px\" \/><\/figure><\/div>\n\n\n<p>O <strong><em>CAJU<\/em><\/strong> terminou na <strong><em>7\u00aa coloca\u00e7\u00e3o<\/em><\/strong> com <strong><em>dois pontos em 12 jogos; com dois empates e 10 derrotas, marcando cinco gols, sofrendo 31 e um saldo negativo de 26<\/em><\/strong>.<\/p>\n\n\n\n<p>No <strong><em>Campeonato Mineiro da 2\u00aa Divis\u00e3o de 1988<\/em><\/strong>, o <strong><em>CAJU<\/em><\/strong> ficou no <strong><em>Grupo A<\/em><\/strong>, com sete equipes: <strong><em>Sete de Setembro (Belo Horizonte)<\/em><\/strong>, <strong><em>Ateneu (Montes Claros)<\/em><\/strong>, <strong><em>Guarani (Divin\u00f3polis)<\/em><\/strong>, <strong><em>Santo Antonio (Te\u00f3filo Otoni)<\/em><\/strong>, <strong><em>Aymor\u00e9s (Ub\u00e1)<\/em><\/strong>, <strong><em>Ipiranga (Manhua\u00e7u) <\/em><\/strong>e <strong><em>Democrata (Governador Valadares)<\/em><\/strong>.<\/p>\n\n\n\n<p>O <strong><em>CAJU<\/em><\/strong> terminou em <strong><em>8\u00ba lugar<\/em><\/strong> com <strong><em>sete pontos em 14 jogos; com duas vit\u00f3rias, tr\u00eas empates e nove derrotas, marcando oito gols, sofrendo 32 e um saldo negativo de 24<\/em><\/strong>.<\/p>\n\n\n<div class=\"wp-block-image\">\n<figure class=\"aligncenter size-large\"><img loading=\"lazy\" decoding=\"async\" width=\"375\" height=\"500\" src=\"https:\/\/historiadofutebol.com\/blog\/wp-content\/uploads\/2023\/08\/CAJU-1-375x500.jpg\" alt=\"\" class=\"wp-image-130469\" srcset=\"https:\/\/historiadofutebol.com\/blog\/wp-content\/uploads\/2023\/08\/CAJU-1-375x500.jpg 375w, https:\/\/historiadofutebol.com\/blog\/wp-content\/uploads\/2023\/08\/CAJU-1-225x300.jpg 225w, https:\/\/historiadofutebol.com\/blog\/wp-content\/uploads\/2023\/08\/CAJU-1-624x832.jpg 624w, https:\/\/historiadofutebol.com\/blog\/wp-content\/uploads\/2023\/08\/CAJU-1.jpg 720w\" sizes=\"auto, (max-width: 375px) 100vw, 375px\" \/><\/figure><\/div>\n\n\n<h2 class=\"wp-block-heading\"><strong><mark style=\"background-color:rgba(0, 0, 0, 0);color:#21269c\" class=\"has-inline-color\">T\u00edtulo in\u00e9dito na Segundona d\u00e1 acesso ao CAJU<\/mark><\/strong><\/h2>\n\n\n\n<p>A 9\u00aa participa\u00e7\u00e3o do <strong><em>Estadual da Segunda Divis\u00e3o em 1989<\/em><\/strong>, aconteceram novidades. Ap\u00f3s ter a <strong><em>Sede<\/em><\/strong> em <strong><em>Contagem<\/em><\/strong> e ter mandado os jogos em <em>Brumadinho<\/em> e <em>Betim<\/em>, no come\u00e7o, o <strong><em>CAJU<\/em><\/strong> mudou de cidade.<\/p>\n\n\n\n<p>Se transferiu para a <strong><em>Rua Rio de Janeiro, n\u00ba 213, no Centro de Divin\u00f3polis (MG)<\/em><\/strong>, por meio de uma parceria com o <strong><em>Democrata de Divin\u00f3polis<\/em><\/strong>. E a mudan\u00e7a deu um \u00f3timo resultado.<\/p>\n\n\n\n<p>A competi\u00e7\u00e3o contou com a participa\u00e7\u00e3o de 24 equipes, distribu\u00eddas em tr\u00eas grupos de oito clubes. O <strong><em>CAJU<\/em><\/strong> ficou no <strong><em>Grupo A<\/em><\/strong>, com oito equipes: <strong><em>Guarani (Divin\u00f3polis)<\/em><\/strong>, <strong><em>Sport (Juiz de Fora)<\/em><\/strong>, <strong><em>Sete de Setembro (Belo Horizonte)<\/em><\/strong>, <strong><em>Bela Vista (Sete Lagoas)<\/em><\/strong>, <strong><em>Santo Antonio (Te\u00f3filo Otoni)<\/em><\/strong>, <strong><em>Aymor\u00e9s (Ub\u00e1)<\/em><\/strong>, <strong><em>Ipiranga (Manhua\u00e7u)<\/em><\/strong>.<\/p>\n\n\n<div class=\"wp-block-image is-resized\">\n<figure class=\"aligncenter size-full\"><img loading=\"lazy\" decoding=\"async\" width=\"385\" height=\"160\" src=\"https:\/\/historiadofutebol.com\/blog\/wp-content\/uploads\/2023\/08\/CAJU-11.jpg\" alt=\"\" class=\"wp-image-130470\" style=\"width:647px;height:auto\" srcset=\"https:\/\/historiadofutebol.com\/blog\/wp-content\/uploads\/2023\/08\/CAJU-11.jpg 385w, https:\/\/historiadofutebol.com\/blog\/wp-content\/uploads\/2023\/08\/CAJU-11-300x125.jpg 300w\" sizes=\"auto, (max-width: 385px) 100vw, 385px\" \/><\/figure><\/div>\n\n\n<p>Pela primeira vez, o <strong><em>CAJU<\/em><\/strong> avan\u00e7ou para a fase seguinte da Segundona, terminando em <strong><em>1\u00ba lugar<\/em><\/strong> com <strong><em>18 pontos em 14 jogos; com sete vit\u00f3rias, quatro empates e tr\u00eas derrotas, marcando 14 gols, sofrendo oito e um saldo de seis<\/em><\/strong>.<\/p>\n\n\n\n<p>Na segunda fase, o <strong><em>Juventus<\/em><\/strong> ficou no <strong><em>Grupo F<\/em><\/strong>, em companhia de outros cinco times: <strong><em>Atl\u00e9tico (Tr\u00eas Cora\u00e7\u00f5es)<\/em><\/strong>, <strong><em>Patrocinense (Patroc\u00ednio)<\/em><\/strong>, <strong><em>Minas (Boa Esperan\u00e7a)<\/em><\/strong>, <strong><em>Aymor\u00e9s (Ub\u00e1)<\/em><\/strong> e <strong><em>UDR Derminas (Monte Carmelo)<\/em><\/strong>.<\/p>\n\n\n\n<p>O <strong><em>CAJU<\/em><\/strong> terminou na <strong><em>2\u00ba coloca\u00e7\u00e3o<\/em><\/strong> com <strong><em>12 pontos em oito jogos; com cinco vit\u00f3rias, dois empates e uma derrota, marcando 10 gols, sofrendo cinco e um saldo de cinco<\/em><\/strong>. Apesar de ter somado o mesmo n\u00famero de pontos do l\u00edder <strong><em>Atl\u00e9tico-TC<\/em><\/strong>, acabou perdendo no saldo de gols: 6 a 5.<\/p>\n\n\n\n<p>Mesmo assim, o <strong><em>Juventus<\/em><\/strong> avan\u00e7ou para a fase de <strong><em>Semifinal<\/em><\/strong>, ficando no <strong><em>Grupo G<\/em><\/strong>, juntamente com cinco equipes: <strong><em>Ipiranga (Manhua\u00e7u)<\/em><\/strong>, <strong><em>Sparta (Campo Belo)<\/em><\/strong>, <strong><em>Minas (Boa Esperan\u00e7a)<\/em><\/strong>, <strong><em>Comercial (Campo Belo)<\/em><\/strong> e <strong><em>Arax\u00e1 (Arax\u00e1)<\/em><\/strong>.<\/p>\n\n\n\n<p>E o <strong><em>CAJU<\/em><\/strong> seguiu brilhando, ao ficar em <strong><em>1\u00ba lugar<\/em><\/strong> com <strong><em>11 pontos em sete jogos; com cinco vit\u00f3rias, um empate e uma derrota, marcando 13 gols, sofrendo tr\u00eas e um saldo de 10<\/em><\/strong>.<\/p>\n\n\n\n<p>Dessa forma, o <strong><em>Clube Atl\u00e9tico Juventus <\/em><\/strong>avan\u00e7ou para o <strong><em>Quadrangular Final<\/em><\/strong>, com <strong><em>Paraisense (S\u00e3o Sebasti\u00e3o do Para\u00edso)<\/em><\/strong>, <strong><em>Ipiranga (Manhua\u00e7u)<\/em><\/strong> e <strong><em>Trespontano (Tr\u00eas Pontas)<\/em><\/strong>. No final, o <strong><em>Juventus<\/em><\/strong> se sagrou <strong><em>campe\u00e3o do Campeonato Mineiro da 2\u00aa Divis\u00e3o de 1989<\/em><\/strong>, garantindo o <strong><em>in\u00e9dito<\/em><\/strong> acesso a <strong><em>Elite do Futebol Mineiro<\/em><\/strong>.<\/p>\n\n\n<div class=\"wp-block-image\">\n<figure class=\"aligncenter size-large\"><img loading=\"lazy\" decoding=\"async\" width=\"500\" height=\"334\" src=\"https:\/\/historiadofutebol.com\/blog\/wp-content\/uploads\/2023\/08\/Sem-titulo-1-500x334.jpg\" alt=\"\" class=\"wp-image-130471\" srcset=\"https:\/\/historiadofutebol.com\/blog\/wp-content\/uploads\/2023\/08\/Sem-titulo-1-500x334.jpg 500w, https:\/\/historiadofutebol.com\/blog\/wp-content\/uploads\/2023\/08\/Sem-titulo-1-300x200.jpg 300w, https:\/\/historiadofutebol.com\/blog\/wp-content\/uploads\/2023\/08\/Sem-titulo-1.jpg 615w\" sizes=\"auto, (max-width: 500px) 100vw, 500px\" \/><\/figure><\/div>\n\n\n<h2 class=\"wp-block-heading\"><strong><mark style=\"background-color:rgba(0, 0, 0, 0);color:#2c219c\" class=\"has-inline-color\">Debutante na Elite do Mineiro de 1990<\/mark><\/strong><\/h2>\n\n\n\n<p>Ap\u00f3s 13 anos de lutas, o <strong><em>Juventus<\/em><\/strong>, enfim, chegou pela primeira vez para disputar o <strong><em>Campeonato Mineiro da 1\u00aa Divis\u00e3o de 1990<\/em><\/strong>. A competi\u00e7\u00e3o contou com a presen\u00e7a de <em>18 equipes<\/em>, que se enfrentaram em turno e returno.<\/p>\n\n\n\n<p>No final, o <strong><em>CAJU<\/em><\/strong> terminou na <strong><em>15\u00aa posi\u00e7\u00e3o<\/em><\/strong> com <strong><em>27 pontos em 34 jogos; com sete vit\u00f3rias, 13 empates e 14 derrotas, marcando 27 gols, sofrendo 41 e um saldo de menos 14<\/em><\/strong>.<\/p>\n\n\n\n<p>Na sua segunda participa\u00e7\u00e3o no <strong><em>Campeonato Mineiro da 1\u00aa Divis\u00e3o, em 1991<\/em><\/strong>, que contou com 24 equipes, o <strong><em>Juventus<\/em><\/strong> ficou no <strong><em>Grupo B<\/em><\/strong>. O <strong><em>CAJU<\/em><\/strong> fez uma boa campanha, terminando na <strong><em>13\u00aa posi\u00e7\u00e3o<\/em><\/strong> com <strong><em>23 pontos em 24 jogos; com oito vit\u00f3rias, sete empates e nove derrotas, marcando 27 gols, sofrendo 26 e um saldo de um gol<\/em><\/strong>.<\/p>\n\n\n<div class=\"wp-block-image\">\n<figure class=\"aligncenter size-large is-resized\"><img loading=\"lazy\" decoding=\"async\" width=\"500\" height=\"334\" src=\"https:\/\/historiadofutebol.com\/blog\/wp-content\/uploads\/2023\/12\/f83d941f-c617-4755-91c7-2db8207cceb5-500x334.jpeg\" alt=\"\" class=\"wp-image-130991\" style=\"width:653px;height:auto\" srcset=\"https:\/\/historiadofutebol.com\/blog\/wp-content\/uploads\/2023\/12\/f83d941f-c617-4755-91c7-2db8207cceb5-500x334.jpeg 500w, https:\/\/historiadofutebol.com\/blog\/wp-content\/uploads\/2023\/12\/f83d941f-c617-4755-91c7-2db8207cceb5-300x201.jpeg 300w, https:\/\/historiadofutebol.com\/blog\/wp-content\/uploads\/2023\/12\/f83d941f-c617-4755-91c7-2db8207cceb5.jpeg 552w\" sizes=\"auto, (max-width: 500px) 100vw, 500px\" \/><\/figure><\/div>\n\n\n<p>No <strong><em>Campeonato Mineiro da 1\u00aa Divis\u00e3o de 1992<\/em><\/strong>, que contou com 24 equipes, distribu\u00eddos em tr\u00eas chaves de oito equipes cada. O <strong><em>CAJU<\/em><\/strong> ficou no <strong><em>Grupo C<\/em><\/strong>, onde terminou na <strong><em>7\u00aa coloca\u00e7\u00e3o<\/em><\/strong> com <strong><em>seis pontos em 14 jogos; com duas vit\u00f3rias, dois empates e 10 derrotas, marcando 12 gols, sofrendo 22 e um saldo negativo de 10<\/em><\/strong>.<\/p>\n\n\n\n<p><strong>FMF reduz o n\u00famero de clubes e o CAJU \u00e9 rebaixado<\/strong><\/p>\n\n\n\n<p>Na quarta participa\u00e7\u00e3o, no <strong><em>Campeonato Mineiro da 1\u00aa Divis\u00e3o, em 1993<\/em><\/strong>, que contou com 23 equipes. No final, o <strong><em>CAJU<\/em><\/strong> terminou na <strong><em>21\u00aa posi\u00e7\u00e3o<\/em><\/strong> com <strong><em>seis pontos em 10 jogos; com uma vit\u00f3ria, quatro empates e cinco derrotas, marcando 10 gols, sofrendo 17 e um saldo negativo de sete<\/em><\/strong>.<\/p>\n\n\n\n<p>A <strong><em>Federa\u00e7\u00e3o Mineira de Futebol (FMF)<\/em><\/strong>, resolveu reduzir o n\u00famero de participantes para a temporada de <strong><em>1994<\/em><\/strong> com apenas 12 clubes. Dessa forma, o <strong><em>Juventus<\/em><\/strong> acabou <em>rebaixado<\/em> para a <strong><em>Segundona<\/em><\/strong>.<\/p>\n\n\n\n<p><strong>\u00daltimo suspiro do CAJU<\/strong><\/p>\n\n\n\n<p>O <strong><em>Torneio Incentivo FMF de 1993<\/em><\/strong> acabou sendo a \u00faltima competi\u00e7\u00e3o profissional que o <strong><em>Juventus<\/em><\/strong> jogou, depois de ser eliminado na <strong><em>1\u00aa fase<\/em><\/strong> do <strong><em>Campeonato Mineiro daquele ano<\/em><\/strong>. A competi\u00e7\u00e3o contou com a participa\u00e7\u00e3o de sete equipes:<\/p>\n\n\n\n<p><strong><em>Atl\u00e9tico (Tr\u00eas Cora\u00e7\u00f5es)<\/em><\/strong>;<\/p>\n\n\n\n<p><strong><em>Atl\u00e9tico Mineiro (Belo Horizonte)<\/em><\/strong>;<\/p>\n\n\n\n<p><strong><em>Clube Atl\u00e9tico Juventus (Divin\u00f3polis)<\/em><\/strong>;<\/p>\n\n\n\n<p><strong><em>Mamor\u00e9 (Patos de Minas)<\/em><\/strong>;<\/p>\n\n\n\n<p><strong><em>Patrocinense (Patroc\u00ednio)<\/em><\/strong>;<\/p>\n\n\n\n<p><strong><em>Sete de Setembro (Belo Horizonte)<\/em><\/strong>;<\/p>\n\n\n\n<p><strong><em>Villa Nova (Nova Lima)<\/em><\/strong>.<\/p>\n\n\n\n<p>As equipes se enfrentaram em turno e returno, com a equipe de maior n\u00famero de pontos, sendo declarada a campe\u00e3. O <strong><em>CAJU<\/em><\/strong> fez uma campanha modesta, terminando na <strong><em>5\u00aa coloca\u00e7\u00e3o<\/em><\/strong> com <strong><em>11 pontos em 12 jogos; com duas vit\u00f3rias, sete empates e tr\u00eas derrotas, marcando nove gols, sofrendo 13 e um saldo negativo de quatro<\/em><\/strong>.<\/p>\n\n\n\n<p>Ap\u00f3s terminarem empatados na lideran\u00e7a com 17 pontos, o <strong><em>Atl\u00e9tico Mineiro<\/em><\/strong><em> (com uma equipe reserva)<\/em> e o <strong><em>Atl\u00e9tico de Tr\u00eas Cora\u00e7\u00f5es<\/em><\/strong> fizeram um jogo-extra para definir o campe\u00e3o.<\/p>\n\n\n\n<p><em>Na quinta-feira, do dia 1\u00ba de Julho de 1993<\/em>, o <strong><em>Atl\u00e9tico Mineiro<\/em><\/strong> venceu pelo placar de <strong><em>2 a 1<\/em><\/strong>, no <em>Est\u00e1dio Independ\u00eancia<\/em>, em Belo Horizonte\/MG. Os gols foram de <em>Alessandro<\/em> e <em>Wiver<\/em> para o <strong><em>Galo<\/em><\/strong>; enquanto <em>Carlos Rubens<\/em> fez o tento de honra da <strong><em>equipe tricordiana<\/em><\/strong>. &nbsp;&nbsp;&nbsp;<\/p>\n\n\n\n<p>Posteriormente, o clube deveria ter disputado a <strong><em>Supercopa Minas Gerais 1993<\/em><\/strong> <em>(o <strong>Mamor\u00e9<\/strong> foi o campe\u00e3o)<\/em>, contudo desistiu e com isso acabou rebaixado para o <strong><em>M\u00f3dulo II 1994<\/em><\/strong>. Ap\u00f3s esse epis\u00f3dio, o <strong><em>Clube Atl\u00e9tico Juventus<\/em><\/strong> pediu licen\u00e7a e nunca mais retornou a esfera profissional.<\/p>\n\n\n\n<p><strong><em><u>FOTOS<\/u><\/em><\/strong><strong><em>:<\/em><\/strong><em> Acervo de Fabiano Rosa Campos<\/em><\/p>\n\n\n\n<p><strong><em><u>FONTES<\/u><\/em><\/strong><strong><em>:<\/em><\/strong><em> Rsssf Brasil \u2013 Futebol Nacional \u2013 Vitor Dias<\/em><\/p>\n","protected":false},"excerpt":{"rendered":"<p>O Clube Atl\u00e9tico Juventus (CAJU) foi uma agremia\u00e7\u00e3o da cidade de Contagem (MG). Fundado na ter\u00e7a-feira, do dia 26 de Abril de 1977, por um grupo de funcion\u00e1rios da FIAT (Inaugurada em 9 de julho de 1976, a f\u00e1brica da Fiat foi a 1\u00aa do setor automotivo fora do ABCD paulista), em Betim. Ao longo [&hellip;]<\/p>\n","protected":false},"author":55,"featured_media":0,"comment_status":"open","ping_status":"closed","sticky":false,"template":"","format":"standard","meta":{"footnotes":""},"categories":[203,531,83,59,345,3,39],"tags":[],"class_list":["post-130461","post","type-post","status-publish","format-standard","hentry","category-sergio-mello","category-carencias","category-x9-curiosidades","category-escudos","category-fotos-historicas","category-historia-do-futebol","category-minas-gerais"],"_links":{"self":[{"href":"https:\/\/historiadofutebol.com\/blog\/index.php?rest_route=\/wp\/v2\/posts\/130461","targetHints":{"allow":["GET"]}}],"collection":[{"href":"https:\/\/historiadofutebol.com\/blog\/index.php?rest_route=\/wp\/v2\/posts"}],"about":[{"href":"https:\/\/historiadofutebol.com\/blog\/index.php?rest_route=\/wp\/v2\/types\/post"}],"author":[{"embeddable":true,"href":"https:\/\/historiadofutebol.com\/blog\/index.php?rest_route=\/wp\/v2\/users\/55"}],"replies":[{"embeddable":true,"href":"https:\/\/historiadofutebol.com\/blog\/index.php?rest_route=%2Fwp%2Fv2%2Fcomments&post=130461"}],"version-history":[{"count":8,"href":"https:\/\/historiadofutebol.com\/blog\/index.php?rest_route=\/wp\/v2\/posts\/130461\/revisions"}],"predecessor-version":[{"id":136176,"href":"https:\/\/historiadofutebol.com\/blog\/index.php?rest_route=\/wp\/v2\/posts\/130461\/revisions\/136176"}],"wp:attachment":[{"href":"https:\/\/historiadofutebol.com\/blog\/index.php?rest_route=%2Fwp%2Fv2%2Fmedia&parent=130461"}],"wp:term":[{"taxonomy":"category","embeddable":true,"href":"https:\/\/historiadofutebol.com\/blog\/index.php?rest_route=%2Fwp%2Fv2%2Fcategories&post=130461"},{"taxonomy":"post_tag","embeddable":true,"href":"https:\/\/historiadofutebol.com\/blog\/index.php?rest_route=%2Fwp%2Fv2%2Ftags&post=130461"}],"curies":[{"name":"wp","href":"https:\/\/api.w.org\/{rel}","templated":true}]}}