{"id":130381,"date":"2023-08-09T00:22:59","date_gmt":"2023-08-09T03:22:59","guid":{"rendered":"https:\/\/historiadofutebol.com\/blog\/?p=130381"},"modified":"2023-08-12T13:48:22","modified_gmt":"2023-08-12T16:48:22","slug":"rosal-esporte-clube-bom-jesus-do-itabapoana-rj","status":"publish","type":"post","link":"https:\/\/historiadofutebol.com\/blog\/?p=130381","title":{"rendered":"In\u00e9dito!! Rosal Esporte Clube &#8211; Bom Jesus do Itabapoana (RJ)"},"content":{"rendered":"<div class=\"wp-block-image\">\n<figure class=\"aligncenter size-large\"><img loading=\"lazy\" decoding=\"async\" width=\"500\" height=\"220\" src=\"https:\/\/historiadofutebol.com\/blog\/wp-content\/uploads\/2023\/08\/ROSAL-EC-BJI-500x220.jpg\" alt=\"\" class=\"wp-image-130382\" srcset=\"https:\/\/historiadofutebol.com\/blog\/wp-content\/uploads\/2023\/08\/ROSAL-EC-BJI-500x220.jpg 500w, https:\/\/historiadofutebol.com\/blog\/wp-content\/uploads\/2023\/08\/ROSAL-EC-BJI-300x132.jpg 300w, https:\/\/historiadofutebol.com\/blog\/wp-content\/uploads\/2023\/08\/ROSAL-EC-BJI-768x338.jpg 768w, https:\/\/historiadofutebol.com\/blog\/wp-content\/uploads\/2023\/08\/ROSAL-EC-BJI-624x274.jpg 624w, https:\/\/historiadofutebol.com\/blog\/wp-content\/uploads\/2023\/08\/ROSAL-EC-BJI.jpg 1214w\" sizes=\"auto, (max-width: 500px) 100vw, 500px\" \/><\/figure><\/div>\n\n\n<p>O <strong><em><strong><em><mark style=\"background-color:rgba(0, 0, 0, 0);color:#ec0101\" class=\"has-inline-color\">Rosal Esporte Clube<\/mark><\/em><\/strong><\/em><\/strong> \u00e9 uma agremia\u00e7\u00e3o do munic\u00edpio de Bom Jesus do Itabapoana, que possui uma popula\u00e7\u00e3o de 37.306 habitantes <em>(segundo o Censo do IBGE\/2021)<\/em>, fica a 366 km da capital do estado do Rio de Janeiro.<\/p>\n\n\n\n<p>O \u201c<strong><em><mark style=\"background-color:rgba(0, 0, 0, 0);color:#ee0707\" class=\"has-inline-color\">Alvirrubro bom-jesuense<\/mark>\u201d<\/em><\/strong> foi <strong><em><mark style=\"background-color:rgba(0, 0, 0, 0);color:#f10303\" class=\"has-inline-color\">Fundado na quarta-feira, \u00e0s 21 horas, do dia 25 de mar\u00e7o de 1942<\/mark><\/em><\/strong>, na sala da <em>Escola P\u00fablica do Rosal<\/em>. Na <strong><em>Assembleia Geral<\/em><\/strong>, foi constitu\u00edda a <strong><em><mark style=\"background-color:rgba(0, 0, 0, 0);color:#ff0000\" class=\"has-inline-color\">1\u00aa Diretoria<\/mark><\/em><\/strong>, composta pelos seguintes membros:<\/p>\n\n\n\n<p><strong><em><mark style=\"background-color:rgba(0, 0, 0, 0);color:#ff0606\" class=\"has-inline-color\">Presidente Interino \u2013 <\/mark><\/em><\/strong><em>Caetano Louren\u00e7o<\/em>;<\/p>\n\n\n\n<p><strong><mark style=\"background-color:rgba(0, 0, 0, 0);color:#ff0000\" class=\"has-inline-color\"><em>Presidente \u2013<\/em><\/mark><\/strong><em><mark style=\"background-color:rgba(0, 0, 0, 0);color:#ff0000\" class=\"has-inline-color\"> <\/mark>Anselmo Nunes<\/em>;<\/p>\n\n\n\n<p><strong><em><mark style=\"background-color:rgba(0, 0, 0, 0);color:#fa0000\" class=\"has-inline-color\">Vice-Presidente \u2013<\/mark><\/em><\/strong><em> Walter Fiori<\/em>;<\/p>\n\n\n\n<p><strong><em><mark style=\"background-color:rgba(0, 0, 0, 0);color:#ff0000\" class=\"has-inline-color\">1\u00b0 Secret\u00e1rio \u2013<\/mark><\/em><\/strong> <em>Caetano Louren\u00e7o<\/em>;<\/p>\n\n\n\n<p><strong><em><mark style=\"background-color:rgba(0, 0, 0, 0);color:#ff0000\" class=\"has-inline-color\">2\u00b0 Secret\u00e1rio \u2013<\/mark><\/em><\/strong><em> Durval Tito de Almeida<\/em>;<\/p>\n\n\n\n<p><strong><mark style=\"background-color:rgba(0, 0, 0, 0);color:#ff0000\" class=\"has-inline-color\"><em>1\u00b0 Tesoureiro \u2013<\/em><\/mark><\/strong><em><mark style=\"background-color:rgba(0, 0, 0, 0);color:#ff0000\" class=\"has-inline-color\"> <\/mark>Fluminense<\/em>;<\/p>\n\n\n\n<p><strong><mark style=\"background-color:rgba(0, 0, 0, 0);color:#ff0000\" class=\"has-inline-color\"><em>2\u00b0 Tesoureiro \u2013<\/em><\/mark><\/strong><em><mark style=\"background-color:rgba(0, 0, 0, 0);color:#ff0000\" class=\"has-inline-color\"> <\/mark>Jo\u00e3o Torres<\/em>;<\/p>\n\n\n\n<p><strong><mark style=\"background-color:rgba(0, 0, 0, 0);color:#ff0000\" class=\"has-inline-color\"><em>1\u00b0 Captain \u2013<\/em><\/mark><\/strong><em><mark style=\"background-color:rgba(0, 0, 0, 0);color:#ff0000\" class=\"has-inline-color\"> <\/mark>Jocelem Machado<\/em>;<\/p>\n\n\n\n<p><strong><mark style=\"background-color:rgba(0, 0, 0, 0);color:#ff0000\" class=\"has-inline-color\"><em>2\u00b0 Captain \u2013<\/em><\/mark><\/strong><em><mark style=\"background-color:rgba(0, 0, 0, 0);color:#ff0000\" class=\"has-inline-color\"> <\/mark>Jos\u00e9 Andr\u00e9 dos Santos<\/em>;<\/p>\n\n\n\n<p><strong><mark style=\"background-color:rgba(0, 0, 0, 0);color:#ff0000\" class=\"has-inline-color\"><em>T\u00e9cnico \u2013<\/em><\/mark><\/strong><em><mark style=\"background-color:rgba(0, 0, 0, 0);color:#ff0000\" class=\"has-inline-color\"> <\/mark>Antonio Jos\u00e9 dos Santos<\/em>.<\/p>\n\n\n\n<p>A sua <mark style=\"background-color:rgba(0, 0, 0, 0);color:#f00707\" class=\"has-inline-color\"><strong><em>Sede<\/em><\/strong> <\/mark>e o <strong><em><mark style=\"background-color:rgba(0, 0, 0, 0);color:#f40505\" class=\"has-inline-color\">Est\u00e1dio Chiquinho Nunes<\/mark><\/em><\/strong> ficam localizados na <strong><em><mark style=\"background-color:rgba(0, 0, 0, 0);color:#f40707\" class=\"has-inline-color\">Rua Francisco Diniz, s\/n \u2013 Rosal (antiga Vila de Rosal), 3\u00ba Distrito de Bom Jesus do Itabapoana (RJ)<\/mark><\/em><\/strong>.<\/p>\n\n\n<div class=\"wp-block-image\">\n<figure class=\"aligncenter size-large is-resized\"><img loading=\"lazy\" decoding=\"async\" src=\"https:\/\/historiadofutebol.com\/blog\/wp-content\/uploads\/2023\/08\/REC-196-500x392.jpg\" alt=\"\" class=\"wp-image-130386\" width=\"590\" height=\"463\" srcset=\"https:\/\/historiadofutebol.com\/blog\/wp-content\/uploads\/2023\/08\/REC-196-500x392.jpg 500w, https:\/\/historiadofutebol.com\/blog\/wp-content\/uploads\/2023\/08\/REC-196-300x235.jpg 300w, https:\/\/historiadofutebol.com\/blog\/wp-content\/uploads\/2023\/08\/REC-196.jpg 522w\" sizes=\"auto, (max-width: 590px) 100vw, 590px\" \/><\/figure><\/div>\n\n\n<p><em>No domingo, do dia 02 de Abril de 1944<\/em>, o <strong><em><strong><em><mark style=\"background-color:rgba(0, 0, 0, 0);color:#ec0101\" class=\"has-inline-color\">Rosal Esporte Clube<\/mark><\/em><\/strong><\/em><\/strong> venceu o <strong><em>Pirapetinga Futebol Clube<\/em><\/strong>, de <em>Pirapetinga (5\u00ba Distrito de Bom Jesus do Itabapoana)<\/em>, pelo placar de <strong><em>4 a 2<\/em><\/strong>. Os gols foram assinalados por <em>Ded\u00e9<\/em> e <em>Jocilin<\/em>, ambos com dois tentos cada, para o <strong><em>Rosal<\/em><\/strong>; enquanto <em>Zez\u00e9<\/em> e <em>Modesto<\/em> fizeram os gols de honra dos <strong><em>visitantes<\/em><\/strong>.<\/p>\n\n\n\n<p>A <strong><em>LBD (Liga Bonjesuense de Desportos)<\/em><\/strong>, foi <strong><em>fundada no dia 11 de outubro de 1951<\/em><\/strong>. O <strong><em>Campeonato de Bom Jesus do Itabapoana<\/em><\/strong>, passou a ser realizado no ano seguinte. Dessas edi\u00e7\u00f5es, h\u00e1 registros de que o <strong><em><strong><em><mark style=\"background-color:rgba(0, 0, 0, 0);color:#ec0101\" class=\"has-inline-color\">Rosal Esporte Clube<\/mark><\/em><\/strong><\/em><\/strong> participou, pelo menos, de <mark style=\"background-color:rgba(0, 0, 0, 0);color:#f10606\" class=\"has-inline-color\"><strong><em>11 edi\u00e7\u00f5es<\/em><\/strong>: <strong><em>1955,<\/em><\/strong> <strong><em>1956, 1957, 1958, 1959, 1960, 1962, 1963, 1964, 1965<\/em><\/strong> e <strong><em>1966<\/em><\/strong>.<\/mark><\/p>\n\n\n<div class=\"wp-block-image\">\n<figure class=\"aligncenter size-large is-resized\"><img loading=\"lazy\" decoding=\"async\" src=\"https:\/\/historiadofutebol.com\/blog\/wp-content\/uploads\/2023\/08\/REC-Rainhas-500x213.jpg\" alt=\"\" class=\"wp-image-130389\" width=\"653\" height=\"278\" srcset=\"https:\/\/historiadofutebol.com\/blog\/wp-content\/uploads\/2023\/08\/REC-Rainhas-500x213.jpg 500w, https:\/\/historiadofutebol.com\/blog\/wp-content\/uploads\/2023\/08\/REC-Rainhas-300x128.jpg 300w, https:\/\/historiadofutebol.com\/blog\/wp-content\/uploads\/2023\/08\/REC-Rainhas-768x327.jpg 768w, https:\/\/historiadofutebol.com\/blog\/wp-content\/uploads\/2023\/08\/REC-Rainhas-624x265.jpg 624w, https:\/\/historiadofutebol.com\/blog\/wp-content\/uploads\/2023\/08\/REC-Rainhas.jpg 1209w\" sizes=\"auto, (max-width: 653px) 100vw, 653px\" \/><figcaption class=\"wp-element-caption\"><em><strong><mark style=\"background-color:rgba(0, 0, 0, 0);color:#f70808\" class=\"has-inline-color\">Rainhas do Rosal nos anos de 1952, 1953 e 1954<\/mark><\/strong><\/em><\/figcaption><\/figure><\/div>\n\n\n<p>Em <strong><em>1956<\/em><\/strong>, quando o <strong><em>Olympico Futebol Clube<\/em><\/strong> conquistou o <strong><em>Bicampeonato (1955 e 1956)<\/em><\/strong> ao vencer o <strong><em>Cimento Para\u00edso <\/em><\/strong>por <strong><em>2 a 1<\/em><\/strong>; o <strong><em><strong><em><mark style=\"background-color:rgba(0, 0, 0, 0);color:#ec0101\" class=\"has-inline-color\">Rosal Esporte Clube<\/mark><\/em><\/strong><\/em><\/strong> encerrou a sua participa\u00e7\u00e3o com vit\u00f3ria de <strong><em>3 a 1<\/em><\/strong> em cima do <strong><em>Liberdade<\/em><\/strong>.<\/p>\n\n\n<div class=\"wp-block-image\">\n<figure class=\"aligncenter size-large is-resized\"><img loading=\"lazy\" decoding=\"async\" src=\"https:\/\/historiadofutebol.com\/blog\/wp-content\/uploads\/2023\/08\/REC-1958-500x294.jpg\" alt=\"\" class=\"wp-image-130384\" width=\"656\" height=\"386\" srcset=\"https:\/\/historiadofutebol.com\/blog\/wp-content\/uploads\/2023\/08\/REC-1958-500x294.jpg 500w, https:\/\/historiadofutebol.com\/blog\/wp-content\/uploads\/2023\/08\/REC-1958-300x176.jpg 300w, https:\/\/historiadofutebol.com\/blog\/wp-content\/uploads\/2023\/08\/REC-1958-768x452.jpg 768w, https:\/\/historiadofutebol.com\/blog\/wp-content\/uploads\/2023\/08\/REC-1958-624x367.jpg 624w, https:\/\/historiadofutebol.com\/blog\/wp-content\/uploads\/2023\/08\/REC-1958.jpg 1117w\" sizes=\"auto, (max-width: 656px) 100vw, 656px\" \/><\/figure><\/div>\n\n\n<p>&nbsp;<strong><em>No domingo, do dia 14 de setembro de 1958<\/em><\/strong>, foi noticiado a realiza\u00e7\u00e3o de uma rodada do certame municipal, com tr\u00eas jogos: <strong><em>Pirapetinga x Ordem e Progresso<\/em><\/strong>; <strong><em>Fluminense x Liberdade<\/em><\/strong>; <strong><em>Rosal x Santa Maria<\/em><\/strong>.<\/p>\n\n\n\n<p>Em <strong><em>1959<\/em><\/strong>, a competi\u00e7\u00e3o teve a participa\u00e7\u00e3o de nove equipes: <strong><em>Liberdade Esporte Clube (4\u00ba Distrito Carabu\u00e7u)<\/em><\/strong>, <strong><em>Santa Isabe<\/em><\/strong>l<strong><em> Futebol Clube<\/em><\/strong> <strong><em>(Usina Santa Isabel)<\/em><\/strong>, <strong><em><mark style=\"background-color:rgba(0, 0, 0, 0);color:#ec0101\" class=\"has-inline-color\">Rosal Esporte Clube<\/mark> (Bom Jesus)<\/em><\/strong>, <strong><em>Pirapetinga Futebol Clube (Fazenda Pirapetinga)<\/em><\/strong>, <strong><em>Ordem e Progresso (Bom Jesus do Norte\/ES)<\/em><\/strong>, <strong><em>Fluminense Futebol Clube (Bom Jesus)<\/em><\/strong>, <strong><em>Olympico Futebol Clube (Bom Jesus)<\/em><\/strong>, <strong><em>Italva (Italva)<\/em><\/strong> e <strong><em>Santa Maria Futebol Clube (Usina Santa Maria)<\/em><\/strong>.<\/p>\n\n\n<div class=\"wp-block-image\">\n<figure class=\"aligncenter size-large is-resized\"><img loading=\"lazy\" decoding=\"async\" src=\"https:\/\/historiadofutebol.com\/blog\/wp-content\/uploads\/2023\/08\/c0eab6dc-a511-4bdf-8ffe-7b762e7e1d11-500x334.jpg\" alt=\"\" class=\"wp-image-130387\" width=\"654\" height=\"437\" srcset=\"https:\/\/historiadofutebol.com\/blog\/wp-content\/uploads\/2023\/08\/c0eab6dc-a511-4bdf-8ffe-7b762e7e1d11-500x334.jpg 500w, https:\/\/historiadofutebol.com\/blog\/wp-content\/uploads\/2023\/08\/c0eab6dc-a511-4bdf-8ffe-7b762e7e1d11-300x200.jpg 300w, https:\/\/historiadofutebol.com\/blog\/wp-content\/uploads\/2023\/08\/c0eab6dc-a511-4bdf-8ffe-7b762e7e1d11-624x417.jpg 624w, https:\/\/historiadofutebol.com\/blog\/wp-content\/uploads\/2023\/08\/c0eab6dc-a511-4bdf-8ffe-7b762e7e1d11.jpg 693w\" sizes=\"auto, (max-width: 654px) 100vw, 654px\" \/><\/figure><\/div>\n\n\n<p><em>No s\u00e1bado, do dia 04 de Julho de 1959<\/em>, o <strong><em><strong><em><mark style=\"background-color:rgba(0, 0, 0, 0);color:#ec0101\" class=\"has-inline-color\">Rosal Esporte Clube<\/mark><\/em><\/strong><\/em><\/strong> ent\u00e3o l\u00edder e invicto, recebeu nos seus dom\u00ednios os capixabas do <strong><em>Ordem e Progresso Futebol Clube<\/em><\/strong>, de Bom Jesus do Norte\/ES, v\u00e1lido <strong><em>pelo Campeonato Citadino de Bom Jesus do Itabapoana<\/em><\/strong>.<\/p>\n\n\n\n<p>Ap\u00f3s 90 minutos de um jogo bonito, em que ambos os contendores se empenharam a fundo, o <strong><em><strong><em><mark style=\"background-color:rgba(0, 0, 0, 0);color:#ec0101\" class=\"has-inline-color\">Rosal Esporte Clube<\/mark><\/em><\/strong><\/em><\/strong> saiu mais uma vez vitorioso pelo placar de <strong><em>3 a 0<\/em><\/strong>. Os gols foram assinalados por <em>Oswaldo<\/em>, duas vezes, e <em>Toninho<\/em>. O <strong><em>\u00e1rbitro<\/em><\/strong> da peleja foi o <em>Sr. Eleon Navarro<\/em> (<em>boa atua\u00e7\u00e3o<\/em>). Na preliminar, a equipe de Aspirantes do <strong><em><strong><em><mark style=\"background-color:rgba(0, 0, 0, 0);color:#ec0101\" class=\"has-inline-color\">Rosal <\/mark><\/em><\/strong><\/em><\/strong>goleou o <strong><em>Ordem e Progresso<\/em><\/strong> pelo marcador de <strong><em>5 a 0<\/em><\/strong>.<\/p>\n\n\n\n<p><mark style=\"background-color:rgba(0, 0, 0, 0);color:#e00606\" class=\"has-inline-color\"><strong><em>Rosal:<\/em><\/strong><em> \u00c1ureo; D\u00e9cio e Noir; Tiaozinho, Hilton e Carlile; Celso, Oswaldo, Toninho, Parafuso e Iranel<\/em>.<\/mark><\/p>\n\n\n\n<p><mark style=\"background-color:rgba(0, 0, 0, 0);color:#29780d\" class=\"has-inline-color\"><strong><em>Ordem e Progresso:<\/em><\/strong><em> Chico Alfredo; Jos\u00e9 Jorge e H\u00e9lio; Paulo Garcia, Pedrinho e Vav\u00e1; Z\u00e9 Adilson, Beni, Bo\u00eamia, Paulinho e Thiebaut<\/em>.<\/mark><\/p>\n\n\n\n<p>No final, o <strong><em>Santa Maria<\/em><\/strong> foi o <strong><em>grande campe\u00e3o de 1959 (antes tinha sido campe\u00e3o em 1953 e depois alcan\u00e7ou o tricampeonato nos anos de 1959, 1960 e 1961)<\/em><\/strong>, enquanto o <strong><em>Santa Isabel<\/em><\/strong> ficou com o <strong><em>vice-campeonato<\/em><\/strong> e o <strong><em><strong><em><mark style=\"background-color:rgba(0, 0, 0, 0);color:#ec0101\" class=\"has-inline-color\">Rosal Esporte Clube<\/mark><\/em><\/strong><\/em><\/strong> terminou na <strong><em>3\u00aa coloca\u00e7\u00e3o<\/em><\/strong>. O <strong><em>Olympico Futebol Clube<\/em><\/strong> tamb\u00e9m levantou o <strong><em>tricampeonato<\/em><\/strong> em <strong><em>1964, 1965 e 1966<\/em><\/strong>.<\/p>\n\n\n<div class=\"wp-block-image\">\n<figure class=\"aligncenter size-large is-resized\"><img loading=\"lazy\" decoding=\"async\" src=\"https:\/\/historiadofutebol.com\/blog\/wp-content\/uploads\/2023\/08\/REC-500x291.jpg\" alt=\"\" class=\"wp-image-130385\" width=\"655\" height=\"381\" srcset=\"https:\/\/historiadofutebol.com\/blog\/wp-content\/uploads\/2023\/08\/REC-500x291.jpg 500w, https:\/\/historiadofutebol.com\/blog\/wp-content\/uploads\/2023\/08\/REC-300x174.jpg 300w, https:\/\/historiadofutebol.com\/blog\/wp-content\/uploads\/2023\/08\/REC-768x447.jpg 768w, https:\/\/historiadofutebol.com\/blog\/wp-content\/uploads\/2023\/08\/REC-624x363.jpg 624w, https:\/\/historiadofutebol.com\/blog\/wp-content\/uploads\/2023\/08\/REC.jpg 1066w\" sizes=\"auto, (max-width: 655px) 100vw, 655px\" \/><figcaption class=\"wp-element-caption\"><em><strong><mark style=\"background-color:rgba(0, 0, 0, 0);color:#eb0909\" class=\"has-inline-color\">Foto da d\u00e9cada de 70<\/mark><\/strong><\/em><\/figcaption><\/figure><\/div>\n\n\n<h2 class=\"wp-block-heading has-text-align-center\"><strong><mark style=\"background-color:rgba(0, 0, 0, 0);color:#ee0303\" class=\"has-inline-color\">Classifica\u00e7\u00e3o Final de 1966<\/mark><\/strong><\/h2>\n\n\n\n<figure class=\"wp-block-table is-style-stripes\"><table><tbody><tr><td class=\"has-text-align-center\" data-align=\"center\"><strong><mark style=\"background-color:rgba(0, 0, 0, 0);color:#115878\" class=\"has-inline-color\">N\u00ba<\/mark><\/strong><\/td><td class=\"has-text-align-center\" data-align=\"center\"><strong><mark style=\"background-color:rgba(0, 0, 0, 0);color:#12597a\" class=\"has-inline-color\">CLUBES<\/mark><\/strong><\/td><td class=\"has-text-align-center\" data-align=\"center\"><strong><mark style=\"background-color:rgba(0, 0, 0, 0);color:#115371\" class=\"has-inline-color\">Pontos Perdidos<\/mark><\/strong><\/td><\/tr><tr><td class=\"has-text-align-center\" data-align=\"center\">1\u00ba<\/td><td class=\"has-text-align-center\" data-align=\"center\">Olympico Futebol Clube<\/td><td class=\"has-text-align-center\" data-align=\"center\">01<\/td><\/tr><tr><td class=\"has-text-align-center\" data-align=\"center\">2\u00ba<\/td><td class=\"has-text-align-center\" data-align=\"center\">Santa Izabel Futebol Clube<\/td><td class=\"has-text-align-center\" data-align=\"center\">02<\/td><\/tr><tr><td class=\"has-text-align-center\" data-align=\"center\">3\u00ba<\/td><td class=\"has-text-align-center\" data-align=\"center\">Motorista Futebol Clube<\/td><td class=\"has-text-align-center\" data-align=\"center\">06<\/td><\/tr><tr><td class=\"has-text-align-center\" data-align=\"center\">3\u00ba<\/td><td class=\"has-text-align-center\" data-align=\"center\">Boa Vista Futebol Clube<\/td><td class=\"has-text-align-center\" data-align=\"center\">06<\/td><\/tr><tr><td class=\"has-text-align-center\" data-align=\"center\"><strong><em><mark style=\"background-color:rgba(0, 0, 0, 0);color:#ec0101\" class=\"has-inline-color\">5\u00ba<\/mark><\/em><\/strong><\/td><td class=\"has-text-align-center\" data-align=\"center\"><strong><em><strong><em><mark style=\"background-color:rgba(0, 0, 0, 0);color:#ec0101\" class=\"has-inline-color\">Rosal Esporte Clube<\/mark><\/em><\/strong><\/em><\/strong><\/td><td class=\"has-text-align-center\" data-align=\"center\"><strong><em><strong><em><mark style=\"background-color:rgba(0, 0, 0, 0);color:#ec0101\" class=\"has-inline-color\">07<\/mark><\/em><\/strong><\/em><\/strong><\/td><\/tr><tr><td class=\"has-text-align-center\" data-align=\"center\">6\u00ba<\/td><td class=\"has-text-align-center\" data-align=\"center\">Liberdade Esporte Clube<\/td><td class=\"has-text-align-center\" data-align=\"center\">08<\/td><\/tr><tr><td class=\"has-text-align-center\" data-align=\"center\">7\u00ba<\/td><td class=\"has-text-align-center\" data-align=\"center\">Tamandar\u00e9 Futebol Clube<\/td><td class=\"has-text-align-center\" data-align=\"center\">12<\/td><\/tr><\/tbody><\/table><\/figure>\n\n\n\n<p><em>Em janeiro de 1964<\/em>, o <strong><em><strong><em><mark style=\"background-color:rgba(0, 0, 0, 0);color:#ec0101\" class=\"has-inline-color\">Rosal Esporte Clube<\/mark><\/em><\/strong><\/em><\/strong>, <strong><em>Santa Maria Futebol Clube<\/em><\/strong> e o <strong><em>Esporte Clube Italva<\/em><\/strong> foram piv\u00f4s de uma grave crise com a liga local. O presidente da <strong><em>LBD<\/em><\/strong>, <em>Almenara Sueth<\/em> desligou os <em>tr\u00eas clubes<\/em> al\u00e9m de aplicar pesadas multas.<\/p>\n\n\n<div class=\"wp-block-image\">\n<figure class=\"aligncenter size-large is-resized\"><img loading=\"lazy\" decoding=\"async\" src=\"https:\/\/historiadofutebol.com\/blog\/wp-content\/uploads\/2023\/08\/54b6a60b-5381-47f2-8472-1bd01fd7d111-304x500.jpg\" alt=\"\" class=\"wp-image-130388\" width=\"533\" height=\"877\" srcset=\"https:\/\/historiadofutebol.com\/blog\/wp-content\/uploads\/2023\/08\/54b6a60b-5381-47f2-8472-1bd01fd7d111-304x500.jpg 304w, https:\/\/historiadofutebol.com\/blog\/wp-content\/uploads\/2023\/08\/54b6a60b-5381-47f2-8472-1bd01fd7d111-182x300.jpg 182w, https:\/\/historiadofutebol.com\/blog\/wp-content\/uploads\/2023\/08\/54b6a60b-5381-47f2-8472-1bd01fd7d111.jpg 562w\" sizes=\"auto, (max-width: 533px) 100vw, 533px\" \/><\/figure><\/div>\n\n\n<p>A confus\u00e3o chegou na <strong><em>Federa\u00e7\u00e3o Fluminense de Desportos (FFD)<\/em><\/strong> \u2013 entidade m\u00e1xima do esporte do estado do Rio \u2013 que cobrou que a LBD se submetesse ao pronunciamento da <strong><em>Junta Disciplinar Desportiva Bonjesuense<\/em><\/strong>.&nbsp;&nbsp;<\/p>\n\n\n\n<p>As raz\u00f5es pela exclus\u00e3o e multa foi que as tr\u00eas equipes teriam deixado de saldar compromissos do campeonato de Bom Jesus, al\u00e9m de jogar amistosos sem licen\u00e7a.&nbsp;&nbsp;<\/p>\n\n\n<div class=\"wp-block-image\">\n<figure class=\"aligncenter size-large is-resized\"><img loading=\"lazy\" decoding=\"async\" src=\"https:\/\/historiadofutebol.com\/blog\/wp-content\/uploads\/2023\/08\/REC-Estadio-225x500.jpg\" alt=\"\" class=\"wp-image-130383\" width=\"371\" height=\"824\" srcset=\"https:\/\/historiadofutebol.com\/blog\/wp-content\/uploads\/2023\/08\/REC-Estadio-225x500.jpg 225w, https:\/\/historiadofutebol.com\/blog\/wp-content\/uploads\/2023\/08\/REC-Estadio-135x300.jpg 135w, https:\/\/historiadofutebol.com\/blog\/wp-content\/uploads\/2023\/08\/REC-Estadio.jpg 521w\" sizes=\"auto, (max-width: 371px) 100vw, 371px\" \/><\/figure><\/div>\n\n\n<p>A diretoria atual em exerc\u00edcio <em>(per\u00edodo de 17 de dezembro de 2022 a 17 de dezembro de 2023)<\/em> do <strong><em><mark style=\"background-color:rgba(0, 0, 0, 0);color:#ec0101\" class=\"has-inline-color\">Rosal Esporte Clube<\/mark><\/em><\/strong> \u00e9 formada assim:<\/p>\n\n\n\n<p><strong><em>Presidente \u2013<\/em><\/strong><em> Marcelo Brites Costa<\/em>;<\/p>\n\n\n\n<p><strong><em>Vice-Presidente \u2013 <\/em><\/strong><em>Jo\u00e3o Batista Rodrigues da Silva<\/em>;<\/p>\n\n\n\n<p><strong><em>1\u00ba Secret\u00e1rio \u2013<\/em><\/strong><em> Nilton Pani Crisostomo<\/em>;<\/p>\n\n\n\n<p><strong><em>2\u00ba Secret\u00e1rio \u2013<\/em><\/strong><em> Wenderson Carlos P. da Silveira<\/em>;<\/p>\n\n\n\n<p><strong><em>1\u00ba Tesoureiro \u2013<\/em><\/strong><em> Douglas Jos\u00e9 F. da Silva<\/em>;<\/p>\n\n\n\n<p><strong><em>2\u00ba Tesoureiro \u2013<\/em><\/strong><em> Lu\u00eds Carlos Torres de O. J\u00fanior<\/em>;<\/p>\n\n\n\n<p><strong><em>Diretor de Esportes \u2013<\/em><\/strong><em> Arlindo Nazareth Barreto<\/em>;<\/p>\n\n\n\n<p><strong><em>Diretor de Esportes \u2013<\/em><\/strong><em> Paulo S\u00e9rgio Rosa<\/em>.<\/p>\n\n\n<div class=\"wp-block-image\">\n<figure class=\"aligncenter size-large is-resized\"><img loading=\"lazy\" decoding=\"async\" src=\"https:\/\/historiadofutebol.com\/blog\/wp-content\/uploads\/2023\/08\/214751a4-020c-4d5e-87b1-2a735f63f9ae-500x300.jpg\" alt=\"\" class=\"wp-image-130399\" width=\"653\" height=\"392\" srcset=\"https:\/\/historiadofutebol.com\/blog\/wp-content\/uploads\/2023\/08\/214751a4-020c-4d5e-87b1-2a735f63f9ae-500x300.jpg 500w, https:\/\/historiadofutebol.com\/blog\/wp-content\/uploads\/2023\/08\/214751a4-020c-4d5e-87b1-2a735f63f9ae-300x180.jpg 300w, https:\/\/historiadofutebol.com\/blog\/wp-content\/uploads\/2023\/08\/214751a4-020c-4d5e-87b1-2a735f63f9ae-768x461.jpg 768w, https:\/\/historiadofutebol.com\/blog\/wp-content\/uploads\/2023\/08\/214751a4-020c-4d5e-87b1-2a735f63f9ae-624x374.jpg 624w, https:\/\/historiadofutebol.com\/blog\/wp-content\/uploads\/2023\/08\/214751a4-020c-4d5e-87b1-2a735f63f9ae.jpg 960w\" sizes=\"auto, (max-width: 653px) 100vw, 653px\" \/><figcaption class=\"wp-element-caption\"><em><strong><mark style=\"background-color:rgba(0, 0, 0, 0);color:#f60808\" class=\"has-inline-color\">Foto do time atual do Rosal E.C.<\/mark><\/strong><\/em><\/figcaption><\/figure><\/div>\n\n\n<p><strong><mark style=\"background-color:rgba(0, 0, 0, 0);color:#661515\" class=\"has-inline-color\"><em><u>FOTOS<\/u>:<\/em><\/mark><\/strong><em><mark style=\"background-color:rgba(0, 0, 0, 0);color:#661515\" class=\"has-inline-color\"> Acervo de Roberto S. Quintanilha<\/mark><\/em><\/p>\n\n\n\n<p><strong><mark style=\"background-color:rgba(0, 0, 0, 0);color:#105373\" class=\"has-inline-color\"><em><u>FONTES<\/u>:<\/em><\/mark><\/strong><em><mark style=\"background-color:rgba(0, 0, 0, 0);color:#105373\" class=\"has-inline-color\"> O Jornal (RJ) \u2013 Di\u00e1rio de Not\u00edcias (RJ) \u2013 Di\u00e1rio da Noite (RJ) \u2013 \u00daltima Hora (RJ) \u2013 O Fluminense (RJ) \u2013 Roberto S. Quintanilha \u2013 A Voz do Povo, da Divis\u00e3o de Educa\u00e7\u00e3o, Cultura, Esporte e Laser &#8211; PMBI &#8211; RJ<\/mark><\/em><\/p>\n","protected":false},"excerpt":{"rendered":"<p>O Rosal Esporte Clube \u00e9 uma agremia\u00e7\u00e3o do munic\u00edpio de Bom Jesus do Itabapoana, que possui uma popula\u00e7\u00e3o de 37.306 habitantes (segundo o Censo do IBGE\/2021), fica a 366 km da capital do estado do Rio de Janeiro. O \u201cAlvirrubro bom-jesuense\u201d foi Fundado na quarta-feira, \u00e0s 21 horas, do dia 25 de mar\u00e7o de 1942, [&hellip;]<\/p>\n","protected":false},"author":55,"featured_media":0,"comment_status":"open","ping_status":"closed","sticky":false,"template":"","format":"standard","meta":{"footnotes":""},"categories":[203,531,83,59,345,3,47,76],"tags":[],"class_list":["post-130381","post","type-post","status-publish","format-standard","hentry","category-sergio-mello","category-carencias","category-x9-curiosidades","category-escudos","category-fotos-historicas","category-historia-do-futebol","category-rio-de-janeiro","category-antigo-estado-do-rio"],"_links":{"self":[{"href":"https:\/\/historiadofutebol.com\/blog\/index.php?rest_route=\/wp\/v2\/posts\/130381","targetHints":{"allow":["GET"]}}],"collection":[{"href":"https:\/\/historiadofutebol.com\/blog\/index.php?rest_route=\/wp\/v2\/posts"}],"about":[{"href":"https:\/\/historiadofutebol.com\/blog\/index.php?rest_route=\/wp\/v2\/types\/post"}],"author":[{"embeddable":true,"href":"https:\/\/historiadofutebol.com\/blog\/index.php?rest_route=\/wp\/v2\/users\/55"}],"replies":[{"embeddable":true,"href":"https:\/\/historiadofutebol.com\/blog\/index.php?rest_route=%2Fwp%2Fv2%2Fcomments&post=130381"}],"version-history":[{"count":5,"href":"https:\/\/historiadofutebol.com\/blog\/index.php?rest_route=\/wp\/v2\/posts\/130381\/revisions"}],"predecessor-version":[{"id":130431,"href":"https:\/\/historiadofutebol.com\/blog\/index.php?rest_route=\/wp\/v2\/posts\/130381\/revisions\/130431"}],"wp:attachment":[{"href":"https:\/\/historiadofutebol.com\/blog\/index.php?rest_route=%2Fwp%2Fv2%2Fmedia&parent=130381"}],"wp:term":[{"taxonomy":"category","embeddable":true,"href":"https:\/\/historiadofutebol.com\/blog\/index.php?rest_route=%2Fwp%2Fv2%2Fcategories&post=130381"},{"taxonomy":"post_tag","embeddable":true,"href":"https:\/\/historiadofutebol.com\/blog\/index.php?rest_route=%2Fwp%2Fv2%2Ftags&post=130381"}],"curies":[{"name":"wp","href":"https:\/\/api.w.org\/{rel}","templated":true}]}}