{"id":130099,"date":"2023-06-28T02:54:20","date_gmt":"2023-06-28T05:54:20","guid":{"rendered":"https:\/\/historiadofutebol.com\/blog\/?p=130099"},"modified":"2023-06-29T12:27:47","modified_gmt":"2023-06-29T15:27:47","slug":"selecao-mineira-com-jogadores-juiz-foranos-eliminou-santa-carina-no-brasileiro-de-1960","status":"publish","type":"post","link":"https:\/\/historiadofutebol.com\/blog\/?p=130099","title":{"rendered":"Sele\u00e7\u00e3o Mineira, com jogadores juiz-foranos, eliminou Santa Carina, no Brasileiro de 1960"},"content":{"rendered":"<div class=\"wp-block-image\">\n<figure class=\"aligncenter size-large\"><img loading=\"lazy\" decoding=\"async\" width=\"500\" height=\"314\" src=\"https:\/\/historiadofutebol.com\/blog\/wp-content\/uploads\/2023\/06\/FMF-500x314.jpg\" alt=\"\" class=\"wp-image-130127\" srcset=\"https:\/\/historiadofutebol.com\/blog\/wp-content\/uploads\/2023\/06\/FMF-500x314.jpg 500w, https:\/\/historiadofutebol.com\/blog\/wp-content\/uploads\/2023\/06\/FMF-300x188.jpg 300w, https:\/\/historiadofutebol.com\/blog\/wp-content\/uploads\/2023\/06\/FMF-624x392.jpg 624w, https:\/\/historiadofutebol.com\/blog\/wp-content\/uploads\/2023\/06\/FMF.jpg 717w\" sizes=\"auto, (max-width: 500px) 100vw, 500px\" \/><\/figure><\/div>\n\n\n<p><mark style=\"background-color:rgba(0, 0, 0, 0);color:#000000\" class=\"has-inline-color\">A <strong><em>foto<\/em><\/strong> dessa postagem cont\u00e9m uma curiosidade interessante. A <\/mark><mark style=\"background-color:rgba(0, 0, 0, 0);color:#f70808\" class=\"has-inline-color\"><strong><em>Sele\u00e7\u00e3o Mineira de futebol em 1960<\/em><\/strong>,<\/mark><mark style=\"background-color:rgba(0, 0, 0, 0);color:#000000\" class=\"has-inline-color\"> foi representada pelos jogadores da <strong><em>Sele\u00e7\u00e3o da Liga de Juiz de Fora<\/em><\/strong> para a disputa do <strong><em>Campeonato Brasileiro de Sele\u00e7\u00f5es Estaduais de Football<\/em><\/strong>. O<\/mark><mark style=\"background-color:rgba(0, 0, 0, 0);color:#c66767\" class=\"has-inline-color\"> <strong><em>Jornal dos Sports<\/em><\/strong><\/mark><mark style=\"background-color:rgba(0, 0, 0, 0);color:#000000\" class=\"has-inline-color\"> fez uma nota sobre tal fato:<\/mark><\/p>\n\n\n\n<p><mark style=\"background-color:rgba(0, 0, 0, 0);color:#000000\" class=\"has-inline-color\">\u201c<em>O Selecionado Mineiro, constitu\u00eddo dos cracks da Liga de Juiz de Fora, estar\u00e1 amanh\u00e3 (segunda-feira, do dia 11 de janeiro de 1960) realizado um bom \u2018test\u2019 de suas possibilidades para intervir no Campeonato Brasileiro, dando combate \u00e0 representa\u00e7\u00e3o do Social, na cidade mineira de Santos Dumont. Os socialistas possuem um bom quadro e poder\u00e3o opor s\u00e9rie resist\u00eancia, aos comandados de Soares Pais. Este, por sua vez, dever\u00e1 experimentar a forma\u00e7\u00e3o ideal do Scratch, para ver como se porta, na contenda<\/em>\u201d.<\/mark><\/p>\n\n\n\n<h2 class=\"wp-block-heading\"><strong><mark style=\"background-color:rgba(0, 0, 0, 0);color:#f20c0c\" class=\"has-inline-color\">Selecionado Mineiro, fora de casa, surpreendem Catarinenses <\/mark><\/strong><\/h2>\n\n\n<div class=\"wp-block-image\">\n<figure class=\"aligncenter size-large is-resized\"><img loading=\"lazy\" decoding=\"async\" src=\"https:\/\/historiadofutebol.com\/blog\/wp-content\/uploads\/2023\/06\/SELECAOJUIZDEFORA-500x319.jpg\" alt=\"\" class=\"wp-image-130100\" width=\"650\" height=\"415\" srcset=\"https:\/\/historiadofutebol.com\/blog\/wp-content\/uploads\/2023\/06\/SELECAOJUIZDEFORA-500x319.jpg 500w, https:\/\/historiadofutebol.com\/blog\/wp-content\/uploads\/2023\/06\/SELECAOJUIZDEFORA-300x191.jpg 300w, https:\/\/historiadofutebol.com\/blog\/wp-content\/uploads\/2023\/06\/SELECAOJUIZDEFORA-768x490.jpg 768w, https:\/\/historiadofutebol.com\/blog\/wp-content\/uploads\/2023\/06\/SELECAOJUIZDEFORA-624x398.jpg 624w, https:\/\/historiadofutebol.com\/blog\/wp-content\/uploads\/2023\/06\/SELECAOJUIZDEFORA.jpg 1352w\" sizes=\"auto, (max-width: 650px) 100vw, 650px\" \/><figcaption class=\"wp-element-caption\"><mark style=\"background-color:rgba(0, 0, 0, 0);color:#ea0020\" class=\"has-inline-color\"><strong>EM P\u00c9 (esquerda para a direita):<\/strong> Soares Pais (t\u00e9cnico), Klebis (Am\u00e9rica, de Barbacena), Faninho (Tupi, de Juiz de Fora), Aderbal (Olimpic, de Barbacena), H\u00e9lio (Tupinamb\u00e1s, de Juiz de Fora), Djalma (Sport, de Juiz de Fora) e Professor \u00cdtalo (Preparador F\u00edsico).<br \/><\/mark><mark style=\"background-color:rgba(0, 0, 0, 0);color:#f01818\" class=\"has-inline-color\"><strong>AGACHADOS (esquerda para a direita):<\/strong> Odir (Sport, de Juiz de Fora), Fran\u00e7a (Tupi, de Juiz de Fora), Celinho (Am\u00e9rica, de Barbacena), Mauro, Jorge On\u00e7a (Tupi, de Juiz de Fora) e Toledo (Tupi, de Juiz de Fora).<\/mark><\/figcaption><\/figure><\/div>\n\n\n<p><mark style=\"background-color:rgba(0, 0, 0, 0);color:#000000\" class=\"has-inline-color\">Pelo <strong><em>Campeonato Brasileiro<\/em><\/strong> <strong><em>de Sele\u00e7\u00f5es Estaduais<\/em><\/strong>, <em>na tarde de domingo, do dia 17 de janeiro de 1960<\/em>, a <\/mark><strong><em><mark style=\"background-color:rgba(0, 0, 0, 0);color:#f20d0d\" class=\"has-inline-color\">Sele\u00e7\u00e3o Mineira<\/mark><\/em><\/strong><mark style=\"background-color:rgba(0, 0, 0, 0);color:#000000\" class=\"has-inline-color\"> fez bonito, e venceu a <strong><em>Sele\u00e7\u00e3o de Santa Catarina<\/em><\/strong> pelo placar de <strong><em>1 a 0<\/em><\/strong>, no Est\u00e1dio Adolfo Konder, em Florian\u00f3polis\/SC.<\/mark><\/p>\n\n\n\n<p><mark style=\"background-color:rgba(0, 0, 0, 0);color:#000000\" class=\"has-inline-color\">Com o est\u00e1dio superlotado, a <strong><em>renda<\/em><\/strong> girou em torno de <strong><em>600 mil cruzeiros<\/em><\/strong>. O <strong><em>\u00e1rbitro<\/em><\/strong> foi o carioca <em>Alberto da Gama Malcher<\/em>, da <strong><em>Federa\u00e7\u00e3o Metropolitana de Football (FMF)<\/em><\/strong>, teve um bom desempenho. <\/mark><\/p>\n\n\n\n<p><mark style=\"background-color:rgba(0, 0, 0, 0);color:#000000\" class=\"has-inline-color\">O placar s\u00f3 n\u00e3o foi maior, em virtude de duas chances de \u201c<em>ouro<\/em>\u201d desperdi\u00e7adas pelos atacantes <em>Mauro<\/em> e <em>C\u00e9lio<\/em>, principalmente o segundo, que j\u00e1 havia batido, inclusive, o <em>goleiro Gianetti<\/em> e chutou a bola pela linha de fundo.<\/mark><\/p>\n\n\n\n<p><mark style=\"background-color:rgba(0, 0, 0, 0);color:#000000\" class=\"has-inline-color\">O \u00fanico gol da partida, aconteceu aos <strong><em>4 minutos<\/em><\/strong> da fase complementar, por interm\u00e9dio de <em>Jorge Guimar\u00e3es<\/em>, aproveitando passe magnifico de <em>Mauro<\/em>. As sele\u00e7\u00f5es formaram com os seguintes atletas:<\/mark><\/p>\n\n\n\n<p><mark style=\"background-color:rgba(0, 0, 0, 0);color:#116b0a\" class=\"has-inline-color\"><strong><em>Santa Catarina \u2013<\/em><\/strong><em> Gainetti; Roberto (Marreco), Ivo e Antoninho; Zilton e Nelinho; Galego, Val\u00e9rio, Id\u00e9sio, Teixeirinha e Almerindo<\/em>.<\/mark><\/p>\n\n\n\n<p><mark style=\"background-color:rgba(0, 0, 0, 0);color:#f0031c\" class=\"has-inline-color\"><strong><em>Minas Gerais \u2013<\/em><\/strong><em> H\u00e9lio; Klebis, Djalma e Aderbal; Francinha e Faninho; Odir, Mauro, Celinho, Jorge Guimar\u00e3es e Toledinho. <strong>T\u00e9cnico:<\/strong> Soares Pais<\/em>. \u00a0\u00a0<\/mark><\/p>\n\n\n\n<h2 class=\"wp-block-heading has-text-align-center\"><strong><mark style=\"background-color:rgba(0, 0, 0, 0);color:#bc0a0a\" class=\"has-inline-color\">Ap\u00f3s estar perdendo por dois gols, Mineiros reagem e a arrancam a classifica\u00e7\u00e3o<\/mark><\/strong><\/h2>\n\n\n\n<p><mark style=\"background-color:rgba(0, 0, 0, 0);color:#000000\" class=\"has-inline-color\">O jogo de volta, aconteceu <em>na tarde de domingo, do dia 24 de janeiro de 1960<\/em>, quando ap\u00f3s estar atr\u00e1s do placar por dois a zero, o Scratch Mineiro <strong><em>empatou em 2 a 2<\/em><\/strong> com a <strong><em>Sele\u00e7\u00e3o de Santa Catarina<\/em><\/strong>, realizado no <em>Est\u00e1dio Jos\u00e9 Proc\u00f3pio Teixeira (propriedade do Sport Club), em Juiz de Fora\/MG<\/em>. <\/mark><\/p>\n\n\n\n<p><mark style=\"background-color:rgba(0, 0, 0, 0);color:#000000\" class=\"has-inline-color\">Com o resultado, os <em><strong>mineiros<\/strong><\/em> representados pelos <em>atletas juiz-foranos <\/em>conquistaram a classifica\u00e7\u00e3o para a fase seguinte do <strong><em>Campeonato Brasileiro de Sele\u00e7\u00f5es Estaduais de 1960<\/em><\/strong>. <\/mark><\/p>\n\n\n\n<p><mark style=\"background-color:rgba(0, 0, 0, 0);color:#000000\" class=\"has-inline-color\">O <strong><em>\u00e1rbitro<\/em><\/strong> foi o carioca <em>Alberto da Gama Malcher<\/em>, da <strong><em>Federa\u00e7\u00e3o Metropolitana de Football (FMF)<\/em><\/strong>, que teve excelente atua\u00e7\u00e3o. A <strong><em>Renda<\/em><\/strong> foi boa, somando <strong><em>780 mil cruzeiros<\/em><\/strong>. <\/mark><\/p>\n\n\n\n<p><mark style=\"background-color:rgba(0, 0, 0, 0);color:#000000\" class=\"has-inline-color\">Logo aos <strong><em>7 minutos<\/em><\/strong>, <em>Galego<\/em> apanhou a bola pela direita e centrou, entrando o centroavante <em>Id\u00e9zio<\/em>, para marcar gol de abertura de contagem para os <strong><em>catarinenses<\/em><\/strong>. E assim, terminou o primeiro tempo.<\/mark><\/p>\n\n\n\n<p><mark style=\"background-color:rgba(0, 0, 0, 0);color:#000000\" class=\"has-inline-color\">Na etapa final, aos <strong><em>3 minutos<\/em><\/strong>, <em>Galego<\/em> lan\u00e7ou em profundidade para <em>Almerindo<\/em>, que passou por dois marcadores e soltou uma bomba, ampliando o marcador para os <strong><em>catarinenses<\/em><\/strong>.<\/mark><\/p>\n\n\n\n<p><mark style=\"background-color:rgba(0, 0, 0, 0);color:#000000\" class=\"has-inline-color\">Quando parecia perdido, os <strong><em>Mineiros<\/em><\/strong> diminu\u00edram aos <strong><em>19 minutos<\/em><\/strong>. <em>Toledinho<\/em> recebeu pela esquerda, fugiu para a linha de fundo e deu recuado para <em>Ipojucan<\/em>, que na corrida, marcou o gol.<\/mark><\/p>\n\n\n\n<p><mark style=\"background-color:rgba(0, 0, 0, 0);color:#000000\" class=\"has-inline-color\"><strong><em>Nove minutos depois<\/em><\/strong>, veio o empate. Uma h\u00e1bil manobra do ataque mineiro, feira por <em>Celinho<\/em>, e <em>Ipojucan<\/em>, que recebeu no bico da \u00e1rea e fuzilou, sem chances para o arqueiro <strong><em>catarinense<\/em><\/strong> <em>Gianetti<\/em>.<\/mark><\/p>\n\n\n\n<p><strong><mark style=\"background-color:rgba(0, 0, 0, 0);color:#ee0000\" class=\"has-inline-color\"><em>Minas Gerais \u2013<\/em><\/mark><\/strong><em><mark style=\"background-color:rgba(0, 0, 0, 0);color:#ee0000\" class=\"has-inline-color\"> H\u00e9lio; Klebis, Djalma e Aderbal; Francinha e Faninho; Odir, Mauro (Ipojucan), Celinho, Jorge Guimar\u00e3es e Toledinho. <strong>T\u00e9cnico:<\/strong> Soares Pais<\/mark><\/em><\/p>\n\n\n\n<p><mark style=\"background-color:rgba(0, 0, 0, 0);color:#16700d\" class=\"has-inline-color\"><strong><em>Santa Catarina \u2013<\/em><\/strong><em> Gainetti; Nelinho, Ivo e Antoninho; Val\u00e9rio e Zilton; Roberto, Galego, Teixeirinha, Id\u00e9zio, e Almeirindo<\/em>.<\/mark><\/p>\n\n\n\n<p><br \/><strong><mark style=\"background-color:rgba(0, 0, 0, 0);color:#000000\" class=\"has-inline-color\"><em><u>FOTO<\/u>:<\/em><\/mark><\/strong><em><mark style=\"background-color:rgba(0, 0, 0, 0);color:#000000\" class=\"has-inline-color\"> Acervo de Jos\u00e9 Le\u00f4ncio Carvalho<\/mark><\/em><\/p>\n\n\n\n<p><strong><mark style=\"background-color:rgba(0, 0, 0, 0);color:#0b445e\" class=\"has-inline-color\"><em><u>FONTE<\/u>:<\/em><\/mark><\/strong><em><mark style=\"background-color:rgba(0, 0, 0, 0);color:#0b445e\" class=\"has-inline-color\"> Jornal dos Sports<\/mark><\/em><\/p>\n","protected":false},"excerpt":{"rendered":"<p>A foto dessa postagem cont\u00e9m uma curiosidade interessante. A Sele\u00e7\u00e3o Mineira de futebol em 1960, foi representada pelos jogadores da Sele\u00e7\u00e3o da Liga de Juiz de Fora para a disputa do Campeonato Brasileiro de Sele\u00e7\u00f5es Estaduais de Football. O Jornal dos Sports fez uma nota sobre tal fato: \u201cO Selecionado Mineiro, constitu\u00eddo dos cracks da [&hellip;]<\/p>\n","protected":false},"author":55,"featured_media":0,"comment_status":"open","ping_status":"closed","sticky":false,"template":"","format":"standard","meta":{"footnotes":""},"categories":[203,109,531,83,345,3,39,50,85],"tags":[],"class_list":["post-130099","post","type-post","status-publish","format-standard","hentry","category-sergio-mello","category-campeonatos-historicos","category-carencias","category-x9-curiosidades","category-fotos-historicas","category-historia-do-futebol","category-minas-gerais","category-santa-catarina","category-selecoes-estaduais"],"_links":{"self":[{"href":"https:\/\/historiadofutebol.com\/blog\/index.php?rest_route=\/wp\/v2\/posts\/130099","targetHints":{"allow":["GET"]}}],"collection":[{"href":"https:\/\/historiadofutebol.com\/blog\/index.php?rest_route=\/wp\/v2\/posts"}],"about":[{"href":"https:\/\/historiadofutebol.com\/blog\/index.php?rest_route=\/wp\/v2\/types\/post"}],"author":[{"embeddable":true,"href":"https:\/\/historiadofutebol.com\/blog\/index.php?rest_route=\/wp\/v2\/users\/55"}],"replies":[{"embeddable":true,"href":"https:\/\/historiadofutebol.com\/blog\/index.php?rest_route=%2Fwp%2Fv2%2Fcomments&post=130099"}],"version-history":[{"count":11,"href":"https:\/\/historiadofutebol.com\/blog\/index.php?rest_route=\/wp\/v2\/posts\/130099\/revisions"}],"predecessor-version":[{"id":130135,"href":"https:\/\/historiadofutebol.com\/blog\/index.php?rest_route=\/wp\/v2\/posts\/130099\/revisions\/130135"}],"wp:attachment":[{"href":"https:\/\/historiadofutebol.com\/blog\/index.php?rest_route=%2Fwp%2Fv2%2Fmedia&parent=130099"}],"wp:term":[{"taxonomy":"category","embeddable":true,"href":"https:\/\/historiadofutebol.com\/blog\/index.php?rest_route=%2Fwp%2Fv2%2Fcategories&post=130099"},{"taxonomy":"post_tag","embeddable":true,"href":"https:\/\/historiadofutebol.com\/blog\/index.php?rest_route=%2Fwp%2Fv2%2Ftags&post=130099"}],"curies":[{"name":"wp","href":"https:\/\/api.w.org\/{rel}","templated":true}]}}