{"id":129580,"date":"2023-04-24T22:40:39","date_gmt":"2023-04-25T01:40:39","guid":{"rendered":"https:\/\/historiadofutebol.com\/blog\/?p=129580"},"modified":"2023-04-24T22:41:16","modified_gmt":"2023-04-25T01:41:16","slug":"inedito-uniao-portuaria-sao-domingos-atual-a-s-sao-domingos-maceio-al","status":"publish","type":"post","link":"https:\/\/historiadofutebol.com\/blog\/?p=129580","title":{"rendered":"In\u00e9dito!! Uni\u00e3o Portu\u00e1ria S\u00e3o Domingos (atual A.S. S\u00e3o Domingos) &#8211; Macei\u00f3 (AL)"},"content":{"rendered":"<div class=\"wp-block-image\">\n<figure class=\"aligncenter size-large\"><img loading=\"lazy\" decoding=\"async\" width=\"500\" height=\"312\" src=\"https:\/\/historiadofutebol.com\/blog\/wp-content\/uploads\/2023\/04\/UPSD-500x312.jpg\" alt=\"\" class=\"wp-image-129581\" srcset=\"https:\/\/historiadofutebol.com\/blog\/wp-content\/uploads\/2023\/04\/UPSD-500x312.jpg 500w, https:\/\/historiadofutebol.com\/blog\/wp-content\/uploads\/2023\/04\/UPSD-300x187.jpg 300w, https:\/\/historiadofutebol.com\/blog\/wp-content\/uploads\/2023\/04\/UPSD-624x389.jpg 624w, https:\/\/historiadofutebol.com\/blog\/wp-content\/uploads\/2023\/04\/UPSD.jpg 690w\" sizes=\"auto, (max-width: 500px) 100vw, 500px\" \/><\/figure><\/div>\n\n\n<p>A <strong>Uni\u00e3o Portu\u00e1ria S\u00e3o Domingos<\/strong> foi uma agremia\u00e7\u00e3o da cidade de Macei\u00f3 (AL). O \u201c<strong><em>Tricolor da Igreja<\/em><\/strong>\u201d foi <strong><em>Fundado na ter\u00e7a-feira, do dia 1\u00ba de Setembro de 1964<\/em><\/strong>, pelo carioca&nbsp;<strong><em>Valdemar Santana<\/em><\/strong>, um militar reformado, ex-jogador do&nbsp;<strong>Bangu<\/strong>&nbsp;e do&nbsp;<strong>Vasco da Gama<\/strong>, que veio a Alagoas para trabalhar na&nbsp;<strong>Marinha<\/strong>, e depois passou a colaborar com o&nbsp;<strong><em>Orfanato S\u00e3o Domingos<\/em><\/strong>, no <strong><em>bairro Cruz das Almas, em Macei\u00f3<\/em><\/strong>. As <em>cores<\/em>, escolhidas s\u00e3o da bandeira do estado de Alagoas: <strong><em>azul, vermelho e branco<\/em><\/strong>.<\/p>\n\n\n\n<p>L\u00e1 resolveu formar uma&nbsp;<strong><em>equipe de futebol<\/em><\/strong>&nbsp;com os jovens ali internos. A proposta era p\u00f4r em atividade os internos do&nbsp;<strong><em>Lar S\u00e3o Domingos<\/em><\/strong>, que tinha um&nbsp;<strong><em>campo de futebol<\/em><\/strong>&nbsp;com dimens\u00f5es oficiais. Mas logo os jovens jogadores foram se&nbsp;<strong><em>destacando<\/em><\/strong>&nbsp;nos campeonatos juvenis e a equipe come\u00e7ou a al\u00e7ar voos maiores, at\u00e9 ser&nbsp;<strong><em>profissionalizada<\/em><\/strong>.<\/p>\n\n\n\n<p>Em <strong><em>1967<\/em><\/strong>, o clube <strong><em>conquistou<\/em><\/strong> o&nbsp;<strong><em>campeonato estadual juvenil<\/em><\/strong>&nbsp;e, em <strong><em>1970<\/em><\/strong>, passou a ser a&nbsp;<strong><em>Associa\u00e7\u00e3o Sportiva S\u00e3o Domingos<\/em><\/strong>, tendo como presidente do clube o empres\u00e1rio&nbsp;<strong><em>Miguel Spinelli<\/em><\/strong>. Disputou seu <strong><em>1\u00ba Campeonato Alagoano da 1\u00aa Divis\u00e3o, em 1970<\/em><\/strong>.<\/p>\n\n\n\n<p>No ano seguinte,&nbsp;<strong><em>Miguel Spinelli<\/em><\/strong>, empres\u00e1rio diretor da&nbsp;<strong><em>Ultrafertil<\/em><\/strong>, decidiu investir e montar uma grande equipe e trouxe jogadores experientes como&nbsp;<strong><em>Z\u00e9 Galego<\/em><\/strong><em>e Catatau<\/em>, do&nbsp;<strong><em>CSA<\/em><\/strong>;&nbsp;<strong><em>M\u00e1rio<\/em><\/strong>&nbsp;<em>e Reinaldo<\/em>, do interior paulista; <em>Major<\/em>, do&nbsp;<strong><em>Vasco da Gama<\/em><\/strong>; <em>Bab\u00e1 e Isnar<\/em>, do&nbsp;<strong><em>Am\u00e9rica do Recife<\/em><\/strong>; <em>Toninho e Z\u00e9 Leite<\/em>, do&nbsp;<strong><em>N\u00e1utico<\/em><\/strong>; <em>Giraldo e China<\/em>, do&nbsp;<strong><em>Palmeiras<\/em><\/strong>, al\u00e9m de <em>Jonas<\/em>, <em>Gabriel<\/em>,&nbsp;<strong><em>Canhoteiro<\/em><\/strong>, <em>Pires,<\/em> entre outros.<\/p>\n\n\n<div class=\"wp-block-image\">\n<figure class=\"aligncenter size-large is-resized\"><img loading=\"lazy\" decoding=\"async\" src=\"https:\/\/historiadofutebol.com\/blog\/wp-content\/uploads\/2023\/04\/Os-dois-jogadores-Gabriel-e-China-1973-353x500.jpg\" alt=\"\" class=\"wp-image-129582\" width=\"583\" height=\"826\" srcset=\"https:\/\/historiadofutebol.com\/blog\/wp-content\/uploads\/2023\/04\/Os-dois-jogadores-Gabriel-e-China-1973-353x500.jpg 353w, https:\/\/historiadofutebol.com\/blog\/wp-content\/uploads\/2023\/04\/Os-dois-jogadores-Gabriel-e-China-1973-212x300.jpg 212w, https:\/\/historiadofutebol.com\/blog\/wp-content\/uploads\/2023\/04\/Os-dois-jogadores-Gabriel-e-China-1973-768x1088.jpg 768w, https:\/\/historiadofutebol.com\/blog\/wp-content\/uploads\/2023\/04\/Os-dois-jogadores-Gabriel-e-China-1973-624x884.jpg 624w, https:\/\/historiadofutebol.com\/blog\/wp-content\/uploads\/2023\/04\/Os-dois-jogadores-Gabriel-e-China-1973.jpg 834w\" sizes=\"auto, (max-width: 583px) 100vw, 583px\" \/><\/figure><\/div>\n\n\n<p class=\"has-text-align-center\"><em>O arisco atacante Gabriel (\u00e0 esquerda); o mascote Sebasti\u00e3o Marinho Muniz Falc\u00e3o, o \u201cMunizinho\u201d, e o maestro do S\u00e3o Domingos dos tempos \u00e1ureos, China\u00a0<\/em><\/p>\n\n\n\n<p>Teve como <strong><em>t\u00e9cnico<\/em><\/strong>\u00a0<strong><em>\u00c9rik Ten\u00f3rio<\/em><\/strong>, ex-jogador do <strong><em>CSA<\/em><\/strong> e estudante de Economia. Passaram ainda pelo comando t\u00e9cnico do time\u00a0<strong><em>H\u00e9lio Miranda<\/em><\/strong>\u00a0e\u00a0<strong><em>T\u00f4ni Almeida<\/em><\/strong>. Esse time conseguiu chegar \u00e0\u00a0<strong>fase final<\/strong>\u00a0do <strong><em>Campeonato Alagoano de 1971<\/em><\/strong>.<\/p>\n\n\n\n<p>Ap\u00f3s a sa\u00edda de\u00a0<strong><em>Miguel Spinelli<\/em><\/strong>\u00a0para ser diretor do\u00a0<strong><em>CRB<\/em><\/strong>, o clube foi administrado por muitos anos pelo\u00a0<strong><em>coronel Paulo Casado<\/em><\/strong>, tendo mudado sua sede para<strong>\u00a0<em>Vi\u00e7osa<\/em><\/strong>\u00a0por pouco tempo.<\/p>\n\n\n<div class=\"wp-block-image\">\n<figure class=\"aligncenter size-large\"><img loading=\"lazy\" decoding=\"async\" width=\"500\" height=\"315\" src=\"https:\/\/historiadofutebol.com\/blog\/wp-content\/uploads\/2023\/04\/ASSD-500x315.jpg\" alt=\"\" class=\"wp-image-129583\" srcset=\"https:\/\/historiadofutebol.com\/blog\/wp-content\/uploads\/2023\/04\/ASSD-500x315.jpg 500w, https:\/\/historiadofutebol.com\/blog\/wp-content\/uploads\/2023\/04\/ASSD-300x189.jpg 300w, https:\/\/historiadofutebol.com\/blog\/wp-content\/uploads\/2023\/04\/ASSD-624x393.jpg 624w, https:\/\/historiadofutebol.com\/blog\/wp-content\/uploads\/2023\/04\/ASSD.jpg 664w\" sizes=\"auto, (max-width: 500px) 100vw, 500px\" \/><\/figure><\/div>\n\n\n<p>A partir de <strong><em>1982<\/em><\/strong> o <em>advogado<\/em>&nbsp;<strong><em>Cordeiro Lima<\/em><\/strong>&nbsp;assumiu a dire\u00e7\u00e3o do&nbsp;<strong><em>S\u00e3o Domingos<\/em><\/strong>&nbsp;e estabeleceu sua <strong><em>sede<\/em><\/strong> em <strong><em>Murici (Rua da Linha, s\/n, no Centro)<\/em><\/strong>, contando com a ajuda do&nbsp;<strong><em>Major Olavo Calheiros<\/em><\/strong>. Foi esse apoio que levou o time a ser o&nbsp;<strong><em>vice-campe\u00e3o<\/em><\/strong><strong><em>&nbsp;Alagoano de 1988<\/em><\/strong>, ap\u00f3s derrotado na final pelo <strong><em>CSA<\/em><\/strong> por <strong><em>2 a 1<\/em><\/strong> no <em>Est\u00e1dio Rei Pel\u00e9<\/em>.<\/p>\n\n\n\n<p>Com a morte do <em>Major Olavo Calheiros<\/em>, o&nbsp;<strong><em>Doming\u00e3o<\/em><\/strong>&nbsp;voltou a ter <strong><em>sede<\/em><\/strong> em <strong><em>Macei\u00f3<\/em><\/strong> e, atualmente, tem endere\u00e7o no&nbsp;<strong>Povoado de Massagueira <\/strong><strong><em>(<\/em><\/strong><strong><em>Loteamento Bosque da Massagueira, no bairro de Massagueira<\/em><\/strong><strong><em>)<\/em><\/strong>, munic\u00edpio de&nbsp;<strong>Marechal Deodoro<\/strong>, na grande Macei\u00f3.<\/p>\n\n\n<div class=\"wp-block-image\">\n<figure class=\"aligncenter size-large is-resized\"><img loading=\"lazy\" decoding=\"async\" src=\"https:\/\/historiadofutebol.com\/blog\/wp-content\/uploads\/2023\/04\/time-sao-domingos-500x310.jpg\" alt=\"\" class=\"wp-image-129584\" width=\"654\" height=\"405\" srcset=\"https:\/\/historiadofutebol.com\/blog\/wp-content\/uploads\/2023\/04\/time-sao-domingos-500x310.jpg 500w, https:\/\/historiadofutebol.com\/blog\/wp-content\/uploads\/2023\/04\/time-sao-domingos-300x186.jpg 300w, https:\/\/historiadofutebol.com\/blog\/wp-content\/uploads\/2023\/04\/time-sao-domingos-768x475.jpg 768w, https:\/\/historiadofutebol.com\/blog\/wp-content\/uploads\/2023\/04\/time-sao-domingos-624x386.jpg 624w, https:\/\/historiadofutebol.com\/blog\/wp-content\/uploads\/2023\/04\/time-sao-domingos.jpg 840w\" sizes=\"auto, (max-width: 654px) 100vw, 654px\" \/><\/figure><\/div>\n\n\n<p class=\"has-text-align-center\"><em>Time do S\u00e3o Domingos em 1971. Em p\u00e9: Isnar; Catatau, Major, Dod\u00f4, Z\u00e9 Leite e Cl\u00f3vis; agachados: Giraldo, China, Reinaldo, M\u00e1rio e Canhoteiro<\/em><\/p>\n\n\n\n<p>Em <strong><em>1999<\/em><\/strong>, se sagrou <strong><em>Campe\u00e3o<\/em><\/strong> do <strong><em>Campeonato Alagoano da 2\u00aa Divis\u00e3o<\/em><\/strong>. A <strong><em>Associa\u00e7\u00e3o Sportiva S\u00e3o Domingos<\/em><\/strong> \u00e9 tamb\u00e9m conhecida pela competitividade nas competi\u00e7\u00f5es de base. De acordo com dados do clube, o <strong><em>tricolor<\/em><\/strong> foi <strong><em>vice-campe\u00e3o juvenil do Nordeste<\/em><\/strong> <strong><em>e vice-campe\u00e3o infantil do Sesi<\/em><\/strong> em <strong><em>2002<\/em><\/strong> e <strong><em>vice-campe\u00e3o alagoano Sub-17<\/em><\/strong> em <strong><em>2007<\/em><\/strong>.<\/p>\n\n\n\n<p><strong><em><u>Desenhos<\/u>:<\/em><\/strong><em> S\u00e9rgio Mello<\/em><\/p>\n\n\n\n<p><strong><em><u>Colaborou<\/u>:<\/em><\/strong><em> Gerson Rodrigues<\/em><\/p>\n\n\n\n<p><strong><em><u>FOTOS<\/u><\/em><\/strong><strong><em>:<\/em><\/strong><em> Tribuna Hoje<\/em><em><\/em><\/p>\n\n\n\n<p><strong><em><u>FONTES<\/u><\/em><\/strong><strong><em>:<\/em><\/strong><em> Wikip\u00e9dia &#8211; Hist\u00f3ria de Alagoas \u2013 Tribuna Hoje<\/em><em><\/em><\/p>\n","protected":false},"excerpt":{"rendered":"<p>A Uni\u00e3o Portu\u00e1ria S\u00e3o Domingos foi uma agremia\u00e7\u00e3o da cidade de Macei\u00f3 (AL). O \u201cTricolor da Igreja\u201d foi Fundado na ter\u00e7a-feira, do dia 1\u00ba de Setembro de 1964, pelo carioca&nbsp;Valdemar Santana, um militar reformado, ex-jogador do&nbsp;Bangu&nbsp;e do&nbsp;Vasco da Gama, que veio a Alagoas para trabalhar na&nbsp;Marinha, e depois passou a colaborar com o&nbsp;Orfanato S\u00e3o Domingos, [&hellip;]<\/p>\n","protected":false},"author":55,"featured_media":0,"comment_status":"open","ping_status":"closed","sticky":false,"template":"","format":"standard","meta":{"footnotes":""},"categories":[203,31,531,83,59,345,3],"tags":[],"class_list":["post-129580","post","type-post","status-publish","format-standard","hentry","category-sergio-mello","category-alagoas","category-carencias","category-x9-curiosidades","category-escudos","category-fotos-historicas","category-historia-do-futebol"],"_links":{"self":[{"href":"https:\/\/historiadofutebol.com\/blog\/index.php?rest_route=\/wp\/v2\/posts\/129580","targetHints":{"allow":["GET"]}}],"collection":[{"href":"https:\/\/historiadofutebol.com\/blog\/index.php?rest_route=\/wp\/v2\/posts"}],"about":[{"href":"https:\/\/historiadofutebol.com\/blog\/index.php?rest_route=\/wp\/v2\/types\/post"}],"author":[{"embeddable":true,"href":"https:\/\/historiadofutebol.com\/blog\/index.php?rest_route=\/wp\/v2\/users\/55"}],"replies":[{"embeddable":true,"href":"https:\/\/historiadofutebol.com\/blog\/index.php?rest_route=%2Fwp%2Fv2%2Fcomments&post=129580"}],"version-history":[{"count":2,"href":"https:\/\/historiadofutebol.com\/blog\/index.php?rest_route=\/wp\/v2\/posts\/129580\/revisions"}],"predecessor-version":[{"id":129586,"href":"https:\/\/historiadofutebol.com\/blog\/index.php?rest_route=\/wp\/v2\/posts\/129580\/revisions\/129586"}],"wp:attachment":[{"href":"https:\/\/historiadofutebol.com\/blog\/index.php?rest_route=%2Fwp%2Fv2%2Fmedia&parent=129580"}],"wp:term":[{"taxonomy":"category","embeddable":true,"href":"https:\/\/historiadofutebol.com\/blog\/index.php?rest_route=%2Fwp%2Fv2%2Fcategories&post=129580"},{"taxonomy":"post_tag","embeddable":true,"href":"https:\/\/historiadofutebol.com\/blog\/index.php?rest_route=%2Fwp%2Fv2%2Ftags&post=129580"}],"curies":[{"name":"wp","href":"https:\/\/api.w.org\/{rel}","templated":true}]}}