{"id":129541,"date":"2023-04-15T01:18:53","date_gmt":"2023-04-15T04:18:53","guid":{"rendered":"https:\/\/historiadofutebol.com\/blog\/?p=129541"},"modified":"2023-04-15T01:18:56","modified_gmt":"2023-04-15T04:18:56","slug":"campeonato-riobonitense-rj-da-1a-divisao-de-1958-proletario-a-c-fatura-titulo-inedito","status":"publish","type":"post","link":"https:\/\/historiadofutebol.com\/blog\/?p=129541","title":{"rendered":"Campeonato Riobonitense (RJ) da 1\u00aa Divis\u00e3o de 1958: Prolet\u00e1rio A.C. fatura t\u00edtulo in\u00e9dito!!"},"content":{"rendered":"<div class=\"wp-block-image\">\n<figure class=\"aligncenter size-large\"><img loading=\"lazy\" decoding=\"async\" width=\"500\" height=\"315\" src=\"https:\/\/historiadofutebol.com\/blog\/wp-content\/uploads\/2023\/04\/Sem-titulo-4-500x315.jpg\" alt=\"\" class=\"wp-image-129543\" srcset=\"https:\/\/historiadofutebol.com\/blog\/wp-content\/uploads\/2023\/04\/Sem-titulo-4-500x315.jpg 500w, https:\/\/historiadofutebol.com\/blog\/wp-content\/uploads\/2023\/04\/Sem-titulo-4-300x189.jpg 300w, https:\/\/historiadofutebol.com\/blog\/wp-content\/uploads\/2023\/04\/Sem-titulo-4-624x394.jpg 624w, https:\/\/historiadofutebol.com\/blog\/wp-content\/uploads\/2023\/04\/Sem-titulo-4.jpg 696w\" sizes=\"auto, (max-width: 500px) 100vw, 500px\" \/><\/figure><\/div>\n\n\n<p><mark style=\"background-color:rgba(0, 0, 0, 0);color:#000000\" class=\"has-inline-color\">O <strong><em>Campeonato Citadino de Rio Bonito de 1958<\/em><\/strong>, contou com a presen\u00e7a de <strong>seis equipes<\/strong>: <strong><em>Associa\u00e7\u00e3o Banc\u00e1ria de Desportos<\/em><\/strong>; <strong><em>Castelo Futebol Clube<\/em><\/strong>; <strong><em>Cruzeiro Futebol Clube<\/em><\/strong>; <strong><em>Esperan\u00e7a Futebol Clube<\/em><\/strong>; <strong><em>Motorista Futebol Clube<\/em><\/strong> e<\/mark><mark style=\"background-color:rgba(0, 0, 0, 0)\" class=\"has-inline-color has-blue-color\"> <strong><em>Prolet\u00e1rio Atl\u00e9tico Clube (atual Rio Bonito Atl\u00e9tico Clube)<\/em><\/strong>.<\/mark><\/p>\n\n\n\n<p><mark style=\"background-color:rgba(0, 0, 0, 0);color:#000000\" class=\"has-inline-color\">No final, melhor para o<\/mark><mark style=\"background-color:rgba(0, 0, 0, 0)\" class=\"has-inline-color has-blue-color\"> <strong><em>Prolet\u00e1rio Atl\u00e9tico Clube<\/em><\/strong><\/mark><mark style=\"background-color:rgba(0, 0, 0, 0);color:#000000\" class=\"has-inline-color\"><strong><em> <\/em><\/strong>que faturou \u201c<em>barba e cabelo<\/em>\u201d, nos <strong><em>Campeonatos da Categoria Principal e Aspirantes<\/em><\/strong>, acabando com a sequ\u00eancia de cinco t\u00edtulos do <strong><em>Motorista<\/em><\/strong>.<\/mark><\/p>\n\n\n\n<p><mark style=\"background-color:rgba(0, 0, 0, 0);color:#000000\" class=\"has-inline-color\">Um fato ocorrido, dias antes da estreia no <strong><em>Campeonato Municipal<\/em><\/strong>, foi o falecimento do <\/mark><mark style=\"background-color:rgba(0, 0, 0, 0)\" class=\"has-inline-color has-blue-color\"><strong><em>presidente<\/em><\/strong> do <strong><em>Prolet\u00e1rio<\/em><\/strong>, <em>Jos\u00e9 Alves Ventura<\/em>. <\/mark><mark style=\"background-color:rgba(0, 0, 0, 0);color:#000000\" class=\"has-inline-color\">O dirigente sofreu um acidente de carro e ficou em estado grave e acabou n\u00e3o resistindo.\u00a0<\/mark><\/p>\n\n\n\n<p><mark style=\"background-color:rgba(0, 0, 0, 0);color:#000000\" class=\"has-inline-color\">Os jogadores prometeram levantar a ta\u00e7a em homenagem ao dirigente. Dito e feito! O <\/mark><mark style=\"background-color:rgba(0, 0, 0, 0)\" class=\"has-inline-color has-blue-color\"><strong><em>Prolet\u00e1rio<\/em><\/strong> <\/mark><mark style=\"background-color:rgba(0, 0, 0, 0);color:#000000\" class=\"has-inline-color\">quebrou o <em>tabu<\/em> na competi\u00e7\u00e3o, pois desde a sua cria\u00e7\u00e3o <strong><em>(1953)<\/em><\/strong>, s\u00f3 o <strong><em>Motorista<\/em><\/strong> tinha se sagrado <strong><em>campe\u00e3o<\/em><\/strong> <strong><em>(1953, 1954, 1955, 1956 e 1957)<\/em><\/strong>, faturando um t\u00edtulo in\u00e9dito! Abaixo, os resultados da competi\u00e7\u00e3o, artilharia e outros dados extras.<\/mark><\/p>\n\n\n\n<p><mark style=\"background-color:rgba(0, 0, 0, 0);color:#000000\" class=\"has-inline-color\">O jogo da entrega das faixas, <em>no domingo, do dia 28 de setembro de 1958<\/em>, entre o <\/mark><mark style=\"background-color:rgba(0, 0, 0, 0)\" class=\"has-inline-color has-blue-color\"><strong><em>Prolet\u00e1rio Atl\u00e9tico Clube<\/em><\/strong> <\/mark><mark style=\"background-color:rgba(0, 0, 0, 0);color:#000000\" class=\"has-inline-color\">e a <strong><em>Sele\u00e7\u00e3o de Rio Bonito<\/em><\/strong>. Num jogo de sete gols, o <strong><em>selecionado Riobonitense<\/em><\/strong> venceu pelo placar de <strong><em>4 a 3<\/em><\/strong>.<\/mark><\/p>\n\n\n<div class=\"wp-block-image\">\n<figure class=\"aligncenter size-large is-resized\"><img loading=\"lazy\" decoding=\"async\" src=\"https:\/\/historiadofutebol.com\/blog\/wp-content\/uploads\/2023\/04\/Sem-titulo1-500x384.jpg\" alt=\"\" class=\"wp-image-129544\" width=\"657\" height=\"505\" srcset=\"https:\/\/historiadofutebol.com\/blog\/wp-content\/uploads\/2023\/04\/Sem-titulo1-500x384.jpg 500w, https:\/\/historiadofutebol.com\/blog\/wp-content\/uploads\/2023\/04\/Sem-titulo1-300x231.jpg 300w, https:\/\/historiadofutebol.com\/blog\/wp-content\/uploads\/2023\/04\/Sem-titulo1-768x590.jpg 768w, https:\/\/historiadofutebol.com\/blog\/wp-content\/uploads\/2023\/04\/Sem-titulo1-624x480.jpg 624w, https:\/\/historiadofutebol.com\/blog\/wp-content\/uploads\/2023\/04\/Sem-titulo1.jpg 982w\" sizes=\"auto, (max-width: 657px) 100vw, 657px\" \/><figcaption class=\"wp-element-caption\"><mark style=\"background-color:rgba(0, 0, 0, 0);color:#135371\" class=\"has-inline-color\">O <em><strong>1\u00ba em p\u00e9<\/strong><\/em> <em>(esquerda para a direita)<\/em> \u00e9 o <strong><em>presidente<\/em><\/strong> do <strong><em>Prolet\u00e1rio<\/em><\/strong>, <em>Jos\u00e9 Alves Ventura<\/em>, que faleceu dias antes do in\u00edcio do <em><strong>Campeonato de 1958<\/strong><\/em> <\/mark><\/figcaption><\/figure><\/div>\n\n\n<h2 class=\"has-text-align-center wp-block-heading\"><strong><mark style=\"background-color:rgba(0, 0, 0, 0)\" class=\"has-inline-color has-blue-color\">PRIMEIRO TURNO<\/mark><\/strong><\/h2>\n\n\n\n<p><strong>1\u00aa rodada (domingo, 23 de mar\u00e7o de 1958)<\/strong><strong><\/strong><\/p>\n\n\n\n<figure class=\"wp-block-table is-style-stripes\"><table><tbody><tr><td>Cruzeiro<strong><\/strong><\/td><td>4<\/td><td>X<\/td><td>1<\/td><td>Castelo<strong><\/strong><\/td><td><strong>\u00c1rbitro:<\/strong> Valter P\u00f4rto<strong><\/strong><\/td><\/tr><tr><td>Associa\u00e7\u00e3o Banc\u00e1ria<\/td><td>4<\/td><td>X<\/td><td>1<\/td><td>Esperan\u00e7a<\/td><td><strong>\u00c1rbitro:<\/strong> Ademar Pacheco<strong><\/strong><\/td><\/tr><\/tbody><\/table><\/figure>\n\n\n\n<p><strong>2\u00aa rodada (domingo, 30 de mar\u00e7o de 1958)<\/strong><strong><\/strong><\/p>\n\n\n\n<figure class=\"wp-block-table is-style-stripes\"><table><tbody><tr><td>Motorista<strong><\/strong><\/td><td>2<\/td><td>X<\/td><td>2<\/td><td>Associa\u00e7\u00e3o Banc\u00e1ria<strong><\/strong><\/td><td><strong>\u00c1rbitro:<\/strong> n\u00e3o citado<strong><\/strong><\/td><\/tr><tr><td>Prolet\u00e1rio<\/td><td>6<\/td><td>X<\/td><td>0<\/td><td>Esperan\u00e7a<\/td><td><strong>\u00c1rbitro:<\/strong> n\u00e3o citado<strong><\/strong><\/td><\/tr><\/tbody><\/table><\/figure>\n\n\n\n<p><strong>3\u00aa rodada (domingo, 06 de abril de 1958)<\/strong><strong><\/strong><\/p>\n\n\n\n<figure class=\"wp-block-table is-style-stripes\"><table><tbody><tr><td>Cruzeiro<strong><\/strong><\/td><td>1<\/td><td>X<\/td><td>2<\/td><td>Prolet\u00e1rio<strong><\/strong><\/td><td><strong>\u00c1rbitro:<\/strong> Ademar Pacheco<strong><\/strong><\/td><\/tr><tr><td>Castelo<\/td><td>1<\/td><td>X<\/td><td>1<\/td><td>Motorista<\/td><td><strong>\u00c1rbitro:<\/strong> Jos\u00e9 Carlos, o \u201c<em>Zezeca<\/em>\u201d<strong><\/strong><\/td><\/tr><\/tbody><\/table><\/figure>\n\n\n\n<p><strong>4\u00aa rodada (domingo, 13 de abril de 1958)<\/strong><strong><\/strong><\/p>\n\n\n\n<figure class=\"wp-block-table is-style-stripes\"><table><tbody><tr><td>Prolet\u00e1rio<strong><\/strong><\/td><td>5<\/td><td>X<\/td><td>0<\/td><td>Associa\u00e7\u00e3o Banc\u00e1ria<strong><\/strong><\/td><td><strong>\u00c1rbitro:<\/strong> n\u00e3o citado<strong><\/strong><\/td><\/tr><tr><td>Cruzeiro<\/td><td>2<\/td><td>X<\/td><td>3<\/td><td>Esperan\u00e7a<\/td><td><strong>\u00c1rbitro:<\/strong> n\u00e3o citado<strong><\/strong><\/td><\/tr><\/tbody><\/table><\/figure>\n\n\n\n<p><strong>5\u00aa rodada (domingo, 20 de abril de 1958)<\/strong><strong><\/strong><\/p>\n\n\n\n<figure class=\"wp-block-table is-style-stripes\"><table><tbody><tr><td>Associa\u00e7\u00e3o Banc\u00e1ria<strong><\/strong><\/td><td>4<\/td><td>X<\/td><td>4<\/td><td>Cruzeiro<strong><\/strong><\/td><td><strong>\u00c1rbitro:<\/strong> Riri Coraci Muniz<strong><\/strong><\/td><\/tr><tr><td>Castelo<\/td><td>2<\/td><td>X<\/td><td>2<\/td><td>Esperan\u00e7a<\/td><td><strong>\u00c1rbitro:<\/strong> n\u00e3o citado<strong><\/strong><\/td><\/tr><\/tbody><\/table><\/figure>\n\n\n\n<p><strong>6\u00aa rodada (domingo, 27 de abril de 1958)<\/strong><strong><\/strong><\/p>\n\n\n\n<figure class=\"wp-block-table is-style-stripes\"><table><tbody><tr><td>Motorista<strong><\/strong><\/td><td>5<\/td><td>X<\/td><td>2<\/td><td>Esperan\u00e7a<strong><\/strong><\/td><td><strong>\u00c1rbitro:<\/strong> n\u00e3o citado<strong><\/strong><\/td><\/tr><tr><td>Castelo<\/td><td>1<\/td><td>X<\/td><td>3<\/td><td>Associa\u00e7\u00e3o Banc\u00e1ria<\/td><td><strong>\u00c1rbitro:<\/strong> n\u00e3o citado<strong><\/strong><\/td><\/tr><\/tbody><\/table><\/figure>\n\n\n\n<p><strong>7\u00aa rodada (domingo, 04 de maio de 1958)<\/strong><strong><\/strong><\/p>\n\n\n\n<figure class=\"wp-block-table is-style-stripes\"><table><tbody><tr><td>Cruzeiro<strong><\/strong><\/td><td>2<\/td><td>X<\/td><td>2<\/td><td>Motorista<strong><\/strong><\/td><td><strong>\u00c1rbitro:<\/strong> n\u00e3o citado<strong><\/strong><\/td><\/tr><tr><td>Prolet\u00e1rio<\/td><td>2<\/td><td>X<\/td><td>1<\/td><td>Castelo<\/td><td><strong>\u00c1rbitro:<\/strong> n\u00e3o citado<strong><\/strong><\/td><\/tr><\/tbody><\/table><\/figure>\n\n\n\n<p><strong>8\u00aa rodada (domingo, 11 de maio de 1958)<\/strong><strong><\/strong><\/p>\n\n\n\n<figure class=\"wp-block-table is-style-stripes\"><table><tbody><tr><td>Motorista<strong><\/strong><\/td><td>2<\/td><td>X<\/td><td>1<\/td><td>Prolet\u00e1rio<strong><\/strong><\/td><td><strong>\u00c1rbitro:<\/strong> Riri Muniz<strong><\/strong><\/td><\/tr><\/tbody><\/table><\/figure>\n\n\n\n<h2 class=\"has-text-align-center wp-block-heading\"><strong><mark style=\"background-color:rgba(0, 0, 0, 0)\" class=\"has-inline-color has-blue-color\">CLASSIFICA\u00c7\u00c3O FINAL DO 1\u00ba TURNO<\/mark><\/strong><\/h2>\n\n\n\n<figure class=\"wp-block-table is-style-stripes\"><table><tbody><tr><td><strong>N\u00ba<\/strong><strong><\/strong><\/td><td><strong>CLUBES<\/strong><strong><\/strong><\/td><td><strong>PG<\/strong><strong><\/strong><\/td><td><strong>J<\/strong><strong><\/strong><\/td><td><strong>V<\/strong><strong><\/strong><\/td><td><strong>E<\/strong><strong><\/strong><\/td><td><strong>D<\/strong><strong><\/strong><\/td><td><strong>GP<\/strong><strong><\/strong><\/td><td><strong>GC<\/strong><strong><\/strong><\/td><td><strong>SG<\/strong><strong><\/strong><\/td><\/tr><tr><td>1\u00ba<\/td><td>Prolet\u00e1rio<\/td><td>8<\/td><td>5<\/td><td>4<\/td><td>&#8211;<\/td><td>1<\/td><td>16<\/td><td>4<\/td><td>12<\/td><\/tr><tr><td>2\u00ba<\/td><td>Motorista<\/td><td>7<\/td><td>5<\/td><td>2<\/td><td>3<\/td><td>&#8211;<\/td><td>12<\/td><td>8<\/td><td>4<\/td><\/tr><tr><td>3\u00ba<\/td><td>Banc\u00e1ria<\/td><td>6<\/td><td>5<\/td><td>2<\/td><td>2<\/td><td>1<\/td><td>13<\/td><td>13<\/td><td>0<\/td><\/tr><tr><td>4\u00ba<\/td><td>Cruzeiro<\/td><td>4<\/td><td>5<\/td><td>1<\/td><td>2<\/td><td>2<\/td><td>13<\/td><td>12<\/td><td>1<\/td><\/tr><tr><td>5\u00ba<\/td><td>Esperan\u00e7a<\/td><td>3<\/td><td>5<\/td><td>1<\/td><td>1<\/td><td>3<\/td><td>6<\/td><td>14<\/td><td>-9<\/td><\/tr><tr><td>6\u00ba<\/td><td>Castelo<\/td><td>2<\/td><td>5<\/td><td>&#8211;<\/td><td>2<\/td><td>3<\/td><td>8<\/td><td>17<\/td><td>-9<\/td><\/tr><\/tbody><\/table><\/figure>\n\n\n\n<h2 class=\"has-text-align-center wp-block-heading\"><a><\/a><a><strong>SEGUNDO TURNO<\/strong><\/a><strong><\/strong><\/h2>\n\n\n<div class=\"wp-block-image\">\n<figure class=\"aligncenter size-large is-resized\"><img loading=\"lazy\" decoding=\"async\" src=\"https:\/\/historiadofutebol.com\/blog\/wp-content\/uploads\/2023\/04\/Sem-titulo12-500x348.jpg\" alt=\"\" class=\"wp-image-129545\" width=\"662\" height=\"461\" srcset=\"https:\/\/historiadofutebol.com\/blog\/wp-content\/uploads\/2023\/04\/Sem-titulo12-500x348.jpg 500w, https:\/\/historiadofutebol.com\/blog\/wp-content\/uploads\/2023\/04\/Sem-titulo12-300x209.jpg 300w, https:\/\/historiadofutebol.com\/blog\/wp-content\/uploads\/2023\/04\/Sem-titulo12-768x534.jpg 768w, https:\/\/historiadofutebol.com\/blog\/wp-content\/uploads\/2023\/04\/Sem-titulo12-624x434.jpg 624w, https:\/\/historiadofutebol.com\/blog\/wp-content\/uploads\/2023\/04\/Sem-titulo12.jpg 989w\" sizes=\"auto, (max-width: 662px) 100vw, 662px\" \/><figcaption class=\"wp-element-caption\"><em><strong><mark style=\"background-color:rgba(0, 0, 0, 0);color:#ea0303\" class=\"has-inline-color\">Foto posada do Motorista F.C. Vice-campe\u00e3o Citadino de 1958<\/mark><\/strong><\/em><\/figcaption><\/figure><\/div>\n\n\n<p><strong>1\u00aa rodada (domingo, 25 de maio de 1958)<\/strong><strong><\/strong><\/p>\n\n\n\n<figure class=\"wp-block-table is-style-stripes\"><table><tbody><tr><td>Castelo<strong><\/strong><\/td><td>5<\/td><td>X<\/td><td>1<\/td><td>Cruzeiro<strong><\/strong><\/td><td><strong>\u00c1rbitro:<\/strong> n\u00e3o citado<strong><\/strong><\/td><\/tr><tr><td>Esperan\u00e7a<\/td><td>1<\/td><td>X<\/td><td>4<\/td><td>Associa\u00e7\u00e3o Banc\u00e1ria<\/td><td><strong>\u00c1rbitro:<\/strong> n\u00e3o citado<strong><\/strong><\/td><\/tr><\/tbody><\/table><\/figure>\n\n\n\n<p><strong>2\u00aa rodada (domingo, 1\u00ba de junho de 1958)<\/strong><strong><\/strong><\/p>\n\n\n\n<figure class=\"wp-block-table is-style-stripes\"><table><tbody><tr><td>Associa\u00e7\u00e3o Banc\u00e1ria<strong><\/strong><\/td><td>1<\/td><td>X<\/td><td>5<\/td><td>Motorista<strong><\/strong><\/td><td><strong>\u00c1rbitro:<\/strong> n\u00e3o citado<strong><\/strong><\/td><\/tr><tr><td>Esperan\u00e7a<\/td><td>1<\/td><td>X<\/td><td>2<\/td><td>Prolet\u00e1rio<\/td><td><strong>\u00c1rbitro:<\/strong> n\u00e3o citado<strong><\/strong><\/td><\/tr><\/tbody><\/table><\/figure>\n\n\n\n<p><strong>3\u00aa rodada (domingo, 08 de junho de 1958)<\/strong><strong><\/strong><\/p>\n\n\n\n<figure class=\"wp-block-table is-style-stripes\"><table><tbody><tr><td>Prolet\u00e1rio<strong><\/strong><\/td><td>2<\/td><td>X<\/td><td>1<\/td><td>Cruzeiro<strong><\/strong><\/td><td><strong>\u00c1rbitro:<\/strong> n\u00e3o citado<strong><\/strong><\/td><\/tr><tr><td>Motorista<\/td><td>1<\/td><td>X<\/td><td>4<\/td><td>Castelo<\/td><td><strong>\u00c1rbitro:<\/strong> n\u00e3o citado<strong><\/strong><\/td><\/tr><\/tbody><\/table><\/figure>\n\n\n\n<p><strong>4\u00aa rodada (domingo, 15 de junho de 1958)<\/strong><strong><\/strong><\/p>\n\n\n\n<figure class=\"wp-block-table is-style-stripes\"><table><tbody><tr><td>Associa\u00e7\u00e3o Banc\u00e1ria<strong><\/strong><\/td><td>0<\/td><td>X<\/td><td>1<\/td><td>Prolet\u00e1rio<strong><\/strong><\/td><td><strong>\u00c1rbitro:<\/strong> n\u00e3o citado<strong><\/strong><\/td><\/tr><tr><td>Esperan\u00e7a<\/td><td>5<\/td><td>X<\/td><td>6<\/td><td>Cruzeiro<\/td><td><strong>\u00c1rbitro:<\/strong> n\u00e3o citado<strong><\/strong><\/td><\/tr><\/tbody><\/table><\/figure>\n\n\n\n<p><strong>5\u00aa rodada (domingo, 22 de junho de 1958)<\/strong><strong><\/strong><\/p>\n\n\n\n<figure class=\"wp-block-table is-style-stripes\"><table><tbody><tr><td>Cruzeiro<strong><\/strong><\/td><td>1<\/td><td>X<\/td><td>2<\/td><td>Associa\u00e7\u00e3o Banc\u00e1ria<strong><\/strong><\/td><td><strong>\u00c1rbitro:<\/strong> n\u00e3o citado<strong><\/strong><\/td><\/tr><tr><td>Esperan\u00e7a<\/td><td>1<\/td><td>X<\/td><td>5<\/td><td>Castelo<\/td><td><strong>\u00c1rbitro:<\/strong> n\u00e3o citado<strong><\/strong><\/td><\/tr><\/tbody><\/table><\/figure>\n\n\n\n<p><strong>6\u00aa rodada (domingo, 29 de junho de 1958)<\/strong><strong><\/strong><\/p>\n\n\n\n<figure class=\"wp-block-table is-style-stripes\"><table><tbody><tr><td>Esperan\u00e7a<strong><\/strong><\/td><td>0<\/td><td>X<\/td><td>2<\/td><td>Motorista<strong><\/strong><\/td><td><strong>\u00c1rbitro:<\/strong> n\u00e3o citado<strong><\/strong><\/td><\/tr><tr><td>Associa\u00e7\u00e3o Banc\u00e1ria<\/td><td>4<\/td><td>X<\/td><td>3<\/td><td>Castelo<\/td><td><strong>\u00c1rbitro:<\/strong> n\u00e3o citado<strong><\/strong><\/td><\/tr><\/tbody><\/table><\/figure>\n\n\n\n<p><strong>7\u00aa rodada (domingo, 06 de julho de 1958)<\/strong><strong><\/strong><\/p>\n\n\n\n<figure class=\"wp-block-table is-style-stripes\"><table><tbody><tr><td>Motorista<strong><\/strong><\/td><td>3<\/td><td>X<\/td><td>2<\/td><td>Cruzeiro<strong><\/strong><\/td><td><strong>\u00c1rbitro:<\/strong> n\u00e3o citado<strong><\/strong><\/td><\/tr><tr><td>Castelo<\/td><td>2<\/td><td>X<\/td><td>4<\/td><td>Prolet\u00e1rio<\/td><td><strong>\u00c1rbitro:<\/strong> n\u00e3o citado<strong><\/strong><\/td><\/tr><\/tbody><\/table><\/figure>\n\n\n\n<p><strong>8\u00aa rodada (domingo, 13 de julho de 1958)<\/strong><strong><\/strong><\/p>\n\n\n\n<figure class=\"wp-block-table is-style-stripes\"><table><tbody><tr><td>Prolet\u00e1rio<strong><\/strong><\/td><td>2<\/td><td>X<\/td><td>0<\/td><td>Motorista<strong><\/strong><\/td><td><strong>\u00c1rbitro:<\/strong> n\u00e3o citado<strong><\/strong><\/td><\/tr><\/tbody><\/table><\/figure>\n\n\n\n<h2 class=\"has-text-align-center wp-block-heading\"><strong><mark style=\"background-color:rgba(0, 0, 0, 0)\" class=\"has-inline-color has-blue-color\">CLASSIFICA\u00c7\u00c3O FINAL DO 2\u00ba TURNO<\/mark><\/strong><\/h2>\n\n\n\n<figure class=\"wp-block-table is-style-stripes\"><table><tbody><tr><td><strong>N\u00ba<\/strong><strong><\/strong><\/td><td><strong>CLUBES<\/strong><strong><\/strong><\/td><td><strong>PG<\/strong><strong><\/strong><\/td><td><strong>J<\/strong><strong><\/strong><\/td><td><strong>V<\/strong><strong><\/strong><\/td><td><strong>E<\/strong><strong><\/strong><\/td><td><strong>D<\/strong><strong><\/strong><\/td><td><strong>GP<\/strong><strong><\/strong><\/td><td><strong>GC<\/strong><strong><\/strong><\/td><td><strong>SG<\/strong><strong><\/strong><\/td><\/tr><tr><td>1\u00ba<\/td><td>Prolet\u00e1rio<\/td><td>10<\/td><td>5<\/td><td>5<\/td><td>&#8211;<\/td><td>&#8211;<\/td><td>11<\/td><td>4<\/td><td>7<\/td><\/tr><tr><td>2\u00ba<\/td><td>Castelo<\/td><td>6<\/td><td>5<\/td><td>3<\/td><td>&#8211;<\/td><td>2<\/td><td>19<\/td><td>11<\/td><td>8<\/td><\/tr><tr><td>3\u00ba<\/td><td>Motorista<\/td><td>6<\/td><td>5<\/td><td>3<\/td><td>&#8211;<\/td><td>2<\/td><td>11<\/td><td>9<\/td><td>2<\/td><\/tr><tr><td>4\u00ba<\/td><td>Banc\u00e1ria<\/td><td>6<\/td><td>5<\/td><td>3<\/td><td>&#8211;<\/td><td>2<\/td><td>11<\/td><td>11<\/td><td>0<\/td><\/tr><tr><td>5\u00ba<\/td><td>Cruzeiro<\/td><td>2<\/td><td>5<\/td><td>1<\/td><td>&#8211;<\/td><td>4<\/td><td>11<\/td><td>17<\/td><td>-6<\/td><\/tr><tr><td>6\u00ba<\/td><td>Esperan\u00e7a<\/td><td>0<\/td><td>5<\/td><td>&#8211;<\/td><td>&#8211;<\/td><td>5<\/td><td>8<\/td><td>19<\/td><td>-11<\/td><\/tr><\/tbody><\/table><\/figure>\n\n\n\n<h2 class=\"has-text-align-center wp-block-heading\"><strong><mark style=\"background-color:rgba(0, 0, 0, 0)\" class=\"has-inline-color has-blue-color\">Artilharia e dados extras<\/mark><\/strong><\/h2>\n\n\n\n<p>No final, o artilheiro do certame ficou com <em>Nonato<\/em> (<strong><em>Prolet\u00e1rio<\/em><\/strong>), com <strong><em>10 gols<\/em><\/strong>. Na vice artilharia ficaram <em>Cl\u00e9sio<\/em> (<strong><em>Associa\u00e7\u00e3o Banc\u00e1ria<\/em><\/strong>) e <em>Melquides<\/em> (<strong><em>Castelo<\/em><\/strong>), ambos com <strong><em>sete tentos<\/em><\/strong> cada.<\/p>\n\n\n\n<p>O <strong><em>Prolet\u00e1rio<\/em><\/strong> tamb\u00e9m ficou com a <strong><em>defesa<\/em><\/strong> <strong><em>menos vazada<\/em><\/strong> com <strong><em>sete gols sofridos<\/em><\/strong>. Na outra extremidade, ficou com o <strong><em>Esperan\u00e7a<\/em><\/strong> que terminou com a <strong><em>defesa mais vazada<\/em><\/strong> com <strong><em>33 gols<\/em><\/strong>.<\/p>\n\n\n\n<p>O <strong><em>Motorista<\/em><\/strong> foi o <strong><em>melhor ataque<\/em><\/strong> da competi\u00e7\u00e3o, com <strong><em>27 gols<\/em><\/strong> assinalados, seguido pelo <strong><em>Prolet\u00e1rio<\/em><\/strong> com <strong><em>25 tentos<\/em><\/strong>. Na outra ponta, ficou o <strong><em>Esperan\u00e7a<\/em><\/strong> com o <strong><em>ataque menos positivo<\/em><\/strong> com <strong><em>14 tentos<\/em><\/strong>.<\/p>\n\n\n\n<h2 class=\"has-text-align-center wp-block-heading\"><strong><mark style=\"background-color:rgba(0, 0, 0, 0)\" class=\"has-inline-color has-blue-color\">CLASSIFICA\u00c7\u00c3O GERAL \u00a0<\/mark><\/strong><\/h2>\n\n\n\n<figure class=\"wp-block-table is-style-stripes\"><table><tbody><tr><td><strong>N\u00ba<\/strong><strong><\/strong><\/td><td><strong>CLUBES<\/strong><strong><\/strong><\/td><td><strong>PG<\/strong><strong><\/strong><\/td><td><strong>J<\/strong><strong><\/strong><\/td><td><strong>V<\/strong><strong><\/strong><\/td><td><strong>E<\/strong><strong><\/strong><\/td><td><strong>D<\/strong><strong><\/strong><\/td><td><strong>GP<\/strong><strong><\/strong><\/td><td><strong>GC<\/strong><strong><\/strong><\/td><td><strong>SG<\/strong><strong><\/strong><\/td><\/tr><tr><td>1\u00ba<\/td><td>Prolet\u00e1rio<\/td><td>18<\/td><td>10<\/td><td>9<\/td><td>&#8211;<\/td><td>1<\/td><td>25<\/td><td>7<\/td><td>16<\/td><\/tr><tr><td>2\u00ba<\/td><td>Motorista<\/td><td>13<\/td><td>10<\/td><td>5<\/td><td>3<\/td><td>2<\/td><td>18<\/td><td>15<\/td><td>3<\/td><\/tr><tr><td>3\u00ba<\/td><td>Banc\u00e1ria<\/td><td>12<\/td><td>10<\/td><td>5<\/td><td>2<\/td><td>3<\/td><td>24<\/td><td>24<\/td><td>0<\/td><\/tr><tr><td>4\u00ba<\/td><td>Castelo<\/td><td>8<\/td><td>10<\/td><td>3<\/td><td>2<\/td><td>5<\/td><td>25<\/td><td>23<\/td><td>2<\/td><\/tr><tr><td>5\u00ba<\/td><td>Cruzeiro<\/td><td>6<\/td><td>10<\/td><td>2<\/td><td>2<\/td><td>6<\/td><td>23<\/td><td>27<\/td><td>-4<\/td><\/tr><tr><td>6\u00ba<\/td><td>Esperan\u00e7a<\/td><td>3<\/td><td>10<\/td><td>1<\/td><td>1<\/td><td>8<\/td><td>14<\/td><td>33<\/td><td>-19<\/td><\/tr><\/tbody><\/table><\/figure>\n\n\n\n<p><strong><mark style=\"background-color:rgba(0, 0, 0, 0);color:#911b1b\" class=\"has-inline-color\"><em><u>FONTES<\/u>:<\/em> <\/mark><\/strong><em><mark style=\"background-color:rgba(0, 0, 0, 0);color:#911b1b\" class=\"has-inline-color\">Diversos jornais do RJ <\/mark><mark style=\"background-color:rgba(0, 0, 0, 0)\" class=\"has-inline-color has-white-color\"> <em>Tribuna da Imprensa (RJ) \u2013 Imprensa Popular (RJ)<\/em><\/mark><\/em><\/p>\n","protected":false},"excerpt":{"rendered":"<p>O Campeonato Citadino de Rio Bonito de 1958, contou com a presen\u00e7a de seis equipes: Associa\u00e7\u00e3o Banc\u00e1ria de Desportos; Castelo Futebol Clube; Cruzeiro Futebol Clube; Esperan\u00e7a Futebol Clube; Motorista Futebol Clube e Prolet\u00e1rio Atl\u00e9tico Clube (atual Rio Bonito Atl\u00e9tico Clube). No final, melhor para o Prolet\u00e1rio Atl\u00e9tico Clube que faturou \u201cbarba e cabelo\u201d, nos Campeonatos [&hellip;]<\/p>\n","protected":false},"author":55,"featured_media":0,"comment_status":"open","ping_status":"closed","sticky":false,"template":"","format":"standard","meta":{"footnotes":""},"categories":[203,531,83,59,345,3,47,76],"tags":[],"class_list":["post-129541","post","type-post","status-publish","format-standard","hentry","category-sergio-mello","category-carencias","category-x9-curiosidades","category-escudos","category-fotos-historicas","category-historia-do-futebol","category-rio-de-janeiro","category-antigo-estado-do-rio"],"_links":{"self":[{"href":"https:\/\/historiadofutebol.com\/blog\/index.php?rest_route=\/wp\/v2\/posts\/129541","targetHints":{"allow":["GET"]}}],"collection":[{"href":"https:\/\/historiadofutebol.com\/blog\/index.php?rest_route=\/wp\/v2\/posts"}],"about":[{"href":"https:\/\/historiadofutebol.com\/blog\/index.php?rest_route=\/wp\/v2\/types\/post"}],"author":[{"embeddable":true,"href":"https:\/\/historiadofutebol.com\/blog\/index.php?rest_route=\/wp\/v2\/users\/55"}],"replies":[{"embeddable":true,"href":"https:\/\/historiadofutebol.com\/blog\/index.php?rest_route=%2Fwp%2Fv2%2Fcomments&post=129541"}],"version-history":[{"count":1,"href":"https:\/\/historiadofutebol.com\/blog\/index.php?rest_route=\/wp\/v2\/posts\/129541\/revisions"}],"predecessor-version":[{"id":129546,"href":"https:\/\/historiadofutebol.com\/blog\/index.php?rest_route=\/wp\/v2\/posts\/129541\/revisions\/129546"}],"wp:attachment":[{"href":"https:\/\/historiadofutebol.com\/blog\/index.php?rest_route=%2Fwp%2Fv2%2Fmedia&parent=129541"}],"wp:term":[{"taxonomy":"category","embeddable":true,"href":"https:\/\/historiadofutebol.com\/blog\/index.php?rest_route=%2Fwp%2Fv2%2Fcategories&post=129541"},{"taxonomy":"post_tag","embeddable":true,"href":"https:\/\/historiadofutebol.com\/blog\/index.php?rest_route=%2Fwp%2Fv2%2Ftags&post=129541"}],"curies":[{"name":"wp","href":"https:\/\/api.w.org\/{rel}","templated":true}]}}