{"id":129427,"date":"2023-03-30T00:30:00","date_gmt":"2023-03-30T03:30:00","guid":{"rendered":"https:\/\/historiadofutebol.com\/blog\/?p=129427"},"modified":"2023-04-06T13:08:27","modified_gmt":"2023-04-06T16:08:27","slug":"foto-rara-de-1962-associacao-atletica-portuguesa-rio-de-janeiro-rj","status":"publish","type":"post","link":"https:\/\/historiadofutebol.com\/blog\/?p=129427","title":{"rendered":"Foto rara, de 1962: Associa\u00e7\u00e3o Atl\u00e9tica Portuguesa \u2013 Rio de Janeiro (RJ)"},"content":{"rendered":"\n<p>O <strong><em>Campeonato Carioca da 1\u00aa Divis\u00e3o de 1962<\/em><\/strong>, foi composto por 13 clubes, que se enfrentaram no <strong><em>1\u00ba turno (Ta\u00e7a Guanabara)<\/em><\/strong> e <strong><em>Returno<\/em><\/strong>, com a equipe com o maior n\u00famero de pontos ficando com o t\u00edtulo.<\/p>\n\n\n<div class=\"wp-block-image\">\n<figure class=\"aligncenter size-large\"><img loading=\"lazy\" decoding=\"async\" width=\"500\" height=\"317\" src=\"https:\/\/historiadofutebol.com\/blog\/wp-content\/uploads\/2023\/03\/Sem-titulo-3-500x317.jpg\" alt=\"\" class=\"wp-image-129428\" srcset=\"https:\/\/historiadofutebol.com\/blog\/wp-content\/uploads\/2023\/03\/Sem-titulo-3-500x317.jpg 500w, https:\/\/historiadofutebol.com\/blog\/wp-content\/uploads\/2023\/03\/Sem-titulo-3-300x190.jpg 300w, https:\/\/historiadofutebol.com\/blog\/wp-content\/uploads\/2023\/03\/Sem-titulo-3-624x396.jpg 624w, https:\/\/historiadofutebol.com\/blog\/wp-content\/uploads\/2023\/03\/Sem-titulo-3.jpg 702w\" sizes=\"auto, (max-width: 500px) 100vw, 500px\" \/><\/figure><\/div>\n\n\n<p>A <strong><em>Associa\u00e7\u00e3o Atl\u00e9tica Portuguesa<\/em><\/strong>, fez uma campanha modesta terminando na <strong><em>11\u00aa posi\u00e7\u00e3o<\/em><\/strong>, <strong><em>Classifica\u00e7\u00e3o Geral<\/em><\/strong>: <strong><em>12 pontos, em 24 jogos: tr\u00eas vit\u00f3rias, seis empates e 15 derrotas; marcando 13 gols, sofrendo 50 e um saldo negativo de 37<\/em><\/strong>.<\/p>\n\n\n\n<p><strong>Escala\u00e7\u00e3o do time base de 1962:<\/strong><em> <\/em>Wagner;Djalma, Gagliano e Ti\u00e3o; Reinaldo e Raul; Zezinho, Foguete, Mauro, Bandolin e Z\u00e9 Carlos. <strong>T\u00e9cnico:<\/strong> Paulo Em\u00edlio.<\/p>\n\n\n<div class=\"wp-block-image\">\n<figure class=\"aligncenter size-large is-resized\"><img loading=\"lazy\" decoding=\"async\" src=\"https:\/\/historiadofutebol.com\/blog\/wp-content\/uploads\/2023\/03\/LUSA1962-500x331.jpg\" alt=\"\" class=\"wp-image-129429\" width=\"652\" height=\"432\" srcset=\"https:\/\/historiadofutebol.com\/blog\/wp-content\/uploads\/2023\/03\/LUSA1962-500x331.jpg 500w, https:\/\/historiadofutebol.com\/blog\/wp-content\/uploads\/2023\/03\/LUSA1962-300x198.jpg 300w, https:\/\/historiadofutebol.com\/blog\/wp-content\/uploads\/2023\/03\/LUSA1962-768x508.jpg 768w, https:\/\/historiadofutebol.com\/blog\/wp-content\/uploads\/2023\/03\/LUSA1962-624x413.jpg 624w, https:\/\/historiadofutebol.com\/blog\/wp-content\/uploads\/2023\/03\/LUSA1962.jpg 960w\" sizes=\"auto, (max-width: 652px) 100vw, 652px\" \/><figcaption class=\"wp-element-caption\"><strong>EM P\u00c9 (esquerda para a direita):<\/strong> : Djalma, Wagner, Raul, Gagliano, Reginaldo e Ti\u00e3o;<br \/>AGACHADOS (esquerda para a direita): Zezinho (depois se transferiu para o Vasco), Bandolim, Foguete (posteriormente foi vendido ao Flamengo), Mauro e Z\u00e9 Carlos.<\/figcaption><\/figure><\/div>\n\n\n<p><strong><em><u>FOTO<\/u><\/em><\/strong><strong><em>:<\/em><\/strong><em> Acervo de Jos\u00e9 Le\u00f4ncio Carvalho<\/em><\/p>\n\n\n\n<p><strong><em><u>FONTES<\/u><\/em><\/strong><strong><em>:<\/em><\/strong><em> Arquivo pessoal &#8211; Jornal dos Sports (RJ)<\/em><\/p>\n","protected":false},"excerpt":{"rendered":"<p>O Campeonato Carioca da 1\u00aa Divis\u00e3o de 1962, foi composto por 13 clubes, que se enfrentaram no 1\u00ba turno (Ta\u00e7a Guanabara) e Returno, com a equipe com o maior n\u00famero de pontos ficando com o t\u00edtulo. A Associa\u00e7\u00e3o Atl\u00e9tica Portuguesa, fez uma campanha modesta terminando na 11\u00aa posi\u00e7\u00e3o, Classifica\u00e7\u00e3o Geral: 12 pontos, em 24 jogos: [&hellip;]<\/p>\n","protected":false},"author":55,"featured_media":0,"comment_status":"open","ping_status":"closed","sticky":false,"template":"","format":"standard","meta":{"footnotes":""},"categories":[203,531,83,59,345,3,47,76],"tags":[],"class_list":["post-129427","post","type-post","status-publish","format-standard","hentry","category-sergio-mello","category-carencias","category-x9-curiosidades","category-escudos","category-fotos-historicas","category-historia-do-futebol","category-rio-de-janeiro","category-antigo-estado-do-rio"],"_links":{"self":[{"href":"https:\/\/historiadofutebol.com\/blog\/index.php?rest_route=\/wp\/v2\/posts\/129427","targetHints":{"allow":["GET"]}}],"collection":[{"href":"https:\/\/historiadofutebol.com\/blog\/index.php?rest_route=\/wp\/v2\/posts"}],"about":[{"href":"https:\/\/historiadofutebol.com\/blog\/index.php?rest_route=\/wp\/v2\/types\/post"}],"author":[{"embeddable":true,"href":"https:\/\/historiadofutebol.com\/blog\/index.php?rest_route=\/wp\/v2\/users\/55"}],"replies":[{"embeddable":true,"href":"https:\/\/historiadofutebol.com\/blog\/index.php?rest_route=%2Fwp%2Fv2%2Fcomments&post=129427"}],"version-history":[{"count":4,"href":"https:\/\/historiadofutebol.com\/blog\/index.php?rest_route=\/wp\/v2\/posts\/129427\/revisions"}],"predecessor-version":[{"id":129511,"href":"https:\/\/historiadofutebol.com\/blog\/index.php?rest_route=\/wp\/v2\/posts\/129427\/revisions\/129511"}],"wp:attachment":[{"href":"https:\/\/historiadofutebol.com\/blog\/index.php?rest_route=%2Fwp%2Fv2%2Fmedia&parent=129427"}],"wp:term":[{"taxonomy":"category","embeddable":true,"href":"https:\/\/historiadofutebol.com\/blog\/index.php?rest_route=%2Fwp%2Fv2%2Fcategories&post=129427"},{"taxonomy":"post_tag","embeddable":true,"href":"https:\/\/historiadofutebol.com\/blog\/index.php?rest_route=%2Fwp%2Fv2%2Ftags&post=129427"}],"curies":[{"name":"wp","href":"https:\/\/api.w.org\/{rel}","templated":true}]}}