{"id":129333,"date":"2023-03-08T01:16:27","date_gmt":"2023-03-08T04:16:27","guid":{"rendered":"https:\/\/historiadofutebol.com\/blog\/?p=129333"},"modified":"2023-03-08T01:16:30","modified_gmt":"2023-03-08T04:16:30","slug":"uniao-atletica-ferroviaria-candidomotense-candido-mota-sp-disputou-o-paulista-da-4a-divisao-em-1964-e-1965","status":"publish","type":"post","link":"https:\/\/historiadofutebol.com\/blog\/?p=129333","title":{"rendered":"<strong><em>Uni\u00e3o Atl\u00e9tica Ferrovi\u00e1ria Candidomotense &#8211; C\u00e2ndido Mota (SP): disputou o Paulista da 4\u00aa Divis\u00e3o em 1964 e 1965<\/em><\/strong>"},"content":{"rendered":"<div class=\"wp-block-image\">\n<figure class=\"aligncenter size-large\"><img loading=\"lazy\" decoding=\"async\" width=\"500\" height=\"319\" src=\"https:\/\/historiadofutebol.com\/blog\/wp-content\/uploads\/2023\/03\/UAFC-3-500x319.jpg\" alt=\"\" class=\"wp-image-129334\" srcset=\"https:\/\/historiadofutebol.com\/blog\/wp-content\/uploads\/2023\/03\/UAFC-3-500x319.jpg 500w, https:\/\/historiadofutebol.com\/blog\/wp-content\/uploads\/2023\/03\/UAFC-3-300x191.jpg 300w, https:\/\/historiadofutebol.com\/blog\/wp-content\/uploads\/2023\/03\/UAFC-3-624x398.jpg 624w, https:\/\/historiadofutebol.com\/blog\/wp-content\/uploads\/2023\/03\/UAFC-3.jpg 702w\" sizes=\"auto, (max-width: 500px) 100vw, 500px\" \/><\/figure><\/div>\n\n\n<p><mark style=\"background-color:rgba(0, 0, 0, 0);color:#000000\" class=\"has-inline-color\">A <strong><em>Uni\u00e3o Atl\u00e9tica Ferrovi\u00e1ria Candidomotense (UAFC)<\/em><\/strong> foi uma agremia\u00e7\u00e3o do munic\u00edpio de Candido Mota <em>(popula\u00e7\u00e3o de 31.410 habitantes, segundo a estimativa do IGBE\/2021)<\/em>, que fica a 428 km da capital do estado de S\u00e3o Paulo.<\/mark><\/p>\n\n\n<div class=\"wp-block-image\">\n<figure class=\"alignleft size-large is-resized\"><img loading=\"lazy\" decoding=\"async\" src=\"https:\/\/historiadofutebol.com\/blog\/wp-content\/uploads\/2023\/03\/UAFC-8-500x313.jpg\" alt=\"\" class=\"wp-image-129335\" width=\"654\" height=\"409\" srcset=\"https:\/\/historiadofutebol.com\/blog\/wp-content\/uploads\/2023\/03\/UAFC-8-500x313.jpg 500w, https:\/\/historiadofutebol.com\/blog\/wp-content\/uploads\/2023\/03\/UAFC-8-300x188.jpg 300w, https:\/\/historiadofutebol.com\/blog\/wp-content\/uploads\/2023\/03\/UAFC-8-768x480.jpg 768w, https:\/\/historiadofutebol.com\/blog\/wp-content\/uploads\/2023\/03\/UAFC-8-624x390.jpg 624w, https:\/\/historiadofutebol.com\/blog\/wp-content\/uploads\/2023\/03\/UAFC-8.jpg 960w\" sizes=\"auto, (max-width: 654px) 100vw, 654px\" \/><\/figure><\/div>\n\n\n<p><mark style=\"background-color:rgba(0, 0, 0, 0);color:#000000\" class=\"has-inline-color\">O &#8220;<strong><em>Canarinho<\/em><\/strong>&#8221; ou &#8220;<strong><em>Ferrinha<\/em><\/strong>&#8221; foi <strong><em>Fundado na ter\u00e7a-feira, do dia 15 de Novembro de 1949<\/em><\/strong>, por funcion\u00e1rios da extinta <strong><em>Estrada de Ferro Sorocabana<\/em><\/strong>. A <strong><em>UAFC<\/em><\/strong> mandava o seus jogos no <strong><em>Est\u00e1dio Municipal Benedito Pires<\/em><\/strong>, com <strong><em>Capacidade para 3 mil pessoas,<\/em><\/strong> em C\u00e2ndido Mota.<\/mark><\/p>\n\n\n<div class=\"wp-block-image\">\n<figure class=\"aligncenter size-large\"><img loading=\"lazy\" decoding=\"async\" width=\"500\" height=\"220\" src=\"https:\/\/historiadofutebol.com\/blog\/wp-content\/uploads\/2023\/03\/UAFC-2-500x220.jpg\" alt=\"\" class=\"wp-image-129336\" srcset=\"https:\/\/historiadofutebol.com\/blog\/wp-content\/uploads\/2023\/03\/UAFC-2-500x220.jpg 500w, https:\/\/historiadofutebol.com\/blog\/wp-content\/uploads\/2023\/03\/UAFC-2-300x132.jpg 300w, https:\/\/historiadofutebol.com\/blog\/wp-content\/uploads\/2023\/03\/UAFC-2-768x338.jpg 768w, https:\/\/historiadofutebol.com\/blog\/wp-content\/uploads\/2023\/03\/UAFC-2-624x275.jpg 624w, https:\/\/historiadofutebol.com\/blog\/wp-content\/uploads\/2023\/03\/UAFC-2.jpg 1312w\" sizes=\"auto, (max-width: 500px) 100vw, 500px\" \/><\/figure><\/div>\n\n\n<p><mark style=\"background-color:rgba(0, 0, 0, 0);color:#000000\" class=\"has-inline-color\">A <strong><em>1\u00aa competi\u00e7\u00e3o<\/em><\/strong> relevante que se tem not\u00edcia, foi o <strong><em>Campeonato Paulista do Interior<\/em><\/strong>, no <strong><em>Setor 16<\/em><\/strong>, em <strong><em>1950<\/em><\/strong>. Na d\u00e9cada seguinte, o <strong><em>Uni\u00e3o Atl\u00e9tica Ferrovi\u00e1ria Candidomotense <\/em><\/strong>disputou o <strong><em>Campeonato<\/em><\/strong> <strong><em>Paulista de Profissionais da 4\u00aa Divis\u00e3o<\/em><\/strong>, em <strong><em>1964<\/em><\/strong> e <strong><em>1965<\/em><\/strong>.<\/mark><\/p>\n\n\n\n<p><mark style=\"background-color:rgba(0, 0, 0, 0);color:#000000\" class=\"has-inline-color\">Nessas duas edi\u00e7\u00f5es, a &#8220;<strong><em>Ferrinha<\/em><\/strong>&#8221; foi enfrentou o seu grande rival da cidade: o <strong><em>CAC<\/em><\/strong> <strong><em>(Clube Atl\u00e9tico Candidomotense)<\/em><\/strong>. Esses jogos atra\u00edram o interesse dos moradores que lotavam as depend\u00eancias do est\u00e1dio para assistir as pelejas.<\/mark><\/p>\n\n\n<div class=\"wp-block-image\">\n<figure class=\"aligncenter size-large is-resized\"><img loading=\"lazy\" decoding=\"async\" src=\"https:\/\/historiadofutebol.com\/blog\/wp-content\/uploads\/2023\/03\/Douglas-Nascimento-500x355.jpg\" alt=\"\" class=\"wp-image-129337\" width=\"654\" height=\"464\" srcset=\"https:\/\/historiadofutebol.com\/blog\/wp-content\/uploads\/2023\/03\/Douglas-Nascimento-500x355.jpg 500w, https:\/\/historiadofutebol.com\/blog\/wp-content\/uploads\/2023\/03\/Douglas-Nascimento-300x213.jpg 300w, https:\/\/historiadofutebol.com\/blog\/wp-content\/uploads\/2023\/03\/Douglas-Nascimento-768x546.jpg 768w, https:\/\/historiadofutebol.com\/blog\/wp-content\/uploads\/2023\/03\/Douglas-Nascimento-624x443.jpg 624w, https:\/\/historiadofutebol.com\/blog\/wp-content\/uploads\/2023\/03\/Douglas-Nascimento.jpg 960w\" sizes=\"auto, (max-width: 654px) 100vw, 654px\" \/><figcaption class=\"wp-element-caption\"><strong>EM P\u00c9 (esquerda para a direita):<\/strong> Gilbertinho (goleiro titular), Marcos (quarto zagueiro), Bechelli (m\u00e9dio volante), Ticonha (centroavante), Zola (lateral-direito), Ageu Valverde (zagueiro central), Salin (Goleiro reserva) e Deolindo Gossi (dirigente);<br \/><strong>AGACHADOS (esquerda para a direita):<\/strong> Treinador (n\u00e3o identificado), Carlinhos Vaghetti (ponta direita), Serginho (lateral-esquerdo), Valdir Chizolini (meia direita), Carlinhos (meia esquerda), Nano (ponta direita) e Godofredo Silva (Presidente).<\/figcaption><\/figure><\/div>\n\n\n<p><mark style=\"background-color:rgba(0, 0, 0, 0);color:#000000\" class=\"has-inline-color\">Entretanto, se o p\u00fablico tinha o interesse, o mesmo n\u00e3o pode ser dito aos dirigentes, que desistiram do profissionalismo. Tempos depois, a &#8220;<em><strong>Ferrinha<\/strong><\/em>&#8221; acabou desaparecendo para tristeza dos <em>c\u00e2ndido-motenses<\/em>.<\/mark><\/p>\n\n\n<div class=\"wp-block-image\">\n<figure class=\"aligncenter size-large\"><img loading=\"lazy\" decoding=\"async\" width=\"500\" height=\"317\" src=\"https:\/\/historiadofutebol.com\/blog\/wp-content\/uploads\/2023\/03\/UAFC-1-500x317.jpg\" alt=\"\" class=\"wp-image-129338\" srcset=\"https:\/\/historiadofutebol.com\/blog\/wp-content\/uploads\/2023\/03\/UAFC-1-500x317.jpg 500w, https:\/\/historiadofutebol.com\/blog\/wp-content\/uploads\/2023\/03\/UAFC-1-300x190.jpg 300w, https:\/\/historiadofutebol.com\/blog\/wp-content\/uploads\/2023\/03\/UAFC-1-624x395.jpg 624w, https:\/\/historiadofutebol.com\/blog\/wp-content\/uploads\/2023\/03\/UAFC-1.jpg 704w\" sizes=\"auto, (max-width: 500px) 100vw, 500px\" \/><figcaption class=\"wp-element-caption\"><em><strong>distintivo dos anos 50<\/strong><\/em><\/figcaption><\/figure><\/div>\n\n\n<p><mark style=\"background-color:rgba(0, 0, 0, 0);color:#000000\" class=\"has-inline-color\">Uma curiosidade sobre essa agremia\u00e7\u00e3o est\u00e1 nas cores. No <strong><em>Paulista do Interior<\/em><\/strong> <strong><em>de 1950<\/em><\/strong>, o escudo circular conhecido era <strong><em>vermelho e branco<\/em><\/strong>. A novidade est\u00e1 no final da d\u00e9cada de 50 e in\u00edcio de 60, quando <strong><em>UAFC<\/em><\/strong> utilizava um escudo inspirado na <strong><em>Sele\u00e7\u00e3o Brasileira<\/em><\/strong> e as cores tamb\u00e9m: <strong><em>verde, amarelo, azul e branco<\/em><\/strong>.<\/mark><\/p>\n\n\n<div class=\"wp-block-image\">\n<figure class=\"aligncenter size-large is-resized\"><img loading=\"lazy\" decoding=\"async\" src=\"https:\/\/historiadofutebol.com\/blog\/wp-content\/uploads\/2023\/03\/Romildo-Pereira-de-Carvalho-500x366.jpg\" alt=\"\" class=\"wp-image-129339\" width=\"654\" height=\"479\" srcset=\"https:\/\/historiadofutebol.com\/blog\/wp-content\/uploads\/2023\/03\/Romildo-Pereira-de-Carvalho-500x366.jpg 500w, https:\/\/historiadofutebol.com\/blog\/wp-content\/uploads\/2023\/03\/Romildo-Pereira-de-Carvalho-300x219.jpg 300w, https:\/\/historiadofutebol.com\/blog\/wp-content\/uploads\/2023\/03\/Romildo-Pereira-de-Carvalho-768x562.jpg 768w, https:\/\/historiadofutebol.com\/blog\/wp-content\/uploads\/2023\/03\/Romildo-Pereira-de-Carvalho-1536x1124.jpg 1536w, https:\/\/historiadofutebol.com\/blog\/wp-content\/uploads\/2023\/03\/Romildo-Pereira-de-Carvalho-624x456.jpg 624w, https:\/\/historiadofutebol.com\/blog\/wp-content\/uploads\/2023\/03\/Romildo-Pereira-de-Carvalho.jpg 2048w\" sizes=\"auto, (max-width: 654px) 100vw, 654px\" \/><figcaption class=\"wp-element-caption\"><em><strong>Foto dos anos 50<\/strong><\/em><\/figcaption><\/figure><\/div>\n\n<div class=\"wp-block-image\">\n<figure class=\"aligncenter size-large is-resized\"><img loading=\"lazy\" decoding=\"async\" src=\"https:\/\/historiadofutebol.com\/blog\/wp-content\/uploads\/2023\/03\/Jose-Roberto-Ribeiro-500x366.jpg\" alt=\"\" class=\"wp-image-129340\" width=\"656\" height=\"480\" srcset=\"https:\/\/historiadofutebol.com\/blog\/wp-content\/uploads\/2023\/03\/Jose-Roberto-Ribeiro-500x366.jpg 500w, https:\/\/historiadofutebol.com\/blog\/wp-content\/uploads\/2023\/03\/Jose-Roberto-Ribeiro-300x219.jpg 300w, https:\/\/historiadofutebol.com\/blog\/wp-content\/uploads\/2023\/03\/Jose-Roberto-Ribeiro-768x562.jpg 768w, https:\/\/historiadofutebol.com\/blog\/wp-content\/uploads\/2023\/03\/Jose-Roberto-Ribeiro-1536x1124.jpg 1536w, https:\/\/historiadofutebol.com\/blog\/wp-content\/uploads\/2023\/03\/Jose-Roberto-Ribeiro-624x456.jpg 624w, https:\/\/historiadofutebol.com\/blog\/wp-content\/uploads\/2023\/03\/Jose-Roberto-Ribeiro.jpg 2048w\" sizes=\"auto, (max-width: 656px) 100vw, 656px\" \/><\/figure><\/div>\n\n<div class=\"wp-block-image\">\n<figure class=\"aligncenter size-large is-resized\"><img loading=\"lazy\" decoding=\"async\" src=\"https:\/\/historiadofutebol.com\/blog\/wp-content\/uploads\/2023\/03\/UAFC-5-500x399.jpg\" alt=\"\" class=\"wp-image-129341\" width=\"656\" height=\"523\" srcset=\"https:\/\/historiadofutebol.com\/blog\/wp-content\/uploads\/2023\/03\/UAFC-5-500x399.jpg 500w, https:\/\/historiadofutebol.com\/blog\/wp-content\/uploads\/2023\/03\/UAFC-5-300x239.jpg 300w, https:\/\/historiadofutebol.com\/blog\/wp-content\/uploads\/2023\/03\/UAFC-5-768x613.jpg 768w, https:\/\/historiadofutebol.com\/blog\/wp-content\/uploads\/2023\/03\/UAFC-5-624x498.jpg 624w, https:\/\/historiadofutebol.com\/blog\/wp-content\/uploads\/2023\/03\/UAFC-5.jpg 960w\" sizes=\"auto, (max-width: 656px) 100vw, 656px\" \/><\/figure><\/div>\n\n<div class=\"wp-block-image\">\n<figure class=\"aligncenter size-large\"><img loading=\"lazy\" decoding=\"async\" width=\"375\" height=\"500\" src=\"https:\/\/historiadofutebol.com\/blog\/wp-content\/uploads\/2023\/03\/UAFC-4-375x500.jpg\" alt=\"\" class=\"wp-image-129342\" srcset=\"https:\/\/historiadofutebol.com\/blog\/wp-content\/uploads\/2023\/03\/UAFC-4-375x500.jpg 375w, https:\/\/historiadofutebol.com\/blog\/wp-content\/uploads\/2023\/03\/UAFC-4-225x300.jpg 225w, https:\/\/historiadofutebol.com\/blog\/wp-content\/uploads\/2023\/03\/UAFC-4-624x832.jpg 624w, https:\/\/historiadofutebol.com\/blog\/wp-content\/uploads\/2023\/03\/UAFC-4.jpg 720w\" sizes=\"auto, (max-width: 375px) 100vw, 375px\" \/><\/figure><\/div>\n\n\n<p><strong><mark style=\"background-color:rgba(0, 0, 0, 0);color:#0c5678\" class=\"has-inline-color\"><em><u>Colaborou<\/u>:<\/em><\/mark><\/strong><em><mark style=\"background-color:rgba(0, 0, 0, 0);color:#0c5678\" class=\"has-inline-color\"> Wanderson Pereira<\/mark><\/em><\/p>\n\n\n\n<p><strong><mark style=\"background-color:rgba(0, 0, 0, 0);color:#0a5d19\" class=\"has-inline-color\"><em><u>FOTOS<\/u>:<\/em><\/mark><\/strong><em><mark style=\"background-color:rgba(0, 0, 0, 0);color:#0a5d19\" class=\"has-inline-color\"> Acervos de Jos\u00e9 Roberto Ribeiro, Romildo Pereira de Carvalho e Douglas Nascimento<\/mark><\/em><\/p>\n\n\n\n<p><strong><mark style=\"background-color:rgba(0, 0, 0, 0);color:#135e81\" class=\"has-inline-color\"><em><u>FONTES<\/u>:<\/em><\/mark><\/strong><em><mark style=\"background-color:rgba(0, 0, 0, 0);color:#135e81\" class=\"has-inline-color\"> Wikip\u00e9dia &#8211; Correio Paulistano (SP)<\/mark><\/em><\/p>\n","protected":false},"excerpt":{"rendered":"<p>A Uni\u00e3o Atl\u00e9tica Ferrovi\u00e1ria Candidomotense (UAFC) foi uma agremia\u00e7\u00e3o do munic\u00edpio de Candido Mota (popula\u00e7\u00e3o de 31.410 habitantes, segundo a estimativa do IGBE\/2021), que fica a 428 km da capital do estado de S\u00e3o Paulo. O &#8220;Canarinho&#8221; ou &#8220;Ferrinha&#8221; foi Fundado na ter\u00e7a-feira, do dia 15 de Novembro de 1949, por funcion\u00e1rios da extinta Estrada [&hellip;]<\/p>\n","protected":false},"author":55,"featured_media":0,"comment_status":"open","ping_status":"closed","sticky":false,"template":"","format":"standard","meta":{"footnotes":""},"categories":[203,531,83,59,345,3,51],"tags":[],"class_list":["post-129333","post","type-post","status-publish","format-standard","hentry","category-sergio-mello","category-carencias","category-x9-curiosidades","category-escudos","category-fotos-historicas","category-historia-do-futebol","category-sao-paulo"],"_links":{"self":[{"href":"https:\/\/historiadofutebol.com\/blog\/index.php?rest_route=\/wp\/v2\/posts\/129333","targetHints":{"allow":["GET"]}}],"collection":[{"href":"https:\/\/historiadofutebol.com\/blog\/index.php?rest_route=\/wp\/v2\/posts"}],"about":[{"href":"https:\/\/historiadofutebol.com\/blog\/index.php?rest_route=\/wp\/v2\/types\/post"}],"author":[{"embeddable":true,"href":"https:\/\/historiadofutebol.com\/blog\/index.php?rest_route=\/wp\/v2\/users\/55"}],"replies":[{"embeddable":true,"href":"https:\/\/historiadofutebol.com\/blog\/index.php?rest_route=%2Fwp%2Fv2%2Fcomments&post=129333"}],"version-history":[{"count":1,"href":"https:\/\/historiadofutebol.com\/blog\/index.php?rest_route=\/wp\/v2\/posts\/129333\/revisions"}],"predecessor-version":[{"id":129343,"href":"https:\/\/historiadofutebol.com\/blog\/index.php?rest_route=\/wp\/v2\/posts\/129333\/revisions\/129343"}],"wp:attachment":[{"href":"https:\/\/historiadofutebol.com\/blog\/index.php?rest_route=%2Fwp%2Fv2%2Fmedia&parent=129333"}],"wp:term":[{"taxonomy":"category","embeddable":true,"href":"https:\/\/historiadofutebol.com\/blog\/index.php?rest_route=%2Fwp%2Fv2%2Fcategories&post=129333"},{"taxonomy":"post_tag","embeddable":true,"href":"https:\/\/historiadofutebol.com\/blog\/index.php?rest_route=%2Fwp%2Fv2%2Ftags&post=129333"}],"curies":[{"name":"wp","href":"https:\/\/api.w.org\/{rel}","templated":true}]}}