{"id":12888,"date":"2010-12-02T18:58:19","date_gmt":"2010-12-02T20:58:19","guid":{"rendered":"https:\/\/historiadofutebol.com\/blog\/?p=12888"},"modified":"2012-10-27T23:44:38","modified_gmt":"2012-10-28T01:44:38","slug":"vitoria-ba-campeao-do-nordeste-2010","status":"publish","type":"post","link":"https:\/\/historiadofutebol.com\/blog\/?p=12888","title":{"rendered":"VIT\u00d3RIA-BA, CAMPE\u00c3O DO NORDESTE 2010."},"content":{"rendered":"<p><img loading=\"lazy\" decoding=\"async\" class=\"alignleft size-full wp-image-12889\" title=\"vito\" src=\"https:\/\/historiadofutebol.com\/blog\/wp-content\/uploads\/2010\/12\/vito.jpg\" alt=\"vito\" width=\"133\" height=\"156\" \/>Com um time\u00a0 mesclado\u00a0 o Vit\u00f3ria se imp\u00f4s ao ABC, campe\u00e3o potiguar e da S\u00e9rie C do Brasileiro, calando a torcida que lotou o Frasqueir\u00e3o, em Natal (quarta, 1\/12).<\/p>\n<p>Com um gol de Jo\u00e3o Paulo, o ABC saiu na frente e permitiu a virada do Vit\u00f3ria, com gols de Cleiton e Marconi, e perdeu a chance de conquistar a tr\u00edplice coroa, j\u00e1 que venceu o estadual e Serie C. O ABC estava muito confiante.<\/p>\n<p>O Vitoria com nove triunfos, quatro empates e tr\u00eas derrotas, 26 gols marcados e 18 sofridos, conquistou o tetra em sete decis\u00f5es. O time foi uma mescla da garotada com alguns profissionais mais experientes, e teve no comando Ricardo Silva que \u00a0conquistou seu segundo t\u00edtulo em tr\u00eas disputados: \u00e9 tetracampe\u00e3o baiano e do Nordeste, e vice da Copa do Brasil.<\/p>\n<p>Nos 16 jogos, o rubro-negro obteve vit\u00f3rias memor\u00e1veis, como a diante do rival Bahia, goleando por 5 x 1, no Est\u00e1dio Roberto Santos, mando de campo do advers\u00e1rio.<\/p>\n<p>Os campe\u00f5es:<\/p>\n<p>1994 &#8211; Sport<br \/>\n1997 &#8211; Vit\u00f3ria<br \/>\n1998 \u2013 Am\u00e9rica de Natal<br \/>\n1999 &#8211; Vit\u00f3ria<br \/>\n2000 &#8211; Sport<br \/>\n2001 &#8211; Bahia<br \/>\n2002 &#8211; Bahia<br \/>\n2003 &#8211; Vit\u00f3ria<br \/>\n2010 &#8211; Vit\u00f3ria<\/p>\n","protected":false},"excerpt":{"rendered":"<p>Com um time\u00a0 mesclado\u00a0 o Vit\u00f3ria se imp\u00f4s ao ABC, campe\u00e3o potiguar e da S\u00e9rie C do Brasileiro, calando a torcida que lotou o Frasqueir\u00e3o, em Natal (quarta, 1\/12). Com um gol de Jo\u00e3o Paulo, o ABC saiu na frente e permitiu a virada do Vit\u00f3ria, com gols de Cleiton e Marconi, e perdeu a [&hellip;]<\/p>\n","protected":false},"author":33,"featured_media":0,"comment_status":"open","ping_status":"closed","sticky":false,"template":"","format":"standard","meta":{"footnotes":""},"categories":[111,91,291],"tags":[],"class_list":["post-12888","post","type-post","status-publish","format-standard","hentry","category-ricardo-amaral","category-campanhas-dos-campeoes-nordeste","category-copa-do-nordeste"],"_links":{"self":[{"href":"https:\/\/historiadofutebol.com\/blog\/index.php?rest_route=\/wp\/v2\/posts\/12888","targetHints":{"allow":["GET"]}}],"collection":[{"href":"https:\/\/historiadofutebol.com\/blog\/index.php?rest_route=\/wp\/v2\/posts"}],"about":[{"href":"https:\/\/historiadofutebol.com\/blog\/index.php?rest_route=\/wp\/v2\/types\/post"}],"author":[{"embeddable":true,"href":"https:\/\/historiadofutebol.com\/blog\/index.php?rest_route=\/wp\/v2\/users\/33"}],"replies":[{"embeddable":true,"href":"https:\/\/historiadofutebol.com\/blog\/index.php?rest_route=%2Fwp%2Fv2%2Fcomments&post=12888"}],"version-history":[{"count":3,"href":"https:\/\/historiadofutebol.com\/blog\/index.php?rest_route=\/wp\/v2\/posts\/12888\/revisions"}],"predecessor-version":[{"id":12891,"href":"https:\/\/historiadofutebol.com\/blog\/index.php?rest_route=\/wp\/v2\/posts\/12888\/revisions\/12891"}],"wp:attachment":[{"href":"https:\/\/historiadofutebol.com\/blog\/index.php?rest_route=%2Fwp%2Fv2%2Fmedia&parent=12888"}],"wp:term":[{"taxonomy":"category","embeddable":true,"href":"https:\/\/historiadofutebol.com\/blog\/index.php?rest_route=%2Fwp%2Fv2%2Fcategories&post=12888"},{"taxonomy":"post_tag","embeddable":true,"href":"https:\/\/historiadofutebol.com\/blog\/index.php?rest_route=%2Fwp%2Fv2%2Ftags&post=12888"}],"curies":[{"name":"wp","href":"https:\/\/api.w.org\/{rel}","templated":true}]}}