{"id":128468,"date":"2022-11-18T10:45:00","date_gmt":"2022-11-18T13:45:00","guid":{"rendered":"https:\/\/historiadofutebol.com\/blog\/?p=128468"},"modified":"2022-11-19T01:25:02","modified_gmt":"2022-11-19T04:25:02","slug":"foto-posada-de-2022-selecao-brasileira-de-futebol-cbf","status":"publish","type":"post","link":"https:\/\/historiadofutebol.com\/blog\/?p=128468","title":{"rendered":"Foto posada de 2022: Sele\u00e7\u00e3o Brasileira de Futebol (CBF)"},"content":{"rendered":"<div class=\"wp-block-image\">\n<figure class=\"aligncenter size-large is-resized\"><img loading=\"lazy\" decoding=\"async\" src=\"https:\/\/historiadofutebol.com\/blog\/wp-content\/uploads\/2022\/11\/52507736551_5cde7f6b2a_6k-500x333.jpg\" alt=\"\" class=\"wp-image-128469\" width=\"661\" height=\"440\" srcset=\"https:\/\/historiadofutebol.com\/blog\/wp-content\/uploads\/2022\/11\/52507736551_5cde7f6b2a_6k-500x333.jpg 500w, https:\/\/historiadofutebol.com\/blog\/wp-content\/uploads\/2022\/11\/52507736551_5cde7f6b2a_6k-300x200.jpg 300w, https:\/\/historiadofutebol.com\/blog\/wp-content\/uploads\/2022\/11\/52507736551_5cde7f6b2a_6k-768x512.jpg 768w, https:\/\/historiadofutebol.com\/blog\/wp-content\/uploads\/2022\/11\/52507736551_5cde7f6b2a_6k-1536x1024.jpg 1536w, https:\/\/historiadofutebol.com\/blog\/wp-content\/uploads\/2022\/11\/52507736551_5cde7f6b2a_6k-2048x1365.jpg 2048w, https:\/\/historiadofutebol.com\/blog\/wp-content\/uploads\/2022\/11\/52507736551_5cde7f6b2a_6k-624x416.jpg 624w\" sizes=\"auto, (max-width: 661px) 100vw, 661px\" \/><\/figure><\/div>\n\n\n<p><strong>Em p\u00e9 (esquerda para a direita):<\/strong>&nbsp;Alex Sandro, Bruno Guimar\u00e3es, Casemiro, Fabinho, Bremer, Weverton, Ederson, Alisson, Eder Milit\u00e3o, Rodrygo, Pedro, Daniel Alves e Gabriel Martinelli.<\/p>\n\n\n\n<p><strong>Comiss\u00e3o t\u00e9cnica <\/strong><strong>(esquerda para a direita)<\/strong>:&nbsp;Luis Vagner, Ricard Sasaki, Guilherme Passos, Ricardo Rosa, Fabio Mahseredjian, Rodrigo Lasmar, Juninho Paulista, Ednaldo Rodrigues, Tite, Cl\u00e9ber Xavier, C\u00e9sar Sampaio, Matheus Bachi, Taffarel, Thomaz Ara\u00fajo e Bruno Baquete<\/p>\n\n\n\n<p><strong>Sentados <\/strong><strong>(esquerda para a direita)<\/strong>:&nbsp;Everton Ribeiro, Danilo, Gabriel Jesus, Lucas Paquet\u00e1, Thiago Silva, Neymar, Marquinhos, Antony, Richarlison, Raphinha, Fred, Alex Telles e Vinicius J\u00fanior.<\/p>\n\n\n\n<p><em><strong>FONTE E FOTO: <\/strong>Divulga\u00e7\u00e3o Confedera\u00e7\u00e3o Brasileira de Futebol (CBF)<\/em><\/p>\n","protected":false},"excerpt":{"rendered":"<p>Em p\u00e9 (esquerda para a direita):&nbsp;Alex Sandro, Bruno Guimar\u00e3es, Casemiro, Fabinho, Bremer, Weverton, Ederson, Alisson, Eder Milit\u00e3o, Rodrygo, Pedro, Daniel Alves e Gabriel Martinelli. Comiss\u00e3o t\u00e9cnica (esquerda para a direita):&nbsp;Luis Vagner, Ricard Sasaki, Guilherme Passos, Ricardo Rosa, Fabio Mahseredjian, Rodrigo Lasmar, Juninho Paulista, Ednaldo Rodrigues, Tite, Cl\u00e9ber Xavier, C\u00e9sar Sampaio, Matheus Bachi, Taffarel, Thomaz Ara\u00fajo [&hellip;]<\/p>\n","protected":false},"author":55,"featured_media":0,"comment_status":"open","ping_status":"closed","sticky":false,"template":"","format":"standard","meta":{"footnotes":""},"categories":[203,68,856,83,345,3,734],"tags":[],"class_list":["post-128468","post","type-post","status-publish","format-standard","hentry","category-sergio-mello","category-blog-historia-do-futebol","category-brasil","category-x9-curiosidades","category-fotos-historicas","category-historia-do-futebol","category-selecao-nacional"],"_links":{"self":[{"href":"https:\/\/historiadofutebol.com\/blog\/index.php?rest_route=\/wp\/v2\/posts\/128468","targetHints":{"allow":["GET"]}}],"collection":[{"href":"https:\/\/historiadofutebol.com\/blog\/index.php?rest_route=\/wp\/v2\/posts"}],"about":[{"href":"https:\/\/historiadofutebol.com\/blog\/index.php?rest_route=\/wp\/v2\/types\/post"}],"author":[{"embeddable":true,"href":"https:\/\/historiadofutebol.com\/blog\/index.php?rest_route=\/wp\/v2\/users\/55"}],"replies":[{"embeddable":true,"href":"https:\/\/historiadofutebol.com\/blog\/index.php?rest_route=%2Fwp%2Fv2%2Fcomments&post=128468"}],"version-history":[{"count":2,"href":"https:\/\/historiadofutebol.com\/blog\/index.php?rest_route=\/wp\/v2\/posts\/128468\/revisions"}],"predecessor-version":[{"id":128471,"href":"https:\/\/historiadofutebol.com\/blog\/index.php?rest_route=\/wp\/v2\/posts\/128468\/revisions\/128471"}],"wp:attachment":[{"href":"https:\/\/historiadofutebol.com\/blog\/index.php?rest_route=%2Fwp%2Fv2%2Fmedia&parent=128468"}],"wp:term":[{"taxonomy":"category","embeddable":true,"href":"https:\/\/historiadofutebol.com\/blog\/index.php?rest_route=%2Fwp%2Fv2%2Fcategories&post=128468"},{"taxonomy":"post_tag","embeddable":true,"href":"https:\/\/historiadofutebol.com\/blog\/index.php?rest_route=%2Fwp%2Fv2%2Ftags&post=128468"}],"curies":[{"name":"wp","href":"https:\/\/api.w.org\/{rel}","templated":true}]}}