{"id":128228,"date":"2018-10-09T00:51:00","date_gmt":"2018-10-09T03:51:00","guid":{"rendered":"https:\/\/historiadofutebol.com\/blog\/?p=128228"},"modified":"2022-10-09T01:27:58","modified_gmt":"2022-10-09T04:27:58","slug":"foto-rara-de-1980-vi-copao-da-amazonia-de-1980-ferroviario-atletico-clube-porto-velho-ro-foi-o-campeao","status":"publish","type":"post","link":"https:\/\/historiadofutebol.com\/blog\/?p=128228","title":{"rendered":"Foto Rara, de 1980: VI Cop\u00e3o da Amaz\u00f4nia de 1980, Ferrovi\u00e1rio Atl\u00e9tico Clube &#8211; Porto Velho (RO) foi o Campe\u00e3o!"},"content":{"rendered":"<div class=\"wp-block-image\">\n<figure class=\"aligncenter size-large is-resized\"><img loading=\"lazy\" decoding=\"async\" src=\"https:\/\/historiadofutebol.com\/blog\/wp-content\/uploads\/2022\/10\/FAC-RO-500x291.jpg\" alt=\"\" class=\"wp-image-128229\" width=\"657\" height=\"382\" srcset=\"https:\/\/historiadofutebol.com\/blog\/wp-content\/uploads\/2022\/10\/FAC-RO-500x291.jpg 500w, https:\/\/historiadofutebol.com\/blog\/wp-content\/uploads\/2022\/10\/FAC-RO-300x174.jpg 300w, https:\/\/historiadofutebol.com\/blog\/wp-content\/uploads\/2022\/10\/FAC-RO-768x447.jpg 768w, https:\/\/historiadofutebol.com\/blog\/wp-content\/uploads\/2022\/10\/FAC-RO-624x363.jpg 624w, https:\/\/historiadofutebol.com\/blog\/wp-content\/uploads\/2022\/10\/FAC-RO.jpg 1276w\" sizes=\"auto, (max-width: 657px) 100vw, 657px\" \/><figcaption><em><strong>Ferrovi\u00e1rio A.C. foi o grande Campe\u00e3o<\/strong><\/em><\/figcaption><\/figure><\/div>\n\n\n<p>A <strong><em>VI Cop\u00e3o da Amaz\u00f4nia de 1980<\/em><\/strong>, aconteceu entre os <em>dias 3 a 11 de setembro de 1980<\/em>. A competi\u00e7\u00e3o contou com a participa\u00e7\u00e3o de seis equipes, de quatro estados da regi\u00e3o norte do pa\u00eds:<\/p>\n\n\n\n<p><strong><em>Amap\u00e1 Clube<\/em><\/strong><em> (Amap\u00e1);<\/em><\/p>\n\n\n\n<p><strong><em>Trem Desportivo Clube<\/em><\/strong><em> (Amap\u00e1);<\/em><\/p>\n\n\n\n<p><strong><em>Ferrovi\u00e1rio Atl\u00e9tico Clube<\/em><\/strong><em> (Rond\u00f4nia);<\/em><\/p>\n\n\n\n<p><strong><em>Rio Branco Football Club<\/em><\/strong><em> (Acre);<\/em><\/p>\n\n\n\n<p><strong><em>Atl\u00e9tico Clube Juventus<\/em><\/strong><em> (Acre);<\/em><\/p>\n\n\n\n<p><strong><em>Atl\u00e9tico Roraima Clube<\/em><\/strong><em> (Roraima)<\/em>.<\/p>\n\n\n\n<p>A grande final da <strong><em>VI Cop\u00e3o da Amaz\u00f4nia de 1980, <\/em><\/strong>aconteceu <em>na quinta-feira, do 11 de Setembro de 1980<\/em>, entre o <strong><em>Trem Desportivo Clube<\/em><\/strong><em> (Amap\u00e1) <\/em>e<strong><em> Ferrovi\u00e1rio Atl\u00e9tico Clube<\/em><\/strong><em> (Rond\u00f4nia), no Est\u00e1dio Glic\u00e9rio Marques<\/em>, em Macap\u00e1 (AP).<\/p>\n\n\n\n<p>No final, melhor para o <strong><em>Ferrovi\u00e1rio<\/em><\/strong> que bateu o <strong><em>Trem<\/em><\/strong> &nbsp;por 1 a 0, e ficou o t\u00edtulo do torneio. O da vit\u00f3ria foi assinalado logo aos 30 segundos do primeiro tempo, por interm\u00e9dio de <em>Ronildo<\/em>.<\/p>\n\n\n\n<p><strong>Delega\u00e7\u00e3o do Ferrovi\u00e1rio Atl\u00e9tico Clube, de Porto Velho (RO):<\/strong><\/p>\n\n\n\n<p><strong><em>Presidente da Delega\u00e7\u00e3o &#8211;<\/em><\/strong><em> Valter Santos Barbosa<\/em>;<\/p>\n\n\n\n<p><strong><em>Supervisor<\/em><\/strong><em> &#8211; Pedro Paulo<\/em>;<\/p>\n\n\n\n<p><strong><em>M\u00e9dico &#8211;<\/em><\/strong><em> Dr. S\u00e9rgio Dauri<\/em>;<\/p>\n\n\n\n<p><strong><em>T\u00e9cnico &#8211;<\/em><\/strong><em> Edson \u00c2ngelo<\/em>;<\/p>\n\n\n\n<p><strong><em>Massagista &#8211;<\/em><\/strong><em> Liberato Ara\u00fajo<\/em>;<\/p>\n\n\n\n<p><strong><em>Atletas &#8211; <\/em><\/strong><em>Iata, Jair, Raul Gil, Juarez, Fio, Zec\u00e3o, Reginaldo, Da Silva, Jo\u00e3ozinho, Rubinho, Reis, Ivan, Caetano, Soares, Dilson, Canhoto, Gelber, Ronildo e Treco<\/em>.<\/p>\n\n\n\n<p><strong><em><u>FOTO<\/u><\/em><\/strong><strong><em>:<\/em><\/strong><em> Acervo de Adalberto (ex-atleta do Ferrovi\u00e1rio AC\/RO)<\/em><\/p>\n\n\n\n<p><strong><em><u>FONTE<\/u><\/em><\/strong><strong><em>:<\/em><\/strong><em> Cop\u00e3o da Amaz\u00f4nia &#8211; 1975\/90<\/em><\/p>\n","protected":false},"excerpt":{"rendered":"<p>A VI Cop\u00e3o da Amaz\u00f4nia de 1980, aconteceu entre os dias 3 a 11 de setembro de 1980. A competi\u00e7\u00e3o contou com a participa\u00e7\u00e3o de seis equipes, de quatro estados da regi\u00e3o norte do pa\u00eds: Amap\u00e1 Clube (Amap\u00e1); Trem Desportivo Clube (Amap\u00e1); Ferrovi\u00e1rio Atl\u00e9tico Clube (Rond\u00f4nia); Rio Branco Football Club (Acre); Atl\u00e9tico Clube Juventus (Acre); [&hellip;]<\/p>\n","protected":false},"author":55,"featured_media":0,"comment_status":"open","ping_status":"closed","sticky":false,"template":"","format":"standard","meta":{"footnotes":""},"categories":[203,28,29,531,83,345,3,48,49],"tags":[],"class_list":["post-128228","post","type-post","status-publish","format-standard","hentry","category-sergio-mello","category-acre","category-amapa","category-carencias","category-x9-curiosidades","category-fotos-historicas","category-historia-do-futebol","category-rondonia","category-roraima"],"_links":{"self":[{"href":"https:\/\/historiadofutebol.com\/blog\/index.php?rest_route=\/wp\/v2\/posts\/128228","targetHints":{"allow":["GET"]}}],"collection":[{"href":"https:\/\/historiadofutebol.com\/blog\/index.php?rest_route=\/wp\/v2\/posts"}],"about":[{"href":"https:\/\/historiadofutebol.com\/blog\/index.php?rest_route=\/wp\/v2\/types\/post"}],"author":[{"embeddable":true,"href":"https:\/\/historiadofutebol.com\/blog\/index.php?rest_route=\/wp\/v2\/users\/55"}],"replies":[{"embeddable":true,"href":"https:\/\/historiadofutebol.com\/blog\/index.php?rest_route=%2Fwp%2Fv2%2Fcomments&post=128228"}],"version-history":[{"count":2,"href":"https:\/\/historiadofutebol.com\/blog\/index.php?rest_route=\/wp\/v2\/posts\/128228\/revisions"}],"predecessor-version":[{"id":129841,"href":"https:\/\/historiadofutebol.com\/blog\/index.php?rest_route=\/wp\/v2\/posts\/128228\/revisions\/129841"}],"wp:attachment":[{"href":"https:\/\/historiadofutebol.com\/blog\/index.php?rest_route=%2Fwp%2Fv2%2Fmedia&parent=128228"}],"wp:term":[{"taxonomy":"category","embeddable":true,"href":"https:\/\/historiadofutebol.com\/blog\/index.php?rest_route=%2Fwp%2Fv2%2Fcategories&post=128228"},{"taxonomy":"post_tag","embeddable":true,"href":"https:\/\/historiadofutebol.com\/blog\/index.php?rest_route=%2Fwp%2Fv2%2Ftags&post=128228"}],"curies":[{"name":"wp","href":"https:\/\/api.w.org\/{rel}","templated":true}]}}