{"id":128082,"date":"2022-10-04T22:54:08","date_gmt":"2022-10-05T01:54:08","guid":{"rendered":"https:\/\/historiadofutebol.com\/blog\/?p=128082"},"modified":"2022-10-05T17:48:36","modified_gmt":"2022-10-05T20:48:36","slug":"torneio-internacional-de-verao-de-1972-flamengo-e-campeao-fio-maravilha-faz-golaco-e-ganha-musica-de-jorge-ben-jor","status":"publish","type":"post","link":"https:\/\/historiadofutebol.com\/blog\/?p=128082","title":{"rendered":"Torneio Internacional de Ver\u00e3o de 1972: Flamengo \u00e9 campe\u00e3o! Fio Maravilha faz gola\u00e7o e ganha m\u00fasica de Jorge Ben Jor"},"content":{"rendered":"<div class=\"wp-block-image\">\n<figure class=\"aligncenter size-large is-resized\"><img loading=\"lazy\" decoding=\"async\" src=\"https:\/\/historiadofutebol.com\/blog\/wp-content\/uploads\/2022\/10\/Flamengo-1972-500x339.jpg\" alt=\"\" class=\"wp-image-128089\" width=\"658\" height=\"446\" srcset=\"https:\/\/historiadofutebol.com\/blog\/wp-content\/uploads\/2022\/10\/Flamengo-1972-500x339.jpg 500w, https:\/\/historiadofutebol.com\/blog\/wp-content\/uploads\/2022\/10\/Flamengo-1972-300x203.jpg 300w, https:\/\/historiadofutebol.com\/blog\/wp-content\/uploads\/2022\/10\/Flamengo-1972-624x423.jpg 624w, https:\/\/historiadofutebol.com\/blog\/wp-content\/uploads\/2022\/10\/Flamengo-1972.jpg 750w\" sizes=\"auto, (max-width: 658px) 100vw, 658px\" \/><figcaption><strong>EM P\u00c9 (esquerda para a direita):<\/strong> Alo\u00edsio, Fred, Ubirajara, Reyes, Liminha e Paulo Henrique;<br \/><strong>AGACHADOS (esquerda para a direita):<\/strong> Mineiro (Massagista), Rog\u00e9rio, Z\u00e9 Mario, Narciso Doval, Caio Cambalhota e Paulo C\u00e9sar Caju.<\/figcaption><\/figure><\/div>\n\n\n<p><em><strong><mark style=\"background-color:rgba(0, 0, 0, 0);color:#000000\" class=\"has-inline-color\">Por: S\u00e9rgio Mello<\/mark><\/strong><\/em><\/p>\n\n\n\n<p>O <strong><em>Torneio Internacional de Ver\u00e3o de 1972<\/em><\/strong>, foi realizado entre os dias 15 a 20 de janeiro de 1972. O evento contou com a participa\u00e7\u00e3o de tr\u00eas equipes: <strong><em>Clube de Regatas Flamengo<\/em><\/strong>, <strong><em>Clube de Regatas Vasco da Gama<\/em><\/strong> e o <strong><em>Sport Lisboa e Benfica (Portugal)<\/em><\/strong>.<\/p>\n\n\n\n<p>As equipes se enfrentaram em um turno \u00fanico e o campe\u00e3o seria aquele com o maior n\u00famero de pontos. Os tr\u00eas jogos foram realizados no imponente est\u00e1dio do Maracan\u00e3.<\/p>\n\n\n<div class=\"wp-block-image\">\n<figure class=\"aligncenter size-large\"><img loading=\"lazy\" decoding=\"async\" width=\"281\" height=\"500\" src=\"https:\/\/historiadofutebol.com\/blog\/wp-content\/uploads\/2022\/10\/ZAGALLO-281x500.jpg\" alt=\"\" class=\"wp-image-128090\" srcset=\"https:\/\/historiadofutebol.com\/blog\/wp-content\/uploads\/2022\/10\/ZAGALLO-281x500.jpg 281w, https:\/\/historiadofutebol.com\/blog\/wp-content\/uploads\/2022\/10\/ZAGALLO-169x300.jpg 169w, https:\/\/historiadofutebol.com\/blog\/wp-content\/uploads\/2022\/10\/ZAGALLO.jpg 323w\" sizes=\"auto, (max-width: 281px) 100vw, 281px\" \/><figcaption><em><strong>T\u00e9cnico do Flamengo: Zagallo<\/strong><\/em><\/figcaption><\/figure><\/div>\n\n\n<p><strong><mark style=\"background-color:rgba(0, 0, 0, 0)\" class=\"has-inline-color has-blue-color\">Regulamento<\/mark><\/strong><\/p>\n\n\n\n<p>Por jogo, s\u00f3 seriam permitidas duas substitui\u00e7\u00f5es em cada time, conforme a recomenda\u00e7\u00e3o da <strong><em>FIFA<\/em><\/strong>. Se o torneio terminar empatado entre tr\u00eas clubes, ser\u00e1 campe\u00e3o o que tiver o melhor saldo de gols. Se persistir, vale o <em>gol-average<\/em> e ainda o sorteio est\u00e1 previsto em \u00faltima hip\u00f3tese.<\/p>\n\n\n\n<p>No caso do torneio terminar empatado entre dois clubes, haver\u00e1 uma partida extra, com prorroga\u00e7\u00e3o de 30 minutos <em>(15 minutos cada tempo)<\/em>, caso termine empatado. E, se a igualdade persistir, a decis\u00e3o ser\u00e1 nos p\u00eanaltis para definir o campe\u00e3o!<\/p>\n\n\n\n<p><strong><mark style=\"background-color:rgba(0, 0, 0, 0)\" class=\"has-inline-color has-blue-color\">Pre\u00e7os dos Ingressos para os tr\u00eas jogos:<\/mark><\/strong><\/p>\n\n\n\n<p><strong><em>Camarote lateral &#8211;<\/em><\/strong><em> Cr$ 100,00<\/em>;<\/p>\n\n\n\n<p><strong><em>Camarote de curva &#8211;<\/em><\/strong><em> Cr$ 60,00<\/em>;<\/p>\n\n\n\n<p><strong><em>Cadeira especial &#8211;<\/em><\/strong><em> Cr$ 30,00<\/em>;<\/p>\n\n\n\n<p><strong><em>Cadeira numerada lateral &#8211;<\/em><\/strong><em> Cr$ 20,00<\/em>;<\/p>\n\n\n\n<p><strong><em>Cadeira sem n\u00famero atr\u00e1s do gol &#8211;<\/em><\/strong><em> Cr$ 12,00<\/em>;<\/p>\n\n\n\n<p><strong><em>Arquibancada &#8211;<\/em><\/strong><em> Cr$ 7,00<\/em>;<\/p>\n\n\n\n<p><strong><em>Geral &#8211;<\/em><\/strong><em> Cr$ 2,00<\/em>;<\/p>\n\n\n<div class=\"wp-block-image\">\n<figure class=\"aligncenter size-large is-resized\"><img loading=\"lazy\" decoding=\"async\" src=\"https:\/\/historiadofutebol.com\/blog\/wp-content\/uploads\/2022\/10\/FLA-FIO-72-500x256.jpg\" alt=\"\" class=\"wp-image-128098\" width=\"654\" height=\"335\" srcset=\"https:\/\/historiadofutebol.com\/blog\/wp-content\/uploads\/2022\/10\/FLA-FIO-72-500x256.jpg 500w, https:\/\/historiadofutebol.com\/blog\/wp-content\/uploads\/2022\/10\/FLA-FIO-72-300x154.jpg 300w, https:\/\/historiadofutebol.com\/blog\/wp-content\/uploads\/2022\/10\/FLA-FIO-72-768x394.jpg 768w, https:\/\/historiadofutebol.com\/blog\/wp-content\/uploads\/2022\/10\/FLA-FIO-72-624x320.jpg 624w, https:\/\/historiadofutebol.com\/blog\/wp-content\/uploads\/2022\/10\/FLA-FIO-72.jpg 1288w\" sizes=\"auto, (max-width: 654px) 100vw, 654px\" \/><\/figure><\/div>\n\n\n<p class=\"has-text-align-center\"><strong><mark style=\"background-color:rgba(0, 0, 0, 0);color:#fc0000\" class=\"has-inline-color\">Meng\u00e3o estreia com vit\u00f3ria<\/mark><\/strong><\/p>\n\n\n\n<p>O <strong><em>Benfica<\/em><\/strong> desembarcou no Rio de Janeiro, a fim de disputar o <strong><em>Torneio Internacional de Ver\u00e3o de 1972<\/em><\/strong>. Na ocasi\u00e3o, o <strong><em>clube portugu\u00eas<\/em><\/strong> vinha de goleada sobre o rival <strong><em>Sporting<\/em><\/strong>, por <strong><em>3 a 0<\/em><\/strong>, v\u00e1lido pelo <strong><em>Campeonato Portugu\u00eas da 1\u00aa Divis\u00e3o de 1972\/73<\/em><\/strong>. Para se ter uma ideia, os <strong><em>Encarnados<\/em><\/strong> sob o comando do ingl\u00eas <em>Jimmy Hagan<\/em> disputou 14 jogos, vencendo todos, liderando com folga: <strong><em>28 pontos<\/em><\/strong>.<\/p>\n\n\n\n<p>No final, o <strong><em>Benfica<\/em><\/strong> se sagrou <strong><em>campe\u00e3o<\/em><\/strong> <strong><em>Portugu\u00eas invicto<\/em><\/strong>: <strong><em>58 pontos<\/em><\/strong> <strong><em>em 30 jogos, com 28 vit\u00f3rias e dois empates; marcando 101 gols, sofrendo 13 e um saldo pomposo de 88 gols<\/em><\/strong>.&nbsp; &nbsp;<\/p>\n\n\n\n<p><em>No s\u00e1bado, \u00e0s 21 horas e 15 minutos, do dia 15 de Janeiro de 1972<\/em>, o jogo de abertura foi entre o <strong><em>Clube de Regatas Flamengo<\/em><\/strong> e <strong><em>Sport Lisboa e Benfica<\/em><\/strong>, de Portugal, no est\u00e1dio Mario Filho, o Maracan\u00e3, no bairro hom\u00f4nimo, situado na zona Norte do Rio.<\/p>\n\n\n\n<p>O <strong><em>Meng\u00e3o<\/em><\/strong> derrotou o <strong><em>Benfica<\/em><\/strong> por <strong><em>1 a 0<\/em><\/strong>, com um gola\u00e7o de placa! Aos 33 minutos, do segundo tempo, o zagueiro paraguaio <em>Reyes<\/em> tomou a bola de <em>Jord\u00e3o<\/em> e tocou no meio de campo para <em>Samarone<\/em>.<\/p>\n\n\n\n<p>Este que tocou para <em>Rog\u00e9rio<\/em> que lan\u00e7ou na intermedi\u00e1ria para <em>Fio<\/em>. O atacante passou na corrida por <em>Rui Rodrigues<\/em>, e, quando o goleiro <em>Z\u00e9 Henrique<\/em> saiu para tentar interceptar, <em>Fio<\/em> deu o <em>&#8216;drible da vaca&#8217;<\/em> <em>(jogou a bola de um lado e pegou no outro)<\/em> e tocou para o fundo das redes, levando a torcida rubro-negra ao puro \u00eaxtase!&nbsp; &nbsp;<\/p>\n\n\n<div class=\"wp-block-image\">\n<figure class=\"aligncenter size-large is-resized\"><img loading=\"lazy\" decoding=\"async\" src=\"https:\/\/historiadofutebol.com\/blog\/wp-content\/uploads\/2022\/10\/FIO-369x500.jpg\" alt=\"\" class=\"wp-image-128096\" width=\"369\" height=\"500\" srcset=\"https:\/\/historiadofutebol.com\/blog\/wp-content\/uploads\/2022\/10\/FIO-369x500.jpg 369w, https:\/\/historiadofutebol.com\/blog\/wp-content\/uploads\/2022\/10\/FIO-221x300.jpg 221w, https:\/\/historiadofutebol.com\/blog\/wp-content\/uploads\/2022\/10\/FIO-768x1041.jpg 768w, https:\/\/historiadofutebol.com\/blog\/wp-content\/uploads\/2022\/10\/FIO-624x846.jpg 624w, https:\/\/historiadofutebol.com\/blog\/wp-content\/uploads\/2022\/10\/FIO.jpg 924w\" sizes=\"auto, (max-width: 369px) 100vw, 369px\" \/><figcaption><em><strong>Fio Maravilha<\/strong><\/em><\/figcaption><\/figure><\/div>\n\n\n<p class=\"has-text-align-center\"><strong><mark style=\"background-color:rgba(0, 0, 0, 0);color:#000000\" class=\"has-inline-color\">T\u00e1 sabendo? O gol de Fio, inspirou na cria\u00e7\u00e3o da can\u00e7\u00e3o de Jorge Ben<\/mark><\/strong><\/p>\n\n\n\n<p><strong>Curiosidade n\u00ba 1 &#8211;<\/strong> nessa partida, o gol do atacante <strong><em>rubro-negro<\/em><\/strong> <em>Fio (que tinha completado 27 anos, quatro dias antes)<\/em>, acabou inspirando o cantor e compositor <em>Jorge Ben Jor<\/em>, que comp\u00f4s a m\u00fasica &#8220;<em>Fio Maravilha<\/em>&#8220;. A partir da\u00ed, o jogador passou a ser conhecido por <em>Fio Maravilha<\/em>.<\/p>\n\n\n\n<p>Essa can\u00e7\u00e3o hom\u00f4nima, grande sucesso nacional, vencedora do <strong><em>Festival Internacional <\/em><\/strong><em><strong>da <\/strong><\/em><strong><em>Can\u00e7\u00e3o de 1972<\/em> <\/strong><em>(na voz de Maria Alcina)<\/em><strong>, que narra o feito contra a equipe portuguesa:<\/strong><\/p>\n\n\n\n<p>&#8220;<em>Tabelou, driblou dois zagueiros\/ Deu um toque driblou o goleiro\/ S\u00f3 n\u00e3o entrou com bola e tudo\/ Porque teve humildade em gol<\/em>&#8220;. O gol <em>(&#8220;de anjo, um verdadeiro gol de placa&#8221;, segundo Jorge Ben)<\/em>.<\/p>\n\n\n\n<p><strong>Curiosidade n\u00ba 2 &#8211;<\/strong> Detalhe que o contrato de <em>Fio Maravilha<\/em> com o <strong><em>Flamengo <\/em><\/strong>j\u00e1 havia expirado h\u00e1 <em>15 dias<\/em><strong>, <\/strong>que o renovou em raz\u00e3o do gola\u00e7o. <em>Fio Maravilha<\/em> falou sobre a jogada que resultou no gola\u00e7o:<\/p>\n\n\n\n<p>&#8220;<em>Quando eu recebi a bola do Rog\u00e9rio, eu vim, consegui driblar os dois zagueiros, e os beques correndo atr\u00e1s de mim. Aqui o goleiro saiu, eu fiz que ia para o meio do gol, para o meio da \u00e1rea, inverti e sa\u00ed pelo lado esquerdo, o goleiro caiu&#8230; Em cima da marca da pequena \u00e1rea, eu toquei para o gol. Porque eu n\u00e3o quis correr o risco de trope\u00e7ar, acontecer alguma coisa, e perder. E daqui fiz o gol e sa\u00ed para a galera<\/em>&#8220;, revelou<\/p>\n\n\n\n<h2 class=\"has-text-align-center wp-block-heading\"><strong><mark style=\"background-color:rgba(0, 0, 0, 0);color:#d71515\" class=\"has-inline-color\">C.R. FLA<\/mark>MENGO (RJ)&nbsp;&nbsp;&nbsp;&nbsp;&nbsp;&nbsp; 1&nbsp;&nbsp;&nbsp;&nbsp;&nbsp;&nbsp;&nbsp;&nbsp;&nbsp; X&nbsp;&nbsp;&nbsp;&nbsp;&nbsp;&nbsp;&nbsp;&nbsp; 0&nbsp;&nbsp;&nbsp;&nbsp;&nbsp;&nbsp;&nbsp;&nbsp;<mark style=\"background-color:rgba(0, 0, 0, 0);color:#ff0022\" class=\"has-inline-color\">&nbsp; S.L. BENFICA (POR)<\/mark><\/strong><\/h2>\n\n\n\n<figure class=\"wp-block-table is-style-stripes\"><table><tbody><tr><td><strong>LOCAL<\/strong><\/td><td>Est\u00e1dio Mario Filho, o Maracan\u00e3, no bairro hom\u00f4nimo, situado na zona Norte do Rio (RJ)<\/td><\/tr><tr><td><strong>CAR\u00c1TER<\/strong><\/td><td>Torneio Internacional de Ver\u00e3o de 1972<\/td><\/tr><tr><td><strong>DATA<\/strong><\/td><td>S\u00e1bado, do dia 15 de Janeiro de 1972<\/td><\/tr><tr><td><strong>HOR\u00c1RIO<\/strong><\/td><td>21 horas e 15 minutos<\/td><\/tr><tr><td><strong>RENDA<\/strong><\/td><td>Cr$ 283.847,00<\/td><\/tr><tr><td><strong>P\u00daBLICO<\/strong><\/td><td>44.282 pagantes (44.440 presentes)<\/td><\/tr><tr><td><strong>\u00c1RBITRO<\/strong><\/td><td>Airton Vieira de Morais (FCF &#8211; Federa\u00e7\u00e3o Carioca de Futebol)<\/td><\/tr><tr><td><strong>AUXILIARES<\/strong><\/td><td>Geraldino C\u00e9sar (FCF) e Artur Ribeiro de Ara\u00fajo (FCF)<\/td><\/tr><tr><td><strong>FLAMENGO<\/strong><\/td><td>Ubirajara; Alu\u00edsio, Fred, Reyes e Paulo Henrique; Liminha e Rodrigues Neto; Rog\u00e9rio, Caio Cambalhota (Samarone), Paulo C\u00e9sar Caju e Ar\u00edlson (Fio Maravilha). <strong>T\u00e9cnico:<\/strong> Mario Jorge Lobo Zagallo<\/td><\/tr><tr><td><strong>BENFICA<\/strong><\/td><td>Z\u00e9 Henrique; Malta da Silva, Messias, Rui Rodrigues e Artur; Toni (Eurico) e Vitor Martins (Adolfo); Nen\u00ea, Jord\u00e3o, Diamantino e Sim\u00f5es. <strong>T\u00e9cnico:<\/strong> Jimmy Hagan<\/td><\/tr><tr><td><strong>GOL<\/strong><\/td><td>Fio aos 33 minutos (Flamengo), no 2\u00ba Tempo.<\/td><\/tr><\/tbody><\/table><\/figure>\n\n\n<div class=\"wp-block-image\">\n<figure class=\"aligncenter size-large is-resized\"><img loading=\"lazy\" decoding=\"async\" src=\"https:\/\/historiadofutebol.com\/blog\/wp-content\/uploads\/2022\/10\/SLB-72-500x316.jpg\" alt=\"\" class=\"wp-image-128091\" width=\"652\" height=\"412\" srcset=\"https:\/\/historiadofutebol.com\/blog\/wp-content\/uploads\/2022\/10\/SLB-72-500x316.jpg 500w, https:\/\/historiadofutebol.com\/blog\/wp-content\/uploads\/2022\/10\/SLB-72-300x189.jpg 300w, https:\/\/historiadofutebol.com\/blog\/wp-content\/uploads\/2022\/10\/SLB-72-624x394.jpg 624w, https:\/\/historiadofutebol.com\/blog\/wp-content\/uploads\/2022\/10\/SLB-72.jpg 768w\" sizes=\"auto, (max-width: 652px) 100vw, 652px\" \/><figcaption><strong>EM P\u00c9 (esquerda para a direita):<\/strong> Malta da Silva, Messias, Toni, Rui Rodrigues, Artur e Z\u00e9 Henrique.<br \/><strong>AGACHADOS (esquerda para a direita):<\/strong> Nen\u00ea, Vitor Martins, Jord\u00e3o, Diamantino e Sim\u00f5es.<\/figcaption><\/figure><\/div>\n\n\n<p class=\"has-text-align-center\"><strong><mark style=\"background-color:rgba(0, 0, 0, 0);color:#000000\" class=\"has-inline-color\">Vasc\u00e3o perde na estreia para o Benfica&nbsp;<\/mark><\/strong><\/p>\n\n\n\n<p><em>Na ter\u00e7a-feira, \u00e0s 21h15min., do dia 18 de Janeiro de 1972<\/em>, o <strong><em>Clube de Regatas Vasco da Gama<\/em><\/strong> enfrentou o &#8220;<em>ferido<\/em>&#8221; <strong><em>Sport Lisboa e Benfica (Portugal)<\/em><\/strong>, no Maracan\u00e3. Sem apresentar um ritmo de jogo, o <strong><em>Vasco<\/em><\/strong> acabou derrotado pelo <strong><em>Benfica<\/em><\/strong> pelo placar de <strong><em>2 a 0<\/em><\/strong>, e ficou com poucas chances de ficar com o t\u00edtulo.<\/p>\n\n\n\n<p><strong><mark style=\"background-color:rgba(0, 0, 0, 0);color:#040404\" class=\"has-inline-color\">Um gol em cada tempo<\/mark><\/strong><\/p>\n\n\n\n<p>Aos 24 minutos do primeiro tempo, <em>Toni<\/em> entregou a <em>Eus\u00e9bio<\/em>, que de primeira tocou para <em>Jord\u00e3o<\/em>. Ren\u00ea estava na jogada, para a cobertura, mas furou. <em>Jord\u00e3o<\/em> pegou a bola, invadiu a \u00e1rea, e, mesmo acossado por <em>Alfinete<\/em>, tocou forte, de perna esquerda, no centro do gol, batendo <em>Andrada<\/em>, que sair\u00e1 no seu encal\u00e7o.&nbsp;&nbsp; &nbsp;&nbsp;<\/p>\n\n\n\n<p>Aos 20 minutos da etapa final, <em>Nen\u00ea<\/em> passou por <em>Alfinete<\/em>, foi \u00e0 linha de fundo e tocou para tr\u00e1s. <em>Sim\u00f5es<\/em> recebeu livre na marca do p\u00eanalti e n\u00e3o teve nenhum trabalho em chutar de perna direita e rasteiro, no canto direito do goleiro argentino <em>Andrada<\/em>, que nada pode fazer.<\/p>\n\n\n<div class=\"wp-block-image\">\n<figure class=\"aligncenter size-full is-resized\"><img loading=\"lazy\" decoding=\"async\" src=\"https:\/\/historiadofutebol.com\/blog\/wp-content\/uploads\/2022\/10\/JIMMY-HAGAN.png\" alt=\"\" class=\"wp-image-128092\" width=\"248\" height=\"377\" srcset=\"https:\/\/historiadofutebol.com\/blog\/wp-content\/uploads\/2022\/10\/JIMMY-HAGAN.png 207w, https:\/\/historiadofutebol.com\/blog\/wp-content\/uploads\/2022\/10\/JIMMY-HAGAN-197x300.png 197w\" sizes=\"auto, (max-width: 248px) 100vw, 248px\" \/><figcaption><em><strong>T\u00e9cnico do Benfica:  Jimmy Hagan<\/strong><\/em><\/figcaption><\/figure><\/div>\n\n\n<h2 class=\"has-text-align-center wp-block-heading\"><strong><mark style=\"background-color:rgba(0, 0, 0, 0);color:#000000\" class=\"has-inline-color\">C.R. VASCO DA GAMA (RJ)&nbsp;<\/mark>&nbsp;&nbsp;&nbsp;&nbsp;&nbsp; 0&nbsp;&nbsp;&nbsp;&nbsp;&nbsp;&nbsp;&nbsp;&nbsp;&nbsp; X&nbsp;&nbsp;&nbsp;&nbsp;&nbsp;&nbsp;&nbsp;&nbsp; 2&nbsp;&nbsp;&nbsp;&nbsp;&nbsp;&nbsp;&nbsp;&nbsp;&nbsp; <mark style=\"background-color:rgba(0, 0, 0, 0);color:#ff0000\" class=\"has-inline-color\">S.L. BENFICA (POR)<\/mark><\/strong><\/h2>\n\n\n\n<figure class=\"wp-block-table is-style-stripes\"><table><tbody><tr><td><strong>LOCAL<\/strong><\/td><td>Est\u00e1dio Mario Filho, o Maracan\u00e3, no bairro hom\u00f4nimo, situado na zona Norte do Rio (RJ)<\/td><\/tr><tr><td><strong>CAR\u00c1TER<\/strong><\/td><td>Torneio Internacional de Ver\u00e3o de 1972<\/td><\/tr><tr><td><strong>DATA<\/strong><\/td><td>Ter\u00e7a-feira, do dia 18 de Janeiro de 1972<\/td><\/tr><tr><td><strong>HOR\u00c1RIO<\/strong><\/td><td>21 horas e 15 minutos<\/td><\/tr><tr><td><strong>RENDA<\/strong><\/td><td>Cr$ 136.961,00<\/td><\/tr><tr><td><strong>P\u00daBLICO<\/strong><\/td><td>22.097 pagantes<\/td><\/tr><tr><td><strong>\u00c1RBITRO<\/strong><\/td><td>Jos\u00e9 Aldo Pereira (FCF &#8211; Federa\u00e7\u00e3o Carioca de Futebol)<\/td><\/tr><tr><td><strong>AUXILIARES<\/strong><\/td><td>Alo\u00edsio Felisberto (FCF) e Neri Jos\u00e9 Proen\u00e7a (FCF)<\/td><\/tr><tr><td><strong>VASCO<\/strong><\/td><td>Andrade; Fid\u00e9lis, Mois\u00e9s, Ren\u00ea e Alfinete; Alcir Portella e Bugl\u00ea (Adilson); Lu\u00eds Carlos, Roberto (Ja\u00edlson), Ferreti e Pastoril. <strong>T\u00e9cnico:<\/strong> Zizinho<\/td><\/tr><tr><td><strong>BENFICA<\/strong><\/td><td>Z\u00e9 Henrique; Malta da Silva, Messias, Rui Rodrigues e Artur; Toni e Sim\u00f5es; Nen\u00ea, Jord\u00e3o (Zeca), Eus\u00e9bio (Adolfo) e Diamantino. <strong>T\u00e9cnico:<\/strong> Jimmy Hagan<\/td><\/tr><tr><td><strong>GOLS<\/strong><\/td><td>Jord\u00e3o aos 24 minutos (Benfica), no 1\u00ba Tempo. Sim\u00f5es aos 20 minutos (Benfica), no 2\u00ba Tempo.<\/td><\/tr><\/tbody><\/table><\/figure>\n\n\n\n<p class=\"has-text-align-center\"><strong><mark style=\"background-color:rgba(0, 0, 0, 0);color:#ca1111\" class=\"has-inline-color\">Meng\u00e3o bate o Vasco e fica com o t\u00edtulo<\/mark><\/strong><\/p>\n\n\n<div class=\"wp-block-image\">\n<figure class=\"aligncenter size-large is-resized\"><img loading=\"lazy\" decoding=\"async\" src=\"https:\/\/historiadofutebol.com\/blog\/wp-content\/uploads\/2022\/10\/FLA-CAJU-72-500x254.jpg\" alt=\"\" class=\"wp-image-128100\" width=\"655\" height=\"333\" srcset=\"https:\/\/historiadofutebol.com\/blog\/wp-content\/uploads\/2022\/10\/FLA-CAJU-72-500x254.jpg 500w, https:\/\/historiadofutebol.com\/blog\/wp-content\/uploads\/2022\/10\/FLA-CAJU-72-300x152.jpg 300w, https:\/\/historiadofutebol.com\/blog\/wp-content\/uploads\/2022\/10\/FLA-CAJU-72-768x390.jpg 768w, https:\/\/historiadofutebol.com\/blog\/wp-content\/uploads\/2022\/10\/FLA-CAJU-72-624x317.jpg 624w, https:\/\/historiadofutebol.com\/blog\/wp-content\/uploads\/2022\/10\/FLA-CAJU-72.jpg 1309w\" sizes=\"auto, (max-width: 655px) 100vw, 655px\" \/><\/figure><\/div>\n\n\n<p><em>No feriado da quinta-feira, \u00e0s 18 horas, do dia 20 de Janeiro de 1972<\/em>, jogaram o <strong><em>Clube de Regatas Flamengo <\/em><\/strong>e o<strong><em> Clube de Regatas Vasco da Gama<\/em><\/strong>, no Maracan\u00e3 para definir quem ficaria com o caneco. No final, o <strong><em>Rubro-negro<\/em><\/strong> venceu o <strong><em>Vasco<\/em><\/strong> por <strong><em>1 a 0<\/em><\/strong>, e se sagrou <strong><em>campe\u00e3o<\/em><\/strong> do <strong><em>Torneio Internacional de Ver\u00e3o de 1972<\/em><\/strong>.<\/p>\n\n\n\n<p><strong><mark style=\"background-color:rgba(0, 0, 0, 0);color:#030303\" class=\"has-inline-color\">O gol do t\u00edtulo<\/mark><\/strong><\/p>\n\n\n\n<p>Aos 32 minutos do primeiro tempo, <em>Rog\u00e9rio<\/em> entrou pela direita e cruzou sobre a \u00e1rea. A defesa do <strong><em>Vasco<\/em><\/strong> bobeou e <em>Paulo C\u00e9sar Caju<\/em>, num mergulho sensacional, cabeceou no canto esquerdo do goleiro Andrada para abrir o placar.<\/p>\n\n\n\n<h2 class=\"has-text-align-center wp-block-heading\"><strong><mark style=\"background-color:rgba(0, 0, 0, 0);color:#f70909\" class=\"has-inline-color\">C.R. FLA<\/mark><mark style=\"background-color:rgba(0, 0, 0, 0);color:#000000\" class=\"has-inline-color\">MENGO (RJ)<\/mark>&nbsp;&nbsp;&nbsp;&nbsp;&nbsp;&nbsp; 1&nbsp;&nbsp;&nbsp;&nbsp;&nbsp;&nbsp;&nbsp;&nbsp;&nbsp; X&nbsp;&nbsp;&nbsp;&nbsp;&nbsp;&nbsp;&nbsp;&nbsp; 0&nbsp;&nbsp;&nbsp;&nbsp;&nbsp;&nbsp;&nbsp;&nbsp;<mark style=\"background-color:rgba(0, 0, 0, 0);color:#000000\" class=\"has-inline-color\">&nbsp; C.R. VASCO DA GAMA (RJ)<\/mark><\/strong><\/h2>\n\n\n\n<figure class=\"wp-block-table is-style-stripes\"><table><tbody><tr><td><strong><mark style=\"background-color:rgba(0, 0, 0, 0);color:#010101\" class=\"has-inline-color\">LOCAL<\/mark><\/strong><\/td><td><mark style=\"background-color:rgba(0, 0, 0, 0);color:#000000\" class=\"has-inline-color\">Est\u00e1dio Mario Filho, o Maracan\u00e3, no bairro hom\u00f4nimo, situado na zona Norte do Rio (RJ)<\/mark><\/td><\/tr><tr><td><strong><mark style=\"background-color:rgba(0, 0, 0, 0);color:#000000\" class=\"has-inline-color\">CAR\u00c1TER<\/mark><\/strong><\/td><td><mark style=\"background-color:rgba(0, 0, 0, 0);color:#000000\" class=\"has-inline-color\">Torneio Internacional de Ver\u00e3o de 1972<\/mark><\/td><\/tr><tr><td><strong><mark style=\"background-color:rgba(0, 0, 0, 0);color:#080808\" class=\"has-inline-color\">DATA<\/mark><\/strong><\/td><td><mark style=\"background-color:rgba(0, 0, 0, 0);color:#000000\" class=\"has-inline-color\">Quinta-feira, do dia 20 de Janeiro de 1972<\/mark><\/td><\/tr><tr><td><strong><mark style=\"background-color:rgba(0, 0, 0, 0);color:#000000\" class=\"has-inline-color\">HOR\u00c1RIO<\/mark><\/strong><\/td><td><mark style=\"background-color:rgba(0, 0, 0, 0);color:#000000\" class=\"has-inline-color\">18 horas<\/mark><\/td><\/tr><tr><td><strong><mark style=\"background-color:rgba(0, 0, 0, 0);color:#000000\" class=\"has-inline-color\">RENDA<\/mark><\/strong><\/td><td><mark style=\"background-color:rgba(0, 0, 0, 0);color:#000000\" class=\"has-inline-color\">Cr$ 170.637,00<\/mark><\/td><\/tr><tr><td><strong><mark style=\"background-color:rgba(0, 0, 0, 0);color:#010101\" class=\"has-inline-color\">P\u00daBLICO<\/mark><\/strong><\/td><td><mark style=\"background-color:rgba(0, 0, 0, 0);color:#000000\" class=\"has-inline-color\">29.381 pagantes<\/mark><\/td><\/tr><tr><td><strong><mark style=\"background-color:rgba(0, 0, 0, 0);color:#121212\" class=\"has-inline-color\">\u00c1RBITRO<\/mark><\/strong><\/td><td><mark style=\"background-color:rgba(0, 0, 0, 0);color:#040404\" class=\"has-inline-color\">Jos\u00e9 Mar\u00e7al Filho (FCF &#8211; Federa\u00e7\u00e3o Carioca de Futebol)<\/mark><\/td><\/tr><tr><td><strong><mark style=\"background-color:rgba(0, 0, 0, 0);color:#010101\" class=\"has-inline-color\">AUXILIARES<\/mark><\/strong><\/td><td><mark style=\"background-color:rgba(0, 0, 0, 0);color:#000000\" class=\"has-inline-color\">Josias Miranda Paulino (FCF) e Jos\u00e9 Silveira (FCF)<\/mark><\/td><\/tr><tr><td><strong><mark style=\"background-color:rgba(0, 0, 0, 0);color:#000000\" class=\"has-inline-color\">FLAMENGO<\/mark><\/strong><\/td><td><mark style=\"background-color:rgba(0, 0, 0, 0);color:#000000\" class=\"has-inline-color\">Ubirajara; Alu\u00edsio, Fred, Reyes e Paulo Henrique; Liminha e Rodrigues Neto; Rog\u00e9rio, Caio Cambalhota (Fio Maravilha), Paulo C\u00e9sar Caju e Ar\u00edlson. <strong>T\u00e9cnico:<\/strong> Mario Jorge Lobo Zagallo<\/mark><\/td><\/tr><tr><td><strong><mark style=\"background-color:rgba(0, 0, 0, 0);color:#000000\" class=\"has-inline-color\">VASCO<\/mark><\/strong><\/td><td><mark style=\"background-color:rgba(0, 0, 0, 0);color:#141414\" class=\"has-inline-color\">Andrade; Fid\u00e9lis, Mois\u00e9s, Ren\u00ea e Alfinete; Alcir Portella e Adilson (Ja\u00edlson); Lu\u00eds Carlos, Roberto (Ga\u00facho), Ferreti e Gilson Nunes. <strong>T\u00e9cnico:<\/strong> Zizinho<\/mark><\/td><\/tr><tr><td><strong><mark style=\"background-color:rgba(0, 0, 0, 0);color:#020202\" class=\"has-inline-color\">GOL<\/mark><\/strong><\/td><td><mark style=\"background-color:rgba(0, 0, 0, 0);color:#000000\" class=\"has-inline-color\">Paulo C\u00e9sar Caju aos 32 minutos (Flamengo), no 1\u00ba Tempo.<\/mark><\/td><\/tr><\/tbody><\/table><\/figure>\n\n\n<div class=\"wp-block-image\">\n<figure class=\"aligncenter size-large is-resized\"><img loading=\"lazy\" decoding=\"async\" src=\"https:\/\/historiadofutebol.com\/blog\/wp-content\/uploads\/2022\/10\/Vasco-da-Gama-1972-500x281.jpg\" alt=\"\" class=\"wp-image-128093\" width=\"651\" height=\"366\" srcset=\"https:\/\/historiadofutebol.com\/blog\/wp-content\/uploads\/2022\/10\/Vasco-da-Gama-1972-500x281.jpg 500w, https:\/\/historiadofutebol.com\/blog\/wp-content\/uploads\/2022\/10\/Vasco-da-Gama-1972-300x169.jpg 300w, https:\/\/historiadofutebol.com\/blog\/wp-content\/uploads\/2022\/10\/Vasco-da-Gama-1972-768x432.jpg 768w, https:\/\/historiadofutebol.com\/blog\/wp-content\/uploads\/2022\/10\/Vasco-da-Gama-1972-624x351.jpg 624w, https:\/\/historiadofutebol.com\/blog\/wp-content\/uploads\/2022\/10\/Vasco-da-Gama-1972.jpg 1024w\" sizes=\"auto, (max-width: 651px) 100vw, 651px\" \/><figcaption><strong>EM P\u00c9 (esquerda para a direita):<\/strong> Andrada, Fid\u00e9lis, Eberval, Ga\u00facho, Mois\u00e9s e Ren\u00ea;<br \/><strong>AGACHADOS (esquerda para a direita):<\/strong> Marco Ant\u00f4nio, Bugl\u00ea, Ferreti, Lu\u00eds Carlos e Gilson Nunes.<\/figcaption><\/figure><\/div>\n\n\n<div class=\"wp-block-group\"><div class=\"wp-block-group__inner-container is-layout-flow wp-block-group-is-layout-flow\">\n<div class=\"wp-block-columns is-layout-flex wp-container-core-columns-is-layout-9d6595d7 wp-block-columns-is-layout-flex\">\n<div class=\"wp-block-column is-layout-flow wp-block-column-is-layout-flow\" style=\"flex-basis:100%\"><\/div>\n<\/div>\n<\/div><\/div>\n\n\n<div class=\"wp-block-image\">\n<figure class=\"aligncenter size-large is-resized\"><img loading=\"lazy\" decoding=\"async\" src=\"https:\/\/historiadofutebol.com\/blog\/wp-content\/uploads\/2022\/10\/tbl-500x104.jpg\" alt=\"\" class=\"wp-image-128107\" width=\"652\" height=\"136\" srcset=\"https:\/\/historiadofutebol.com\/blog\/wp-content\/uploads\/2022\/10\/tbl-500x104.jpg 500w, https:\/\/historiadofutebol.com\/blog\/wp-content\/uploads\/2022\/10\/tbl-300x62.jpg 300w, https:\/\/historiadofutebol.com\/blog\/wp-content\/uploads\/2022\/10\/tbl-768x159.jpg 768w, https:\/\/historiadofutebol.com\/blog\/wp-content\/uploads\/2022\/10\/tbl-624x130.jpg 624w, https:\/\/historiadofutebol.com\/blog\/wp-content\/uploads\/2022\/10\/tbl.jpg 886w\" sizes=\"auto, (max-width: 652px) 100vw, 652px\" \/><\/figure><\/div>\n\n<div class=\"wp-block-image\">\n<figure class=\"aligncenter size-full\"><img loading=\"lazy\" decoding=\"async\" width=\"400\" height=\"400\" src=\"https:\/\/historiadofutebol.com\/blog\/wp-content\/uploads\/2022\/10\/Zizinho.jpg\" alt=\"\" class=\"wp-image-128094\" srcset=\"https:\/\/historiadofutebol.com\/blog\/wp-content\/uploads\/2022\/10\/Zizinho.jpg 400w, https:\/\/historiadofutebol.com\/blog\/wp-content\/uploads\/2022\/10\/Zizinho-300x300.jpg 300w, https:\/\/historiadofutebol.com\/blog\/wp-content\/uploads\/2022\/10\/Zizinho-150x150.jpg 150w\" sizes=\"auto, (max-width: 400px) 100vw, 400px\" \/><figcaption><em><strong>T\u00e9cnico do Vasco: Zizinho<\/strong><\/em><\/figcaption><\/figure><\/div>\n\n\n<p class=\"has-text-align-center\"><strong><mark style=\"background-color:rgba(0, 0, 0, 0)\" class=\"has-inline-color has-blue-color\">Renda e P\u00fablico no Torneio<\/mark><\/strong><\/p>\n\n\n\n<p><mark style=\"background-color:rgba(0, 0, 0, 0);color:#000000\" class=\"has-inline-color\">O <strong><em>Torneio<\/em><\/strong> <strong><em>Internacional de Ver\u00e3o de 1972<\/em><\/strong>, teve um <strong><em>p\u00fablico<\/em><\/strong> <strong><em>total<\/em><\/strong>, nos tr\u00eas jogos, de <strong><em>95.760 pagantes<\/em><\/strong>, que deu uma m\u00e9dia de <strong><em>31.920 por partida<\/em><\/strong>. A <strong><em>Renda<\/em><\/strong> dos tr\u00eas jogos, gerou um montante de <strong><em>Cr$ 591.445,00<\/em><\/strong>, que deu uma m\u00e9dia de<strong><em> Cr$ 197.148,33<\/em><\/strong> por partida.<\/mark><\/p>\n\n\n\n<p><strong><mark style=\"background-color:rgba(0, 0, 0, 0)\" class=\"has-inline-color has-blue-color\"><em><u>Colaborou<\/u>:<\/em> <\/mark><\/strong><em><mark style=\"background-color:rgba(0, 0, 0, 0)\" class=\"has-inline-color has-blue-color\">Jos\u00e9 Le\u00f4ncio Carvalho<\/mark><\/em><\/p>\n\n\n\n<p><strong><mark style=\"background-color:rgba(0, 0, 0, 0);color:#900c0c\" class=\"has-inline-color\"><em><u>FOTOS<\/u>:<\/em> <\/mark><\/strong><em><mark style=\"background-color:rgba(0, 0, 0, 0);color:#900c0c\" class=\"has-inline-color\">Ser Benfiquista ponto com &#8211;<\/mark><\/em><strong><mark style=\"background-color:rgba(0, 0, 0, 0);color:#900c0c\" class=\"has-inline-color\"> <\/mark><\/strong><em><mark style=\"background-color:rgba(0, 0, 0, 0);color:#900c0c\" class=\"has-inline-color\">Di\u00e1rio da Manh\u00e3 (RJ)  &#8211; Revista Placar<\/mark><\/em><\/p>\n\n\n\n<p><strong><mark style=\"background-color:rgba(0, 0, 0, 0);color:#0c4965\" class=\"has-inline-color\"><em><u>FONTE<\/u>: <\/em><\/mark><\/strong><em><mark style=\"background-color:rgba(0, 0, 0, 0);color:#0c4965\" class=\"has-inline-color\">Jornal dos Sports (RJ)<\/mark><\/em><\/p>\n","protected":false},"excerpt":{"rendered":"<p>Por: S\u00e9rgio Mello O Torneio Internacional de Ver\u00e3o de 1972, foi realizado entre os dias 15 a 20 de janeiro de 1972. O evento contou com a participa\u00e7\u00e3o de tr\u00eas equipes: Clube de Regatas Flamengo, Clube de Regatas Vasco da Gama e o Sport Lisboa e Benfica (Portugal). As equipes se enfrentaram em um turno [&hellip;]<\/p>\n","protected":false},"author":55,"featured_media":0,"comment_status":"open","ping_status":"closed","sticky":false,"template":"","format":"standard","meta":{"footnotes":""},"categories":[203,91,109,531,83,345,3,84,108,47,76],"tags":[],"class_list":["post-128082","post","type-post","status-publish","format-standard","hentry","category-sergio-mello","category-campanhas-dos-campeoes-nordeste","category-campeonatos-historicos","category-carencias","category-x9-curiosidades","category-fotos-historicas","category-historia-do-futebol","category-amistosos-internacionais","category-jogos-historicos","category-rio-de-janeiro","category-antigo-estado-do-rio"],"_links":{"self":[{"href":"https:\/\/historiadofutebol.com\/blog\/index.php?rest_route=\/wp\/v2\/posts\/128082","targetHints":{"allow":["GET"]}}],"collection":[{"href":"https:\/\/historiadofutebol.com\/blog\/index.php?rest_route=\/wp\/v2\/posts"}],"about":[{"href":"https:\/\/historiadofutebol.com\/blog\/index.php?rest_route=\/wp\/v2\/types\/post"}],"author":[{"embeddable":true,"href":"https:\/\/historiadofutebol.com\/blog\/index.php?rest_route=\/wp\/v2\/users\/55"}],"replies":[{"embeddable":true,"href":"https:\/\/historiadofutebol.com\/blog\/index.php?rest_route=%2Fwp%2Fv2%2Fcomments&post=128082"}],"version-history":[{"count":23,"href":"https:\/\/historiadofutebol.com\/blog\/index.php?rest_route=\/wp\/v2\/posts\/128082\/revisions"}],"predecessor-version":[{"id":128118,"href":"https:\/\/historiadofutebol.com\/blog\/index.php?rest_route=\/wp\/v2\/posts\/128082\/revisions\/128118"}],"wp:attachment":[{"href":"https:\/\/historiadofutebol.com\/blog\/index.php?rest_route=%2Fwp%2Fv2%2Fmedia&parent=128082"}],"wp:term":[{"taxonomy":"category","embeddable":true,"href":"https:\/\/historiadofutebol.com\/blog\/index.php?rest_route=%2Fwp%2Fv2%2Fcategories&post=128082"},{"taxonomy":"post_tag","embeddable":true,"href":"https:\/\/historiadofutebol.com\/blog\/index.php?rest_route=%2Fwp%2Fv2%2Ftags&post=128082"}],"curies":[{"name":"wp","href":"https:\/\/api.w.org\/{rel}","templated":true}]}}