{"id":128001,"date":"2018-10-01T19:11:00","date_gmt":"2018-10-01T22:11:00","guid":{"rendered":"https:\/\/historiadofutebol.com\/blog\/?p=128001"},"modified":"2022-10-01T19:11:36","modified_gmt":"2022-10-01T22:11:36","slug":"foto-rara-de-1969-esporte-clube-macapa-macapa-ap","status":"publish","type":"post","link":"https:\/\/historiadofutebol.com\/blog\/?p=128001","title":{"rendered":"Foto Rara, de 1969: Esporte Clube Macap\u00e1 &#8211; Macap\u00e1 (AP)"},"content":{"rendered":"<div class=\"wp-block-image\">\n<figure class=\"aligncenter size-large is-resized\"><img loading=\"lazy\" decoding=\"async\" src=\"https:\/\/historiadofutebol.com\/blog\/wp-content\/uploads\/2022\/10\/ECM-69-500x357.jpg\" alt=\"\" class=\"wp-image-128002\" width=\"656\" height=\"468\" srcset=\"https:\/\/historiadofutebol.com\/blog\/wp-content\/uploads\/2022\/10\/ECM-69-500x357.jpg 500w, https:\/\/historiadofutebol.com\/blog\/wp-content\/uploads\/2022\/10\/ECM-69-300x214.jpg 300w, https:\/\/historiadofutebol.com\/blog\/wp-content\/uploads\/2022\/10\/ECM-69-768x549.jpg 768w, https:\/\/historiadofutebol.com\/blog\/wp-content\/uploads\/2022\/10\/ECM-69-1536x1097.jpg 1536w, https:\/\/historiadofutebol.com\/blog\/wp-content\/uploads\/2022\/10\/ECM-69-624x446.jpg 624w, https:\/\/historiadofutebol.com\/blog\/wp-content\/uploads\/2022\/10\/ECM-69.jpg 1557w\" sizes=\"auto, (max-width: 656px) 100vw, 656px\" \/><figcaption><em><mark style=\"background-color:rgba(0, 0, 0, 0);color:#0e6086\" class=\"has-inline-color\"><strong>EM P\u00c9 (esquerda para a direita):<\/strong>&nbsp; Joaquim Gouv\u00eaa (t\u00e9cnico), Wanderley, Alu\u00edzio, Cuiu, Nariz, Moacir, Lua, Paj\u00e9 e Iaci;<br \/><strong>EM P\u00c9 (esquerda para a direita):<\/strong>&nbsp; Sassuca, Ticil, Mazola, Fernando e F\u00e9lix (Carlos Martins).<\/mark><\/em><\/figcaption><\/figure><\/div>\n\n\n<p>Essa foto foi referente ao jogo de entrega de faixas ao <strong><em><mark style=\"background-color:rgba(0, 0, 0, 0)\" class=\"has-inline-color has-blue-color\">Esporte Clube Macap\u00e1<\/mark><\/em><\/strong> pelo <strong><em>t\u00edtulo do Campeonato de 1969<\/em><\/strong>, contra o <strong><em><mark style=\"background-color:rgba(0, 0, 0, 0)\" class=\"has-inline-color has-blue-color\">Paysandu<\/mark><\/em><\/strong>, de Bel\u00e9m (PA). Al\u00e9m disso, tamb\u00e9m foi nessa partida que o <em>Augusto Wanderley<\/em>, o &#8220;<em>Nariz<\/em>&#8221; fez a sua estreia. O jogador veio do <strong><em>Ypiranga Clube<\/em><\/strong>, onde foi <strong><em>vice-campe\u00e3o<\/em><\/strong> contra o <strong><em>Macap\u00e1<\/em><\/strong><\/p>\n\n\n\n<p>A negocia\u00e7\u00e3o na \u00e9poca com o <mark style=\"background-color:rgba(0, 0, 0, 0)\" class=\"has-inline-color has-blue-color\"><strong><em>Macap\u00e1<\/em><\/strong> <\/mark>ajudou na compra da casa pr\u00f3pria para a m\u00e3e dele. Nesse jogo da foto, contra o <strong><em><mark style=\"background-color:rgba(0, 0, 0, 0)\" class=\"has-inline-color has-blue-color\">Paysandu<\/mark><\/em><\/strong>, no <em>est\u00e1dio Glyc\u00e9rio Marques<\/em>, em <em>Macap\u00e1<\/em>, Nariz foi o craque do jogo, empate em <strong><em><mark style=\"background-color:rgba(0, 0, 0, 0)\" class=\"has-inline-color has-blue-color\">2 a 2<\/mark><\/em><\/strong>.<\/p>\n\n\n\n<p><strong><em><u>FOTO<\/u><\/em><\/strong><strong><em>:<\/em><\/strong><em> Acervo de Franselmo George<\/em><\/p>\n\n\n\n<p><strong><em><u>FONTES<\/u><\/em><\/strong><strong><em>:<\/em><\/strong><em> Blog Porta Retrato AP &nbsp;<\/em><\/p>\n","protected":false},"excerpt":{"rendered":"<p>Essa foto foi referente ao jogo de entrega de faixas ao Esporte Clube Macap\u00e1 pelo t\u00edtulo do Campeonato de 1969, contra o Paysandu, de Bel\u00e9m (PA). Al\u00e9m disso, tamb\u00e9m foi nessa partida que o Augusto Wanderley, o &#8220;Nariz&#8221; fez a sua estreia. O jogador veio do Ypiranga Clube, onde foi vice-campe\u00e3o contra o Macap\u00e1 A [&hellip;]<\/p>\n","protected":false},"author":55,"featured_media":0,"comment_status":"open","ping_status":"closed","sticky":false,"template":"","format":"standard","meta":{"footnotes":""},"categories":[203,29,83,345,3],"tags":[],"class_list":["post-128001","post","type-post","status-publish","format-standard","hentry","category-sergio-mello","category-amapa","category-x9-curiosidades","category-fotos-historicas","category-historia-do-futebol"],"_links":{"self":[{"href":"https:\/\/historiadofutebol.com\/blog\/index.php?rest_route=\/wp\/v2\/posts\/128001","targetHints":{"allow":["GET"]}}],"collection":[{"href":"https:\/\/historiadofutebol.com\/blog\/index.php?rest_route=\/wp\/v2\/posts"}],"about":[{"href":"https:\/\/historiadofutebol.com\/blog\/index.php?rest_route=\/wp\/v2\/types\/post"}],"author":[{"embeddable":true,"href":"https:\/\/historiadofutebol.com\/blog\/index.php?rest_route=\/wp\/v2\/users\/55"}],"replies":[{"embeddable":true,"href":"https:\/\/historiadofutebol.com\/blog\/index.php?rest_route=%2Fwp%2Fv2%2Fcomments&post=128001"}],"version-history":[{"count":3,"href":"https:\/\/historiadofutebol.com\/blog\/index.php?rest_route=\/wp\/v2\/posts\/128001\/revisions"}],"predecessor-version":[{"id":128006,"href":"https:\/\/historiadofutebol.com\/blog\/index.php?rest_route=\/wp\/v2\/posts\/128001\/revisions\/128006"}],"wp:attachment":[{"href":"https:\/\/historiadofutebol.com\/blog\/index.php?rest_route=%2Fwp%2Fv2%2Fmedia&parent=128001"}],"wp:term":[{"taxonomy":"category","embeddable":true,"href":"https:\/\/historiadofutebol.com\/blog\/index.php?rest_route=%2Fwp%2Fv2%2Fcategories&post=128001"},{"taxonomy":"post_tag","embeddable":true,"href":"https:\/\/historiadofutebol.com\/blog\/index.php?rest_route=%2Fwp%2Fv2%2Ftags&post=128001"}],"curies":[{"name":"wp","href":"https:\/\/api.w.org\/{rel}","templated":true}]}}