{"id":127424,"date":"2022-09-08T23:42:30","date_gmt":"2022-09-09T02:42:30","guid":{"rendered":"https:\/\/historiadofutebol.com\/blog\/?p=127424"},"modified":"2022-09-08T23:57:10","modified_gmt":"2022-09-09T02:57:10","slug":"foto-rara-de-1965-bonsucesso-futebol-clube-rio-de-janeiro-rj-a-historia-dessa-imagem","status":"publish","type":"post","link":"https:\/\/historiadofutebol.com\/blog\/?p=127424","title":{"rendered":"Foto Rara, de 1965: Bonsucesso Futebol Clube &#8211; Rio de Janeiro (RJ), a hist\u00f3ria dessa imagem"},"content":{"rendered":"\n<figure class=\"wp-block-image size-large is-resized\"><img loading=\"lazy\" decoding=\"async\" src=\"https:\/\/historiadofutebol.com\/blog\/wp-content\/uploads\/2022\/09\/Bonsucesso-1966-500x263.jpg\" alt=\"\" class=\"wp-image-127425\" width=\"654\" height=\"344\" srcset=\"https:\/\/historiadofutebol.com\/blog\/wp-content\/uploads\/2022\/09\/Bonsucesso-1966-500x263.jpg 500w, https:\/\/historiadofutebol.com\/blog\/wp-content\/uploads\/2022\/09\/Bonsucesso-1966-300x158.jpg 300w, https:\/\/historiadofutebol.com\/blog\/wp-content\/uploads\/2022\/09\/Bonsucesso-1966-768x404.jpg 768w, https:\/\/historiadofutebol.com\/blog\/wp-content\/uploads\/2022\/09\/Bonsucesso-1966-1536x808.jpg 1536w, https:\/\/historiadofutebol.com\/blog\/wp-content\/uploads\/2022\/09\/Bonsucesso-1966-624x328.jpg 624w, https:\/\/historiadofutebol.com\/blog\/wp-content\/uploads\/2022\/09\/Bonsucesso-1966.jpg 1714w\" sizes=\"auto, (max-width: 654px) 100vw, 654px\" \/><figcaption><strong>Foto em destaque (em preto e branco):<\/strong> Alfinete, t\u00e9cnico do Bonsucesso F.C.<br \/><strong>EM P\u00c9 (esquerda para a direita):<\/strong> Marcelo, Jonas, Nogueira, Jerry, Jardel e Alb\u00e9rico;<br \/><strong>AGACHADOS (esquerda para a direita): <\/strong>Gilbert, Adauri, Sabar\u00e1, Ivo Sodr\u00e9 e Escurinho (ex-Fluminense).<\/figcaption><\/figure>\n\n\n\n<p>A foto posada, em destaque, do <strong><em>Bonsucesso Futebol Clube<\/em><\/strong> corresponde ao ano de 1965. Vamos contar um pouquinho da hist\u00f3ria dessa foto. O <strong><em>Bonsu\u00e7a<\/em><\/strong> enfrentou o <strong><em>Botafogo de Futebol e Regatas<\/em><\/strong>, <em>no s\u00e1bado, do dia 27 de Novembro de 1965<\/em>, v\u00e1lido pela 4\u00aa rodada do segundo turno do <strong><em>Campeonato Carioca<\/em><\/strong> daquele ano.<\/p>\n\n\n\n<p>Na v\u00e9spera, os <strong><em>pre\u00e7os dos ingressos<\/em><\/strong>, com os militares pagando meia-entrada, foram apresentados: <strong><em>Arquibancadas:<\/em><\/strong> <em>Cr$ 600,00<\/em> &#8211; <strong><em>Gerais:<\/em><\/strong> Cr$ <em>200,00<\/em>.<\/p>\n\n\n\n<p>No <strong><em>Botafogo<\/em><\/strong>, o <em>t\u00e9cnico<\/em> <em>Daniel Pinto<\/em> n\u00e3o pode contar com o meia <em>Gerson<\/em> <em>(Canhotinha de Ouro)<\/em>, com um derrame no joelho direito. No seu lugar entrou <em>Elton<\/em>.<\/p>\n\n\n\n<p>No <strong><em>Bonsucesso<\/em><\/strong>, o <em>Diretor de Futebol<\/em>, <em>Sr. Rubens Ara\u00fajo Reis<\/em> prometeu um pr\u00eamio de Cr$ 150 mil (que poder\u00e1 chegar a Cr$ 200 mil), em caso de vit\u00f3ria. Ap\u00f3s o treino de <em>sexta-feira (26\/11\/65)<\/em>, os jogadores seguiram para o <strong><em>Hotel Nice<\/em><\/strong>, no Centro do Rio, onde pernoitaram, a fim de no dia do jogo seguiram para o Maracan\u00e3. &nbsp;&nbsp;&nbsp;&nbsp;&nbsp;&nbsp;&nbsp;&nbsp;&nbsp;&nbsp;&nbsp;<\/p>\n\n\n\n<p>O <strong><em>t\u00e9cnico<\/em><\/strong> <em>Alfinete<\/em> demonstrou confian\u00e7a na vit\u00f3ria: &#8220;<em>O time est\u00e1 em boas condi\u00e7\u00f5es f\u00edsicas e t\u00e9cnicas, e, por essa raz\u00e3o, com grandes possibilidades de chegar a uma vit\u00f3ria sobre o Botafogo, por m\u00e9ritos, inclusive<\/em>&#8220;, afirmou Alfinete.<\/p>\n\n\n\n<p>No jogo, realizado no Est\u00e1dio do Maracan\u00e3, <strong><em>Botafogo<\/em><\/strong> e <strong><em>Bonsucesso<\/em><\/strong> n\u00e3o sa\u00edram de um empate em <strong><em>1 a 1<\/em><\/strong>. Resultado que, praticamente sepultou as chances de brigar pelo t\u00edtulo Carioca para o <strong><em>clube de Estrela Solit\u00e1ria<\/em><\/strong>, enquanto para o <strong><em>Le\u00e3o da Leopoldina<\/em><\/strong> foi um pontinho importante para subir na tabela.<\/p>\n\n\n\n<p><strong>Gol do Botafogo<\/strong><\/p>\n\n\n\n<p>O <strong><em>Botafogo<\/em><\/strong> abriu o placar aos 11 minutos. <em>Jairzinho<\/em> passou por dois advers\u00e1rios, foi a linha de fundo e centrou para <em>Humberto<\/em> e <em>Artur<\/em> que entravam livres na \u00e1rea.<\/p>\n\n\n\n<p>O lateral <em>Marcelo<\/em>, que foi&nbsp; para o centro da \u00e1rea dar cobertura do zagueiro <em>Nogueira<\/em>, em tentativa para cortar o lan\u00e7amento de <em>Jairzinho<\/em>, acabou cabeceando no canto esquerdo de <em>Jonas<\/em>, que ainda saltou para bater com a nuca na trave. Gol contra a favor do <strong><em>Botafogo<\/em><\/strong>. &nbsp;<\/p>\n\n\n\n<p>Apesar do gol sofrido, o <strong><em>Bonsucesso<\/em><\/strong> teve o controle do jogo, ditando o ritmo, criando chances de empatar com <em>Escurinho<\/em>, uma vez, e <em>Adauri<\/em>, numa outra oportunidade. E assim, terminou o primeiro tempo.<\/p>\n\n\n\n<p>No segundo tempo, logo aos 30 segundos, o <strong><em>Bonsu\u00e7a<\/em><\/strong> quase empatou. <em>Gilbert<\/em> entrou livre at\u00e9 a pequena \u00e1rea e bicou para fora. Chegando com mais facilidade \u00e0 \u00e1rea e explorando os seus ponteiros, o <strong><em>Bonsucesso<\/em><\/strong> j\u00e1 dominava amplamente a partida, quando chegou ao empate.<\/p>\n\n\n\n<p><strong><mark style=\"background-color:rgba(0, 0, 0, 0);color:#ff0000\" class=\"has-inline-color\">Gol do Bon<\/mark><mark style=\"background-color:rgba(0, 0, 0, 0);color:#002eff\" class=\"has-inline-color\">sucesso<\/mark><\/strong><\/p>\n\n\n\n<p>Aos 13 minutos, a bola chegou aos p\u00e9s de <em>Gilbert<\/em>, que centrou na \u00e1rea. Sabar\u00e1 entrou entre <em>Z\u00e9 Carlos<\/em> e <em>Paulistinha<\/em> e testou firme, sem chances para <em>Manga<\/em>, que foi buscar a bola no fundo das redes. Fim de jogo, e a reportagem do <strong><em>Jornal dos Sports<\/em><\/strong> classificou como um resultado injusto, pois o <strong><em>Bonsucesso<\/em><\/strong> merecia ter sa\u00eddo de campo com a vit\u00f3ria. &nbsp;&nbsp;<\/p>\n\n\n\n<p class=\"has-text-align-center\"><strong>BOTAFOGO F.R. (RJ)&nbsp;&nbsp;&nbsp;&nbsp;&nbsp;&nbsp; 1&nbsp;&nbsp;&nbsp;&nbsp;&nbsp;&nbsp;&nbsp;&nbsp;&nbsp; X&nbsp;&nbsp;&nbsp;&nbsp;&nbsp;&nbsp;&nbsp;&nbsp; 1&nbsp;&nbsp;&nbsp;&nbsp;&nbsp;&nbsp;&nbsp;&nbsp;&nbsp; <mark style=\"background-color:rgba(0, 0, 0, 0);color:#ff0000\" class=\"has-inline-color\">BONSU<\/mark><mark style=\"background-color:rgba(0, 0, 0, 0);color:#1500ff\" class=\"has-inline-color\">CESSO F.C. (RJ)<\/mark><\/strong><\/p>\n\n\n\n<div class=\"wp-block-columns is-layout-flex wp-container-core-columns-is-layout-9d6595d7 wp-block-columns-is-layout-flex\">\n<div class=\"wp-block-column is-layout-flow wp-block-column-is-layout-flow\" style=\"flex-basis:100%\">\n<div class=\"wp-block-group\"><div class=\"wp-block-group__inner-container is-layout-flow wp-block-group-is-layout-flow\">\n<div class=\"wp-block-columns are-vertically-aligned-center is-layout-flex wp-container-core-columns-is-layout-9d6595d7 wp-block-columns-is-layout-flex\">\n<div class=\"wp-block-column is-vertically-aligned-center is-layout-flow wp-block-column-is-layout-flow\" style=\"flex-basis:100%\">\n<div class=\"wp-block-group\"><div class=\"wp-block-group__inner-container is-layout-flow wp-block-group-is-layout-flow\">\n<div class=\"wp-block-columns is-layout-flex wp-container-core-columns-is-layout-9d6595d7 wp-block-columns-is-layout-flex\">\n<div class=\"wp-block-column is-layout-flow wp-block-column-is-layout-flow\" style=\"flex-basis:100%\">\n<figure class=\"wp-block-table aligncenter is-style-stripes\"><table><tbody><tr><td class=\"has-text-align-left\" data-align=\"left\"><strong>LOCAL<\/strong><\/td><td class=\"has-text-align-left\" data-align=\"left\">Est\u00e1dio Mario Filho, o Maracan\u00e3<\/td><\/tr><tr><td class=\"has-text-align-left\" data-align=\"left\"><strong>CAR\u00c1TER<\/strong><\/td><td class=\"has-text-align-left\" data-align=\"left\">4\u00aa rodada do returno Campeonato Carioca de 1965<\/td><\/tr><tr><td class=\"has-text-align-left\" data-align=\"left\"><strong>DATA<\/strong><\/td><td class=\"has-text-align-left\" data-align=\"left\">S\u00e1bado, do dia 27 de Novembro de 1965<\/td><\/tr><tr><td class=\"has-text-align-left\" data-align=\"left\"><strong>HOR\u00c1RIO<\/strong><\/td><td class=\"has-text-align-left\" data-align=\"left\">21 horas e 30 minutos<\/td><\/tr><tr><td class=\"has-text-align-left\" data-align=\"left\"><strong>P\u00daBLICO<\/strong><\/td><td class=\"has-text-align-left\" data-align=\"left\">5.334 pagantes<\/td><\/tr><tr><td class=\"has-text-align-left\" data-align=\"left\"><strong>RENDA<\/strong><\/td><td class=\"has-text-align-left\" data-align=\"left\">Cr$ 2.2580.040,00<\/td><\/tr><tr><td class=\"has-text-align-left\" data-align=\"left\"><strong>\u00c1RBITRO<\/strong><\/td><td class=\"has-text-align-left\" data-align=\"left\">Jos\u00e9 Gomes Sobrinho<\/td><\/tr><tr><td class=\"has-text-align-left\" data-align=\"left\"><strong>AUXILIARES<\/strong><\/td><td class=\"has-text-align-left\" data-align=\"left\">Cl\u00e1udio Magalh\u00e3es e Gu\u00e1lter Teixeira Portela Filho<\/td><\/tr><tr><td class=\"has-text-align-left\" data-align=\"left\"><strong>BOTAFOGO<\/strong><\/td><td class=\"has-text-align-left\" data-align=\"left\">Manga; Joel, Z\u00e9 Carlos, Paulistinha e Rildo; Elton e Afonsinho; Jairzinho, Humberto, Bianchini e Artur. <strong>T\u00e9cnico:<\/strong> Daniel Pinto<\/td><\/tr><tr><td class=\"has-text-align-left\" data-align=\"left\"><strong>BONSUCESSO<\/strong><\/td><td class=\"has-text-align-left\" data-align=\"left\">Jonas; Marcelo, Jerry, Nogueira e Alb\u00e9rico; Jardel e Ivo; Gilbert, Adauri, Sabar\u00e1 e Escurinho. <strong>T\u00e9cnico:<\/strong> Alfinete<\/td><\/tr><tr><td class=\"has-text-align-left\" data-align=\"left\"><strong>GOLS<\/strong><\/td><td class=\"has-text-align-left\" data-align=\"left\">Marcelo, contra, aos 11 minutos (Botafogo), no 1\u00ba Tempo. Sabar\u00e1, de cabe\u00e7a, aos 13 minutos (Bonsu\u00e7a), no 2\u00ba Tempo<\/td><\/tr><tr><td class=\"has-text-align-left\" data-align=\"left\"><strong><mark style=\"background-color:rgba(0, 0, 0, 0);color:#362f2f\" class=\"has-inline-color\">PRELIMINAR<\/mark><\/strong><\/td><td class=\"has-text-align-left\" data-align=\"left\"><strong><mark style=\"background-color:rgba(0, 0, 0, 0);color:#000000\" class=\"has-inline-color\">Botafogo FR 5 x 3 Bonsucesso FC<\/mark><\/strong><\/td><\/tr><tr><td class=\"has-text-align-left\" data-align=\"left\"><strong><mark style=\"background-color:rgba(0, 0, 0, 0);color:#000000\" class=\"has-inline-color\">CAR\u00c1TER<\/mark><\/strong><\/td><td class=\"has-text-align-left\" data-align=\"left\"><mark style=\"background-color:rgba(0, 0, 0, 0);color:#000000\" class=\"has-inline-color\">Campeonato Carioca de Aspirantes de 1965<\/mark><\/td><\/tr><tr><td class=\"has-text-align-left\" data-align=\"left\"><strong><mark style=\"background-color:rgba(0, 0, 0, 0);color:#000000\" class=\"has-inline-color\">HOR\u00c1RIO<\/mark><\/strong><\/td><td class=\"has-text-align-left\" data-align=\"left\"><mark style=\"background-color:rgba(0, 0, 0, 0);color:#000000\" class=\"has-inline-color\">19 horas e 30 minutos<\/mark><\/td><\/tr><tr><td class=\"has-text-align-left\" data-align=\"left\"><strong><mark style=\"background-color:rgba(0, 0, 0, 0);color:#000000\" class=\"has-inline-color\">\u00c1RBITRO<\/mark><\/strong><\/td><td class=\"has-text-align-left\" data-align=\"left\"><mark style=\"background-color:rgba(0, 0, 0, 0);color:#0d0d0d\" class=\"has-inline-color\">Idovan Silva<\/mark><\/td><\/tr><tr><td class=\"has-text-align-left\" data-align=\"left\"><strong><mark style=\"background-color:rgba(0, 0, 0, 0);color:#000000\" class=\"has-inline-color\">AUXILIARES<\/mark><\/strong><\/td><td class=\"has-text-align-left\" data-align=\"left\"><mark style=\"background-color:rgba(0, 0, 0, 0);color:#000000\" class=\"has-inline-color\">Ant\u00f4nio da Gra\u00e7a e Sebasti\u00e3o Bahia<\/mark><\/td><\/tr><tr><td class=\"has-text-align-left\" data-align=\"left\"><strong><mark style=\"background-color:rgba(0, 0, 0, 0);color:#000000\" class=\"has-inline-color\">BOTAFOGO<\/mark><\/strong><\/td><td class=\"has-text-align-left\" data-align=\"left\"><mark style=\"background-color:rgba(0, 0, 0, 0);color:#090909\" class=\"has-inline-color\">Carlos Viana; Mura, Chiquinho, Carlos Alberto e Dimas; Airton e Marcos; Z\u00e9lio, Sicupira, Zez\u00e9 e Roberto II. <strong>T\u00e9cnico:<\/strong> Admildo Chirol<\/mark><\/td><\/tr><tr><td class=\"has-text-align-left\" data-align=\"left\"><strong><mark style=\"background-color:rgba(0, 0, 0, 0);color:#000000\" class=\"has-inline-color\">BONSUCESSO<\/mark><\/strong><\/td><td class=\"has-text-align-left\" data-align=\"left\"><mark style=\"background-color:rgba(0, 0, 0, 0);color:#131313\" class=\"has-inline-color\">Ubirajara; Jorge, Mois\u00e9s, Jurandir e S\u00e9rgio; Enir e Djair; Ant\u00f4nio Carlos, Rondino, Alo\u00edsio e Wellis.<\/mark><\/td><\/tr><tr><td class=\"has-text-align-left\" data-align=\"left\"><strong><mark style=\"background-color:rgba(0, 0, 0, 0);color:#000000\" class=\"has-inline-color\">GOLS<\/mark><\/strong><\/td><td class=\"has-text-align-left\" data-align=\"left\"><mark style=\"background-color:rgba(0, 0, 0, 0);color:#000000\" class=\"has-inline-color\">Roberto aos 2 e 30 minutos (Botafogo); Wellis aos 28 e 45 minutos (Bonsu\u00e7a); Zez\u00e9 aos 44 minutos (Botafogo), no 1\u00ba Tempo. Wellis aos 26 minutos (Bonsu\u00e7a); Zez\u00e9, de p\u00eanalti, aos 28 minutos (Botafogo); Sicupira aos 35 minutos (Botafogo), no 2\u00ba Tempo.<\/mark><\/td><\/tr><\/tbody><\/table><\/figure>\n<\/div>\n<\/div>\n<\/div><\/div>\n<\/div>\n<\/div>\n<\/div><\/div>\n<\/div>\n<\/div>\n\n\n\n<p><strong><em><u>FOTOS<\/u><\/em><\/strong><strong><em>:<\/em><\/strong><em> Acervo de Jos\u00e9 Le\u00f4ncio Carvalho &#8211; Revista do Esporte (t\u00e9cnico Alfinete)<\/em><\/p>\n\n\n\n<p><strong><em><u>FONTE<\/u><\/em><\/strong><strong><em>:<\/em><\/strong><em> Jornal dos Sports (RJ)<\/em><\/p>\n","protected":false},"excerpt":{"rendered":"<p>A foto posada, em destaque, do Bonsucesso Futebol Clube corresponde ao ano de 1965. Vamos contar um pouquinho da hist\u00f3ria dessa foto. O Bonsu\u00e7a enfrentou o Botafogo de Futebol e Regatas, no s\u00e1bado, do dia 27 de Novembro de 1965, v\u00e1lido pela 4\u00aa rodada do segundo turno do Campeonato Carioca daquele ano. Na v\u00e9spera, os [&hellip;]<\/p>\n","protected":false},"author":55,"featured_media":0,"comment_status":"open","ping_status":"closed","sticky":false,"template":"","format":"standard","meta":{"footnotes":""},"categories":[203,531,83,345,3,47,76],"tags":[],"class_list":["post-127424","post","type-post","status-publish","format-standard","hentry","category-sergio-mello","category-carencias","category-x9-curiosidades","category-fotos-historicas","category-historia-do-futebol","category-rio-de-janeiro","category-antigo-estado-do-rio"],"_links":{"self":[{"href":"https:\/\/historiadofutebol.com\/blog\/index.php?rest_route=\/wp\/v2\/posts\/127424","targetHints":{"allow":["GET"]}}],"collection":[{"href":"https:\/\/historiadofutebol.com\/blog\/index.php?rest_route=\/wp\/v2\/posts"}],"about":[{"href":"https:\/\/historiadofutebol.com\/blog\/index.php?rest_route=\/wp\/v2\/types\/post"}],"author":[{"embeddable":true,"href":"https:\/\/historiadofutebol.com\/blog\/index.php?rest_route=\/wp\/v2\/users\/55"}],"replies":[{"embeddable":true,"href":"https:\/\/historiadofutebol.com\/blog\/index.php?rest_route=%2Fwp%2Fv2%2Fcomments&post=127424"}],"version-history":[{"count":6,"href":"https:\/\/historiadofutebol.com\/blog\/index.php?rest_route=\/wp\/v2\/posts\/127424\/revisions"}],"predecessor-version":[{"id":127435,"href":"https:\/\/historiadofutebol.com\/blog\/index.php?rest_route=\/wp\/v2\/posts\/127424\/revisions\/127435"}],"wp:attachment":[{"href":"https:\/\/historiadofutebol.com\/blog\/index.php?rest_route=%2Fwp%2Fv2%2Fmedia&parent=127424"}],"wp:term":[{"taxonomy":"category","embeddable":true,"href":"https:\/\/historiadofutebol.com\/blog\/index.php?rest_route=%2Fwp%2Fv2%2Fcategories&post=127424"},{"taxonomy":"post_tag","embeddable":true,"href":"https:\/\/historiadofutebol.com\/blog\/index.php?rest_route=%2Fwp%2Fv2%2Ftags&post=127424"}],"curies":[{"name":"wp","href":"https:\/\/api.w.org\/{rel}","templated":true}]}}