{"id":127387,"date":"2022-09-04T00:18:04","date_gmt":"2022-09-04T03:18:04","guid":{"rendered":"https:\/\/historiadofutebol.com\/blog\/?p=127387"},"modified":"2022-09-06T01:35:49","modified_gmt":"2022-09-06T04:35:49","slug":"sport-club-mackenzie-rio-de-janeiro-rj-disputou-quatro-edicoes-da-elite-do-futebol-carioca-na-decada-de-20","status":"publish","type":"post","link":"https:\/\/historiadofutebol.com\/blog\/?p=127387","title":{"rendered":"Sport Club Mackenzie &#8211; Rio de Janeiro (RJ): disputou quatro edi\u00e7\u00f5es da Elite do Futebol Carioca na d\u00e9cada de 20"},"content":{"rendered":"\n<p><em><strong>Texto, pesquisa, desenhos (escudo e uniforme):<\/strong> S\u00e9rgio Mello<\/em><\/p>\n\n\n\n<div class=\"wp-block-image\"><figure class=\"aligncenter size-large\"><img loading=\"lazy\" decoding=\"async\" width=\"500\" height=\"327\" src=\"https:\/\/historiadofutebol.com\/blog\/wp-content\/uploads\/2022\/09\/SCM-1-500x327.jpg\" alt=\"\" class=\"wp-image-127390\" srcset=\"https:\/\/historiadofutebol.com\/blog\/wp-content\/uploads\/2022\/09\/SCM-1-500x327.jpg 500w, https:\/\/historiadofutebol.com\/blog\/wp-content\/uploads\/2022\/09\/SCM-1-300x196.jpg 300w, https:\/\/historiadofutebol.com\/blog\/wp-content\/uploads\/2022\/09\/SCM-1-624x409.jpg 624w, https:\/\/historiadofutebol.com\/blog\/wp-content\/uploads\/2022\/09\/SCM-1.jpg 672w\" sizes=\"auto, (max-width: 500px) 100vw, 500px\" \/><figcaption>Escudo raro de 1918<\/figcaption><\/figure><\/div>\n\n\n\n<p><em>Na tarde chuvosa de quinta-feira, \u00e0s 14h20min., do dia 13 de Maio de 1920<\/em>, o <strong><em>Mackenzie<\/em><\/strong> fez o seu <strong><em>1\u00ba jogo<\/em><\/strong> em n\u00edvel nacional. E o resultado foi apote\u00f3tico, com uma goleada por <strong><em>7 a 1<\/em><\/strong>, em cima do <strong><em>Tupy de Juiz de Fora\/MG (<\/em><\/strong><em>filiado \u00e0<strong> Sub-Liga Mineira de Desportos Terrestres)<\/strong><\/em>, no <strong><em>Est\u00e1dio Rua Prefeito Serzedello Correa<\/em><\/strong> <em>(de propriedade do Andarahy Athletico Club, que em 1960 passou a ser do America Football Club), n\u00ba 198, no bairro do Andara\u00ed<\/em>. Com o triunfo, o <strong><em>clube do M\u00e9ier<\/em><\/strong> faturou a <strong><em>Ta\u00e7a Jo\u00e3o Barros Freire<\/em><\/strong>.&nbsp; &nbsp;<\/p>\n\n\n\n<p>Na preliminar, que come\u00e7ou \u00e0s 12h, o <strong><em>Americano<\/em><\/strong> venceu o <strong><em>SC Rio de Janeiro<\/em><\/strong> por <strong><em>2 a 0<\/em><\/strong>.<\/p>\n\n\n\n<p>O jogo come\u00e7ou com a <em>equipe mineira<\/em> tomando a iniciativa, criando boas chances, at\u00e9 que <em>Kock<\/em> abrir o placar. O gol acordou o <strong><em>Mackenzie<\/em><\/strong> que cresceu e conseguiu empatar por interm\u00e9dio de <em>Waldemar<\/em>. E, logo depois virou com <em>P. Lima<\/em>.<\/p>\n\n\n\n<p>O <strong><em>Tupy<\/em><\/strong> teve a chance de empatar, o <em>zagueiro<\/em> <em>Juca Lopes<\/em> tocou a m\u00e3o na bola. P\u00eanalti, que <em>Raul<\/em> bateu forte, carimbando a trave do <em>goleiro<\/em> <em>Jos\u00e9 Lodi Batalha<\/em>. E assim terminou o primeiro tempo, com vantagem dos <em>cariocas<\/em> por <strong><em>2 a 1<\/em><\/strong>.<\/p>\n\n\n\n<p>Na etapa final, o <strong><em>Mackenzie<\/em><\/strong> voltou melhor, exercendo uma press\u00e3o na defesa advers\u00e1ria at\u00e9, ap\u00f3s um escanteio, <em>Mathias<\/em> aproveitou para ampliar o marcador. Logo depois, <em>Waldemar<\/em> d\u00e1 excelente passe para <em>P. Lima<\/em> marcar o 4\u00ba gol dos cariocas.<\/p>\n\n\n\n<p>O <strong><em>Tupy<\/em><\/strong> estava atordoado, e <em>Agenor<\/em> sem d\u00f3, marcou o 5\u00ba gol para o <strong><em>Mackenzie<\/em><\/strong>. <em>Agenor<\/em> teve uma boa chance para marcar mais, mas que fez foi <em>Waldemar<\/em>, que depois de driblar o <em>zagueiro Raul<\/em> fuzilou o <em>goleiro Mario<\/em>, para marcar o 6\u00ba gol.<\/p>\n\n\n\n<p>O \u00faltimo gol foi uma pintura! <em>P. Lima<\/em> recebeu a bola no meio de campo, ao perceber que a defesa estava adiantada, chutou de longe, marcando um lindo gol, dando n\u00fameros finais a peleja. O <strong><em>\u00e1rbitro<\/em><\/strong> da partida foi o<em> Sr. Ferreira Vianna Netto<\/em>.<\/p>\n\n\n\n<p><strong><em>Mackenzie:<\/em><\/strong> <em>Batalha; Juca Lopes e Gon\u00e7alves; Salom\u00e9, Villa e Norival; Agenor, P. Lima, Waldemar (Cap.), Mathias e Washington<\/em>.<\/p>\n\n\n\n<p><strong><em>Tupy:<\/em><\/strong><em> Mario; Raul e Paranhos (Cap.); Humberto, Ernani e Acyr; Bacury, Kock, Lalinho, J. Maria e Dino<\/em>.<\/p>\n\n\n\n<p><strong>Debutou no Carioca da 1\u00aa Divis\u00e3o de 1921<\/strong><strong><\/strong><\/p>\n\n\n\n<p>Em <strong><em>1921<\/em><\/strong>, o <strong><em>Sport Club Mackenzie<\/em><\/strong> disputou o <strong><em>Campeonato Carioca da 1\u00aa Divis\u00e3o<\/em><\/strong>. Os clubes foram divididos em dois grupos: <strong><em>S\u00e9rie A<\/em><\/strong><em> (com equipes mais forte)<\/em> e <strong><em>S\u00e9rie B<\/em><\/strong> <em>(mais fraco, onde o Mackenzie fez parte)<\/em>. O t\u00edtulo de campe\u00e3o da cidade \u00e9 decidido entre os campe\u00f5es dos dois grupos.<\/p>\n\n\n\n<p>O <strong><em>Mackenzie<\/em><\/strong> terminou na <strong><em>5\u00aa posi\u00e7\u00e3o<\/em><\/strong>, num total de sete equipes: foram <strong><em>nove pontos em 12 jogos; com quatro vit\u00f3rias, um empate e sete derrotas; com 25 gols pr\u00f3, 31 tentos contra e um saldo negativo de seis<\/em><\/strong>.&nbsp;&nbsp;<\/p>\n\n\n\n<p><strong>Carioca da 1\u00aa Divis\u00e3o de 1922, terminou na lanterna<\/strong><strong><\/strong><\/p>\n\n\n\n<p>Em <strong><em>1922<\/em><\/strong>, o <strong><em>Mackenzie<\/em><\/strong> n\u00e3o foi bem no <strong><em>Campeonato Carioca da 1\u00aa Divis\u00e3o<\/em><\/strong>, terminando em \u00faltimo lugar sem nenhuma vit\u00f3ria. <strong><em>Nos 12 jogos, foram quatro empates e oito derrotas; 17 gols a favor, 27 tentos contra e um saldo de menos 10<\/em><\/strong>. O atacante <em>Mathias<\/em> foi o <strong><em>artilheiro<\/em><\/strong> do time <strong><em>com seis gols<\/em><\/strong>.<\/p>\n\n\n\n<figure class=\"wp-block-image size-large is-resized\"><img loading=\"lazy\" decoding=\"async\" src=\"https:\/\/historiadofutebol.com\/blog\/wp-content\/uploads\/2022\/09\/SC-Mackenzie-RJ-Torneio-Inicio-1923-1-500x442.jpg\" alt=\"\" class=\"wp-image-127391\" width=\"659\" height=\"583\" srcset=\"https:\/\/historiadofutebol.com\/blog\/wp-content\/uploads\/2022\/09\/SC-Mackenzie-RJ-Torneio-Inicio-1923-1-500x442.jpg 500w, https:\/\/historiadofutebol.com\/blog\/wp-content\/uploads\/2022\/09\/SC-Mackenzie-RJ-Torneio-Inicio-1923-1-300x265.jpg 300w, https:\/\/historiadofutebol.com\/blog\/wp-content\/uploads\/2022\/09\/SC-Mackenzie-RJ-Torneio-Inicio-1923-1-768x678.jpg 768w, https:\/\/historiadofutebol.com\/blog\/wp-content\/uploads\/2022\/09\/SC-Mackenzie-RJ-Torneio-Inicio-1923-1-1536x1357.jpg 1536w, https:\/\/historiadofutebol.com\/blog\/wp-content\/uploads\/2022\/09\/SC-Mackenzie-RJ-Torneio-Inicio-1923-1-624x551.jpg 624w, https:\/\/historiadofutebol.com\/blog\/wp-content\/uploads\/2022\/09\/SC-Mackenzie-RJ-Torneio-Inicio-1923-1.jpg 1645w\" sizes=\"auto, (max-width: 659px) 100vw, 659px\" \/><figcaption>SC Mackenzie Campe\u00e3o do Torneio In\u00edcio 1923<\/figcaption><\/figure>\n\n\n\n<p><strong>Campe\u00e3o do Torneio In\u00edcio Carioca da 1\u00aa Divis\u00e3o de 1923<\/strong><strong><\/strong><\/p>\n\n\n\n<p><em>No domingo, do dia 08 de Abril de 1923<\/em>, foi realizado o <strong><em>Torneio In\u00edcio Carioca da 1\u00aa Divis\u00e3o<\/em><\/strong>, da <strong><em>LMDT<\/em><\/strong>, realizado no <em>Est\u00e1dio General Severiano, em Botafogo<\/em>. E o <strong><em>Sport Club Mackenzie<\/em><\/strong> conquistou o seu t\u00edtulo mais expressivo!<\/p>\n\n\n\n<p>No jogo de estreia, bateu o <strong><em>Americano<\/em><\/strong> por <strong><em>1 a 0<\/em><\/strong>, gol de Manuel. Na fase seguinte, o advers\u00e1rio era o <strong><em>Vasco da Gama<\/em><\/strong> e o <strong><em>Mackenzie<\/em><\/strong> foi gigante ao bater por <strong><em>2 a 1<\/em><\/strong> <em>(gols de Manuel e Ismael)<\/em>, avan\u00e7ando para a pr\u00f3xima etapa.<\/p>\n\n\n\n<p>Na semifinal, o <strong><em>Alvinegro Mackenzista<\/em><\/strong> encarou o <strong><em>Andarahy Athletico Club<\/em><\/strong>. Ap\u00f3s o empate sem gols, o clube do M\u00e9ier levou a melhor por um escanteio a zero.<\/p>\n\n\n\n<p>Na grande final, <strong><em>Sport Club Mackenzie<\/em><\/strong> e <strong><em>Clube de Regatas Flamengo<\/em><\/strong> decidiram o t\u00edtulo. Novamente um empate em <strong><em>0 a 0<\/em><\/strong>, e o triunfo veio ao conseguir um escanteio e n\u00e3o ter cedido nenhum. <strong><em>Mackenzie campe\u00e3o, formou assim:<\/em><\/strong><em> Luiz; Manduca e Nicanor; Aristides, Avelino e Washington; Fabio (Arthur Fleck), Manuel, Mathusal\u00e9m, Ismael e Huguenotte<\/em>.<\/p>\n\n\n\n<p><strong>Carioca da 1\u00aa Divis\u00e3o de 1923, melhor desempenho<\/strong><strong><\/strong><\/p>\n\n\n\n<p>Em <strong><em>1923<\/em><\/strong>, o <strong><em>Campeonato Carioca da 1\u00aa Divis\u00e3o<\/em><\/strong>, contou com 16 equipes divididos em duas chaves de oito times: <strong><em>Grupo A<\/em><\/strong><em> (com as principais for\u00e7as) e o <strong>Grupo B<\/strong><\/em>, onde o <strong><em>Mackenzie<\/em><\/strong> estava.<\/p>\n\n\n\n<p>O <strong><em>clube do M\u00e9ier<\/em><\/strong> terminou na <strong><em>3\u00aa coloca\u00e7\u00e3o<\/em><\/strong> ao lado do <strong><em>Carioca<\/em><\/strong>! Ao todo, foram <strong><em>17 pontos, em<\/em><\/strong> <strong><em>12 jogos: oito vit\u00f3rias, um empate e cinco derrotas; 36 gols a favor, 23 tentos contra e um saldo de 13<\/em><\/strong>. O atacante <em>Ismael<\/em> foi o <strong><em>vice-artilheiro<\/em><\/strong> do certame <strong><em>com 13 gols<\/em><\/strong> s\u00f3 atr\u00e1s de <strong><em>Non\u00f4<\/em><\/strong>, do <strong><em>Flamengo<\/em><\/strong> com <strong><em>17 tentos<\/em><\/strong>. Outro destaque do <strong><em>Mackenzie<\/em><\/strong>, foi <em>Durval<\/em> que assinalou <strong><em>10 gols<\/em><\/strong>.<\/p>\n\n\n\n<p><strong>Carioca da 1\u00aa Divis\u00e3o de 1924, \u00faltima participa\u00e7\u00e3o<\/strong><strong><\/strong><\/p>\n\n\n\n<p>Em <strong><em>1924<\/em><\/strong>, o <strong><em>Campeonato Carioca da 1\u00aa Divis\u00e3o<\/em><\/strong>, da <strong><em>LMDT<\/em><\/strong>, o estava no <strong><em>Grupo A<\/em><\/strong> do <strong><em>Vasco da Gama<\/em><\/strong><em> (que se sagrou campe\u00e3o vencendo todos os seus 16 jogos)<\/em>. O<strong><em> Mackenzie<\/em><\/strong> terminou na <strong><em>6\u00aa posi\u00e7\u00e3o<\/em><\/strong> <em>(num total de oito equipes)<\/em>, <strong><em>com oito pontos em 14 jogos: foram tr\u00eas vit\u00f3rias, dois empates e nove derrotas; marcando 23, sofrendo 38 e um saldo de menos 15<\/em><\/strong>. O destaque ficou por conta de <em>Durval<\/em> que marcou <strong><em>7 gols<\/em><\/strong>.<\/p>\n\n\n\n<p>No final da temporada, os grandes se uniram para fundar a <strong><em>AMEA (Associa\u00e7\u00e3o Metropolitana de Esportes Athleticos)<\/em><\/strong>. O <strong><em>Mackenzie<\/em><\/strong> seguiu os grandes e se filiou. Por\u00e9m, o &#8220;<em>pr\u00eamio<\/em>&#8221; foi jogar a <strong><em>Segundona<\/em><\/strong> <strong><em>de 1925<\/em><\/strong>.<\/p>\n\n\n\n<div class=\"wp-block-image\"><figure class=\"aligncenter size-large is-resized\"><img loading=\"lazy\" decoding=\"async\" src=\"https:\/\/historiadofutebol.com\/blog\/wp-content\/uploads\/2022\/09\/SCM1-500x242.jpg\" alt=\"\" class=\"wp-image-127392\" width=\"626\" height=\"303\" srcset=\"https:\/\/historiadofutebol.com\/blog\/wp-content\/uploads\/2022\/09\/SCM1-500x242.jpg 500w, https:\/\/historiadofutebol.com\/blog\/wp-content\/uploads\/2022\/09\/SCM1-300x145.jpg 300w, https:\/\/historiadofutebol.com\/blog\/wp-content\/uploads\/2022\/09\/SCM1-624x302.jpg 624w, https:\/\/historiadofutebol.com\/blog\/wp-content\/uploads\/2022\/09\/SCM1.jpg 654w\" sizes=\"auto, (max-width: 626px) 100vw, 626px\" \/><\/figure><\/div>\n\n\n\n<p><strong>Pen\u00faltimo lugar na Segundona de 1925<\/strong><strong><\/strong><\/p>\n\n\n\n<p>O <strong><em>Campeonato da 2\u00aa Divis\u00e3o de 1925<\/em><\/strong>, contou com a presen\u00e7a de <em>sete clubes (o <strong>Hellenico<\/strong> desistiu de participar)<\/em>. A campanha do <strong><em>Mackenzie<\/em><\/strong> foi ruim. Terminou na <strong><em>6 posi\u00e7\u00e3o, com nove pontos: foram tr\u00eas vit\u00f3rias, tr\u00eas empates e seis derrotas; marcando 12 gols, sofrendo 28 e um saldo negativo de 16<\/em><\/strong>.&nbsp;&nbsp;&nbsp;&nbsp;<\/p>\n\n\n\n<p><strong>Campe\u00e3o do Torneio In\u00edcio Carioca da 2\u00aa Divis\u00e3o de 1926<\/strong><strong><\/strong><\/p>\n\n\n\n<p><em>No domingo, do dia 03 de Maio de 1926<\/em>, foi realizado o <strong><em>Torneio In\u00edcio Carioca da 2\u00aa Divis\u00e3o<\/em><\/strong>, da <strong><em>AMEA<\/em><\/strong>. Na estreia, o <strong><em>Sport Club Mackenzie<\/em><\/strong> n\u00e3o teve dificuldades para bater o <strong><em>Independ\u00eancia <\/em><\/strong>por<strong><em> 3 a 0<\/em><\/strong>.<\/p>\n\n\n\n<p>Na decis\u00e3o diante do <strong><em>Olaria Atl\u00e9tico Clube<\/em><\/strong> o time <strong><em>Mackenzista<\/em><\/strong> mostrou superioridade e venceu por <strong><em>3 a 1<\/em><\/strong>, ficando com o <strong><em>t\u00edtulo<\/em><\/strong>. O <strong><em>time formou:<\/em><\/strong> <em>Gomes; Pequenino e Lazaro; Nestor, Camillo e Mathias; Dionysio, Bahia, Goulart, Ramiro e Vianna<\/em>.<\/p>\n\n\n\n<p><strong>Clube \u00e9 exclu\u00eddo por n\u00e3o ter uma Pra\u00e7a de Esportes<\/strong><strong><\/strong><\/p>\n\n\n\n<p>Em <strong><em>1927<\/em><\/strong>, foi exclu\u00eddo da <strong><em>AMEA<\/em><\/strong>, pelo fato do <strong><em>Mackenzie<\/em><\/strong> n\u00e3o possuir uma <strong><em>Pra\u00e7a de Esportes<\/em><\/strong> que atendesse as exig\u00eancias da liga. Fato esse, que gerou uma enorme indigna\u00e7\u00e3o tanto da diretoria quantos dos seus torcedores que se sentiram injusti\u00e7ados.&nbsp;&nbsp;<\/p>\n\n\n\n<p><strong>Em 1928, o retorno e um pen\u00faltimo lugar na Segundona<\/strong><strong><\/strong><\/p>\n\n\n\n<p>O <strong><em>Campeonato da 2\u00aa Divis\u00e3o de 1928<\/em><\/strong>, contou com a presen\u00e7a de <em>nove clubes<\/em>. A campanha do <strong><em>Mackenzie<\/em><\/strong> foi p\u00edfia. Terminou na <strong><em>8\u00aa posi\u00e7\u00e3o, com nove pontos: foram tr\u00eas vit\u00f3rias, tr\u00eas empates e 10 derrotas; marcando 22 gols, sofrendo 33 e um saldo negativo de 11<\/em><\/strong>.&nbsp;&nbsp;&nbsp;&nbsp;<\/p>\n\n\n\n<p><strong>Um modesto 6\u00ba lugar na Segundona de 1929<\/strong><strong><\/strong><\/p>\n\n\n\n<p>O <strong><em>Campeonato da 2\u00aa Divis\u00e3o de 1929<\/em><\/strong>, contou com a presen\u00e7a de <em>nove clubes<\/em>. A campanha do <strong><em>Mackenzie<\/em><\/strong> foi uma <strong><em>6\u00aa coloca\u00e7\u00e3o, com 13 pontos, em 16 jogos: foram quatro vit\u00f3rias, cinco empates e sete derrotas; marcando 24 gols, sofrendo 35 e um saldo negativo de 11<\/em><\/strong>.&nbsp;&nbsp;&nbsp;&nbsp;<\/p>\n\n\n\n<p><strong>Segundona de 1930, uma outra 6\u00aa posi\u00e7\u00e3o<\/strong><strong><\/strong><\/p>\n\n\n\n<p>O <strong><em>Campeonato da 2\u00aa Divis\u00e3o de 1930<\/em><\/strong>, contou com a presen\u00e7a de <em>oito clubes<\/em>. A campanha do <strong><em>Mackenzie<\/em><\/strong> foi uma <strong><em>6\u00aa coloca\u00e7\u00e3o, com 13 pontos, em 14 jogos: foram tr\u00eas vit\u00f3rias, tr\u00eas empates e oito derrotas; marcando 23 gols, sofrendo 37 e um saldo negativo de 14<\/em><\/strong>.&nbsp;&nbsp;&nbsp;&nbsp;<\/p>\n\n\n\n<p><strong>Vice-campe\u00e3o da 2\u00aa Divis\u00e3o de 1931<\/strong><strong><\/strong><\/p>\n\n\n\n<p>Em <strong><em>1931<\/em><\/strong>, ficou com o <strong><em>vice-campeonato<\/em><\/strong> da <strong><em>2\u00aa Divis\u00e3o da AMEA<\/em><\/strong>. A competi\u00e7\u00e3o contou com a participa\u00e7\u00e3o de 16 equipes. O <strong><em>Sport Club Mackenzie<\/em><\/strong> fechou na <strong>2\u00aa coloca\u00e7\u00e3o<\/strong> com <strong><em>48 pontos, em 30 jogos<\/em><\/strong>. S\u00f3 atr\u00e1s do grande campe\u00e3o: <strong><em>Olaria Atl\u00e9tico Clube<\/em><\/strong> com <strong><em>56 pontos<\/em><\/strong>, que s\u00f3 <em>perdeu quatro pontos<\/em>.<\/p>\n\n\n\n<p><strong>clube desiste da 2\u00aa Divis\u00e3o de 1932<\/strong><strong><\/strong><\/p>\n\n\n\n<p>O <strong><em>Campeonato da 2\u00aa Divis\u00e3o de 1932<\/em><\/strong>, contou com a presen\u00e7a de <em>13 clubes<\/em>. Ap\u00f3s disputar o primeiro turno, o <strong><em>Mackenzie<\/em><\/strong> acabou se licenciando. <em>Na quarta-feira, do dia 10 de Agosto de 1932<\/em>, enviou um oficio a <strong><em>AMEA<\/em><\/strong>, comunicando que estava desistindo de prosseguir no <strong><em>Campeonato da 2\u00aa Divis\u00e3o<\/em><\/strong>.<\/p>\n\n\n\n<p>O clube teve uma perda de grande parte dos jogadores, que foram obrigados ao servi\u00e7o militar. Por n\u00e3o ter um n\u00famero m\u00ednimo de atletas para colocar em campo, o clube n\u00e3o teve alternativa a n\u00e3o ser solicitar a sa\u00edda da competi\u00e7\u00e3o.&nbsp;<\/p>\n\n\n\n<p><strong>Nasce o Departamento Feminino, em 1933<\/strong><strong><\/strong><\/p>\n\n\n\n<p>Em <strong><em>outubro de 1933<\/em><\/strong>, foi criado o <strong><em>Departamento Feminino<\/em><\/strong>, tendo como a <strong><em>1\u00aa Presidenta<\/em><\/strong> a <em>Sra. Cec\u00edlia Domingues Freire<\/em>, ent\u00e3o professora municipal, esposa de <em>Barros Freire<\/em>, s\u00f3cio benem\u00e9rito do <strong><em>Mackenzie<\/em><\/strong>.<\/p>\n\n\n\n<p><strong>Em 1934\/35, clube disputa o Estadual de Basquete e Atletismo<\/strong><strong><\/strong><\/p>\n\n\n\n<p>Em <strong><em>1934 e 1935<\/em><\/strong>, o futebol foi deixado de lado, e a diretoria deu \u00eanfase ao <strong><em>basquete<\/em><\/strong> <em>(filiado a <strong>Liga Carioca de Basket-Ball<\/strong>)<\/em> e o <strong><em>Atletismo<\/em><\/strong> <em>(filiado a <strong>Liga Carioca Athletismo<\/strong>)<\/em>.<\/p>\n\n\n\n<figure class=\"wp-block-image size-large is-resized\"><img loading=\"lazy\" decoding=\"async\" src=\"https:\/\/historiadofutebol.com\/blog\/wp-content\/uploads\/2022\/09\/I0013446-3-0-006457-004517-006457-004517-500x337.jpg\" alt=\"\" class=\"wp-image-127396\" width=\"664\" height=\"448\" srcset=\"https:\/\/historiadofutebol.com\/blog\/wp-content\/uploads\/2022\/09\/I0013446-3-0-006457-004517-006457-004517-500x337.jpg 500w, https:\/\/historiadofutebol.com\/blog\/wp-content\/uploads\/2022\/09\/I0013446-3-0-006457-004517-006457-004517-300x202.jpg 300w, https:\/\/historiadofutebol.com\/blog\/wp-content\/uploads\/2022\/09\/I0013446-3-0-006457-004517-006457-004517-768x518.jpg 768w, https:\/\/historiadofutebol.com\/blog\/wp-content\/uploads\/2022\/09\/I0013446-3-0-006457-004517-006457-004517-1536x1036.jpg 1536w, https:\/\/historiadofutebol.com\/blog\/wp-content\/uploads\/2022\/09\/I0013446-3-0-006457-004517-006457-004517-2048x1381.jpg 2048w, https:\/\/historiadofutebol.com\/blog\/wp-content\/uploads\/2022\/09\/I0013446-3-0-006457-004517-006457-004517-624x421.jpg 624w\" sizes=\"auto, (max-width: 664px) 100vw, 664px\" \/><\/figure>\n\n\n\n<p><strong>Campe\u00e3o do 1\u00ba Campeonato da Federa\u00e7\u00e3o Athletica Suburbana de 1936<\/strong><strong><\/strong><\/p>\n\n\n\n<p>O <strong><em>Sport Club<\/em><\/strong> <strong><em>Mackenzie<\/em><\/strong> se sagrou <strong><em>Campe\u00e3o do 1\u00ba Campeonato da FAS (Federa\u00e7\u00e3o Athletica Suburbana) de 1936<\/em><\/strong>. O <strong><em>Sport Club Aboli\u00e7\u00e3o<\/em><\/strong> ficou com o <strong><em>vice-campeonato<\/em><\/strong> tanto nos <strong><em>Primeiros quanto nos Segundos Quadros<\/em><\/strong>.<\/p>\n\n\n\n<p><em>No domingo, \u00e0s 15h45min., do dia 13 de Junho de 1937<\/em>, diante de grande p\u00fablico, o <strong><em>Mackenzie<\/em><\/strong> venceu o <strong><em>Sport Club Opposi\u00e7\u00e3o<\/em><\/strong> por <strong><em>1 a 0<\/em><\/strong>, na <em>Rua Oliveira Andrade, no bairro da Piedade, na Zona Norte do Rio<\/em>. O <strong><em>\u00e1rbitro<\/em><\/strong> da peleja foi o <em>Sr. Joaquim Cavalcanti<\/em>.<\/p>\n\n\n\n<p>O <strong><em>gol do t\u00edtulo<\/em><\/strong> saiu ainda no primeiro tempo, ap\u00f3s passe de <em>Jarbas<\/em>, o meia esquerda <em>Al\u00edpio<\/em>, chutou forte, sem chances para o goleiro <em>Hugo<\/em>. Na preliminar, entre os <strong><em>Segundos Quadros<\/em><\/strong>, o <strong><em>Opposi\u00e7\u00e3o<\/em><\/strong> venceu por <strong><em>4 a 0<\/em><\/strong>.<\/p>\n\n\n\n<p><strong><em>Mackenzie: <\/em><\/strong><em>Antonio; Lazaro e Altair; Tinoco, Mario Pinho e Elliot; Waldemar, Goulart(\u00c1lvaro), Jarbas, Al\u00edpio e Bias<\/em>.<\/p>\n\n\n\n<p><strong><em>Opposi\u00e7\u00e3o:<\/em><\/strong><em> Hugo; Nelson e Nico; Arengueiro, Boffyli e Charuto; Jamel\u00e3o (Alberto), Marquinho, Amaro, Gereba e Bahiano<\/em>.<\/p>\n\n\n\n<figure class=\"wp-block-image size-large is-resized\"><img loading=\"lazy\" decoding=\"async\" src=\"https:\/\/historiadofutebol.com\/blog\/wp-content\/uploads\/2022\/09\/snm-500x266.jpg\" alt=\"\" class=\"wp-image-127399\" width=\"653\" height=\"347\" srcset=\"https:\/\/historiadofutebol.com\/blog\/wp-content\/uploads\/2022\/09\/snm-500x266.jpg 500w, https:\/\/historiadofutebol.com\/blog\/wp-content\/uploads\/2022\/09\/snm-300x160.jpg 300w, https:\/\/historiadofutebol.com\/blog\/wp-content\/uploads\/2022\/09\/snm-768x409.jpg 768w, https:\/\/historiadofutebol.com\/blog\/wp-content\/uploads\/2022\/09\/snm-1536x818.jpg 1536w, https:\/\/historiadofutebol.com\/blog\/wp-content\/uploads\/2022\/09\/snm-624x332.jpg 624w, https:\/\/historiadofutebol.com\/blog\/wp-content\/uploads\/2022\/09\/snm.jpg 1720w\" sizes=\"auto, (max-width: 653px) 100vw, 653px\" \/><\/figure>\n\n\n\n<p><strong>Campe\u00e3o do Torneio In\u00edcio da FAS de 1937<\/strong><strong><\/strong><\/p>\n\n\n\n<p><em>No domingo, \u00e0s 12h30min., do dia 08 de Agosto de 1937<\/em>, teve in\u00edcio o <strong><em>Torneio In\u00edcio<\/em><\/strong> <strong><em>da FAS (Federa\u00e7\u00e3o Athletica Suburbana), da S\u00e9rie Jo\u00e3o Machado, de 1937<\/em><\/strong>. O palco do evento, foi na <strong><em>Pra\u00e7a de Esportes<\/em><\/strong>, do <strong><em>River Football Club<\/em><\/strong>, na &nbsp;<em>Rua Jo\u00e3o Pinheiro, no bairro da Piedade, na Zona Norte do Rio<\/em>.<\/p>\n\n\n\n<p>Na estreia, o <strong><em>Mackenzie<\/em><\/strong> bateu o <strong><em>Aboli\u00e7\u00e3o<\/em><\/strong> por <strong><em>2 a 1<\/em><\/strong>. Na sequ\u00eancia dos jogos, o torneio foi paralisado por falta de luz. Assim, a competi\u00e7\u00e3o foi transferida para a semana seguinte, no campo do <strong><em>Opposi\u00e7\u00e3o<\/em><\/strong>, na <em>Rua Silva Xavier, no bairro da Aboli\u00e7\u00e3o, na Zona Norte do Rio<\/em>, que inaugurou os seus refletores.<\/p>\n\n\n\n<p>Assim, <em>no domingo, do dia 15 de Agosto de 1937<\/em>, o <strong><em>Mackenzie<\/em><\/strong> venceu o <strong><em>Mavilis Football Club, <\/em><\/strong><em>do Caju<strong>,<\/strong><\/em> por <strong><em>2 a 1<\/em><\/strong>, em <strong><em>escanteios<\/em><\/strong>, e faturou o <strong><em>T\u00edtulo<\/em><\/strong> do <strong><em>Torneio In\u00edcio<\/em><\/strong> <strong><em>da FAS, da S\u00e9rie Jo\u00e3o Machado, de 1937<\/em><\/strong>.<\/p>\n\n\n\n<p>O <strong><em>Mackenzie <\/em><\/strong>jogou assim<strong><em>: <\/em><\/strong><em>Antonio; Lazaro e Altair; Elliot, Mario Pinho e Walfredo; Waldemar, Bias, Pomba, Al\u00edpio e \u00c1lvaro<\/em>.&nbsp;&nbsp;&nbsp;&nbsp;<\/p>\n\n\n\n<p>No <strong><em>II Campeonato da Federa\u00e7\u00e3o Athletica Suburbana de 1937<\/em><\/strong>, o <strong><em>Mackenzie<\/em><\/strong> fez uma campanha irregular e acabou ficando longe do <strong><em>Bi<\/em><\/strong>. Quem se aproveitou foi o <strong><em>Engenho de Dentro Athletico Club<\/em><\/strong>, que ficou com o t\u00edtulo m\u00e1ximo da <strong><em>FAS<\/em><\/strong>.<\/p>\n\n\n\n<p><strong>Vice-campe\u00e3o no Segundos Quadros do Campeonato da FAS de 1938<\/strong><strong><\/strong><\/p>\n\n\n\n<p>No <strong><em>III Campeonato da Federa\u00e7\u00e3o Athletica Suburbana, pela S\u00e9rie Benedicto Sarmento de 1938<\/em><\/strong>, o <strong><em>Mackenzie<\/em><\/strong> alugou a <strong><em>Pra\u00e7a de esportes<\/em><\/strong> do <strong><em>Sport Club Valim<\/em><\/strong>, situado na <strong><em>Rua Ferreira de Andrade, no Cachambi<\/em><\/strong>, a fim de disputar a competi\u00e7\u00e3o.<\/p>\n\n\n\n<p>Na estreia, <em>no domingo do dia 10 de Julho de 1938<\/em>, O <strong><em>Mackenzie<\/em><\/strong> venceu o <strong><em>Ad\u00e9lia<\/em><\/strong>, no <em>campo do Engenho de Dentro<\/em>, pelo placar de <strong><em>1 a 0<\/em><\/strong>. O gol foi assinalado por <em>Gaguinho<\/em>. O <strong><em>\u00e1rbitro<\/em><\/strong> foi o <em>Sr. Jo\u00e3o Marques Baptista<\/em>.<\/p>\n\n\n\n<p>O time vencedor formou assim: <em>Euro; Lazaro e Altair; Ribeiro, Buffet e Mendon\u00e7a; Waldemar, Gualter, Goulart, Gaguinho e Luiz<\/em>.<\/p>\n\n\n\n<p>Ap\u00f3s o triunfo, o &#8220;<strong><em>Alvinegro Mackenzista&#8221;<\/em><\/strong> oscilou, chegando a ficar na lanterna. Conseguiu at\u00e9 uma recupera\u00e7\u00e3o, mas sem chegar entre os primeiros. Melhor fez o <strong><em>Segundos Quadros<\/em><\/strong> do <strong><em>Mackenzie<\/em><\/strong> que fechou com <strong><em>o vice-campeonato de 1938<\/em><\/strong>, gra\u00e7as a desist\u00eancia do <strong><em>Mavilis Football Club<\/em><\/strong>. &nbsp;<\/p>\n\n\n\n<p><strong>T\u00cdTULOS<\/strong><strong><\/strong><\/p>\n\n\n\n<p>Em <strong><em>1917<\/em><\/strong>, o <strong><em>Mackenzie<\/em><\/strong> faturou <strong><em>seis trof\u00e9us<\/em><\/strong>: <strong><em>campe\u00e3o<\/em><\/strong> em cima do <strong><em>Everest<\/em><\/strong>, <strong><em>Villa Isabel<\/em><\/strong> e <strong><em>Sport Club Juiz de Fora\/MG <\/em><\/strong><em>(esse jogo aconteceu no domingo, do dia 23 de setembro de 1917, na cidade mineira, com vit\u00f3ria dos cariocas por 2 a 0)<\/em>. E, <strong><em>vice-campe\u00e3o<\/em><\/strong> perdendo para o <strong><em>Bangu Athletico Club<\/em><\/strong>, <strong><em>Villa Isabel<\/em><\/strong> e <strong><em>Rio de Janeiro<\/em><\/strong>.<\/p>\n\n\n\n<p>Em <strong><em>1918<\/em><\/strong>, faturou a<strong><em> Ta\u00e7a Alfredo de Siqueira<\/em><\/strong>, vencendo o <strong><em>Americano Football Club<\/em><\/strong> por <strong><em>2 a 1<\/em><\/strong>, em General Severiano. Depois faturou outros <strong><em>sete trof\u00e9us:<\/em><\/strong> em cima do <strong><em>Vasco da Gama<\/em><\/strong>; <strong><em>Rio de Janeiro<\/em><\/strong>, duas vezes; <strong><em>Sport Club Mangueira<\/em><\/strong>, um vez; todos no come\u00e7o do ano. Nos <strong><em>Segundos Quadros<\/em><\/strong>, dois t\u00edtulos, em cima do <strong><em>Flamengo<\/em><\/strong> e <strong><em>Americano<\/em><\/strong>; al\u00e9m das duas <strong><em>Ta\u00e7a Casa Stamp<\/em><\/strong> e <strong><em>Ta\u00e7a Jos\u00e9 Fernandes<\/em><\/strong>.<\/p>\n\n\n\n<p>Al\u00e9m das ta\u00e7as, tiveram <strong><em>sete bronzes<\/em><\/strong>, oferecidos pelos Senhores: <em>Abel Fernandes<\/em>, <em>despachante Freitas<\/em>, <em>Domingos Costa<\/em>, <em>Nelson Gareindo<\/em>, <em>Amadeu Macedo<\/em>, <strong><em>Silva Manoel Football Club<\/em><\/strong> e <em>Polytheama Meyer<\/em>, pelo concurso havido entre o <strong><em>Americano FC<\/em><\/strong>, <strong><em>campe\u00e3o da Segunda Divis\u00e3o<\/em><\/strong>.<\/p>\n\n\n\n<p>Em <strong><em>1920<\/em><\/strong>, mais <strong><em>quatro trof\u00e9us<\/em><\/strong> diante do <strong><em>Tupy de Juiz de Fora\/MG<\/em><\/strong><em> (Ta\u00e7a Jo\u00e3o Barros Freire)<\/em>, <strong><em>Villa Isabel Football Club<\/em><\/strong><em> (Vila Isabel), <strong>H\u00e9lios Athletico Club<\/strong> (Catumbi) e <strong>Canto do Rio Football Club<\/strong> (Niter\u00f3i)<\/em>.<\/p>\n\n\n\n<p>Em <strong><em>1923<\/em><\/strong>, se sagrou <strong><em>Campe\u00e3o<\/em><\/strong> do <strong><em>Torneio In\u00edcio da 1\u00aa Divis\u00e3o, da LMDT<\/em><\/strong>. Em <strong><em>1926<\/em><\/strong>, se sagrou <strong><em>Campe\u00e3o<\/em><\/strong> do <strong><em>Torneio In\u00edcio da 2\u00aa Divis\u00e3o, da AMEA<\/em><\/strong>. <strong><em>Campe\u00e3o<\/em><\/strong> <strong><em>do 1\u00ba Campeonato da FAS (Federa\u00e7\u00e3o Athletica Suburbana) de 1936<\/em><\/strong>. No ano seguinte, faturou o <strong><em>Torneio In\u00edcio da FAS de 1937<\/em><\/strong>.<\/p>\n\n\n\n<p><strong>Outros T\u00edtulos<\/strong><strong><\/strong><\/p>\n\n\n\n<p><strong>BASQUETE<\/strong><\/p>\n\n\n\n<p><em>\u2022&nbsp;&nbsp;&nbsp;&nbsp;&nbsp;&nbsp;&nbsp;&nbsp;&nbsp; Ta\u00e7a Kanela Adulto masculino 1984<\/em><\/p>\n\n\n\n<p><em>\u2022&nbsp;&nbsp;&nbsp;&nbsp;&nbsp;&nbsp;&nbsp;&nbsp;&nbsp; Ta\u00e7a Guanabara Adulto masculino 1978<\/em><\/p>\n\n\n\n<p><em>\u2022&nbsp;&nbsp;&nbsp;&nbsp;&nbsp;&nbsp;&nbsp;&nbsp;&nbsp; Campeonato Estadual Aspirantes masculino 1968<\/em><\/p>\n\n\n\n<p><em>\u2022&nbsp;&nbsp;&nbsp;&nbsp;&nbsp;&nbsp;&nbsp;&nbsp;&nbsp; Campeonato Estadual Juvenil masculino 1974; 1977 e 1980<\/em><\/p>\n\n\n\n<p><em>\u2022&nbsp;&nbsp;&nbsp;&nbsp;&nbsp;&nbsp;&nbsp;&nbsp;&nbsp; Campeonato Estadual Infanto-Juvenil masculino 1970; 1971; 1972; 1977; 1978 e 1979<\/em><\/p>\n\n\n\n<p><em>\u2022&nbsp;&nbsp;&nbsp;&nbsp;&nbsp;&nbsp;&nbsp;&nbsp;&nbsp; Campeonato Estadual Infantil masculino 1960(Torneio Infantil); 1976; 1980 e 1983<\/em><\/p>\n\n\n\n<p><em>\u2022&nbsp;&nbsp;&nbsp;&nbsp;&nbsp;&nbsp;&nbsp;&nbsp;&nbsp; Campeonato Estadual Mirim masculino 1978\/1\u00ba ; 1978\/2\u00ba ; 1979 e 1980(Torneios Mirim), 1981; 1982 e 1984<\/em><\/p>\n\n\n\n<p><em>\u2022&nbsp;&nbsp;&nbsp;&nbsp;&nbsp;&nbsp;&nbsp;&nbsp;&nbsp; Torneio Mini masculino 1973 e 1974<\/em><\/p>\n\n\n\n<p><strong>FUTSAL (Futebol de Sal\u00e3o)<\/strong><\/p>\n\n\n\n<p><em>\u2022&nbsp;&nbsp;&nbsp;&nbsp;&nbsp;&nbsp;&nbsp;&nbsp;&nbsp; Campeonato Metropolitano de Futebol de Sal\u00e3o Adulto masculino 1975<\/em><\/p>\n\n\n\n<p><em>\u2022&nbsp;&nbsp;&nbsp;&nbsp;&nbsp;&nbsp;&nbsp;&nbsp;&nbsp; Campeonato Estadual Juvenil masculino 1969; 1970 e 1973<\/em><\/p>\n\n\n\n<p><em>\u2022&nbsp;&nbsp;&nbsp;&nbsp;&nbsp;&nbsp;&nbsp;&nbsp;&nbsp; Campeonato Estadual Infanto-Juvenil masculino 1972; 1973(Junto ao Carioca); 1974 e 1976<\/em><\/p>\n\n\n\n<p><em>\u2022&nbsp;&nbsp;&nbsp;&nbsp;&nbsp;&nbsp;&nbsp;&nbsp;&nbsp; Campeonato Estadual Infantil masculino 1969; 1970; 1971; 1977; 1978; 1979 e 1980<\/em><\/p>\n\n\n\n<p><em>\u2022&nbsp;&nbsp;&nbsp;&nbsp;&nbsp;&nbsp;&nbsp;&nbsp;&nbsp; Campeonato Estadual Mirim 1981<\/em><\/p>\n\n\n\n<p><em>\u2022&nbsp;&nbsp;&nbsp;&nbsp;&nbsp;&nbsp;&nbsp;&nbsp;&nbsp; Campeonato Estadual Pr\u00e9-Mirim 1981 e 1991 (Junto a Vasco, Graja\u00fa T\u00eanis e Bangu)<\/em><\/p>\n\n\n\n<p><em>\u2022&nbsp;&nbsp;&nbsp;&nbsp;&nbsp;&nbsp;&nbsp;&nbsp;&nbsp; Campeonato Estadual Fraldinha 1982; 1983 e 1991 (Junto a Vasco, Flamengo e Bangu)<\/em><\/p>\n\n\n\n<p><strong><em><u>Forma\u00e7\u00f5es entre 1915 a 1938<\/u><\/em><\/strong><strong><em><u><\/u><\/em><\/strong><\/p>\n\n\n\n<p><strong><em>Time base de 1915:<\/em><\/strong><em> Ivan Maya de Vasconcellos; Catal\u00e3o e Euclydes Ferreira (Joel); Laranja (Oswaldo), Sylvio (Eugenio) e Murillo (Gilberto); Malot (Carvalhosa), Sampaio (Danton), Mathias (Zuzu), Bahia (Gilberto ou S\u00e9rgio), J. Oliveira (Manoel Marques ou Sampaio). <strong>Reservas:<\/strong> Jayme e Jo\u00e3o Nogueira. <strong>Capital:<\/strong> Antonio Mello, o &#8216;Catal\u00e3o&#8217;<\/em>.<\/p>\n\n\n\n<p><strong><em>Time base de 1916:<\/em><\/strong><em> Ivan de Vasconcellos (Mal\u00f4); Othelo e Joel; Ric\u00e3o, Ismael Cordovil (Danton) e Graciano (Laranja); Murillo, Mathias, Euclydes Ferreira, Gilberto e S\u00e9rgio (Raul)<\/em>. <strong><em>Capit\u00e3o:<\/em><\/strong><em> Euclydes Ferreira<\/em>.<\/p>\n\n\n\n<p><strong><em>Time base de 1917:<\/em><\/strong><em> Ivan de Vasconcellos; Othelo e Joel (Alfredo Silva ou Pinheiro); Sylvio (J. Silva), Cordovil (Hemeterio) e Oswaldo (Almeida); Oscar (Murillo), Mathias (Guaracy), Washington (Agenor), Gilberto (Bahia) e Heitor<\/em>.<strong><em> Capit\u00e3o:<\/em><\/strong> <em>Othelo Medeiros<\/em>.<\/p>\n\n\n\n<p><strong><em>Time base de 1918:<\/em><\/strong><em> Ivan de Vasconcellos; Othelo Medeiros (Zeca) e Juca Lopes (Juvellino); J. Silva, Hemeterio e Heitor Oliveira (Oswaldo); Murillo (Guaracy), Mathias (Floriano), Washington (Rodolpho), Gilberto (Bahia) e Agenor<\/em>.<strong><em> Capit\u00e3o:<\/em><\/strong> <em>Othelo Medeiros<\/em>.<\/p>\n\n\n\n<p><strong><em>Time base de 1919:<\/em><\/strong><em> Batalha; Zeca (Sylvio) e Juca Lopes; Eurico (Norival), Ferramenta (Castilho) e Salom\u00e9 (Heitor); Guaracy (Murillo), Rodolpho, Mathias, Agenor (Justo) e Washington<\/em>.<strong><em> Capit\u00e3o:<\/em><\/strong> <em>Othelo Medeiros<\/em>.<\/p>\n\n\n\n<p><strong><em>Time base de 1920:<\/em><\/strong><em> Batalha (Luz); Juca Lopes e Gon\u00e7alo (Gabriel); Norival (Arlindo), Villa (Avelino) e Salom\u00e9 (Heitor); Justo (Oswaldo), Neves (Washington), Mathias (Waldemar), Guaracy (P. Lima) e Agenor (J. Silva ou Alyrio)<\/em>. <strong><em>Capit\u00e3o:<\/em><\/strong> <em>Euclydes Motta e depois Waldemar<\/em>.<\/p>\n\n\n\n<p><strong><em>Time base de 1921:<\/em><\/strong><em> Batalha (Luiz); Gabriel (Almeida) e Juca Lopes (Jos\u00e9 Lopes); Arlindo, Avelino (Norival) e Heitor (Cordeiro); Oswaldo (P. Lima), Neves (Washington), Mathias (Ismael), J. Silva (Agenor) e Justo (Alyrio)<\/em>. <strong><em>Reservas:<\/em><\/strong><em> Aramis e Murta<\/em>. <strong><em>Capit\u00e3o:<\/em><\/strong><em> Heitor de Oliveira e depois Jos\u00e9 Pereira Lima, o &#8216;P. Lima<\/em>.<\/p>\n\n\n\n<p><strong><em>Time base de 1922:<\/em><\/strong><em> Batalha (Luiz); Lourival (Gabriel) e Juca Lopes; Norival Arlindo (Hermano) e Oswaldo (Arthur Fleck); Fernandes (Paschoal), J. Silva (Guaracy), Mathias (Allem\u00e3o), Washington (Ismael) e Reis (Antonio)<\/em>. <strong><em>Capit\u00e3o:<\/em><\/strong><em> Jos\u00e9 Lopes e depois \u00c2ngelo d&#8217;Abreu<\/em>.<\/p>\n\n\n\n<p><strong><em>Time base de 1923:<\/em><\/strong><em> Luiz; Osmar (Manduca) e Juca Lopes (Gabriel ou Nicanor); Aristides, Avelino e Washington (Christov\u00e3o); Fabio (Manoel), Durval (Evaristo), Mathuzal\u00e9m (Barroso II), Ismael e Agenor (Hugnott)<\/em>.<\/p>\n\n\n\n<p><strong><em>Time base de 1924:<\/em><\/strong><em> Vieira; Osmar e Juca Lopes; Lucena, S\u00e9rgio (Evangelista) e Aristides; Werneck (Arthur Fleck), Ismael (Washington), Othelo (Muniz), Durval e Doca<\/em>.<\/p>\n\n\n\n<p><strong><em>Time base de 1925:<\/em><\/strong> <em>Raul; Monteiro e Moacyr; Marcelino, Floriano e Moys\u00e9s; Bidoca, Bonitinho, Mintho, Tuller e Cabral<\/em>. <strong><em>Reservas:<\/em><\/strong><em> Torres, Christov\u00e3o e Pedro Helena<\/em>.<\/p>\n\n\n\n<p><strong><em>Time base de 1926:<\/em><\/strong> <em>Gomes; Pequenino e Lazaro; Nestor, Camillo e Mathias; Dionysio, Bahia, Goulart, Ramiro e Vianna<\/em>.<\/p>\n\n\n\n<p><strong><em>Time base de 1927:<\/em><\/strong><em> Gomes; Pequenino e Lazaro; Nestor, Camillo e Mathias; Dionysio, Bahia, Goulart, Ramiro e Vianna<\/em>.<\/p>\n\n\n\n<p><strong><em>Time base de 1928:<\/em><\/strong> <em>Claudionor; Oswaldo (M. Lopes) e Palmeira (Ultramar); A. Silva, Camillo e Walter (Washington); Cavinha (Baptista), Belfort (Augusto), Athayde, Othelo e Hugnott (Juventino)<\/em>.<\/p>\n\n\n\n<p><strong><em>Time de 1929: <\/em><\/strong><em>Claudionor (Jos\u00e9); Arthur (Alberto) e Palmeira (Pituca); M. Lopes (Mariano), Silva (Alex) e Delphim (Neves); Camillo (Aristheu), Venicio (Bibi), Moacyr (Paulista), Ultramar (Zequinha), Augusto (Alfredo ou Jayme), Am\u00e2ncio (Sylvio ou Caro\u00e7o) e Torraca (Protto ou Alvinho).<\/em><\/p>\n\n\n\n<p><strong><em>Time de 1930: <\/em><\/strong><em>Euro (Manoelzinho); Ultramar (Waldemar) e Palmeira (Norival ou Augusto); Washington (Rat\u00e3o), Am\u00e2ncio (Ultramar) e Venicio (Napole\u00e3o); Alvinho (Torraca), Athayde (Pessoa ou Waldemar), Luiz (Pery ou \u00c1lvaro), Campista (Augusto), Oscar (Pequenino) e Taquara (Bias).<\/em><\/p>\n\n\n\n<p><strong><em>Time de 1931: <\/em><\/strong><em>Euro (Oswaldo); Waldemar (Manoelzinho ou Ferreira) e Palmeira (Ultramar); Par\u00e1, Napole\u00e3o (Messias) e Fiorentino (Guerra ou Zico); Louveira (Loureiro), Z\u00e9 Luiz, Goulart, Luiz (Mario) e \u00c1lvaro II. <strong>Reservas:<\/strong> Euro, Lourival, Am\u00e2ncio, Alvinho, Mendon\u00e7a, Ribeiro e Bias<\/em>.<\/p>\n\n\n\n<p><strong><em>Time de 1932: <\/em><\/strong><em>Manoelzinho; Arthur e Waldemar; Lourival, Par\u00e1 e Chaves; Vinicio, Loureiro, Sylvio, Goulart e Gradim. <strong>Reservas:<\/strong> Ultramar, \u00c1lvaro e Alvinho<\/em>.&nbsp;<\/p>\n\n\n\n<p><strong><em>Time de 1933, 1934 e 1935: <\/em><\/strong><em>N\u00e3o disputou<\/em>.<\/p>\n\n\n\n<p><strong><em>Time de 1936: <\/em><\/strong><em>Euro (Antonio); Lazaro e Altair; Thadeu (Lino ou Tinoco), Isaac (Mimosa) e Elliot (Mario Pinho); Ultramar (Pomba), Waldemar (Zaz\u00e1), Goulart (Caio ou Arriaga), Jaburu (Jarbas ou Pixinha) e Bias (Al\u00edpio)<\/em>.<\/p>\n\n\n\n<p><strong><em>Time de 1937: <\/em><\/strong><em>Euro (Antonio); Lazaro e Altair; Thadeu (Lino ou Tinoco), Isaac (Mimosa ou Walfredo) e Elliot (Mario Pinho); Ultramar (Pomba), Waldemar (Zaz\u00e1), Goulart (Caio ou Arriaga), Jaburu (Jarbas ou Pixinha) e Bias (Al\u00edpio ou \u00c1lvaro)<\/em>.<\/p>\n\n\n\n<p><strong><em>Time de 1938: <\/em><\/strong><em>Jaguar\u00e9 (Antonio); Lazaro e Altair; Walfredo (Cito ou Chimbi), Archeti (Ratto ou Duca) e Elliot (Monteiro); Waldemar (Jo\u00e3ozinho), Gualter (Zizo), Ismael (Sylvio ou Zaz\u00e1), Jo\u00e3o (Bentevengo ou Ant\u00f4nio) e Bias (Simas ou Luiz)<\/em>. <strong><em>Capit\u00e3o:<\/em><\/strong><em> Jo\u00e3ozinho<\/em>. <\/p>\n\n\n\n<p><strong><em><u>FONTES<\/u>:<\/em><\/strong><em> Diversos jornais cariocas<\/em><\/p>\n","protected":false},"excerpt":{"rendered":"<p>Texto, pesquisa, desenhos (escudo e uniforme): S\u00e9rgio Mello Na tarde chuvosa de quinta-feira, \u00e0s 14h20min., do dia 13 de Maio de 1920, o Mackenzie fez o seu 1\u00ba jogo em n\u00edvel nacional. E o resultado foi apote\u00f3tico, com uma goleada por 7 a 1, em cima do Tupy de Juiz de Fora\/MG (filiado \u00e0 Sub-Liga [&hellip;]<\/p>\n","protected":false},"author":55,"featured_media":0,"comment_status":"open","ping_status":"closed","sticky":false,"template":"","format":"standard","meta":{"footnotes":""},"categories":[203,531,83,59,345,3,47,76],"tags":[],"class_list":["post-127387","post","type-post","status-publish","format-standard","hentry","category-sergio-mello","category-carencias","category-x9-curiosidades","category-escudos","category-fotos-historicas","category-historia-do-futebol","category-rio-de-janeiro","category-antigo-estado-do-rio"],"_links":{"self":[{"href":"https:\/\/historiadofutebol.com\/blog\/index.php?rest_route=\/wp\/v2\/posts\/127387","targetHints":{"allow":["GET"]}}],"collection":[{"href":"https:\/\/historiadofutebol.com\/blog\/index.php?rest_route=\/wp\/v2\/posts"}],"about":[{"href":"https:\/\/historiadofutebol.com\/blog\/index.php?rest_route=\/wp\/v2\/types\/post"}],"author":[{"embeddable":true,"href":"https:\/\/historiadofutebol.com\/blog\/index.php?rest_route=\/wp\/v2\/users\/55"}],"replies":[{"embeddable":true,"href":"https:\/\/historiadofutebol.com\/blog\/index.php?rest_route=%2Fwp%2Fv2%2Fcomments&post=127387"}],"version-history":[{"count":3,"href":"https:\/\/historiadofutebol.com\/blog\/index.php?rest_route=\/wp\/v2\/posts\/127387\/revisions"}],"predecessor-version":[{"id":127400,"href":"https:\/\/historiadofutebol.com\/blog\/index.php?rest_route=\/wp\/v2\/posts\/127387\/revisions\/127400"}],"wp:attachment":[{"href":"https:\/\/historiadofutebol.com\/blog\/index.php?rest_route=%2Fwp%2Fv2%2Fmedia&parent=127387"}],"wp:term":[{"taxonomy":"category","embeddable":true,"href":"https:\/\/historiadofutebol.com\/blog\/index.php?rest_route=%2Fwp%2Fv2%2Fcategories&post=127387"},{"taxonomy":"post_tag","embeddable":true,"href":"https:\/\/historiadofutebol.com\/blog\/index.php?rest_route=%2Fwp%2Fv2%2Ftags&post=127387"}],"curies":[{"name":"wp","href":"https:\/\/api.w.org\/{rel}","templated":true}]}}