{"id":127055,"date":"2018-08-06T19:01:00","date_gmt":"2018-08-06T22:01:00","guid":{"rendered":"https:\/\/historiadofutebol.com\/blog\/?p=127055"},"modified":"2022-08-06T19:17:14","modified_gmt":"2022-08-06T22:17:14","slug":"foto-rara-de-1969-clube-atletico-ferroviario-curitiba-pr","status":"publish","type":"post","link":"https:\/\/historiadofutebol.com\/blog\/?p=127055","title":{"rendered":"Foto Rara, de 1969: Clube Atl\u00e9tico Ferrovi\u00e1rio &#8211; Curitiba (PR)"},"content":{"rendered":"\n<div class=\"wp-block-image\"><figure class=\"aligncenter size-large is-resized\"><img loading=\"lazy\" decoding=\"async\" src=\"https:\/\/historiadofutebol.com\/blog\/wp-content\/uploads\/2022\/08\/CA-Ferroviario-PR-1969-FONTE-Odilon-De-Mello-Filho-500x321.jpg\" alt=\"\" class=\"wp-image-127056\" width=\"653\" height=\"419\" srcset=\"https:\/\/historiadofutebol.com\/blog\/wp-content\/uploads\/2022\/08\/CA-Ferroviario-PR-1969-FONTE-Odilon-De-Mello-Filho-500x321.jpg 500w, https:\/\/historiadofutebol.com\/blog\/wp-content\/uploads\/2022\/08\/CA-Ferroviario-PR-1969-FONTE-Odilon-De-Mello-Filho-300x193.jpg 300w, https:\/\/historiadofutebol.com\/blog\/wp-content\/uploads\/2022\/08\/CA-Ferroviario-PR-1969-FONTE-Odilon-De-Mello-Filho-768x493.jpg 768w, https:\/\/historiadofutebol.com\/blog\/wp-content\/uploads\/2022\/08\/CA-Ferroviario-PR-1969-FONTE-Odilon-De-Mello-Filho-1536x986.jpg 1536w, https:\/\/historiadofutebol.com\/blog\/wp-content\/uploads\/2022\/08\/CA-Ferroviario-PR-1969-FONTE-Odilon-De-Mello-Filho-624x401.jpg 624w, https:\/\/historiadofutebol.com\/blog\/wp-content\/uploads\/2022\/08\/CA-Ferroviario-PR-1969-FONTE-Odilon-De-Mello-Filho.jpg 1928w\" sizes=\"auto, (max-width: 653px) 100vw, 653px\" \/><figcaption><em>Uma das \u00faltimas fotos do clube <\/em><\/figcaption><\/figure><\/div>\n\n\n\n<p><strong>EM P\u00c9 (esquerda para a direita):<\/strong> Aldair, Paulista, Gilberto Tim, Gibi, Nat\u00e1lio e Brando;<\/p>\n\n\n\n<p><strong>AGACHADOS (esquerda para a direita):<\/strong> Ma\u00e7aneiro (massagista), Wilson, Madureira, Ademir, Fragoso, Renatinho e Humberto.<\/p>\n\n\n\n<p><strong><em><u>FOTO<\/u>:<\/em><\/strong><em> Acervo de Jo\u00e3o Gustavo Kuehne<\/em><\/p>\n","protected":false},"excerpt":{"rendered":"<p>EM P\u00c9 (esquerda para a direita): Aldair, Paulista, Gilberto Tim, Gibi, Nat\u00e1lio e Brando; AGACHADOS (esquerda para a direita): Ma\u00e7aneiro (massagista), Wilson, Madureira, Ademir, Fragoso, Renatinho e Humberto. FOTO: Acervo de Jo\u00e3o Gustavo Kuehne<\/p>\n","protected":false},"author":55,"featured_media":0,"comment_status":"open","ping_status":"closed","sticky":false,"template":"","format":"standard","meta":{"footnotes":""},"categories":[203,83,345,3,41],"tags":[],"class_list":["post-127055","post","type-post","status-publish","format-standard","hentry","category-sergio-mello","category-x9-curiosidades","category-fotos-historicas","category-historia-do-futebol","category-parana"],"_links":{"self":[{"href":"https:\/\/historiadofutebol.com\/blog\/index.php?rest_route=\/wp\/v2\/posts\/127055","targetHints":{"allow":["GET"]}}],"collection":[{"href":"https:\/\/historiadofutebol.com\/blog\/index.php?rest_route=\/wp\/v2\/posts"}],"about":[{"href":"https:\/\/historiadofutebol.com\/blog\/index.php?rest_route=\/wp\/v2\/types\/post"}],"author":[{"embeddable":true,"href":"https:\/\/historiadofutebol.com\/blog\/index.php?rest_route=\/wp\/v2\/users\/55"}],"replies":[{"embeddable":true,"href":"https:\/\/historiadofutebol.com\/blog\/index.php?rest_route=%2Fwp%2Fv2%2Fcomments&post=127055"}],"version-history":[{"count":1,"href":"https:\/\/historiadofutebol.com\/blog\/index.php?rest_route=\/wp\/v2\/posts\/127055\/revisions"}],"predecessor-version":[{"id":127057,"href":"https:\/\/historiadofutebol.com\/blog\/index.php?rest_route=\/wp\/v2\/posts\/127055\/revisions\/127057"}],"wp:attachment":[{"href":"https:\/\/historiadofutebol.com\/blog\/index.php?rest_route=%2Fwp%2Fv2%2Fmedia&parent=127055"}],"wp:term":[{"taxonomy":"category","embeddable":true,"href":"https:\/\/historiadofutebol.com\/blog\/index.php?rest_route=%2Fwp%2Fv2%2Fcategories&post=127055"},{"taxonomy":"post_tag","embeddable":true,"href":"https:\/\/historiadofutebol.com\/blog\/index.php?rest_route=%2Fwp%2Fv2%2Ftags&post=127055"}],"curies":[{"name":"wp","href":"https:\/\/api.w.org\/{rel}","templated":true}]}}