{"id":126962,"date":"2010-09-13T22:59:00","date_gmt":"2010-09-14T01:59:00","guid":{"rendered":"https:\/\/historiadofutebol.com\/blog\/?p=126962"},"modified":"2022-08-02T23:38:30","modified_gmt":"2022-08-03T02:38:30","slug":"inedito-uniao-frederiquense-de-futebol-frederico-westphalen-rs","status":"publish","type":"post","link":"https:\/\/historiadofutebol.com\/blog\/?p=126962","title":{"rendered":"In\u00e9dito!! Uni\u00e3o Frederiquense de Futebol &#8211; Frederico Westphalen (RS)"},"content":{"rendered":"\n<div class=\"wp-block-image\"><figure class=\"aligncenter size-large\"><img loading=\"lazy\" decoding=\"async\" width=\"500\" height=\"316\" src=\"https:\/\/historiadofutebol.com\/blog\/wp-content\/uploads\/2022\/08\/UFF-500x316.jpg\" alt=\"\" class=\"wp-image-126963\" srcset=\"https:\/\/historiadofutebol.com\/blog\/wp-content\/uploads\/2022\/08\/UFF-500x316.jpg 500w, https:\/\/historiadofutebol.com\/blog\/wp-content\/uploads\/2022\/08\/UFF-300x190.jpg 300w, https:\/\/historiadofutebol.com\/blog\/wp-content\/uploads\/2022\/08\/UFF-624x394.jpg 624w, https:\/\/historiadofutebol.com\/blog\/wp-content\/uploads\/2022\/08\/UFF.jpg 704w\" sizes=\"auto, (max-width: 500px) 100vw, 500px\" \/><\/figure><\/div>\n\n\n\n<p>O <strong>Uni\u00e3o Frederiquense de Futebol<\/strong> \u00e9 uma agremia\u00e7\u00e3o do munic\u00edpio de Frederico Westphalen <em>(com uma popula\u00e7\u00e3o de cerca de 31 mil habitantes)<\/em>, que fica a 434 k da capital <em>(Porto Alegre)<\/em> do estado do Rio Grande do Sul. &nbsp;<\/p>\n\n\n\n<p>O &#8220;<strong><em>Le\u00e3o da Colina<\/em><\/strong>&#8221; foi <strong><em>Fundado na ter\u00e7a-feira, do dia 03 de Agosto de 2010<\/em><\/strong>, com a finalidade de eliminar rivalidades locais, visto que dificilmente seria poss\u00edvel ingressar profissionalmente com qualquer um dos dois principais clubes amadores do munic\u00edpio, <strong>Ipiranga<\/strong> e <strong><em>Itapag\u00e9<\/em><\/strong>.<\/p>\n\n\n\n<p>Sendo assim, pessoas ligadas aos dois clubes &#8211; e tamb\u00e9m a outros amadores do munic\u00edpio &#8211; optaram por criar uma nova via, o <strong><em>Uni\u00e3o Frederiquense<\/em><\/strong>, que se tornou o <strong><em>1\u00ba clube profissional da hist\u00f3ria de Frederico Westphalen<\/em><\/strong>.<\/p>\n\n\n\n<p>O <strong><em>Ipiranga<\/em><\/strong> segue como um clube social, enquanto que o Itapag\u00e9 atualmente possui ativo somente o futebol de categoria amadora de veteranos. As cores do <strong><em>Uni\u00e3o Frederiquense<\/em><\/strong> foram escolhidas justamente para acabar com qualquer resqu\u00edcio de rivalidade local. Unem-se o <strong><em>verde<\/em><\/strong> do <strong><em>Ipiranga<\/em><\/strong>, o <strong><em>branco (neutro) <\/em><\/strong>e o <strong><em>vermelho<\/em><\/strong> do <strong><em>Itapag\u00e9<\/em><\/strong>.<\/p>\n\n\n\n<p class=\"has-text-align-center\"><strong>Arena<\/strong> <strong>Westphalen<\/strong><\/p>\n\n\n\n<figure class=\"wp-block-image size-large is-resized\"><img loading=\"lazy\" decoding=\"async\" src=\"https:\/\/historiadofutebol.com\/blog\/wp-content\/uploads\/2022\/08\/292475737_446825184115042_543669712692840823_n-500x375.jpg\" alt=\"\" class=\"wp-image-126964\" width=\"655\" height=\"491\" srcset=\"https:\/\/historiadofutebol.com\/blog\/wp-content\/uploads\/2022\/08\/292475737_446825184115042_543669712692840823_n-500x375.jpg 500w, https:\/\/historiadofutebol.com\/blog\/wp-content\/uploads\/2022\/08\/292475737_446825184115042_543669712692840823_n-300x225.jpg 300w, https:\/\/historiadofutebol.com\/blog\/wp-content\/uploads\/2022\/08\/292475737_446825184115042_543669712692840823_n-768x576.jpg 768w, https:\/\/historiadofutebol.com\/blog\/wp-content\/uploads\/2022\/08\/292475737_446825184115042_543669712692840823_n-624x468.jpg 624w, https:\/\/historiadofutebol.com\/blog\/wp-content\/uploads\/2022\/08\/292475737_446825184115042_543669712692840823_n.jpg 1440w\" sizes=\"auto, (max-width: 655px) 100vw, 655px\" \/><\/figure>\n\n\n\n<p>O <strong><em>Uni\u00e3o<\/em><\/strong> sedia seus jogos na<strong><em> Arena<\/em><\/strong> <strong><em>Westphalen<\/em><\/strong>, com capacidade para 3 mil pessoas, localizado na <strong><em>Estrada Santo Caeran, s\/n, &#8211; B. Faguense, em Frederico Westphalen<\/em><\/strong>. J\u00e1 a sua <strong><em>Sede<\/em><\/strong> est\u00e1 situada na <strong><em>Rua Rui Barbosa, n\u00ba 784 &#8211; Sala 02, no Centro de Frederico Westphalen<\/em><\/strong>.<\/p>\n\n\n\n<p>A <strong><em>mascote<\/em><\/strong> oficial do <strong><em>Uni\u00e3o Frederiquense<\/em><\/strong> \u00e9 um <em>le\u00e3o<\/em>, denominado <strong><em>Le\u00e3o da Colina<\/em><\/strong>, e o Hino Oficial do clube tem por t\u00edtulo &#8220;<strong><em>Her\u00f3ico filho do Barril<\/em><\/strong>&#8220;, ambos escolhidos em concurso aberto aos torcedores em geral.<\/p>\n\n\n\n<p><strong><em>Her\u00f3ico filho do Barril<\/em><\/strong><em><br \/><br \/><strong>Uni\u00e3o Frederiquense<\/strong><strong><br \/>Glorioso, time guerreiro<br \/>Orgulho de nossa terra<br \/>Ga\u00facho e brasileiro<br \/><\/strong><br \/>Dentro e fora da Colina<br \/>Her\u00f3ico filho do Barril<br \/>Ser campe\u00e3o \u00e9 tua sina<br \/>Em todos os cantos do Brasil<br \/><br \/><strong>Uni\u00e3o Frederiquense<\/strong><strong><br \/>Glorioso, time guerreiro<br \/>Orgulho de nossa terra<br \/>Ga\u00facho e brasileiro<br \/><\/strong><br \/>Pra frente, sempre pra frente&nbsp;&nbsp;&nbsp;&nbsp;&nbsp;&nbsp;&nbsp;<br \/>Postura de vencedor<br \/>N\u00e3o teme nenhum oponente<br \/>Tens na ra\u00e7a o teu maior valor<br \/><br \/><strong>Uni\u00e3o Frederiquense<\/strong><strong><br \/>Glorioso, time guerreiro<br \/>Orgulho de nossa terra<br \/>Ga\u00facho e brasileiro<br \/><\/strong><br \/>Verde, vermelho e branco, a alian\u00e7a<br \/>Nas tuas cores, nossa paix\u00e3o<br \/>Tuas conquistas, nossa esperan\u00e7a<br \/>Honra, respeito e tradi\u00e7\u00e3o<br \/><br \/><strong>Uni\u00e3o Frederiquense<\/strong><strong><br \/>Glorioso, time guerreiro<br \/>Orgulho de nossa terra<br \/>Ga\u00facho e brasileiro<\/strong><\/em><em><\/em><\/p>\n\n\n\n<p>A atual diretoria do clube tem como <strong><em>presidente<\/em><\/strong> o advogado e empres\u00e1rio, <em>Vin\u00edcius Girardi<\/em>. <strong><em>Uni\u00e3o Frederiquense<\/em><\/strong> foi filiado na <strong><em>Federa\u00e7\u00e3o Ga\u00facha de Futebol <\/em><\/strong>em <em>setembro de 2010<\/em> e disputou a <strong><em>Divis\u00e3o de Acesso do Gauch\u00e3o de 2011 a 2014<\/em><\/strong>.<\/p>\n\n\n\n<div class=\"wp-block-image\"><figure class=\"aligncenter size-large is-resized\"><img loading=\"lazy\" decoding=\"async\" src=\"https:\/\/historiadofutebol.com\/blog\/wp-content\/uploads\/2022\/08\/274393351_352280963569465_7825567379998482307_n-500x333.jpg\" alt=\"\" class=\"wp-image-126965\" width=\"656\" height=\"437\" srcset=\"https:\/\/historiadofutebol.com\/blog\/wp-content\/uploads\/2022\/08\/274393351_352280963569465_7825567379998482307_n-500x333.jpg 500w, https:\/\/historiadofutebol.com\/blog\/wp-content\/uploads\/2022\/08\/274393351_352280963569465_7825567379998482307_n-300x200.jpg 300w, https:\/\/historiadofutebol.com\/blog\/wp-content\/uploads\/2022\/08\/274393351_352280963569465_7825567379998482307_n-768x512.jpg 768w, https:\/\/historiadofutebol.com\/blog\/wp-content\/uploads\/2022\/08\/274393351_352280963569465_7825567379998482307_n-1536x1024.jpg 1536w, https:\/\/historiadofutebol.com\/blog\/wp-content\/uploads\/2022\/08\/274393351_352280963569465_7825567379998482307_n-624x416.jpg 624w, https:\/\/historiadofutebol.com\/blog\/wp-content\/uploads\/2022\/08\/274393351_352280963569465_7825567379998482307_n.jpg 2048w\" sizes=\"auto, (max-width: 656px) 100vw, 656px\" \/><figcaption><strong>EM P\u00c9 (esquerda para a direita):<\/strong> Rodrigo Souza (t\u00e9cnico), Lu\u00eds Cetin, Talis, Jander, Cleiton e Deivison;<br \/><strong>AGACHADOS (esquerda para a direita):<\/strong> Jo\u00e3o Ricardo Bueno Lemes (massagista), Lorenzo, Lessa, Jo\u00e3ozinho, Marcos Felipe, Igor e Henrique.<\/figcaption><\/figure><\/div>\n\n\n\n<p><em>Em 04 de junho de <strong>2014<\/strong><\/em> o <strong><em>clube<\/em><\/strong> chegou \u00e0 sua primeira grande conquista, quando obteve uma das tr\u00eas vagas <strong><em>\u00e0 elite do futebol ga\u00facho<\/em><\/strong> &#8211; o <strong><em>Gauch\u00e3o<\/em><\/strong> -, competi\u00e7\u00e3o que disputou em <strong><em>2015<\/em><\/strong>. Entretanto, o clube alcan\u00e7ou apenas a <strong><em>15\u00aa posi\u00e7\u00e3o <\/em><\/strong>entre 16 clubes e, assim, regressou \u00e0 <strong><em>Divis\u00e3o de Acesso<\/em><\/strong>.<\/p>\n\n\n\n<p>Ainda em <strong><em>2015<\/em><\/strong>, conquistou o primeiro titulo de sua hist\u00f3ria, a <strong><em>Copa Valmir Louruz<\/em><\/strong>. Em <strong><em>2016<\/em><\/strong>, a equipe chegou ao <strong><em>quadrangular final<\/em><\/strong> da <strong><em>Divis\u00e3o de Acesso<\/em><\/strong>, mas n\u00e3o conseguiu a vaga para a <strong><em>Primeira Divis\u00e3o Ga\u00facha<\/em><\/strong>.<\/p>\n\n\n\n<p>Em <strong><em>2017<\/em><\/strong>, a equipe n\u00e3o passou da fase classificat\u00f3ria. Em <strong><em>2018<\/em><\/strong>, a equipe tamb\u00e9m n\u00e3o saiu da fase classificat\u00f3ria. No mesmo ano, o <strong><em>Uni\u00e3o Frederiquense<\/em><\/strong> inaugurou sua <strong><em>arena<\/em><\/strong>, com capacidade inicial de <strong><em>1.400 pessoas<\/em><\/strong>.<\/p>\n\n\n\n<p>Em 2019, o time de <em>Frederico<\/em> <em>Westphalen<\/em> escapou do rebaixamento para a <strong><em>Terceirona<\/em><\/strong> na \u00faltima rodada, ao vencer o S\u00e3o <strong><em>Borja<\/em><\/strong> por <strong><em>2 a 0<\/em><\/strong>. Em <strong><em>novembro de 2021<\/em><\/strong>, o <strong><em>Uni\u00e3o<\/em><\/strong> conquista seu primeiro t\u00edtulo de express\u00e3o: o do <strong><em>Campeonato Gaucho da Divis\u00e3o de Acesso<\/em><\/strong>, ap\u00f3s empatar por <strong><em>0 a 0<\/em><\/strong> na ida e golear por <strong><em>5 a 0<\/em><\/strong> na volta o tradicional&nbsp;<strong><em>Guarany de Bag\u00e9<\/em><\/strong>.<\/p>\n\n\n\n<p>Com o <strong><em>t\u00edtulo<\/em><\/strong> e a vaga para a final, garantiu acesso ao&nbsp;<strong><em>Campeonato Ga\u00facho da 1\u00aa Divis\u00e3o&nbsp;de 2022<\/em><\/strong> pela segunda vez na sua hist\u00f3ria. Por\u00e9m, terminou o <strong><em>Gauch\u00e3o<\/em><\/strong> na <strong><em>11\u00aa e pen\u00faltimo lugar<\/em><\/strong> <strong><em>(foram 11 jogos, com nove pontos; duas vit\u00f3rias, tr\u00eas empates e seis derrotas; oito gols pr\u00f3, 16 tentos contra e um saldo negativo de oito)<\/em><\/strong> e acabou <em>rebaixado<\/em>.<\/p>\n\n\n\n<p><strong><em><u>FONTES E FOTOS<\/u><\/em><\/strong><strong><em>:<\/em><\/strong><em> Wikip\u00e9dia &#8211; P\u00e1gina do clube no Facebook &#8211; site oficial do clube<\/em><\/p>\n","protected":false},"excerpt":{"rendered":"<p>O Uni\u00e3o Frederiquense de Futebol \u00e9 uma agremia\u00e7\u00e3o do munic\u00edpio de Frederico Westphalen (com uma popula\u00e7\u00e3o de cerca de 31 mil habitantes), que fica a 434 k da capital (Porto Alegre) do estado do Rio Grande do Sul. &nbsp; O &#8220;Le\u00e3o da Colina&#8221; foi Fundado na ter\u00e7a-feira, do dia 03 de Agosto de 2010, com [&hellip;]<\/p>\n","protected":false},"author":55,"featured_media":0,"comment_status":"open","ping_status":"closed","sticky":false,"template":"","format":"standard","meta":{"footnotes":""},"categories":[203,531,83,59,345,3,46],"tags":[],"class_list":["post-126962","post","type-post","status-publish","format-standard","hentry","category-sergio-mello","category-carencias","category-x9-curiosidades","category-escudos","category-fotos-historicas","category-historia-do-futebol","category-rg-do-sul"],"_links":{"self":[{"href":"https:\/\/historiadofutebol.com\/blog\/index.php?rest_route=\/wp\/v2\/posts\/126962","targetHints":{"allow":["GET"]}}],"collection":[{"href":"https:\/\/historiadofutebol.com\/blog\/index.php?rest_route=\/wp\/v2\/posts"}],"about":[{"href":"https:\/\/historiadofutebol.com\/blog\/index.php?rest_route=\/wp\/v2\/types\/post"}],"author":[{"embeddable":true,"href":"https:\/\/historiadofutebol.com\/blog\/index.php?rest_route=\/wp\/v2\/users\/55"}],"replies":[{"embeddable":true,"href":"https:\/\/historiadofutebol.com\/blog\/index.php?rest_route=%2Fwp%2Fv2%2Fcomments&post=126962"}],"version-history":[{"count":1,"href":"https:\/\/historiadofutebol.com\/blog\/index.php?rest_route=\/wp\/v2\/posts\/126962\/revisions"}],"predecessor-version":[{"id":126966,"href":"https:\/\/historiadofutebol.com\/blog\/index.php?rest_route=\/wp\/v2\/posts\/126962\/revisions\/126966"}],"wp:attachment":[{"href":"https:\/\/historiadofutebol.com\/blog\/index.php?rest_route=%2Fwp%2Fv2%2Fmedia&parent=126962"}],"wp:term":[{"taxonomy":"category","embeddable":true,"href":"https:\/\/historiadofutebol.com\/blog\/index.php?rest_route=%2Fwp%2Fv2%2Fcategories&post=126962"},{"taxonomy":"post_tag","embeddable":true,"href":"https:\/\/historiadofutebol.com\/blog\/index.php?rest_route=%2Fwp%2Fv2%2Ftags&post=126962"}],"curies":[{"name":"wp","href":"https:\/\/api.w.org\/{rel}","templated":true}]}}