{"id":126956,"date":"2022-08-02T20:08:48","date_gmt":"2022-08-02T23:08:48","guid":{"rendered":"https:\/\/historiadofutebol.com\/blog\/?p=126956"},"modified":"2022-08-05T01:25:15","modified_gmt":"2022-08-05T04:25:15","slug":"inedito-associacao-athletica-forluminas-belo-horizonte-mg","status":"publish","type":"post","link":"https:\/\/historiadofutebol.com\/blog\/?p=126956","title":{"rendered":"In\u00e9dito!! Associa\u00e7\u00e3o Athletica Forluminas &#8211; Belo Horizonte (MG): fundado no in\u00edcio da d\u00e9cada de 30"},"content":{"rendered":"\n<div class=\"wp-block-image\"><figure class=\"aligncenter size-large\"><img loading=\"lazy\" decoding=\"async\" width=\"500\" height=\"322\" src=\"https:\/\/historiadofutebol.com\/blog\/wp-content\/uploads\/2022\/08\/AAF-500x322.jpg\" alt=\"\" class=\"wp-image-126957\" srcset=\"https:\/\/historiadofutebol.com\/blog\/wp-content\/uploads\/2022\/08\/AAF-500x322.jpg 500w, https:\/\/historiadofutebol.com\/blog\/wp-content\/uploads\/2022\/08\/AAF-300x193.jpg 300w, https:\/\/historiadofutebol.com\/blog\/wp-content\/uploads\/2022\/08\/AAF-624x402.jpg 624w, https:\/\/historiadofutebol.com\/blog\/wp-content\/uploads\/2022\/08\/AAF.jpg 704w\" sizes=\"auto, (max-width: 500px) 100vw, 500px\" \/><\/figure><\/div>\n\n\n\n<p>A <strong>Associa\u00e7\u00e3o Athletica Forluminas<\/strong> foi uma agremia\u00e7\u00e3o da cidade de Belo Horizonte (MG). A sua <strong><em>Sede (1932)<\/em><\/strong> ficava na <strong><em>Avenida Affonso Penna, n\u00ba 1.734, no bairro de Boa Viagem, em Belo Horizonte (MG)<\/em><\/strong>. <strong><em>Fundado<\/em><\/strong> por <em>funcion\u00e1rios da<\/em> <strong><em>Companhia F\u00f4r\u00e7a e Luz de Minas Gerais (FORLUMINAS)<\/em><\/strong>, no in\u00edcio da d\u00e9cada de 30.<\/p>\n\n\n\n<p>O <strong><em>Forluminas<\/em><\/strong>, no ano seguinte ao seu surgimento, se sagrou <strong><em>campe\u00e3o<\/em><\/strong> <strong><em>Mineiro Amadorista de 1933<\/em><\/strong>. <em>No domingo, do dia 17 de fevereiro de 1935<\/em>, o <strong><em>Villa Nova<\/em><\/strong>, ent\u00e3o <strong><em>campe\u00e3o Mineiro da 1\u00aa Divis\u00e3o<\/em><\/strong>, goleou o <strong><em>Forluminas<\/em><\/strong> pelo placar de <strong><em>7 a 0<\/em><\/strong>, em Nova Lima.<\/p>\n\n\n\n<figure class=\"wp-block-image size-large is-resized\"><img loading=\"lazy\" decoding=\"async\" src=\"https:\/\/historiadofutebol.com\/blog\/wp-content\/uploads\/2022\/08\/Associacao-Atletica-Forluminas-500x234.jpg\" alt=\"\" class=\"wp-image-126959\" width=\"653\" height=\"306\" srcset=\"https:\/\/historiadofutebol.com\/blog\/wp-content\/uploads\/2022\/08\/Associacao-Atletica-Forluminas-500x234.jpg 500w, https:\/\/historiadofutebol.com\/blog\/wp-content\/uploads\/2022\/08\/Associacao-Atletica-Forluminas-300x140.jpg 300w, https:\/\/historiadofutebol.com\/blog\/wp-content\/uploads\/2022\/08\/Associacao-Atletica-Forluminas-768x359.jpg 768w, https:\/\/historiadofutebol.com\/blog\/wp-content\/uploads\/2022\/08\/Associacao-Atletica-Forluminas-1536x718.jpg 1536w, https:\/\/historiadofutebol.com\/blog\/wp-content\/uploads\/2022\/08\/Associacao-Atletica-Forluminas-2048x957.jpg 2048w, https:\/\/historiadofutebol.com\/blog\/wp-content\/uploads\/2022\/08\/Associacao-Atletica-Forluminas-624x292.jpg 624w\" sizes=\"auto, (max-width: 653px) 100vw, 653px\" \/><\/figure>\n\n\n\n<p>Em <strong><em>1935<\/em><\/strong>, disputou a <strong><em>Sub-Divis\u00e3o<\/em><\/strong>, com a participa\u00e7\u00e3o do <strong><em>Sete de Setembro<\/em><\/strong>, <strong><em>Forluminas<\/em><\/strong>, <strong><em>Commercial<\/em><\/strong>, <strong><em>Graphico<\/em><\/strong>, <strong><em>Carlos Prates<\/em><\/strong> e <strong><em>Fluminense<\/em><\/strong>.<\/p>\n\n\n\n<p><em>Em 05 de Agosto de 1939<\/em>, A <strong><em>Federa\u00e7\u00e3o Brasileira de Futebol<\/em><\/strong> comunicou que o <strong><em>Forluminas<\/em><\/strong> estava oficialmente filiado a <strong><em>Associa\u00e7\u00e3o Mineira de Esportes (AME)<\/em><\/strong>.<\/p>\n\n\n\n<div class=\"wp-block-image\"><figure class=\"aligncenter size-large\"><img loading=\"lazy\" decoding=\"async\" width=\"381\" height=\"500\" src=\"https:\/\/historiadofutebol.com\/blog\/wp-content\/uploads\/2022\/08\/Sem-titulo1-1-381x500.jpg\" alt=\"\" class=\"wp-image-126958\" srcset=\"https:\/\/historiadofutebol.com\/blog\/wp-content\/uploads\/2022\/08\/Sem-titulo1-1-381x500.jpg 381w, https:\/\/historiadofutebol.com\/blog\/wp-content\/uploads\/2022\/08\/Sem-titulo1-1-228x300.jpg 228w, https:\/\/historiadofutebol.com\/blog\/wp-content\/uploads\/2022\/08\/Sem-titulo1-1.jpg 570w\" sizes=\"auto, (max-width: 381px) 100vw, 381px\" \/><figcaption><em><strong>Mascote da A.A. Forluminas<\/strong><\/em><\/figcaption><\/figure><\/div>\n\n\n\n<p>No in\u00edcio da d\u00e9cada de 40, disputou o <strong><em>Departamento Amadorista de Futebol<\/em><\/strong>, de Belo Horizonte. No come\u00e7o dos anos 60, a agremia\u00e7\u00e3o alterou o seu nome, passando se chamar: <strong><em>Esporte Clube Forluminas<\/em><\/strong>.&nbsp; &nbsp;<\/p>\n\n\n\n<p><strong><em><u>Pesquisa, texto, Desenho do escudo, mascote e uniforme<\/u>:<\/em><\/strong><em> S\u00e9rgio Mello<\/em><\/p>\n\n\n\n<p><strong><em><u>FOTO<\/u>:<\/em><\/strong><em> Sport Illustrado (RJ)<\/em><\/p>\n\n\n\n<p><strong><em><u>FONTES<\/u>:<\/em><\/strong><em> Jornal dos Sports (RJ) &#8211; A Noite (RJ) &#8211; Di\u00e1rio da Noite (RJ) &#8211; Sport Ilustrado (RJ) &#8211; O Jornal (RJ) &#8211; A Manh\u00e3 (RJ) &#8211; Correio da Manh\u00e3 (RJ) &#8211; Almanak Laemmert : Administrativo, Mercantil e Industrial (RJ)<\/em><\/p>\n","protected":false},"excerpt":{"rendered":"<p>A Associa\u00e7\u00e3o Athletica Forluminas foi uma agremia\u00e7\u00e3o da cidade de Belo Horizonte (MG). A sua Sede (1932) ficava na Avenida Affonso Penna, n\u00ba 1.734, no bairro de Boa Viagem, em Belo Horizonte (MG). Fundado por funcion\u00e1rios da Companhia F\u00f4r\u00e7a e Luz de Minas Gerais (FORLUMINAS), no in\u00edcio da d\u00e9cada de 30. O Forluminas, no ano [&hellip;]<\/p>\n","protected":false},"author":55,"featured_media":0,"comment_status":"open","ping_status":"closed","sticky":false,"template":"","format":"standard","meta":{"footnotes":""},"categories":[203,531,83,59,345,3,39],"tags":[],"class_list":["post-126956","post","type-post","status-publish","format-standard","hentry","category-sergio-mello","category-carencias","category-x9-curiosidades","category-escudos","category-fotos-historicas","category-historia-do-futebol","category-minas-gerais"],"_links":{"self":[{"href":"https:\/\/historiadofutebol.com\/blog\/index.php?rest_route=\/wp\/v2\/posts\/126956","targetHints":{"allow":["GET"]}}],"collection":[{"href":"https:\/\/historiadofutebol.com\/blog\/index.php?rest_route=\/wp\/v2\/posts"}],"about":[{"href":"https:\/\/historiadofutebol.com\/blog\/index.php?rest_route=\/wp\/v2\/types\/post"}],"author":[{"embeddable":true,"href":"https:\/\/historiadofutebol.com\/blog\/index.php?rest_route=\/wp\/v2\/users\/55"}],"replies":[{"embeddable":true,"href":"https:\/\/historiadofutebol.com\/blog\/index.php?rest_route=%2Fwp%2Fv2%2Fcomments&post=126956"}],"version-history":[{"count":3,"href":"https:\/\/historiadofutebol.com\/blog\/index.php?rest_route=\/wp\/v2\/posts\/126956\/revisions"}],"predecessor-version":[{"id":127013,"href":"https:\/\/historiadofutebol.com\/blog\/index.php?rest_route=\/wp\/v2\/posts\/126956\/revisions\/127013"}],"wp:attachment":[{"href":"https:\/\/historiadofutebol.com\/blog\/index.php?rest_route=%2Fwp%2Fv2%2Fmedia&parent=126956"}],"wp:term":[{"taxonomy":"category","embeddable":true,"href":"https:\/\/historiadofutebol.com\/blog\/index.php?rest_route=%2Fwp%2Fv2%2Fcategories&post=126956"},{"taxonomy":"post_tag","embeddable":true,"href":"https:\/\/historiadofutebol.com\/blog\/index.php?rest_route=%2Fwp%2Fv2%2Ftags&post=126956"}],"curies":[{"name":"wp","href":"https:\/\/api.w.org\/{rel}","templated":true}]}}