{"id":126355,"date":"2022-07-17T23:07:27","date_gmt":"2022-07-18T02:07:27","guid":{"rendered":"https:\/\/historiadofutebol.com\/blog\/?p=126355"},"modified":"2022-07-18T02:04:11","modified_gmt":"2022-07-18T05:04:11","slug":"independente-atletico-clube-uberaba-mg-escudos-raros-de-1943-e-1946","status":"publish","type":"post","link":"https:\/\/historiadofutebol.com\/blog\/?p=126355","title":{"rendered":"Independente Atl\u00e9tico Clube &#8211; Uberaba (MG): escudos raros de 1943 e 1946"},"content":{"rendered":"\n<div class=\"wp-block-image\"><figure class=\"aligncenter size-large\"><img loading=\"lazy\" decoding=\"async\" width=\"500\" height=\"316\" src=\"https:\/\/historiadofutebol.com\/blog\/wp-content\/uploads\/2022\/07\/IAC-1946-500x316.jpg\" alt=\"\" class=\"wp-image-126357\" srcset=\"https:\/\/historiadofutebol.com\/blog\/wp-content\/uploads\/2022\/07\/IAC-1946-500x316.jpg 500w, https:\/\/historiadofutebol.com\/blog\/wp-content\/uploads\/2022\/07\/IAC-1946-300x190.jpg 300w, https:\/\/historiadofutebol.com\/blog\/wp-content\/uploads\/2022\/07\/IAC-1946-624x394.jpg 624w, https:\/\/historiadofutebol.com\/blog\/wp-content\/uploads\/2022\/07\/IAC-1946.jpg 715w\" sizes=\"auto, (max-width: 500px) 100vw, 500px\" \/><\/figure><\/div>\n\n\n\n<p>O <strong>Independente Atl\u00e9tico Clube<\/strong> \u00e9 uma agremia\u00e7\u00e3o da Cidade de Uberaba (MG). A sua <strong><em>Sede<\/em><\/strong> na <em>Rua Oswaldo Cruz, s\/n, Conjunto Estados Unidos, em Uberaba<\/em>. O <strong><em>Azul\u00e3o<\/em><\/strong> foi <strong>Fundado no dia 23 de Mar\u00e7o de 1938<\/strong>, por alguns dissidentes do <strong><em>Uberaba Sport Club<\/em><\/strong>.<\/p>\n\n\n\n<p>O <strong>Independente<\/strong> teve seus momentos de gl\u00f3ria e tem uma p\u00e1gina bonita na hist\u00f3ria do futebol uberabense. For\u00e7a no futebol amador, sendo um grande ganhador de t\u00edtulos da <strong><em>Liga Uberabense de Futebol<\/em><\/strong> em todas as categorias, teve destaque para a s\u00e9rie do <strong><em>hexacampeonato <\/em><\/strong> em que ganhou todos os t\u00edtulos de <em><strong>1946 a 1951<\/strong><\/em>.<\/p>\n\n\n\n<div class=\"wp-block-image\"><figure class=\"aligncenter size-large is-resized\"><img loading=\"lazy\" decoding=\"async\" src=\"https:\/\/historiadofutebol.com\/blog\/wp-content\/uploads\/2022\/07\/Lavoura-e-Commercio-MG-1946-500x396.jpg\" alt=\"\" class=\"wp-image-126358\" width=\"421\" height=\"333\" srcset=\"https:\/\/historiadofutebol.com\/blog\/wp-content\/uploads\/2022\/07\/Lavoura-e-Commercio-MG-1946-500x396.jpg 500w, https:\/\/historiadofutebol.com\/blog\/wp-content\/uploads\/2022\/07\/Lavoura-e-Commercio-MG-1946-300x238.jpg 300w, https:\/\/historiadofutebol.com\/blog\/wp-content\/uploads\/2022\/07\/Lavoura-e-Commercio-MG-1946.jpg 608w\" sizes=\"auto, (max-width: 421px) 100vw, 421px\" \/><\/figure><\/div>\n\n\n\n<p>Ao todo faturou <em><strong>10 t\u00edtulos: 1946<\/strong><\/em>, <em><strong>1947<\/strong><\/em>, <em><strong>1948<\/strong><\/em>, <em><strong>1949<\/strong><\/em>, <em><strong>1950<\/strong><\/em>, <em><strong>1951<\/strong><\/em>, <em><strong>1957<\/strong><\/em>, <em><strong>1958<\/strong><\/em>, <em><strong>1969 e<\/strong><\/em> <em><strong>1975<\/strong><\/em>; Campe\u00e3o do <strong><em>Torneio de Emancipa\u00e7\u00e3o do Tri\u00e2ngulo de Futebol<\/em><\/strong>, em <em><strong>1990<\/strong><\/em>; <em><strong>Campe\u00e3o<\/strong><\/em> da <strong><em>Ta\u00e7a Uberaba de Futebol Amador<\/em><\/strong> em <em><strong>1994<\/strong><\/em>.<\/p>\n\n\n\n<p>Na base, faturou <em><strong>sete&nbsp;<\/strong><\/em><strong><em>t\u00edtulos<\/em><\/strong>&nbsp;do&nbsp;<strong><em>Campeonato Citadino Juvenil (em 1980 passou a se chamar: Juniores) &nbsp;de 1959, 1963, 1974, 1975, 1976, 1977 e 1985<\/em><\/strong>. No <em><strong>Campeonato Citadino Sub-17 <\/strong><\/em>faturou um<em><strong> t\u00edtulo:<\/strong><\/em> <em><strong>1993<\/strong><\/em>. <\/p>\n\n\n\n<p><strong>PROFISSIONALISMO<\/strong><\/p>\n\n\n\n<p>A d\u00e9cada de 70 foi o grande per\u00edodo do <strong><em>Azul\u00e3o<\/em><\/strong> no futebol profissional. Dirigido por empres\u00e1rios, o clube n\u00e3o quis ficar atr\u00e1s dos seus dois grandes rivais e investiu na contrata\u00e7\u00e3o de bons jogadores que, somados \u00e0s revela\u00e7\u00f5es de suas divis\u00f5es de base, o levaram a boas campanhas.<\/p>\n\n\n\n<p>A principal delas aconteceu no t\u00edtulo do <strong><em>Campeonato Mineiro da 2\u00aa Divis\u00e3o (atual &#8220;M\u00f3dulo II&#8221;)<\/em><\/strong> <strong><em>de 1967<\/em><\/strong> que lhe garantiu o direito de disputar a<strong><em> Elite do Futebol Mineiro<\/em><\/strong> com os melhores times do estado. Participou das edi\u00e7\u00f5es do <strong><em>Campeonato Mineiro da 1\u00aa Divis\u00e3o<\/em><\/strong> em <strong><em>1968 e 1969<\/em><\/strong> <em>(9\u00ba colocado, dentre 16 equipes)<\/em>;<\/p>\n\n\n\n<p>Em 1968, o ano n\u00e3o foi dos melhores e teve um momento decepcionante: a derrota de 10 a 0 para o <strong><em>Cruzeiro<\/em><\/strong>, no Mineir\u00e3o. Em 1969, a campanha foi razo\u00e1vel e o time terminou o campeonato na 9\u00aa coloca\u00e7\u00e3o, uma \u00e0 frente do rival Uberaba.<\/p>\n\n\n\n<div class=\"wp-block-image\"><figure class=\"aligncenter size-large\"><img loading=\"lazy\" decoding=\"async\" width=\"500\" height=\"314\" src=\"https:\/\/historiadofutebol.com\/blog\/wp-content\/uploads\/2022\/07\/Sem-titulo1-5-500x314.jpg\" alt=\"\" class=\"wp-image-126362\" srcset=\"https:\/\/historiadofutebol.com\/blog\/wp-content\/uploads\/2022\/07\/Sem-titulo1-5-500x314.jpg 500w, https:\/\/historiadofutebol.com\/blog\/wp-content\/uploads\/2022\/07\/Sem-titulo1-5-300x189.jpg 300w, https:\/\/historiadofutebol.com\/blog\/wp-content\/uploads\/2022\/07\/Sem-titulo1-5-624x392.jpg 624w, https:\/\/historiadofutebol.com\/blog\/wp-content\/uploads\/2022\/07\/Sem-titulo1-5.jpg 714w\" sizes=\"auto, (max-width: 500px) 100vw, 500px\" \/><figcaption><em>escudo e uniforme de 1943<\/em><\/figcaption><\/figure><\/div>\n\n\n\n<p><strong>DESPEDIDA<\/strong><\/p>\n\n\n\n<p>Ap\u00f3s o campeonato de 1969, o <strong>Independente<\/strong> viveu dois momentos marcantes: vendeu o zagueiro Normandes para <strong><em>o Atl\u00e9tico Mineiro<\/em><\/strong> por um bom dinheiro e teve que abandonar o futebol profissional devido a uma grande crise financeira.<\/p>\n\n\n\n<p>N\u00e3o conseguiu se reerguer novamente no profissionalismo. Em 1972, por ocasi\u00e3o da inaugura\u00e7\u00e3o do Uberab\u00e3o, montou um time com ex-jogadores para enfrentar o <strong><em>Fluminense de Araguari<\/em><\/strong>, no novo est\u00e1dio, e nunca mais voltou a jogar uma partida oficial.<\/p>\n\n\n\n<div class=\"wp-block-image\"><figure class=\"aligncenter size-large is-resized\"><img loading=\"lazy\" decoding=\"async\" src=\"https:\/\/historiadofutebol.com\/blog\/wp-content\/uploads\/2022\/07\/Lavoura-e-Commercio-MG-2-1943-500x486.jpg\" alt=\"\" class=\"wp-image-126360\" width=\"662\" height=\"643\" srcset=\"https:\/\/historiadofutebol.com\/blog\/wp-content\/uploads\/2022\/07\/Lavoura-e-Commercio-MG-2-1943-500x486.jpg 500w, https:\/\/historiadofutebol.com\/blog\/wp-content\/uploads\/2022\/07\/Lavoura-e-Commercio-MG-2-1943-300x291.jpg 300w, https:\/\/historiadofutebol.com\/blog\/wp-content\/uploads\/2022\/07\/Lavoura-e-Commercio-MG-2-1943-768x746.jpg 768w, https:\/\/historiadofutebol.com\/blog\/wp-content\/uploads\/2022\/07\/Lavoura-e-Commercio-MG-2-1943-1536x1492.jpg 1536w, https:\/\/historiadofutebol.com\/blog\/wp-content\/uploads\/2022\/07\/Lavoura-e-Commercio-MG-2-1943-624x606.jpg 624w, https:\/\/historiadofutebol.com\/blog\/wp-content\/uploads\/2022\/07\/Lavoura-e-Commercio-MG-2-1943.jpg 1692w\" sizes=\"auto, (max-width: 662px) 100vw, 662px\" \/><\/figure><\/div>\n\n\n\n<p><strong>PATRIM\u00d4NIO<\/strong><\/p>\n\n\n\n<p>Mesmo tendo um rico patrim\u00f4nio em local valorizado no bairro Estados Unidos, o Est\u00e1dio Ant\u00f4nio Dal-Secchi, o <strong>Independente<\/strong>, \u00e9 hoje pobre futebolisticamente. Atravessa fase ruim at\u00e9 mesmo no <strong><em>Campeonato Amador da LUF<\/em><\/strong>. Depois de cair para \u00faltima divis\u00e3o, o \u201c<strong><em>Azul\u00e3o<\/em><\/strong>\u201d luta para voltar a estar pelo menos entre os grandes clubes da cidade.<\/p>\n\n\n\n<p><em><strong><u>FONTES<\/u><\/strong><\/em><em><strong>:<\/strong><\/em><em> Jornal da Manh\u00e3 Online &#8211; Rsssf Brasil<\/em> <em>&#8211; Liga Uberabense de Futebol (LUF)<\/em> <em>&#8211; Jornal Lavoura e Commercio (MG)<\/em><\/p>\n","protected":false},"excerpt":{"rendered":"<p>O Independente Atl\u00e9tico Clube \u00e9 uma agremia\u00e7\u00e3o da Cidade de Uberaba (MG). A sua Sede na Rua Oswaldo Cruz, s\/n, Conjunto Estados Unidos, em Uberaba. O Azul\u00e3o foi Fundado no dia 23 de Mar\u00e7o de 1938, por alguns dissidentes do Uberaba Sport Club. O Independente teve seus momentos de gl\u00f3ria e tem uma p\u00e1gina bonita [&hellip;]<\/p>\n","protected":false},"author":55,"featured_media":0,"comment_status":"open","ping_status":"closed","sticky":false,"template":"","format":"standard","meta":{"footnotes":""},"categories":[203,531,83,59,345,3,39],"tags":[],"class_list":["post-126355","post","type-post","status-publish","format-standard","hentry","category-sergio-mello","category-carencias","category-x9-curiosidades","category-escudos","category-fotos-historicas","category-historia-do-futebol","category-minas-gerais"],"_links":{"self":[{"href":"https:\/\/historiadofutebol.com\/blog\/index.php?rest_route=\/wp\/v2\/posts\/126355","targetHints":{"allow":["GET"]}}],"collection":[{"href":"https:\/\/historiadofutebol.com\/blog\/index.php?rest_route=\/wp\/v2\/posts"}],"about":[{"href":"https:\/\/historiadofutebol.com\/blog\/index.php?rest_route=\/wp\/v2\/types\/post"}],"author":[{"embeddable":true,"href":"https:\/\/historiadofutebol.com\/blog\/index.php?rest_route=\/wp\/v2\/users\/55"}],"replies":[{"embeddable":true,"href":"https:\/\/historiadofutebol.com\/blog\/index.php?rest_route=%2Fwp%2Fv2%2Fcomments&post=126355"}],"version-history":[{"count":2,"href":"https:\/\/historiadofutebol.com\/blog\/index.php?rest_route=\/wp\/v2\/posts\/126355\/revisions"}],"predecessor-version":[{"id":126363,"href":"https:\/\/historiadofutebol.com\/blog\/index.php?rest_route=\/wp\/v2\/posts\/126355\/revisions\/126363"}],"wp:attachment":[{"href":"https:\/\/historiadofutebol.com\/blog\/index.php?rest_route=%2Fwp%2Fv2%2Fmedia&parent=126355"}],"wp:term":[{"taxonomy":"category","embeddable":true,"href":"https:\/\/historiadofutebol.com\/blog\/index.php?rest_route=%2Fwp%2Fv2%2Fcategories&post=126355"},{"taxonomy":"post_tag","embeddable":true,"href":"https:\/\/historiadofutebol.com\/blog\/index.php?rest_route=%2Fwp%2Fv2%2Ftags&post=126355"}],"curies":[{"name":"wp","href":"https:\/\/api.w.org\/{rel}","templated":true}]}}