{"id":125768,"date":"2022-06-17T22:46:10","date_gmt":"2022-06-18T01:46:10","guid":{"rendered":"https:\/\/historiadofutebol.com\/blog\/?p=125768"},"modified":"2022-06-17T22:46:14","modified_gmt":"2022-06-18T01:46:14","slug":"associacao-atletica-real-colider-mt-disputou-o-campeonato-estadual-da-1a-divisao-em-1990","status":"publish","type":"post","link":"https:\/\/historiadofutebol.com\/blog\/?p=125768","title":{"rendered":"Associa\u00e7\u00e3o Atl\u00e9tica Real &#8211; Col\u00edder (MT): disputou o Campeonato Estadual da 1\u00aa Divis\u00e3o, em 1990"},"content":{"rendered":"\n<div class=\"wp-block-image\"><figure class=\"aligncenter size-large\"><img loading=\"lazy\" decoding=\"async\" width=\"500\" height=\"317\" src=\"https:\/\/historiadofutebol.com\/blog\/wp-content\/uploads\/2022\/06\/AA-REAL-Colider-1983-500x317.jpg\" alt=\"\" class=\"wp-image-125769\" srcset=\"https:\/\/historiadofutebol.com\/blog\/wp-content\/uploads\/2022\/06\/AA-REAL-Colider-1983-500x317.jpg 500w, https:\/\/historiadofutebol.com\/blog\/wp-content\/uploads\/2022\/06\/AA-REAL-Colider-1983-300x190.jpg 300w, https:\/\/historiadofutebol.com\/blog\/wp-content\/uploads\/2022\/06\/AA-REAL-Colider-1983-768x487.jpg 768w, https:\/\/historiadofutebol.com\/blog\/wp-content\/uploads\/2022\/06\/AA-REAL-Colider-1983-624x396.jpg 624w, https:\/\/historiadofutebol.com\/blog\/wp-content\/uploads\/2022\/06\/AA-REAL-Colider-1983.jpg 1002w\" sizes=\"auto, (max-width: 500px) 100vw, 500px\" \/><\/figure><\/div>\n\n\n\n<p>A <strong>Associa\u00e7\u00e3o Atl\u00e9tica Real<\/strong> foi uma agremia\u00e7\u00e3o da cidade de Col\u00edder (MT). A sua <strong><em>Sede administrativa<\/em><\/strong> <strong><em>ficava na Rua Xigu, s\/n, no Centro de Col\u00edder<\/em><\/strong>, que fica a 650km da capital mato-grossense: Cuiab\u00e1.<\/p>\n\n\n\n<p>Os irm\u00e3os <em>Max<\/em> e <em>Suel<\/em>, donos da <em>Gr\u00e1fica Real<\/em>, <strong><em>Fundado em 1983<\/em><\/strong>, a <strong><em>Associa\u00e7\u00e3o Atl\u00e9tica Gr\u00e1fica Real<\/em><\/strong>. A ideia inicial era dar aos funcion\u00e1rios um espa\u00e7o de lazer. &nbsp;&nbsp;&nbsp;<\/p>\n\n\n\n<p>Quatro anos depois, a diretoria resolveu dar um passo ousado e se profissionalizou, se filiando na <strong><em>Federa\u00e7\u00e3o Mato-grossense de Futebol (FMF)<\/em><\/strong>, com o nome de: <strong>Associa\u00e7\u00e3o Atl\u00e9tica Real<\/strong>.&nbsp;<\/p>\n\n\n\n<p>Em 1988, a convite do ent\u00e3o <strong><em>presidente FMF<\/em><\/strong>, e somado com ajuda do Prefeito de Col\u00edder, <strong><em>Dr. Edvaldo Jorge Leite <\/em><\/strong>que bancou parte das despesas, o <strong><em>Real de Col\u00edder<\/em><\/strong> se inscreveu e disputou o <strong><em>Campeonato Mato-grossense da Segunda Divis\u00e3o<\/em><\/strong> daquele ano. <\/p>\n\n\n\n<figure class=\"wp-block-image size-large is-resized\"><img loading=\"lazy\" decoding=\"async\" src=\"https:\/\/historiadofutebol.com\/blog\/wp-content\/uploads\/2022\/06\/AA-REAL-Colider-1983-1-500x375.jpg\" alt=\"\" class=\"wp-image-125770\" width=\"687\" height=\"515\" srcset=\"https:\/\/historiadofutebol.com\/blog\/wp-content\/uploads\/2022\/06\/AA-REAL-Colider-1983-1-500x375.jpg 500w, https:\/\/historiadofutebol.com\/blog\/wp-content\/uploads\/2022\/06\/AA-REAL-Colider-1983-1-300x225.jpg 300w, https:\/\/historiadofutebol.com\/blog\/wp-content\/uploads\/2022\/06\/AA-REAL-Colider-1983-1-768x576.jpg 768w, https:\/\/historiadofutebol.com\/blog\/wp-content\/uploads\/2022\/06\/AA-REAL-Colider-1983-1-624x468.jpg 624w, https:\/\/historiadofutebol.com\/blog\/wp-content\/uploads\/2022\/06\/AA-REAL-Colider-1983-1.jpg 945w\" sizes=\"auto, (max-width: 687px) 100vw, 687px\" \/><\/figure>\n\n\n\n<p>Ap\u00f3s duas participa\u00e7\u00f5es na <strong><em>Segundona<\/em><\/strong>, em <strong><em>1988<\/em><\/strong> e <strong><em>1989<\/em><\/strong>, e a <strong><em>1\u00aa<\/em><\/strong> e \u00fanica participa\u00e7\u00e3o na <strong><em>Elite do Futebol de Mato Grosso<\/em><\/strong> <strong><em>de 1990<\/em><\/strong>, quando terminou <strong><em>em 12\u00ba lugar<\/em><\/strong>, a diretoria resolveu colocar um ponto final na hist\u00f3ria ef\u00eamera da <strong>Associa\u00e7\u00e3o Atl\u00e9tica Real<\/strong>.\u00a0\u00a0 \u00a0<\/p>\n\n\n\n<p><strong><em><u>FONTES E FOTOS<\/u>:<\/em><\/strong><em> <\/em><em>Yuri Casari &#8211; Wikip\u00e9dia<\/em><\/p>\n","protected":false},"excerpt":{"rendered":"<p>A Associa\u00e7\u00e3o Atl\u00e9tica Real foi uma agremia\u00e7\u00e3o da cidade de Col\u00edder (MT). A sua Sede administrativa ficava na Rua Xigu, s\/n, no Centro de Col\u00edder, que fica a 650km da capital mato-grossense: Cuiab\u00e1. Os irm\u00e3os Max e Suel, donos da Gr\u00e1fica Real, Fundado em 1983, a Associa\u00e7\u00e3o Atl\u00e9tica Gr\u00e1fica Real. A ideia inicial era dar [&hellip;]<\/p>\n","protected":false},"author":55,"featured_media":0,"comment_status":"open","ping_status":"closed","sticky":false,"template":"","format":"standard","meta":{"footnotes":""},"categories":[203,531,83,59,345,3,37],"tags":[],"class_list":["post-125768","post","type-post","status-publish","format-standard","hentry","category-sergio-mello","category-carencias","category-x9-curiosidades","category-escudos","category-fotos-historicas","category-historia-do-futebol","category-mato-grosso"],"_links":{"self":[{"href":"https:\/\/historiadofutebol.com\/blog\/index.php?rest_route=\/wp\/v2\/posts\/125768","targetHints":{"allow":["GET"]}}],"collection":[{"href":"https:\/\/historiadofutebol.com\/blog\/index.php?rest_route=\/wp\/v2\/posts"}],"about":[{"href":"https:\/\/historiadofutebol.com\/blog\/index.php?rest_route=\/wp\/v2\/types\/post"}],"author":[{"embeddable":true,"href":"https:\/\/historiadofutebol.com\/blog\/index.php?rest_route=\/wp\/v2\/users\/55"}],"replies":[{"embeddable":true,"href":"https:\/\/historiadofutebol.com\/blog\/index.php?rest_route=%2Fwp%2Fv2%2Fcomments&post=125768"}],"version-history":[{"count":1,"href":"https:\/\/historiadofutebol.com\/blog\/index.php?rest_route=\/wp\/v2\/posts\/125768\/revisions"}],"predecessor-version":[{"id":125771,"href":"https:\/\/historiadofutebol.com\/blog\/index.php?rest_route=\/wp\/v2\/posts\/125768\/revisions\/125771"}],"wp:attachment":[{"href":"https:\/\/historiadofutebol.com\/blog\/index.php?rest_route=%2Fwp%2Fv2%2Fmedia&parent=125768"}],"wp:term":[{"taxonomy":"category","embeddable":true,"href":"https:\/\/historiadofutebol.com\/blog\/index.php?rest_route=%2Fwp%2Fv2%2Fcategories&post=125768"},{"taxonomy":"post_tag","embeddable":true,"href":"https:\/\/historiadofutebol.com\/blog\/index.php?rest_route=%2Fwp%2Fv2%2Ftags&post=125768"}],"curies":[{"name":"wp","href":"https:\/\/api.w.org\/{rel}","templated":true}]}}