{"id":125695,"date":"2022-06-07T01:28:13","date_gmt":"2022-06-07T04:28:13","guid":{"rendered":"https:\/\/historiadofutebol.com\/blog\/?p=125695"},"modified":"2022-06-07T10:41:42","modified_gmt":"2022-06-07T13:41:42","slug":"sport-club-botafogo-rio-de-janeiro-rj-campeao-da-liga-carioca-de-desportos-em-1921","status":"publish","type":"post","link":"https:\/\/historiadofutebol.com\/blog\/?p=125695","title":{"rendered":"Sport Club Botafogo &#8211; Rio de Janeiro (RJ): campe\u00e3o da Liga Carioca de Desportos, em 1921"},"content":{"rendered":"\n<div class=\"wp-block-image\"><figure class=\"aligncenter size-large\"><img loading=\"lazy\" decoding=\"async\" width=\"500\" height=\"349\" src=\"https:\/\/historiadofutebol.com\/blog\/wp-content\/uploads\/2022\/06\/SCB-500x349.jpg\" alt=\"\" class=\"wp-image-125696\" srcset=\"https:\/\/historiadofutebol.com\/blog\/wp-content\/uploads\/2022\/06\/SCB-500x349.jpg 500w, https:\/\/historiadofutebol.com\/blog\/wp-content\/uploads\/2022\/06\/SCB-300x209.jpg 300w, https:\/\/historiadofutebol.com\/blog\/wp-content\/uploads\/2022\/06\/SCB-624x436.jpg 624w, https:\/\/historiadofutebol.com\/blog\/wp-content\/uploads\/2022\/06\/SCB.jpg 669w\" sizes=\"auto, (max-width: 500px) 100vw, 500px\" \/><\/figure><\/div>\n\n\n\n<p>O <strong>Sport Club Botafogo<\/strong> foi uma agremia\u00e7\u00e3o da cidade do Rio de Janeiro (RJ). A sua <strong><em>1\u00aa Sede<\/em><\/strong><em> (provis\u00f3ria)<\/em>, ficava na situado na <strong><em>Rua Humait\u00e1, n\u00ba 95, no bairro de Botafogo, na Zona Sul do Rio<\/em><\/strong>. <strong><em>Fundado na ter\u00e7a-feira, do dia 09 de Setembro de 1919<\/em><\/strong>, por um punhado de destemidos desportistas, sendo os fundadores os senhores:<\/p>\n\n\n\n<p><em>Octavio Capella, Jo\u00e3o G. Bandeira, Luiz A. Ferreira, Augusto Fernandes Junior, Milton Pereira da Fonseca, Francisco Tavares, Ariostaldo Soares Barbosa, Adolpho Lazoski, Antenor Miranda, Eduardo Miranda, Jayme Fernandes, Jos\u00e9 Lagoski, Am\u00e9rico da Silva, Vicente Scarden\u00e9, Isaac Ribeiro Moraes e Antonio da Silva<\/em>.&nbsp;<\/p>\n\n\n\n<p>A sua <strong><em>1\u00aa Diretoria<\/em><\/strong> foi composta pelos seguintes membros:<\/p>\n\n\n\n<p><strong><em>Presidente &#8211;<\/em><\/strong> <em>Octavio Capella<\/em>;<\/p>\n\n\n\n<p><strong><em>Vice-Presidente &#8211;<\/em><\/strong> <em>Jo\u00e3o G. Bandeira<\/em>;<\/p>\n\n\n\n<p><strong><em>1\u00ba Secret\u00e1rio &#8211;<\/em><\/strong> <em>Luiz A. Ferreira<\/em>;<\/p>\n\n\n\n<p><strong><em>2\u00ba Secret\u00e1rio &#8211;<\/em><\/strong> <em>Milton Pereira da Fonseca<\/em>;<\/p>\n\n\n\n<p><strong><em>1\u00ba Thesoureiro &#8211;<\/em><\/strong> <em>Augusto Fernandes Junior<\/em>;<\/p>\n\n\n\n<p><strong><em>2\u00ba Thesoureiro &#8211;<\/em><\/strong> <em>Francisco Tavares<\/em>;<\/p>\n\n\n\n<p><strong><em>Capit\u00e3o &#8211; <\/em><\/strong><em>Ariostaldo Soares Barbosa<\/em>.<\/p>\n\n\n\n<p><strong>Sede inaugurada em 1922<\/strong><\/p>\n\n\n\n<p>O <strong><em>Botafogo<\/em><\/strong> inaugurou a sua <strong><em>nova Sede<\/em><\/strong>, <em>na noite de domingo, \u00e0s 20h30min., do dia 19 de Novembro de 1922<\/em>, situado na <strong><em>Rua Humait\u00e1, n\u00ba 150, no bairro de Botafogo, na Zona Sul do Rio<\/em><\/strong>. Nessa data, foi apresentada a fotografia do time <strong><em>campe\u00e3o<\/em><\/strong> do <strong><em>Campeonato da Liga Carioca de Desportos de 1921<\/em><\/strong>.<\/p>\n\n\n\n<p>Al\u00e9m do <strong><em>futebol<\/em><\/strong>, o clube tamb\u00e9m contava com outras modalidades esportivas: <strong><em>Ping-Pong<\/em><\/strong><em> (t\u00eanis de mesa)<\/em>. A equipe possu\u00eda o seu <strong><em>campo na Rua Humayt\u00e1<\/em><\/strong>, por\u00e9m pelas dimens\u00f5es reduzidas, nas partidas mais relevantes, mandava os seus jogos na <strong><em>Pra\u00e7a de Esportes<\/em><\/strong><em> (propriedade do <strong>Carioca Football Club<\/strong>)<\/em>, situado na <em>Estrada D. Castorina, no bairro Jardim Bot\u00e2nico, na Zona Sul do Rio<\/em>.<\/p>\n\n\n\n<p><strong>Primeiros Trof\u00e9us<\/strong><\/p>\n\n\n\n<div class=\"wp-block-image\"><figure class=\"aligncenter size-large\"><img loading=\"lazy\" decoding=\"async\" width=\"407\" height=\"500\" src=\"https:\/\/historiadofutebol.com\/blog\/wp-content\/uploads\/2022\/06\/SC-Botafogo-Escudo-O-PAIZ-1921-407x500.jpg\" alt=\"\" class=\"wp-image-125697\" srcset=\"https:\/\/historiadofutebol.com\/blog\/wp-content\/uploads\/2022\/06\/SC-Botafogo-Escudo-O-PAIZ-1921-407x500.jpg 407w, https:\/\/historiadofutebol.com\/blog\/wp-content\/uploads\/2022\/06\/SC-Botafogo-Escudo-O-PAIZ-1921-244x300.jpg 244w, https:\/\/historiadofutebol.com\/blog\/wp-content\/uploads\/2022\/06\/SC-Botafogo-Escudo-O-PAIZ-1921-768x943.jpg 768w, https:\/\/historiadofutebol.com\/blog\/wp-content\/uploads\/2022\/06\/SC-Botafogo-Escudo-O-PAIZ-1921-1252x1536.jpg 1252w, https:\/\/historiadofutebol.com\/blog\/wp-content\/uploads\/2022\/06\/SC-Botafogo-Escudo-O-PAIZ-1921-624x766.jpg 624w, https:\/\/historiadofutebol.com\/blog\/wp-content\/uploads\/2022\/06\/SC-Botafogo-Escudo-O-PAIZ-1921.jpg 1408w\" sizes=\"auto, (max-width: 407px) 100vw, 407px\" \/><\/figure><\/div>\n\n\n\n<p><em>Na quarta-feira, do dia 31 de dezembro de 1919<\/em>, o <strong><em>Sport Club Botafogo<\/em><\/strong> venceu o <strong><em>Club de Regatas Piraqu\u00ea<\/em><\/strong> por <strong><em>1 a 0<\/em><\/strong>, faturando a sua primeira <strong><em>ta\u00e7a<\/em><\/strong>. <em>No domingo, do dia 12 de setembro de 1920<\/em>, o <strong><em>S.C. Botafogo<\/em><\/strong> goleou o <strong><em>Sport Club Lorena<\/em><\/strong> por <strong><em>5 a 2<\/em><\/strong>, levantando o seu segundo <strong><em>trof\u00e9u<\/em><\/strong>.<\/p>\n\n\n\n<p><em>Na quinta-feira, do dia 03 de mar\u00e7o de 1921<\/em>, o <strong><em>S.C. Botafogo<\/em><\/strong> bateu o <strong><em>Sport Club Vasco da Gama<\/em><\/strong> por <strong><em>2 a 1<\/em><\/strong>, conquistando a sua terceira <strong><em>ta\u00e7a<\/em><\/strong>. <em>No domingo, do dia 10 de abril de 1921<\/em>, o <strong><em>S.C. Botafogo<\/em><\/strong> voltou a enfrentar o <strong><em>Sport Club Vasco da Gama<\/em><\/strong> <em>(sua Sede ficava na Rua da Rela\u00e7\u00e3o, n\u00ba 45, no Centro do Rio)<\/em> e novamente venceu por <strong><em>4 a 1<\/em><\/strong>, levantando o 4\u00ba <strong><em>trof\u00e9u<\/em><\/strong>. At\u00e9 o final de <strong><em>1923<\/em><\/strong>, o <strong><em>clube<\/em><\/strong> possu\u00eda na sua <strong><em>Sala de Trof\u00e9us<\/em><\/strong> 15 ta\u00e7as.<\/p>\n\n\n\n<div class=\"wp-block-image\"><figure class=\"aligncenter size-large is-resized\"><img loading=\"lazy\" decoding=\"async\" src=\"https:\/\/historiadofutebol.com\/blog\/wp-content\/uploads\/2022\/06\/SC-Botafogo-Escudo-O-PAIZ-1923-149x500.jpg\" alt=\"\" class=\"wp-image-125698\" width=\"302\" height=\"1013\" srcset=\"https:\/\/historiadofutebol.com\/blog\/wp-content\/uploads\/2022\/06\/SC-Botafogo-Escudo-O-PAIZ-1923-149x500.jpg 149w, https:\/\/historiadofutebol.com\/blog\/wp-content\/uploads\/2022\/06\/SC-Botafogo-Escudo-O-PAIZ-1923-89x300.jpg 89w, https:\/\/historiadofutebol.com\/blog\/wp-content\/uploads\/2022\/06\/SC-Botafogo-Escudo-O-PAIZ-1923-768x2576.jpg 768w, https:\/\/historiadofutebol.com\/blog\/wp-content\/uploads\/2022\/06\/SC-Botafogo-Escudo-O-PAIZ-1923-458x1536.jpg 458w, https:\/\/historiadofutebol.com\/blog\/wp-content\/uploads\/2022\/06\/SC-Botafogo-Escudo-O-PAIZ-1923-611x2048.jpg 611w, https:\/\/historiadofutebol.com\/blog\/wp-content\/uploads\/2022\/06\/SC-Botafogo-Escudo-O-PAIZ-1923-624x2093.jpg 624w, https:\/\/historiadofutebol.com\/blog\/wp-content\/uploads\/2022\/06\/SC-Botafogo-Escudo-O-PAIZ-1923-scaled.jpg 763w\" sizes=\"auto, (max-width: 302px) 100vw, 302px\" \/><\/figure><\/div>\n\n\n\n<p><strong>Clube se filia a Liga Carioca e se sagra campe\u00e3o em 1921<\/strong><\/p>\n\n\n\n<p><em>A <strong>Liga Carioca de Desportos (LCD)<\/strong><\/em>, foi <strong><em>Fundada na segunda-feira, do dia 22 de Mar\u00e7o de 1920<\/em><\/strong>, na <strong><em>Sede<\/em><\/strong> do <strong><em>Ub\u00e1 S.C.<\/em><\/strong> na <em>Rua Bar\u00e3o de Ub\u00e1, n\u00ba 132, no bairro Pra\u00e7a da Bandeiras. A sua <strong>1\u00aa Sede:<\/strong> Rua Sete de Setembro, n\u00ba 183\/ 2\u00ba andar, no Centro do Rio<\/em>.<\/p>\n\n\n\n<p>O <strong><em>Ub\u00e1 Sport Club<\/em><\/strong> foi o <strong><em>1\u00ba Campe\u00e3o do Torneio In\u00edcio<\/em><\/strong>, enquanto o <strong><em>Sport Club Ypiranga <\/em><\/strong><em>(sediado na Rua Theodoro da Silva, n\u00ba 325, em Vila Isabel)<\/em> foi o <strong><em>1\u00ba campe\u00e3o <\/em><\/strong><em>do <strong>Campeonato da LCD (O Ub\u00e1 foi o vice-campe\u00e3o)<\/strong><\/em>!<\/p>\n\n\n\n<p><em>Na ter\u00e7a-feira, do dia 08 de mar\u00e7o de 1921<\/em>, o <strong><em>clube alvinegro<\/em><\/strong> se filiou a <strong><em>LCD<\/em><\/strong>, onde faturou, no mesmo ano, o <strong><em>in\u00e9dito t\u00edtulo<\/em><\/strong> do campeonato. A competi\u00e7\u00e3o contou com a participa\u00e7\u00e3o de nove equipes:<\/p>\n\n\n\n<p><strong><em>Ub\u00e1 Sport Club <\/em><\/strong><em>(Pra\u00e7a da Bandeira&nbsp; &#8211; campo: Bar\u00e3o de Iguatemy)<\/em>, <strong><em>Sport Club Ypiranga <\/em><\/strong><em>(Vila Isabel)<\/em>, <strong><em>Palestrino Football Club <\/em><\/strong><em>(Rua Bambina, n\u00ba 135, em Botafogo)<\/em>, <strong><em>Frontin Football Club<\/em><\/strong>, <strong><em>Paulistano Football Club <\/em><\/strong><em>(Botafogo)<\/em>, <strong><em>Mignon Football Club <\/em><\/strong><em>(rubro-negro &#8211; Rua Dr. Ferreira Pontos, s\/n, no Andara\u00ed)<\/em>, <strong><em>Ib\u00e9ria Football Club<\/em><\/strong>, <strong><em>Allian\u00e7a Football Club<\/em><\/strong> e o <strong><em>Sport Club Botafogo<\/em><\/strong>.&nbsp;<\/p>\n\n\n\n<p>No <strong><em>Torneio In\u00edcio de 1921<\/em><\/strong>, no domingo, do dia 1\u00ba de maio, no campo do <strong><em>Confian\u00e7a Athletico Club<\/em><\/strong>, o <strong><em>Botafogo<\/em><\/strong> acabou caindo na estreia para o <strong><em>Sport Club Ypiranga<\/em><\/strong>, que avan\u00e7ou at\u00e9 a final diante do <strong><em>Ib\u00e9ria Football Club<\/em><\/strong>, e, ficou com o <strong><em>t\u00edtulo<\/em><\/strong>.<\/p>\n\n\n\n<p>Na estreia do <strong><em>Campeonato da LCD<\/em><\/strong>, <em>no domingo, do dia 22 de Maio e 1921<\/em>, no <em>campo do Jardim Bot\u00e2nico<\/em>, o <strong><em>Botafogo<\/em><\/strong> ficou no empate com o <strong><em>Ypiranga<\/em><\/strong> em <strong><em>2 a 2<\/em><\/strong>. Os gols do <strong><em>Alvinegro<\/em><\/strong> foram assinalados pelos irm\u00e3os <em>Arlindo Silva<\/em> e <em>Jo\u00e3o Silva<\/em>.<\/p>\n\n\n\n<p>O <strong><em>campeonato<\/em><\/strong> foi marcado por abandonos de alguns clubes como o <strong><em>Ub\u00e1<\/em><\/strong> e o <strong><em>Ypiranga<\/em><\/strong>, v\u00e1rios W.O. No final, <em>na quinta-feira, do dia 08 de dezembro de 1921<\/em>, a <strong><em>Liga Carioca de Desportos (LCD)<\/em><\/strong>, proclamou o <strong><em>Sport Club Botafogo<\/em><\/strong> como o grande campe\u00e3o da temporada.&nbsp;<\/p>\n\n\n\n<p>O <strong><em>time<\/em><\/strong> <strong><em>base<\/em><\/strong> formou assim: Jos\u00e9 Alves (<em>Adolpho Lagoski); Jos\u00e9 Cardoso Curvello (Rufino Alves) e Antonio F. de Couto Filho (Oscar Silva); Victorio Ferreira (\u00c1lvaro Ferreira), Barnab\u00e9 Garcia e Francisco Guilherme Machado; Jayme Fernandes (Gabriel Amorim), Augusto M. Ferreira, Arnaldo Miranda (Jo\u00e3o Silva), Antonio Fernandes Pinho (Arlindo Silva) e Oswaldo Ramos (Antenor Miranda)<\/em>.<\/p>\n\n\n\n<div class=\"wp-block-image\"><figure class=\"aligncenter size-large is-resized\"><img loading=\"lazy\" decoding=\"async\" src=\"https:\/\/historiadofutebol.com\/blog\/wp-content\/uploads\/2022\/06\/SC-Botafogo-O-PAIZ-1921-TABELA-349x500.jpg\" alt=\"\" class=\"wp-image-125699\" width=\"580\" height=\"831\" srcset=\"https:\/\/historiadofutebol.com\/blog\/wp-content\/uploads\/2022\/06\/SC-Botafogo-O-PAIZ-1921-TABELA-349x500.jpg 349w, https:\/\/historiadofutebol.com\/blog\/wp-content\/uploads\/2022\/06\/SC-Botafogo-O-PAIZ-1921-TABELA-209x300.jpg 209w, https:\/\/historiadofutebol.com\/blog\/wp-content\/uploads\/2022\/06\/SC-Botafogo-O-PAIZ-1921-TABELA-768x1101.jpg 768w, https:\/\/historiadofutebol.com\/blog\/wp-content\/uploads\/2022\/06\/SC-Botafogo-O-PAIZ-1921-TABELA-1072x1536.jpg 1072w, https:\/\/historiadofutebol.com\/blog\/wp-content\/uploads\/2022\/06\/SC-Botafogo-O-PAIZ-1921-TABELA-624x894.jpg 624w, https:\/\/historiadofutebol.com\/blog\/wp-content\/uploads\/2022\/06\/SC-Botafogo-O-PAIZ-1921-TABELA.jpg 1164w\" sizes=\"auto, (max-width: 580px) 100vw, 580px\" \/><\/figure><\/div>\n\n\n\n<p><strong>Excurs\u00e3o \u00e0 Barra do Pira\u00ed<\/strong><\/p>\n\n\n\n<p><em>Na madrugada da quinta-feira, do dia 14 de Julho de 1927<\/em>, o <strong><em>Sport Club Botafogo<\/em><\/strong> seguiu para<em> Barra do Pira\u00ed<\/em>, a fim de enfrentar, em amistoso, o <strong><em>Sport Club Royal<\/em><\/strong>. A <em>delega\u00e7\u00e3o<\/em> se reuniu \u00e0s <em>3 horas da manh\u00e3<\/em> e seguiu para a Central, onde embarcaram no trem em dire\u00e7\u00e3o a regi\u00e3o Sul Fluminense do Rio.<\/p>\n\n\n\n<p><em>No domingo, do dia 21 de Julho de 1929<\/em>, o <strong><em>clube alvinegro<\/em><\/strong> voltou a enfrentar o <strong><em>Royal<\/em><\/strong>, em <em>Barra do Pira\u00ed<\/em>. A delega\u00e7\u00e3o pegou o trem das 4h50min., da manh\u00e3, a fim de jogar nos <em>primeiro e segundo quadros<\/em>.&nbsp;<\/p>\n\n\n\n<p><strong>Alvinegro largou a LCD<\/strong><\/p>\n\n\n\n<p>No final da temporada de <strong><em>1921<\/em><\/strong>, o <strong><em>Botafogo<\/em><\/strong> abandonou a <strong><em>Liga Carioca de Desportos (LCD)<\/em><\/strong>. At\u00e9 <strong><em>1923<\/em><\/strong>, se limitou a jogar partidas amistosas. Em <strong><em>1925<\/em><\/strong>, estava na <strong><em>Sub-Liga Brasileira<\/em><\/strong>. Em <strong><em>1926<\/em><\/strong>, o clube estava filiado na <strong><em>Associa\u00e7\u00e3o Municipal de Esportes Athleticos (AMEA &#8211; <\/em><\/strong><em>instalada no bairro de Botafogo<strong>)<\/strong><\/em>.<\/p>\n\n\n\n<p><strong><em>Time base de 1920:<\/em><\/strong><em> Luiz; Oscar e Lazoski; Oswaldo, Barnab\u00e9 e Machado; Jayme, Augusto, Arnaldo, Antenor e Antoninho<\/em>.<\/p>\n\n\n\n<p><strong><em>Time base de 1921:<\/em><\/strong><em> <\/em>Jos\u00e9 Alves (<em>Adolpho Lagoski); Jos\u00e9 Cardoso Curvello (Rufino Alves) e Antonio F. de Couto Filho (Oscar Silva); Victorio Ferreira (\u00c1lvaro Ferreira), Barnab\u00e9 Garcia e Francisco Guilherme Machado; Jayme Fernandes (Gabriel Amorim), Augusto M. Ferreira, Arnaldo Miranda (Jo\u00e3o Silva), Antonio Fernandes Pinho (Arlindo Silva) e Oswaldo Ramos (Antenor Miranda)<\/em>.<\/p>\n\n\n\n<p><strong><em>Time base de 1922:<\/em><\/strong><em> Raul; Mineiro e Curvello; Satyro, Silva e Barnab\u00e9; Jayme, Antenor, Octavio, Arnaldo e Machado.<strong> Reservas:<\/strong> Martins, Apr\u00edgio e Chequ\u00e9<\/em>.<\/p>\n\n\n\n<p><strong><em>Time base de 1923:<\/em><\/strong><em> Adolpho Lagoski; Suriquinha e Curvello; Satyro, Cap\u00e3o e Machado; Jayme, Chequ\u00e9, Octavio, Antoninho e Martins. <strong>Reservas:<\/strong> Aprigio, Oswaldo, Victorino, Simas e Alberto II<\/em>.<\/p>\n\n\n\n<p><strong><em>Time base de 1924:<\/em><\/strong><em> Gomes; Lol\u00f4 (Suriquinha) e Martins; Victorino, Albano e Bernardino; Walgueiredo, Chequ\u00e9, Antenor, Pl\u00e1cido e Mena (C\u00e9sar)<\/em>.<\/p>\n\n\n\n<p><strong><em>Time base de 1925:<\/em><\/strong><em> Gomes; Curvello&nbsp; e Suriquinha; Victorino (Albano), Martins e Saroco; Botafogo, Mena (China), Antenor (Chequ\u00e9), Walgueiredo e C\u00e9sar<\/em>.<\/p>\n\n\n\n<p><strong><em>Time base de 1926:<\/em><\/strong> <em>Soares; Baptista (Mattos) e Curvello; Luciano (Baptista), Bernardino e Sacoro; Floriano (Juciano), Chequ\u00e9 (Jayme), Augusto (Walgueiredo), Mena (Torres) e Botafogo (Arnaldo)<\/em>.<\/p>\n\n\n\n<p><strong><em>Time base de 1927:<\/em><\/strong> <em>Amaury; Baptista e Saroco; Albano, Paulista e Monteiro; Manoel, Bonitinho, Fortunato, Zezinho e China.<\/em>&nbsp;<\/p>\n\n\n\n<p><strong><em>Time base de 1928:<\/em><\/strong> <em>Soares (Cap.); Martins e Antoninho (Baptista); Floriano (Antonio), Barnab\u00e9 e Henrique (Santos); Coronel (Coelho), Oswaldinho (Manoelzinho), Matheus (Augusto), Al\u00edpio (Gentil) e Jayme (China).<\/em>&nbsp;<\/p>\n\n\n\n<p><strong><em>Time base de 1929:<\/em><\/strong> <em>Soares; Baptista e Curvello (Constantino); Santos (Mattos), Barnab\u00e9 e Alberto Santos; Coronel, Walgueiredo, Alfredo, Macedo e Arthur. <strong>Reservas:<\/strong> Bernardino, Joaquim, Heroltides, Pedro, Matheus e Luciano<\/em>.&nbsp;<\/p>\n\n\n\n<p><strong><em><u>FONTES<\/u><\/em><\/strong><strong><em>:<\/em><\/strong><em> A Esquerda (RJ) &#8211; A Manh\u00e3 (RJ) &#8211; A Noite (RJ) &#8211; Beira-Mar (RJ) &#8211; Correio da Manh\u00e3 (RJ) &#8211; Jornal do Commercio (RJ) &#8211; O Brasil (RJ) &#8211; O Imparcial (RJ) &#8211; O Jornal (RJ) &#8211; O Paiz (RJ)<\/em><\/p>\n","protected":false},"excerpt":{"rendered":"<p>O Sport Club Botafogo foi uma agremia\u00e7\u00e3o da cidade do Rio de Janeiro (RJ). A sua 1\u00aa Sede (provis\u00f3ria), ficava na situado na Rua Humait\u00e1, n\u00ba 95, no bairro de Botafogo, na Zona Sul do Rio. Fundado na ter\u00e7a-feira, do dia 09 de Setembro de 1919, por um punhado de destemidos desportistas, sendo os fundadores [&hellip;]<\/p>\n","protected":false},"author":55,"featured_media":0,"comment_status":"open","ping_status":"closed","sticky":false,"template":"","format":"standard","meta":{"footnotes":""},"categories":[203,531,83,59,345,3,47,76],"tags":[],"class_list":["post-125695","post","type-post","status-publish","format-standard","hentry","category-sergio-mello","category-carencias","category-x9-curiosidades","category-escudos","category-fotos-historicas","category-historia-do-futebol","category-rio-de-janeiro","category-antigo-estado-do-rio"],"_links":{"self":[{"href":"https:\/\/historiadofutebol.com\/blog\/index.php?rest_route=\/wp\/v2\/posts\/125695","targetHints":{"allow":["GET"]}}],"collection":[{"href":"https:\/\/historiadofutebol.com\/blog\/index.php?rest_route=\/wp\/v2\/posts"}],"about":[{"href":"https:\/\/historiadofutebol.com\/blog\/index.php?rest_route=\/wp\/v2\/types\/post"}],"author":[{"embeddable":true,"href":"https:\/\/historiadofutebol.com\/blog\/index.php?rest_route=\/wp\/v2\/users\/55"}],"replies":[{"embeddable":true,"href":"https:\/\/historiadofutebol.com\/blog\/index.php?rest_route=%2Fwp%2Fv2%2Fcomments&post=125695"}],"version-history":[{"count":2,"href":"https:\/\/historiadofutebol.com\/blog\/index.php?rest_route=\/wp\/v2\/posts\/125695\/revisions"}],"predecessor-version":[{"id":125701,"href":"https:\/\/historiadofutebol.com\/blog\/index.php?rest_route=\/wp\/v2\/posts\/125695\/revisions\/125701"}],"wp:attachment":[{"href":"https:\/\/historiadofutebol.com\/blog\/index.php?rest_route=%2Fwp%2Fv2%2Fmedia&parent=125695"}],"wp:term":[{"taxonomy":"category","embeddable":true,"href":"https:\/\/historiadofutebol.com\/blog\/index.php?rest_route=%2Fwp%2Fv2%2Fcategories&post=125695"},{"taxonomy":"post_tag","embeddable":true,"href":"https:\/\/historiadofutebol.com\/blog\/index.php?rest_route=%2Fwp%2Fv2%2Ftags&post=125695"}],"curies":[{"name":"wp","href":"https:\/\/api.w.org\/{rel}","templated":true}]}}