{"id":125688,"date":"2022-06-01T21:54:42","date_gmt":"2022-06-02T00:54:42","guid":{"rendered":"https:\/\/historiadofutebol.com\/blog\/?p=125688"},"modified":"2022-06-01T21:54:44","modified_gmt":"2022-06-02T00:54:44","slug":"damanha-sport-club-recife-pe-fundado-em-1936","status":"publish","type":"post","link":"https:\/\/historiadofutebol.com\/blog\/?p=125688","title":{"rendered":"Damanh\u00e3 Sport Club &#8211; Recife (PE): Fundado em 1936"},"content":{"rendered":"\n<div class=\"wp-block-image\"><figure class=\"aligncenter size-large\"><img loading=\"lazy\" decoding=\"async\" width=\"500\" height=\"330\" src=\"https:\/\/historiadofutebol.com\/blog\/wp-content\/uploads\/2022\/06\/DSC-500x330.jpg\" alt=\"\" class=\"wp-image-125690\" srcset=\"https:\/\/historiadofutebol.com\/blog\/wp-content\/uploads\/2022\/06\/DSC-500x330.jpg 500w, https:\/\/historiadofutebol.com\/blog\/wp-content\/uploads\/2022\/06\/DSC-300x198.jpg 300w, https:\/\/historiadofutebol.com\/blog\/wp-content\/uploads\/2022\/06\/DSC-624x411.jpg 624w, https:\/\/historiadofutebol.com\/blog\/wp-content\/uploads\/2022\/06\/DSC.jpg 698w\" sizes=\"auto, (max-width: 500px) 100vw, 500px\" \/><\/figure><\/div>\n\n\n\n<p>O <strong><em>Damanh\u00e3 Sport Club<\/em><\/strong> foi uma agremia\u00e7\u00e3o da cidade do Recife (PE). <strong>Fundado na segunda-feira, do dia 06 de Abril de 1936<\/strong>, por <strong><em>auxiliares graphicos da Empresa &#8220;Di\u00e1rio da Manh\u00e3&#8221; S.A<\/em><\/strong>.<\/p>\n\n\n\n<p>A <strong><em>Diretoria<\/em><\/strong> provis\u00f3ria ficou assim: <strong><em>Presidente &#8211;<\/em><\/strong><em> Domingos Lima<\/em>; <strong><em>Vice-presidente &#8211;<\/em><\/strong><em> Augusto Continho<\/em>; <strong><em>Director &#8211;<\/em><\/strong><em> Luiz Medeiros<\/em>; <strong><em>Thesoureiro &#8211;<\/em><\/strong><em> Anthenor Coutinho<\/em> e <strong><em>Secret\u00e1rio &#8211;<\/em><\/strong><em> Euclides Cavalcanti<\/em>.<\/p>\n\n\n\n<p>O <strong><em>1\u00ba treino do time de futebol<\/em><\/strong>, aconteceu \u00e0s 6 horas da manh\u00e3, <em>no domingo, do dia 19 de Abril daquele ano<\/em>, no campo do <strong><em>Sport Recife<\/em><\/strong>. O treino contou com a presen\u00e7a de 21 jogadores:<\/p>\n\n\n\n<p><em>Luciano, Euclides, Expedito, Campos, Medeiros, Ismael, Wald\u00fa, Lourival, Florival, Alberico, Augusto, Anthenor, Cavalcanti, Domingos, Manoel, Athayde, Jonathan, Barbosa, Baptista, Chiquinho e Burity<\/em>.<\/p>\n\n\n\n<p>Na Assembl\u00e9ia geral, ocorrido <em>na quinta-feira, do dia 23 de Abril de 1936<\/em>, aclamou a <strong><em>1\u00aa Diretoria<\/em><\/strong> da nova agremia\u00e7\u00e3o:<\/p>\n\n\n\n<p><strong><em>Presidente &#8211;<\/em><\/strong><em> Renato Carneiro Cunha<\/em>;<\/p>\n\n\n\n<p><strong><em>Vice-presidente &#8211;<\/em><\/strong><em> deputado Carlos Rios<\/em>;<\/p>\n\n\n\n<p><strong><em>1\u00ba Secret\u00e1rio &#8211;<\/em><\/strong><em> Mario de Assump\u00e7\u00e3o Lima<\/em>;<\/p>\n\n\n\n<p><strong><em>2\u00ba Secret\u00e1rio &#8211;<\/em><\/strong><em> Benevenuto Telles Filho<\/em>;<\/p>\n\n\n\n<p><strong><em>Diretor &#8211;<\/em><\/strong><em> Ivo Augusto<\/em>;<\/p>\n\n\n\n<p><strong><em>Thesoureiro &#8211;<\/em><\/strong><em> Waldemar Angelim<\/em>;<\/p>\n\n\n\n<p><strong><em>Orador &#8211;<\/em><\/strong><em> jornalista Jorge Campello<\/em>.<\/p>\n\n\n\n<div class=\"wp-block-image\"><figure class=\"aligncenter size-large\"><img loading=\"lazy\" decoding=\"async\" width=\"277\" height=\"500\" src=\"https:\/\/historiadofutebol.com\/blog\/wp-content\/uploads\/2022\/06\/DAMANHA-SC-1936-277x500.jpg\" alt=\"\" class=\"wp-image-125691\" srcset=\"https:\/\/historiadofutebol.com\/blog\/wp-content\/uploads\/2022\/06\/DAMANHA-SC-1936-277x500.jpg 277w, https:\/\/historiadofutebol.com\/blog\/wp-content\/uploads\/2022\/06\/DAMANHA-SC-1936-166x300.jpg 166w, https:\/\/historiadofutebol.com\/blog\/wp-content\/uploads\/2022\/06\/DAMANHA-SC-1936-768x1385.jpg 768w, https:\/\/historiadofutebol.com\/blog\/wp-content\/uploads\/2022\/06\/DAMANHA-SC-1936-624x1125.jpg 624w, https:\/\/historiadofutebol.com\/blog\/wp-content\/uploads\/2022\/06\/DAMANHA-SC-1936.jpg 812w\" sizes=\"auto, (max-width: 277px) 100vw, 277px\" \/><\/figure><\/div>\n\n\n\n<p><em>No domingo, do dia 31 de Maio de 1936<\/em>, foi realizado o <strong><em>1\u00ba jogo amistoso<\/em><\/strong>, diante dos <strong><em>Estudantes Football Club<\/em><\/strong>, no campo do Pina. O <strong><em>1\u00ba Quadros<\/em><\/strong> formou assim: <em>Souza; Augusto e Heitor<\/em>; <em>Lourival, Medeiros e Encarnadinho; Expedito, Campos, Burity, Oswaldo e Ismael.<\/em><\/p>\n\n\n\n<p>O <strong><em>2\u00ba Quadros<\/em><\/strong> jogou da seguinte forma:<em> Euclides; Louro e Costa; Jonathan, Oliveira e Comel\u00e3o; Luciano, Cruz, Flory, Chico e Sargento<\/em>.<\/p>\n\n\n\n<p><em>No domingo, do dia 15 de Novembro de 1936<\/em>, o time fez a 1\u00aa excurs\u00e3o para o munic\u00edpio de Moreno, localizado a 28 km da capital de Pernambuco. \u00c0s 12 horas, a delega\u00e7\u00e3o seguiu em autom\u00f3veis, sob a presid\u00eancia do <em>desportista<\/em> <em>Antonio Marrocos<\/em>, tendo auxiliares os <em>senhores: Antonio Nogueira (orador), Djalma Silva (secret\u00e1rio) e Luiz Medeiros (t\u00e9cnico)<\/em>. Al\u00e9m dos seguintes atletas:<\/p>\n\n\n\n<p><strong><em>1\u00ba Quadros<\/em><\/strong>: <em>Martins; Toinho e Portuguez<\/em>; <em>Rubens, Pinto e Meleiro; Gen\u00e9sio, Zizi, Joaquim, Z\u00e9 Dias e Bub\u00fa.<\/em><\/p>\n\n\n\n<p><strong><em>2\u00ba Quadros<\/em><\/strong>:<em> Souza; Virgilio e Medeiros; Nino, Severino e Ismael; Victor, Bernardes, Oswaldo, Chico e Bub\u00fa II<\/em>.<\/p>\n\n\n\n<p>A viagem durou uma hora e meia, sendo recebidos pelos diretores do Societ\u00e9 e torcedoras locais. Em seguida, percorreram pelos principais pontos da cidade. A partida dos <strong><em>segundos quadros<\/em><\/strong>, teve in\u00edcio \u00e0s 14h30min., sendo bastante disputado, terminando com a vit\u00f3ria do <strong><em>Societ\u00e9 Sport Club<\/em><\/strong> por <strong><em>3 a 2<\/em><\/strong>.<\/p>\n\n\n\n<p>No jogo de fundo, entre os <strong><em>primeiros quadros<\/em><\/strong>, come\u00e7ou \u00e0s 16h05min., sob as ordens do Sr. <em>Jo\u00e3o Carneiro<\/em>. No final, desfalcado de quatro jogadores, o resultado n\u00e3o foi o esperado, e o <strong><em>Damanh\u00e3<\/em><\/strong> foi goleado impiedosamente pelo <strong><em>Societ\u00e9 Sport Club<\/em><\/strong> pelo placar de <strong><em>9 a 1<\/em><\/strong>.<\/p>\n\n\n\n<p>O time jogou assim: <em>Martins (Nino); Shostenes e Dionezio; Nery, Rubem, Meleiro; Rom\u00e3o, Cah\u00fa, Sin\u00e9sio, Toinho (Burity) e Bub\u00fa<\/em>. Ap\u00f3s a peleja, a delega\u00e7\u00e3o retornou a Recife \u00e0s 20 horas.<\/p>\n\n\n\n<p><em>Na tarde de domingo, no dia 28 de Novembro de 1936<\/em>, o <strong><em>Damanh\u00e3<\/em><\/strong> enfrentou o <strong><em>S\u00e3o Paulo Foot-Ball Club<\/em><\/strong>, <em>do bairro de \u00c1gua Fria<\/em>.<\/p>\n\n\n\n<p><em>Na tarde de domingo, no dia 27 de Dezembro de 1936<\/em>, o <strong><em>Damanh\u00e3<\/em><\/strong> realizou o seu 1\u00ba jogo nacional. A delega\u00e7\u00e3o viajou a Jo\u00e3o Pessoa, na Para\u00edba, a fim de enfrentar o <strong><em>Team Negro Sport Club<\/em><\/strong>.<\/p>\n\n\n\n<p><em>Na tarde de domingo, no dia 06 de Fevereiro de 1938<\/em>, o <strong><em>Damanh\u00e3<\/em><\/strong> venceu o <strong><em>Odeon Foot-Ball Club<\/em><\/strong> por 1 a 0, <em>no bairro de Afogados<\/em>. O gol da vit\u00f3ria foi assinalado por <em>Toinho<\/em>, na etapa complementar. O time vencedor: <em>Hygino; Jos\u00e9 e Pet; Manu, Toco e Meleiro; Elias, Bibi, Bado, Pinto e Toinho<\/em>.<\/p>\n\n\n\n<p>Em <strong><em>1939<\/em><\/strong>, os &#8220;<strong><em>Patativas Recifenses<\/em><\/strong>&#8221; estava filiado a <strong><em>Associa\u00e7\u00e3o Suburbana dos Desportos Terrestres (ASDT)<\/em><\/strong>.<\/p>\n\n\n\n<p><strong><em>FONTES:<\/em><\/strong><em> Di\u00e1rio da Manh\u00e3 (PE) &#8211; Di\u00e1rio de Pernambuco (PE)<\/em><\/p>\n","protected":false},"excerpt":{"rendered":"<p>O Damanh\u00e3 Sport Club foi uma agremia\u00e7\u00e3o da cidade do Recife (PE). Fundado na segunda-feira, do dia 06 de Abril de 1936, por auxiliares graphicos da Empresa &#8220;Di\u00e1rio da Manh\u00e3&#8221; S.A. A Diretoria provis\u00f3ria ficou assim: Presidente &#8211; Domingos Lima; Vice-presidente &#8211; Augusto Continho; Director &#8211; Luiz Medeiros; Thesoureiro &#8211; Anthenor Coutinho e Secret\u00e1rio &#8211; [&hellip;]<\/p>\n","protected":false},"author":55,"featured_media":0,"comment_status":"open","ping_status":"closed","sticky":false,"template":"","format":"standard","meta":{"footnotes":""},"categories":[203,531,83,59,3,43],"tags":[],"class_list":["post-125688","post","type-post","status-publish","format-standard","hentry","category-sergio-mello","category-carencias","category-x9-curiosidades","category-escudos","category-historia-do-futebol","category-pernambuco"],"_links":{"self":[{"href":"https:\/\/historiadofutebol.com\/blog\/index.php?rest_route=\/wp\/v2\/posts\/125688","targetHints":{"allow":["GET"]}}],"collection":[{"href":"https:\/\/historiadofutebol.com\/blog\/index.php?rest_route=\/wp\/v2\/posts"}],"about":[{"href":"https:\/\/historiadofutebol.com\/blog\/index.php?rest_route=\/wp\/v2\/types\/post"}],"author":[{"embeddable":true,"href":"https:\/\/historiadofutebol.com\/blog\/index.php?rest_route=\/wp\/v2\/users\/55"}],"replies":[{"embeddable":true,"href":"https:\/\/historiadofutebol.com\/blog\/index.php?rest_route=%2Fwp%2Fv2%2Fcomments&post=125688"}],"version-history":[{"count":1,"href":"https:\/\/historiadofutebol.com\/blog\/index.php?rest_route=\/wp\/v2\/posts\/125688\/revisions"}],"predecessor-version":[{"id":125692,"href":"https:\/\/historiadofutebol.com\/blog\/index.php?rest_route=\/wp\/v2\/posts\/125688\/revisions\/125692"}],"wp:attachment":[{"href":"https:\/\/historiadofutebol.com\/blog\/index.php?rest_route=%2Fwp%2Fv2%2Fmedia&parent=125688"}],"wp:term":[{"taxonomy":"category","embeddable":true,"href":"https:\/\/historiadofutebol.com\/blog\/index.php?rest_route=%2Fwp%2Fv2%2Fcategories&post=125688"},{"taxonomy":"post_tag","embeddable":true,"href":"https:\/\/historiadofutebol.com\/blog\/index.php?rest_route=%2Fwp%2Fv2%2Ftags&post=125688"}],"curies":[{"name":"wp","href":"https:\/\/api.w.org\/{rel}","templated":true}]}}