{"id":125318,"date":"2022-04-07T23:54:44","date_gmt":"2022-04-08T02:54:44","guid":{"rendered":"https:\/\/historiadofutebol.com\/blog\/?p=125318"},"modified":"2025-07-06T21:39:47","modified_gmt":"2025-07-07T00:39:47","slug":"escudo-inedito-de-1905-sport-club-internacional-sao-paulo-sp","status":"publish","type":"post","link":"https:\/\/historiadofutebol.com\/blog\/?p=125318","title":{"rendered":"Escudo In\u00e9dito de 1905: Sport Club Internacional &#8211; S\u00e3o Paulo (SP)"},"content":{"rendered":"<div class=\"wp-block-image\">\n<figure class=\"aligncenter size-large\"><img loading=\"lazy\" decoding=\"async\" width=\"500\" height=\"315\" src=\"https:\/\/historiadofutebol.com\/blog\/wp-content\/uploads\/2022\/04\/SC-INTER-SP-1905-500x315.jpg\" alt=\"\" class=\"wp-image-125321\" srcset=\"https:\/\/historiadofutebol.com\/blog\/wp-content\/uploads\/2022\/04\/SC-INTER-SP-1905-500x315.jpg 500w, https:\/\/historiadofutebol.com\/blog\/wp-content\/uploads\/2022\/04\/SC-INTER-SP-1905-300x189.jpg 300w, https:\/\/historiadofutebol.com\/blog\/wp-content\/uploads\/2022\/04\/SC-INTER-SP-1905-624x394.jpg 624w, https:\/\/historiadofutebol.com\/blog\/wp-content\/uploads\/2022\/04\/SC-INTER-SP-1905.jpg 691w\" sizes=\"auto, (max-width: 500px) 100vw, 500px\" \/><\/figure><\/div>\n\n\n<p>O <strong><em>Sport Club Internacional<\/em><\/strong> foi uma agremia\u00e7\u00e3o da cidade de S\u00e3o Paulo (SP). A sua <strong><em>Sede<\/em><\/strong> ficava <strong><em>Rua (atual Avenida) Senador Queir\u00f3s, n\u00ba 5, no Centro da capital paulista<\/em><\/strong>. <strong><em>Fundado no s\u00e1bado, do dia 18 de Agosto de 1899<\/em><\/strong>, gra\u00e7as a uma cis\u00e3o do 1\u00ba movimento de cria\u00e7\u00e3o do <strong><em>Sport Club Germ\u00e2nia<\/em><\/strong>, que nasceria um m\u00eas mais tarde.<\/p>\n\n\n\n<p><strong>Primeira reuni\u00e3o<\/strong><\/p>\n\n\n\n<p>\u00c9 que alguns desportistas do movimento discordaram do nome e partiram, ent\u00e3o, para o <strong><em>Germ\u00e2nia<\/em><\/strong>. A primeira reuni\u00e3o, foi presidida pelo Sr. <em>Antonio de Campos<\/em>, e, mais 23 rapazes de diversas nacionalidades (brasileiros, ingleses, alem\u00e3es, franceses, italianos e portugueses.<\/p>\n\n\n\n<p><em>Julio Antonio Villa Real<\/em>, <em>Henrique Vanorden<\/em>, <em>Ernesto Ey<\/em>, <em>Carlos Brasche<\/em>, <em>Ren\u00e9 Vanorden<\/em>, <em>Ch. Holland<\/em>, <em>W. Holland<\/em>, <em>Frank Robotton<\/em>, <em>Otto Sahloembach<\/em>, <em>Victor Wiskhof<\/em>, <em>Andrey Robotton<\/em>, <em>Otto Krische<\/em>, <em>Leopoldo Villa Real<\/em>, <em>Carlos Guimar\u00e3es<\/em>, <em>Nicol\u00e1s Edwards<\/em>, <em>Alberto Savoy<\/em>, <em>Jos\u00e9 Alt<\/em>, <em>Claudio de Carvalho<\/em>, <em>Kurt Hartling<\/em>, <em>Franz Mikolasch<\/em>, <em>Hans Nobling<\/em>, <em>Germano<\/em> <em>e Rodolfo Wakuschaffe<\/em>.<\/p>\n\n\n\n<p><strong>Propostas do nome<\/strong><\/p>\n\n\n\n<p>A primeira proposta de nome foi dada pelo <em>Sr. Hans Nobiling<\/em>: o nome do clube seria <strong><em>Sport Club Internacional <\/em><\/strong>ou <strong><em>Sport Club Germ\u00e2nia<\/em><\/strong>. Por 15 votos contra cinco foi aprovado <strong><em>Sport Club Internacional<\/em><\/strong> e, imediatamente, se retiraram&nbsp; da sala os senhores <em>Hans Nobling<\/em>, e os irm\u00e3os alem\u00e3es <em>Germano<\/em> <em>e Rodolfo Wakuschaffe (que 18 dias depois, o trio fundou o <strong>Sport Club Germ\u00e2nia<\/strong>, que, a partir de 1942, tornou-se o <strong>Esporte Clube Pinheiros<\/strong>)<\/em>. Dessa forma, com exce\u00e7\u00e3o desses tr\u00eas que sa\u00edram, os demais <strong><em>21 nomes citados<\/em><\/strong>, foram <strong><em>considerados fundadores<\/em><\/strong>.<\/p>\n\n\n\n<p>As escolhas das cores <em>(vermelho e preto)<\/em>, a equipe come\u00e7ou a ser montada ap\u00f3s, e os treinos realizados <em>na Ch\u00e1cara Dulley<\/em>, que se tornaram onde hoje \u00e9 a <em>Avenida Tiradentes<\/em>.<\/p>\n\n\n\n<p><strong>Primeira Diretoria<\/strong><\/p>\n\n\n\n<p>A <strong><em>Diretoria<\/em><\/strong> provis\u00f3ria do <strong><em>Sport Club Internacional<\/em><\/strong>foi constitu\u00edda pelo <strong><em>Presidente <\/em><\/strong><em>Antonio Carlos e<\/em> <em>Ren\u00e9 Vanorden<\/em>, foi indicado para orientar o time que defendia o clube.<\/p>\n\n\n\n<p>Ent\u00e3o, <em>no s\u00e1bado, do dia 21 de Outubro de 1899<\/em>, foi definido a <strong><em>1\u00aa Diretoria<\/em><\/strong> da <strong><em>agremia\u00e7\u00e3o rubro-negra paulistana<\/em><\/strong>:<\/p>\n\n\n\n<p><strong><em>Presidente &#8211;<\/em><\/strong><em> Antonio Campos<\/em>;<\/p>\n\n\n\n<p><strong><em>Vice-Presidente &#8211;<\/em><\/strong><em> Sotto M\u00e1rio Filho<\/em>;<\/p>\n\n\n\n<p><strong><em>Secret\u00e1rio &#8211;<\/em><\/strong><em> J\u00falio Villa Real Filho<\/em>; &nbsp;&nbsp;&nbsp;<\/p>\n\n\n\n<p><strong><em>Capitains &#8211;<\/em><\/strong><em> Nikolas Edwards e W. Holland<\/em>.<\/p>\n\n\n\n<p><strong><em><u>PS<\/u><\/em><\/strong><strong><em>:<\/em><\/strong> <em>Todas as estas reuni\u00f5es e decis\u00f5es acima, foram tomadas numa das Salas do<\/em> <strong><em>Gr\u00eamio Liter\u00e1rio Portugu\u00eas<\/em><\/strong>.<\/p>\n\n\n\n<p><strong>Estatutos e os primeiros jogos<\/strong><\/p>\n\n\n\n<p>Cerca de cinco meses depois, <em>na sexta-feira, do dia 16 de mar\u00e7o de 1900<\/em>, os estatutos do clube foram aprovados e realizados os primeiros os jogos contra os estudantes do <strong><em>Mackienzie College<\/em><\/strong>.<\/p>\n\n\n<div class=\"wp-block-image is-style-rounded\">\n<figure class=\"aligncenter size-large is-resized\"><img loading=\"lazy\" decoding=\"async\" width=\"500\" height=\"328\" src=\"https:\/\/historiadofutebol.com\/blog\/wp-content\/uploads\/2022\/04\/Internacional_sp_c1900-500x328.jpg\" alt=\"\" class=\"wp-image-125322\" style=\"width:656px;height:430px\" srcset=\"https:\/\/historiadofutebol.com\/blog\/wp-content\/uploads\/2022\/04\/Internacional_sp_c1900-500x328.jpg 500w, https:\/\/historiadofutebol.com\/blog\/wp-content\/uploads\/2022\/04\/Internacional_sp_c1900-300x197.jpg 300w, https:\/\/historiadofutebol.com\/blog\/wp-content\/uploads\/2022\/04\/Internacional_sp_c1900.jpg 602w\" sizes=\"auto, (max-width: 500px) 100vw, 500px\" \/><figcaption class=\"wp-element-caption\"><em><strong>Foto de 1900<\/strong><\/em><\/figcaption><\/figure><\/div>\n\n\n<p><strong>Clube ajudou a fundar a Liga Paulista<\/strong><\/p>\n\n\n\n<p>A partir da\u00ed o clube progrediu rapidamente e foi <em>alugado<\/em> um <em>pr\u00e9dio<\/em> na esquina das <em>ruas Jos\u00e9 Bonif\u00e1cio e S\u00e3o Bento<\/em>, no distrito da S\u00e9, no Centro da cidade. O <strong><em>Internacional<\/em><\/strong>, j\u00e1 que aceitava os s\u00f3cios sem ter aceito, ao contr\u00e1rio dos demais que estavam ocupados \u00e0s suas col\u00f4nias, ou como o <strong><em>Mackenzie<\/em><\/strong>, que s\u00f3 aceitava seus alunos. Neste mesmo pr\u00e9dio, foi <strong><em>fundado no s\u00e1bado, do dia 14 de Dezembro de 1901<\/em><\/strong>, a <strong><em>Liga Paulista de Football (LPF), que existiu at\u00e9 janeiro de 1917<\/em><\/strong>.<\/p>\n\n\n\n<p>Al\u00e9m do futebol, outras modalidades esportivas tiveram grandes e brilhantes reuni\u00f5es, como a <em>Esgrima<\/em>, por exemplo, sob o comando de <em>Carlos Penna<\/em>.<\/p>\n\n\n\n<p><strong>Campeonato Paulista de 1902: Internacional ficou na pen\u00faltima posi\u00e7\u00e3o<\/strong><\/p>\n\n\n\n<p>Apesar dos esfor\u00e7os ingentes, sobremaneira de <em>Antonio Casemiro da Costa<\/em>, o &#8220;<em>Costinha<\/em>&#8221; &#8211; <em>goleiro<\/em> do <strong><em>Internacional<\/em><\/strong>, e <strong><em>fundador<\/em><\/strong> e <strong><em>presidente<\/em><\/strong> da <strong><em>1\u00aa Liga<\/em><\/strong>, o <strong><em>clube<\/em><\/strong> ficou em <strong><em>pen\u00faltimo lugar<\/em><\/strong> no <strong><em>1\u00ba Campeonato Paulista de Futebol de 1902<\/em><\/strong>, <em>com 13 pontos perdidos<\/em>.<\/p>\n\n\n\n<p><strong>Decl\u00ednio e sa\u00eddas<\/strong><\/p>\n\n\n\n<p>E seus principais atletas como <em>Jorge Mesquita<\/em>, <em>Geraldo Toledo<\/em> e <em>Casemiro da Costa<\/em>, se sentiram desanimados. Assim, os dois primeiros se transferiram para o <strong><em>Paulistano<\/em><\/strong>, enquanto <em>Costinha<\/em> abandonou os campos.<\/p>\n\n\n\n<p>At\u00e9 <em>M\u00e1rio Cardim<\/em>, uma das figuras de maior realce na vida do clube e do futebol paulista em seus prim\u00f3rdios, dedicado secret\u00e1rio do clube, desistiu de assinar atas pouco gloriosas.<\/p>\n\n\n\n<p><strong>Enfim, Campe\u00e3o Paulista em 1907<\/strong><\/p>\n\n\n\n<p>Em <strong><em>1903<\/em><\/strong>, era triste a situa\u00e7\u00e3o do <strong><em>Internacional<\/em><\/strong>, terminou o <strong><em>Paulista<\/em><\/strong> na <em>pen\u00faltima coloca\u00e7\u00e3o com 12 pontos perdidos<\/em>. Mas no ano seguinte (<strong><em>1904<\/em><\/strong>), houve uma grande rea\u00e7\u00e3o e a\u00ed surgiram os irm\u00e3os Prado: <em>Armando<\/em>, <em>M\u00e1rio<\/em> e <em>Juvenal<\/em>. Vieram ainda <em>Cox Murray<\/em>, <em>Thompson de Santos<\/em>, <em>Duarte<\/em> e <em>Cunha Vasconcelos<\/em>. Assim, foi formado um elenco poderoso e renovado. No final, o clube terminou na <strong><em>3\u00aa coloca\u00e7\u00e3o<\/em><\/strong> com <em>nove pontos perdidos<\/em>. &nbsp;<\/p>\n\n\n\n<p>A seguir, novo esmorecimento e queda nos anos de <strong><em>1905<\/em><\/strong> e <strong><em>1906<\/em><\/strong>, ficando na <strong><em>3\u00aa posi\u00e7\u00e3o<\/em><\/strong> (<em>nove pontos perdidos<\/em>) e na <strong><em>4\u00aa posi\u00e7\u00e3o<\/em><\/strong> (<em>oito pontos perdidos<\/em>), respectivamente.<\/p>\n\n\n\n<p>Mas chegou <strong><em>1907<\/em><\/strong>, sua grande conquista! O <strong><em>Internacional<\/em><\/strong> se sagrou <strong><em>campe\u00e3o<\/em><\/strong> do <strong><em>Campeonato Paulista da 1\u00aa Divis\u00e3o em 1907<\/em><\/strong>. Conquistando a <em>Ta\u00e7a Penteado<\/em>, tendo <em>M\u00e1rio Prado, Juvenal Prado, Dinorah de Assis, Leo Bellegardo e Fachini <\/em>foram os principais astros.<\/p>\n\n\n<div class=\"wp-block-image is-style-rounded\">\n<figure class=\"aligncenter size-full\"><img loading=\"lazy\" decoding=\"async\" width=\"289\" height=\"349\" src=\"https:\/\/historiadofutebol.com\/blog\/wp-content\/uploads\/2022\/04\/Internacional.jpg\" alt=\"\" class=\"wp-image-125323\" srcset=\"https:\/\/historiadofutebol.com\/blog\/wp-content\/uploads\/2022\/04\/Internacional.jpg 289w, https:\/\/historiadofutebol.com\/blog\/wp-content\/uploads\/2022\/04\/Internacional-248x300.jpg 248w\" sizes=\"auto, (max-width: 289px) 100vw, 289px\" \/><\/figure><\/div>\n\n\n<p><strong>Campanha<\/strong><\/p>\n\n\n\n<figure class=\"wp-block-table is-style-stripes\"><table><tbody><tr><td><strong>DATA<\/strong><\/td><td><strong>RES<\/strong><\/td><td><strong>U<\/strong><\/td><td><strong>L<\/strong><\/td><td><strong>T<\/strong><\/td><td><strong>ADOS<\/strong><\/td><td><strong>LOCAL<\/strong><\/td><td><strong>GOLS<\/strong><\/td><\/tr><tr><td>12 de maio<\/td><td><strong>Inter<\/strong><\/td><td>1<\/td><td>X<\/td><td>1<\/td><td>Americano<\/td><td>Vel\u00f3dromo<\/td><td>Munhoz<\/td><\/tr><tr><td>23 de junho<\/td><td><strong>Inter<\/strong><\/td><td>2<\/td><td>X<\/td><td>1<\/td><td>Inter de Santos<\/td><td>Vel\u00f3dromo<\/td><td>Ormundo e gol contra do goleiro santista<\/td><\/tr><tr><td>29 de junho<\/td><td><strong>Inter<\/strong><\/td><td>3<\/td><td>X<\/td><td>0<\/td><td>S\u00e3o Paulo AC<\/td><td>Vel\u00f3dromo<\/td><td>Leo (dois) e Quartim<\/td><\/tr><tr><td>28 de julho<\/td><td><strong>Inter<\/strong><\/td><td>3<\/td><td>X<\/td><td>0<\/td><td>Germ\u00e2nia<\/td><td>Vel\u00f3dromo<\/td><td>Dinorah, Ormundo e Leite<\/td><\/tr><tr><td>11 de agosto<\/td><td><strong>Inter<\/strong><\/td><td>3<\/td><td>X<\/td><td>0<\/td><td>Paulistano<\/td><td>Vel\u00f3dromo<\/td><td>Leo (tr\u00eas)<\/td><\/tr><tr><td>1\u00ba de setembro<\/td><td>Americano<\/td><td>1<\/td><td>X<\/td><td>3<\/td><td><strong>Inter<\/strong><\/td><td>Vel\u00f3dromo<\/td><td>Einfuher, Leite e J. Carvalho<\/td><\/tr><tr><td>15 de setembro<\/td><td>Paulistano<\/td><td>0<\/td><td>X<\/td><td>2<\/td><td><strong>Inter<\/strong><\/td><td>Vel\u00f3dromo<\/td><td>Ormundo e Leo<\/td><\/tr><tr><td>20 de outubro<\/td><td>Germ\u00e2nia<\/td><td>3<\/td><td>X<\/td><td>3<strong>*<\/strong><\/td><td><strong>Inter<\/strong><\/td><td>Vel\u00f3dromo<\/td><td>Ormundo, Leo e Dinorah<\/td><\/tr><tr><td>15 de novembro<\/td><td>S\u00e3o Paulo AC<\/td><td>1<\/td><td>X<\/td><td>1<\/td><td><strong>Inter<\/strong><\/td><td>Vel\u00f3dromo<\/td><td>M. Mendes<\/td><\/tr><\/tbody><\/table><\/figure>\n\n\n\n<p><strong><em>*<\/em><\/strong><em> Ap\u00f3s julgamento da <strong>LPF<\/strong>, foi decidido vit\u00f3ria a favor do <strong>Germ\u00e2nia<\/strong>.<\/em><\/p>\n\n\n\n<h2 class=\"wp-block-heading\">Classifica\u00e7\u00e3o final<\/h2>\n\n\n\n<figure class=\"wp-block-table is-style-stripes\"><table><tbody><tr><td><strong>Classifica\u00e7\u00e3o &#8211; Final<\/strong><strong><\/strong><\/td><\/tr><tr><td><strong>Time<\/strong><strong><\/strong><\/td><td><strong>PG<\/strong><strong><\/strong><\/td><td><strong>J<\/strong><strong><\/strong><\/td><td><strong>V<\/strong><strong><\/strong><\/td><td><strong>E<\/strong><strong><\/strong><\/td><td><strong>D<\/strong><strong><\/strong><\/td><td><strong>GP<\/strong><strong><\/strong><\/td><td><strong>GC<\/strong><strong><\/strong><\/td><td><strong>SG<\/strong><strong><\/strong><\/td><\/tr><tr><td><strong>1<\/strong>   <\/td><td>Internacional<\/td><td>16<\/td><td>10<\/td><td>7<\/td><td>2<\/td><td>1<\/td><td>23<\/td><td>7<\/td><td>16<\/td><\/tr><tr><td><strong>2<\/strong><strong><\/strong><\/td><td>Paulistano<\/td><td>11*<\/td><td>10<\/td><td>5<\/td><td>1<\/td><td>4<\/td><td>14<\/td><td>15<\/td><td>&#8211; 1<\/td><\/tr><tr><td><strong>2<\/strong><strong><\/strong><\/td><td>Americano<\/td><td>11*<\/td><td>10<\/td><td>4<\/td><td>3<\/td><td>3<\/td><td>20<\/td><td>17<\/td><td>3<\/td><\/tr><tr><td><strong>4<\/strong><strong><\/strong><\/td><td>Germ\u00e2nia<\/td><td>10<\/td><td>10<\/td><td>5<\/td><td>0<\/td><td>5<\/td><td>18<\/td><td>16<\/td><td>2<\/td><\/tr><tr><td><strong>5<\/strong><strong><\/strong><\/td><td>S\u00e3o Paulo Athletic<\/td><td>6<\/td><td>9<\/td><td>2<\/td><td>2<\/td><td>5<\/td><td>11<\/td><td>16<\/td><td>&#8211; 5<\/td><\/tr><tr><td><strong>6<\/strong><strong><\/strong><\/td><td>Internacional de Santos<\/td><td>4<\/td><td>9<\/td><td>1<\/td><td>2<\/td><td>6<\/td><td>7<\/td><td>22<\/td><td>&#8211; 15<\/td><\/tr><tr><td><mark style=\"background-color:rgba(0, 0, 0, 0);color:#4528bd\" class=\"has-inline-color\"><em>PG &#8211; pontos ganhos; J &#8211; jogos; V &#8211; vit\u00f3rias; E &#8211; empates; D &#8211; derrotas;\u00a0<\/em>GP &#8211; gols pr\u00f3; GC &#8211; gols contra; SG &#8211; saldo de gols<\/mark><\/td><\/tr><\/tbody><\/table><\/figure>\n\n\n\n<figure class=\"wp-block-table\"><table><tbody><tr><td><\/td><\/tr><\/tbody><\/table><\/figure>\n\n\n\n<p><strong>1928: Bicampe\u00e3o Paulista<\/strong><\/p>\n\n\n\n<p>Em <strong><em>1908 (3\u00aa posi\u00e7\u00e3o<\/em><\/strong> &#8211; <em>sete pontos perdidos<strong>)<\/strong><\/em> e <strong><em>1909 (3\u00aa posi\u00e7\u00e3o<\/em><\/strong> &#8211; <em>sete pontos perdidos<strong>)<\/strong><\/em>, outras decep\u00e7\u00f5es, podendo apenas se colocar em relevo os <strong><em>4 a 0<\/em><\/strong> contra a <strong><em>Associa\u00e7\u00e3o Athletica das Palmeiras<\/em><\/strong> na \u00faltima temporada.<\/p>\n\n\n\n<p>Em <strong><em>1911<\/em><\/strong> e <strong><em>1912<\/em><\/strong>, o Internacional n\u00e3o participou do certame, retornando em <strong><em>1913<\/em><\/strong>, quando ficou na <strong><em>4\u00aa posi\u00e7\u00e3o<\/em><\/strong> &#8211; <em>nove pontos perdidos<\/em>. Em <strong><em>1915<\/em><\/strong>, novamente se ausentou.<\/p>\n\n\n\n<p>O <strong><em>clube<\/em><\/strong> seguiu jogando o <strong><em>Campeonato Paulista<\/em><\/strong>, at\u00e9 a d\u00e9cada de 30, passando pelas: <strong><em>Liga Paulista de Football<\/em><\/strong>, <strong><em>Liga de Amadores de Football<\/em><\/strong> e <strong><em>Associa\u00e7\u00e3o Paulista&nbsp; de Esportes Athleticos<\/em><\/strong>. &nbsp;<strong><em>&nbsp;<\/em><\/strong><\/p>\n\n\n\n<p>Nesse per\u00edodo, o<strong><em> Internacional <\/em><\/strong>chegou ao seu<strong><em> segundo t\u00edtulo <\/em><\/strong>do <strong><em>Campeonato Paulista em 1928, <\/em><\/strong><em>com 11 pontos perdidos, em desempate<\/em>com o <strong><em>Paulistano.<\/em><\/strong><\/p>\n\n\n\n<p><strong>Fim da linha em 1933<\/strong><\/p>\n\n\n\n<p>Em 1933, com o advento do regime profissional, o clube optou em se &nbsp;fundir ao <strong><em>Antarctica Futebol Clube<\/em><\/strong>, origem ao financiamento do clube, que, por sua vez, fundiu-se ao time em <strong><em>1937<\/em><\/strong>, dando origem ao <strong><em>Atl\u00e9tico Paulista<\/em><\/strong>, que em <strong><em>1938<\/em><\/strong> acabou sendo incorporado pelo <strong><em>S\u00e3o Paulo Futebol Clube<\/em><\/strong>.<\/p>\n\n\n\n<p><strong><em><u>Desenho do escudo, uniforme e texto<\/u><\/em><\/strong><strong><em>:<\/em><\/strong><em> S\u00e9rgio Mello<\/em><\/p>\n\n\n\n<p><strong><em><u>Colaborou<\/u><\/em><\/strong><strong><em>:<\/em><\/strong><em> pesquisador V\u00edtor Dias<\/em><\/p>\n\n\n\n<p><strong><em><u>Imagem do escudo<\/u><\/em><\/strong><strong><em>:<\/em><\/strong><em> Mois\u00e9s H. G. Cunha<\/em><\/p>\n\n\n\n<p><strong><em><u>FONTES<\/u><\/em><\/strong><strong><em>:<\/em><\/strong><em>  Jornal A Gazeta (SP)<\/em><\/p>\n","protected":false},"excerpt":{"rendered":"<p>O Sport Club Internacional foi uma agremia\u00e7\u00e3o da cidade de S\u00e3o Paulo (SP). A sua Sede ficava Rua (atual Avenida) Senador Queir\u00f3s, n\u00ba 5, no Centro da capital paulista. Fundado no s\u00e1bado, do dia 18 de Agosto de 1899, gra\u00e7as a uma cis\u00e3o do 1\u00ba movimento de cria\u00e7\u00e3o do Sport Club Germ\u00e2nia, que nasceria um [&hellip;]<\/p>\n","protected":false},"author":55,"featured_media":0,"comment_status":"open","ping_status":"closed","sticky":false,"template":"","format":"standard","meta":{"footnotes":""},"categories":[203,531,83,59,345,3,51],"tags":[],"class_list":["post-125318","post","type-post","status-publish","format-standard","hentry","category-sergio-mello","category-carencias","category-x9-curiosidades","category-escudos","category-fotos-historicas","category-historia-do-futebol","category-sao-paulo"],"_links":{"self":[{"href":"https:\/\/historiadofutebol.com\/blog\/index.php?rest_route=\/wp\/v2\/posts\/125318","targetHints":{"allow":["GET"]}}],"collection":[{"href":"https:\/\/historiadofutebol.com\/blog\/index.php?rest_route=\/wp\/v2\/posts"}],"about":[{"href":"https:\/\/historiadofutebol.com\/blog\/index.php?rest_route=\/wp\/v2\/types\/post"}],"author":[{"embeddable":true,"href":"https:\/\/historiadofutebol.com\/blog\/index.php?rest_route=\/wp\/v2\/users\/55"}],"replies":[{"embeddable":true,"href":"https:\/\/historiadofutebol.com\/blog\/index.php?rest_route=%2Fwp%2Fv2%2Fcomments&post=125318"}],"version-history":[{"count":7,"href":"https:\/\/historiadofutebol.com\/blog\/index.php?rest_route=\/wp\/v2\/posts\/125318\/revisions"}],"predecessor-version":[{"id":134910,"href":"https:\/\/historiadofutebol.com\/blog\/index.php?rest_route=\/wp\/v2\/posts\/125318\/revisions\/134910"}],"wp:attachment":[{"href":"https:\/\/historiadofutebol.com\/blog\/index.php?rest_route=%2Fwp%2Fv2%2Fmedia&parent=125318"}],"wp:term":[{"taxonomy":"category","embeddable":true,"href":"https:\/\/historiadofutebol.com\/blog\/index.php?rest_route=%2Fwp%2Fv2%2Fcategories&post=125318"},{"taxonomy":"post_tag","embeddable":true,"href":"https:\/\/historiadofutebol.com\/blog\/index.php?rest_route=%2Fwp%2Fv2%2Ftags&post=125318"}],"curies":[{"name":"wp","href":"https:\/\/api.w.org\/{rel}","templated":true}]}}