{"id":125193,"date":"2022-03-18T20:38:40","date_gmt":"2022-03-18T23:38:40","guid":{"rendered":"https:\/\/historiadofutebol.com\/blog\/?p=125193"},"modified":"2022-03-18T20:38:43","modified_gmt":"2022-03-18T23:38:43","slug":"esporte-clube-oity-rio-de-janeiro-rj-flamula-de-1962","status":"publish","type":"post","link":"https:\/\/historiadofutebol.com\/blog\/?p=125193","title":{"rendered":"Esporte Clube Oity \u2013 Rio de Janeiro (RJ):\u00a0fl\u00e2mula de 1962"},"content":{"rendered":"\n<div class=\"wp-block-image\"><figure class=\"aligncenter size-large\"><img loading=\"lazy\" decoding=\"async\" width=\"500\" height=\"318\" src=\"https:\/\/historiadofutebol.com\/blog\/wp-content\/uploads\/2022\/03\/ECO-500x318.jpg\" alt=\"\" class=\"wp-image-125196\" srcset=\"https:\/\/historiadofutebol.com\/blog\/wp-content\/uploads\/2022\/03\/ECO-500x318.jpg 500w, https:\/\/historiadofutebol.com\/blog\/wp-content\/uploads\/2022\/03\/ECO-300x191.jpg 300w, https:\/\/historiadofutebol.com\/blog\/wp-content\/uploads\/2022\/03\/ECO-624x397.jpg 624w, https:\/\/historiadofutebol.com\/blog\/wp-content\/uploads\/2022\/03\/ECO.jpg 687w\" sizes=\"auto, (max-width: 500px) 100vw, 500px\" \/><\/figure><\/div>\n\n\n\n<p>O<em>\u00a0<strong>Esporte Clube Oity<\/strong><\/em> foi uma agremia\u00e7\u00e3o da cidade do Rio de Janeiro (RJ). O \u2018<strong><em>Oityense Alvicele<\/em>ste<\/strong>\u2019 foi\u00a0<strong>Fundado na sexta-feira, do dia 14 de Outubro de 1938<\/strong>. A sua\u00a0<strong><em>Sede<\/em><\/strong>\u00a0e a\u00a0<strong><em>Pra\u00e7a de Esportes<\/em><\/strong>\u00a0ficavam localizados na\u00a0<em>Avenida Santa Cruz n\u00ba 500 (atual n\u00ba 12.516), no Bairro de Senador Vasconcelos<\/em>, na Zona Rural (atual Zona Oeste) do Rio. O espa\u00e7o\u00a0<em>(campo e sede)<\/em>\u00a0de aproximadamente\u00a0<em>14 mil metros quadrados<\/em>, foi adquirido pelo clube na\u00a0<em>d\u00e9cada de 50<\/em>.<\/p>\n\n\n\n<p><strong>Oity foi um dos clubes que ajudaram a fundar o D.A.<\/strong><\/p>\n\n\n\n<p>O <strong>Oity<\/strong> come\u00e7ou a sua trajet\u00f3ria futebol\u00edstica jogando festivais, excurs\u00f5es pelo estado do Rio. Ap\u00f3s a extin\u00e7\u00e3o da <strong><em>Federa\u00e7\u00e3o Atl\u00e9tica Suburbana<\/em><\/strong>, onde o <strong>Oity<\/strong> participava das competi\u00e7\u00f5es, os clubes que dela faziam parte se sentiram desprestigiados com a pol\u00edtica estabelecida pela <strong><em>Federa\u00e7\u00e3o Metropolitana de Futebol (FMF)<\/em><\/strong>.<\/p>\n\n\n\n<p>Na tentativa de mudar esse quadro, o <strong>Oity<\/strong> juntamente com outras agremia\u00e7\u00f5es ajudou a fundar o <strong><em>Departamento Aut\u00f4nomo (DA)<\/em><\/strong> em Assembl\u00e9ia realizada <em>na quinta-feira, do dia 7 de julho de 1949<\/em>. Al\u00e9m do <strong>Esporte Clube Oity<\/strong>, os demais clubes que estiveram presentes foram:<\/p>\n\n\n\n<div class=\"wp-block-image\"><figure class=\"aligncenter size-large is-resized\"><img loading=\"lazy\" decoding=\"async\" src=\"https:\/\/historiadofutebol.com\/blog\/wp-content\/uploads\/2022\/03\/EC-Oity-Senador-Vasconcelos-1962-347x500.jpg\" alt=\"\" class=\"wp-image-125195\" width=\"545\" height=\"785\" srcset=\"https:\/\/historiadofutebol.com\/blog\/wp-content\/uploads\/2022\/03\/EC-Oity-Senador-Vasconcelos-1962-347x500.jpg 347w, https:\/\/historiadofutebol.com\/blog\/wp-content\/uploads\/2022\/03\/EC-Oity-Senador-Vasconcelos-1962-208x300.jpg 208w, https:\/\/historiadofutebol.com\/blog\/wp-content\/uploads\/2022\/03\/EC-Oity-Senador-Vasconcelos-1962-768x1108.jpg 768w, https:\/\/historiadofutebol.com\/blog\/wp-content\/uploads\/2022\/03\/EC-Oity-Senador-Vasconcelos-1962-624x900.jpg 624w, https:\/\/historiadofutebol.com\/blog\/wp-content\/uploads\/2022\/03\/EC-Oity-Senador-Vasconcelos-1962.jpg 832w\" sizes=\"auto, (max-width: 545px) 100vw, 545px\" \/><\/figure><\/div>\n\n\n\n<p><strong><em>Andaray Atl\u00e9tico Clube;<\/em><\/strong><\/p>\n\n\n\n<p><strong><em>Atilla Futebol Clube;<\/em><\/strong><\/p>\n\n\n\n<p><strong><em>Atl\u00e9tico Clube Nacional;<\/em><\/strong><\/p>\n\n\n\n<p><strong><em>Associa\u00e7\u00e3o Atl\u00e9tica Portuguesa;<\/em><\/strong><\/p>\n\n\n\n<p><strong><em>Associa\u00e7\u00e3o Atl\u00e9tica Nova Am\u00e9rica;<\/em><\/strong><\/p>\n\n\n\n<p><strong><em>Bento Ribeiro Futebol Clube;<\/em><\/strong><\/p>\n\n\n\n<p><strong><em>Cacique Futebol Clube;<\/em><\/strong><\/p>\n\n\n\n<p><strong><em>Cruzeiro Futebol Clube;<\/em><\/strong><\/p>\n\n\n\n<p><strong><em>Del Castilho Futebol Clube;<\/em><\/strong><\/p>\n\n\n\n<p><strong><em>Distinta Atl\u00e9tico Clube;<\/em><\/strong><\/p>\n\n\n\n<p><strong><em>Engenho de Dentro Atl\u00e9tico Clube;<\/em><\/strong><\/p>\n\n\n\n<p><strong><em>Esporte Clube Anchieta;<\/em><\/strong><\/p>\n\n\n\n<p><strong><em>Esporte Clube Cor\u00edntians;<\/em><\/strong><\/p>\n\n\n\n<p><strong><em>Esporte Clube Guanabara;<\/em><\/strong><\/p>\n\n\n\n<p><strong><em>Esporte Clube Royal;<\/em><\/strong><\/p>\n\n\n\n<p><strong><em>Esporte Clube S\u00e3o Jos\u00e9;<\/em><\/strong><\/p>\n\n\n\n<p><strong><em>Esporte Clube Valim;<\/em><\/strong><\/p>\n\n\n\n<p><strong><em>Iraj\u00e1 Atl\u00e9tico Clube;<\/em><\/strong><\/p>\n\n\n\n<p><strong><em>Kosmos Atl\u00e9tico Clube;<\/em><\/strong><\/p>\n\n\n\n<p><strong><em>Manufatura Nacional de Porcelana Futebol Clube;<\/em><\/strong><\/p>\n\n\n\n<p><strong><em>Mav\u00edlis Futebol Clube;<\/em><\/strong><\/p>\n\n\n\n<p><strong><em>Oriente Atl\u00e9tico Clube;<\/em><\/strong><\/p>\n\n\n\n<p><strong><em>Realengo Futebol Clube;<\/em><\/strong><\/p>\n\n\n\n<p><strong><em>Sampaio Atl\u00e9tico Clube<\/em><\/strong>.<\/p>\n\n\n\n<div class=\"wp-block-image\"><figure class=\"aligncenter\"><img loading=\"lazy\" decoding=\"async\" width=\"1664\" height=\"1652\" src=\"https:\/\/historiadofutebol.com\/blog\/wp-content\/uploads\/2017\/08\/EC-OITY-1949.jpg\" alt=\"\" class=\"wp-image-109542\" title=\"EC OITY - 1949\" srcset=\"https:\/\/historiadofutebol.com\/blog\/wp-content\/uploads\/2017\/08\/EC-OITY-1949.jpg 1664w, https:\/\/historiadofutebol.com\/blog\/wp-content\/uploads\/2017\/08\/EC-OITY-1949-150x150.jpg 150w, https:\/\/historiadofutebol.com\/blog\/wp-content\/uploads\/2017\/08\/EC-OITY-1949-300x297.jpg 300w, https:\/\/historiadofutebol.com\/blog\/wp-content\/uploads\/2017\/08\/EC-OITY-1949-500x496.jpg 500w, https:\/\/historiadofutebol.com\/blog\/wp-content\/uploads\/2017\/08\/EC-OITY-1949-96x96.jpg 96w, https:\/\/historiadofutebol.com\/blog\/wp-content\/uploads\/2017\/08\/EC-OITY-1949-24x24.jpg 24w, https:\/\/historiadofutebol.com\/blog\/wp-content\/uploads\/2017\/08\/EC-OITY-1949-36x36.jpg 36w, https:\/\/historiadofutebol.com\/blog\/wp-content\/uploads\/2017\/08\/EC-OITY-1949-48x48.jpg 48w, https:\/\/historiadofutebol.com\/blog\/wp-content\/uploads\/2017\/08\/EC-OITY-1949-64x64.jpg 64w\" sizes=\"auto, (max-width: 1664px) 100vw, 1664px\" \/><\/figure><\/div>\n\n\n\n<p>A 1\u00aa competi\u00e7\u00e3o do <strong><em>Departamento Aut\u00f4nomo (DA)<\/em><\/strong> aconteceu no mesmo ano da funda\u00e7\u00e3o (1949), tendo como campe\u00e3o o <strong><em>Engenho de Dentro A.C.<\/em><\/strong> Durante mais de uma d\u00e9cada dez anos o <strong><em>DA<\/em><\/strong> organizou com sucesso os campeonatos dos clubes amadores pela <strong><em>FMF<\/em><\/strong>, at\u00e9 seu encerramento oficial em 1960.<\/p>\n\n\n\n<p>O <strong><em>DA<\/em><\/strong> foi extinto, dando lugar ao <strong><em>Departamento de Futebol Amador da Capital<\/em><\/strong>. Hoje se chama <strong><em>Campeonato Carioca de Futebol Amador da Capital<\/em><\/strong>, promovido pela <strong><em>Federa\u00e7\u00e3o de Futebol do Estado do Rio de Janeiro (FERJ)<\/em><\/strong>, incluindo tamb\u00e9m as categorias Infantil e Juvenil.<\/p>\n\n\n\n<div class=\"wp-block-image\"><figure class=\"aligncenter\"><img loading=\"lazy\" decoding=\"async\" width=\"1760\" height=\"1864\" src=\"https:\/\/historiadofutebol.com\/blog\/wp-content\/uploads\/2017\/08\/EC-OITY-1946-VOLANTE-MG-.jpg\" alt=\"\" class=\"wp-image-109540\" title=\"EC OITY - 1946 - VOLANTE-MG\" srcset=\"https:\/\/historiadofutebol.com\/blog\/wp-content\/uploads\/2017\/08\/EC-OITY-1946-VOLANTE-MG-.jpg 1760w, https:\/\/historiadofutebol.com\/blog\/wp-content\/uploads\/2017\/08\/EC-OITY-1946-VOLANTE-MG--283x300.jpg 283w, https:\/\/historiadofutebol.com\/blog\/wp-content\/uploads\/2017\/08\/EC-OITY-1946-VOLANTE-MG--472x500.jpg 472w, https:\/\/historiadofutebol.com\/blog\/wp-content\/uploads\/2017\/08\/EC-OITY-1946-VOLANTE-MG--300x317.jpg 300w, https:\/\/historiadofutebol.com\/blog\/wp-content\/uploads\/2017\/08\/EC-OITY-1946-VOLANTE-MG--24x24.jpg 24w\" sizes=\"auto, (max-width: 1760px) 100vw, 1760px\" \/><\/figure><\/div>\n\n\n\n<p><strong>T\u00edtulos<\/strong><\/p>\n\n\n\n<p>O <strong>Esporte Clube Oity<\/strong> tamb\u00e9m participou do <strong><em>DA<\/em><\/strong> em diversas edi\u00e7\u00f5es. Em rela\u00e7\u00e3o as conquistas, o <strong>Esporte Clube Oity<\/strong> acumulou v\u00e1rias ta\u00e7as. Citando algumas:<\/p>\n\n\n\n<p><strong><em>Campe\u00e3o de Amadores &#8220;S\u00e9rie Carlos Lopes Guimar\u00e3es&#8221; (1953<\/em><\/strong><em>)<\/em>;<\/p>\n\n\n\n<p><strong><em>Campe\u00e3o da &#8220;Ta\u00e7a de Disciplina&#8221; (1956<\/em><\/strong><em>)<\/em>;<\/p>\n\n\n\n<p><strong><em>Campe\u00e3o da &#8220;Ta\u00e7a de Disciplina&#8221; (1957<\/em><\/strong><em>)<\/em>;<\/p>\n\n\n\n<p><strong><em>Campe\u00e3o de Amadores &#8220;S\u00e9rie Floripes Mon\u00e7\u00e3o&#8221; (1957);<\/em><\/strong><\/p>\n\n\n\n<p><strong><em>Campe\u00e3o de Aspirantes &#8220;S\u00e9rie Rural&#8221; (1958);<\/em><\/strong><\/p>\n\n\n\n<p><strong><em>Campe\u00e3o de Aspirantes do Departamento Aut\u00f4nomo (1958);<\/em><\/strong><\/p>\n\n\n\n<p><strong><em>campe\u00e3o de Amadores &#8220;S\u00e9rie Romeu Dias Pino&#8221; (1959).<\/em><\/strong><\/p>\n\n\n\n<div class=\"wp-block-image\"><figure class=\"aligncenter\"><img loading=\"lazy\" decoding=\"async\" width=\"1260\" height=\"720\" src=\"https:\/\/historiadofutebol.com\/blog\/wp-content\/uploads\/2017\/08\/EC-OITY-1946.jpg\" alt=\"\" class=\"wp-image-109541\" title=\"EC OITY - 1946\" srcset=\"https:\/\/historiadofutebol.com\/blog\/wp-content\/uploads\/2017\/08\/EC-OITY-1946.jpg 1260w, https:\/\/historiadofutebol.com\/blog\/wp-content\/uploads\/2017\/08\/EC-OITY-1946-300x171.jpg 300w, https:\/\/historiadofutebol.com\/blog\/wp-content\/uploads\/2017\/08\/EC-OITY-1946-500x285.jpg 500w\" sizes=\"auto, (max-width: 1260px) 100vw, 1260px\" \/><\/figure><\/div>\n\n\n\n<p>Ao longo desse percurso, o clube, por duas vezes, esteve pr\u00f3ximo de fazer fus\u00e3o com o <strong><em>Esporte Clube Aliados<\/em><\/strong>, <em>de Bangu<\/em> e depois com o <strong><em>Campo Grande Atl\u00e9tico Clube<\/em><\/strong>. No entanto, as duas negocia\u00e7\u00f5es n\u00e3o avan\u00e7aram.<\/p>\n\n\n\n<p>Posteriormente, o <strong>Oity<\/strong> foi incorporado ao <strong><em>Campo Grande Atl\u00e9tico Clube<\/em><\/strong>, continuando o espa\u00e7o destinado ao lazer da comunidade local, incentivando o esporte, encontros em fam\u00edlia, entretenimentos, festas, entre outros.<\/p>\n\n\n\n<div class=\"wp-block-image size-full wp-image-109538\"><figure class=\"aligncenter\"><img loading=\"lazy\" decoding=\"async\" width=\"886\" height=\"786\" src=\"https:\/\/historiadofutebol.com\/blog\/wp-content\/uploads\/2017\/08\/2010-ECO-23.jpg\" alt=\"\" class=\"wp-image-109538\" srcset=\"https:\/\/historiadofutebol.com\/blog\/wp-content\/uploads\/2017\/08\/2010-ECO-23.jpg 886w, https:\/\/historiadofutebol.com\/blog\/wp-content\/uploads\/2017\/08\/2010-ECO-23-300x266.jpg 300w, https:\/\/historiadofutebol.com\/blog\/wp-content\/uploads\/2017\/08\/2010-ECO-23-500x443.jpg 500w\" sizes=\"auto, (max-width: 886px) 100vw, 886px\" \/><figcaption>O campo do E.C. Oity visto de cima<\/figcaption><\/figure><\/div>\n\n\n\n<p><strong>Campo do Oity pode virar uma Vila Ol\u00edmpica<\/strong><\/p>\n\n\n\n<p>Em 2013, o <em>vereador Zico (PTB)<\/em> apresentou um <strong><em>Projeto de Lei n\u00ba&nbsp;618\/2013<\/em><\/strong>, com o intuito de transformar o campo do <strong>Oity<\/strong> numa <strong><em>Vila Ol\u00edmpica<\/em><\/strong>. No documento, o vereador explicou os motivos para a constru\u00e7\u00e3o da Vila:<\/p>\n\n\n\n<p>&#8220;<em>Logo, tendo em vista as raz\u00f5es dos moradores que anseiam por espa\u00e7os p\u00fablicos nesse sentido, a constru\u00e7\u00e3o de uma Vila Ol\u00edmpica permitir\u00e1 a todos os moradores o f\u00e1cil acesso \u00e0 pr\u00e1tica de v\u00e1rios esportes, colaborando para uma melhora significante da sa\u00fade da popula\u00e7\u00e3o, especialmente porque o bairro n\u00e3o possui uma \u00e1rea para tal final. Portanto, o Projeto visa proporcionar gratuitamente \u00e0 comunidade local e aos bairros vizinhos, como Sant\u00edssimo, Senador Camar\u00e1, Campo Grande, espa\u00e7os adequados para o lazer, esporte e divers\u00e3o.&nbsp;<\/em><em>Vale acrescentar que, onde outrora funcionava uma \u00e1rea de lazer, hoje o local est\u00e1 ocupado por um dep\u00f3sito de carros rebocados pelo Detran. Sendo assim, pelos pedidos incans\u00e1veis de moradores locais, que necessitam da urbaniza\u00e7\u00e3o de uma \u00e1rea at\u00e9 ent\u00e3o&nbsp;abandonada e degradada, \u00e9 que venho pedir o apoio dos senhores parlamentares em prol desse projeto de lei<\/em>&#8220;.<\/p>\n\n\n\n<div class=\"wp-block-image\"><figure class=\"aligncenter\"><img loading=\"lazy\" decoding=\"async\" width=\"1002\" height=\"610\" src=\"https:\/\/historiadofutebol.com\/blog\/wp-content\/uploads\/2017\/08\/2010-ECO-1.jpg\" alt=\"\" class=\"wp-image-109536\" title=\"2010 ECO 1\" srcset=\"https:\/\/historiadofutebol.com\/blog\/wp-content\/uploads\/2017\/08\/2010-ECO-1.jpg 1002w, https:\/\/historiadofutebol.com\/blog\/wp-content\/uploads\/2017\/08\/2010-ECO-1-300x182.jpg 300w, https:\/\/historiadofutebol.com\/blog\/wp-content\/uploads\/2017\/08\/2010-ECO-1-500x304.jpg 500w\" sizes=\"auto, (max-width: 1002px) 100vw, 1002px\" \/><\/figure><\/div>\n\n\n\n<div class=\"wp-block-image\"><figure class=\"aligncenter\"><img loading=\"lazy\" decoding=\"async\" width=\"1050\" height=\"606\" src=\"https:\/\/historiadofutebol.com\/blog\/wp-content\/uploads\/2017\/08\/2010-ECO-2.jpg\" alt=\"\" class=\"wp-image-109537\" title=\"2010 ECO 2\" srcset=\"https:\/\/historiadofutebol.com\/blog\/wp-content\/uploads\/2017\/08\/2010-ECO-2.jpg 1050w, https:\/\/historiadofutebol.com\/blog\/wp-content\/uploads\/2017\/08\/2010-ECO-2-300x173.jpg 300w, https:\/\/historiadofutebol.com\/blog\/wp-content\/uploads\/2017\/08\/2010-ECO-2-500x288.jpg 500w\" sizes=\"auto, (max-width: 1050px) 100vw, 1050px\" \/><\/figure><\/div>\n\n\n\n<div class=\"wp-block-image\"><figure class=\"aligncenter\"><img loading=\"lazy\" decoding=\"async\" width=\"856\" height=\"1484\" src=\"https:\/\/historiadofutebol.com\/blog\/wp-content\/uploads\/2017\/08\/EC-OITY-1960.jpg\" alt=\"\" class=\"wp-image-109543\" title=\"EC OITY - 1960\" srcset=\"https:\/\/historiadofutebol.com\/blog\/wp-content\/uploads\/2017\/08\/EC-OITY-1960.jpg 856w, https:\/\/historiadofutebol.com\/blog\/wp-content\/uploads\/2017\/08\/EC-OITY-1960-173x300.jpg 173w, https:\/\/historiadofutebol.com\/blog\/wp-content\/uploads\/2017\/08\/EC-OITY-1960-288x500.jpg 288w, https:\/\/historiadofutebol.com\/blog\/wp-content\/uploads\/2017\/08\/EC-OITY-1960-300x520.jpg 300w\" sizes=\"auto, (max-width: 856px) 100vw, 856px\" \/><\/figure><\/div>\n\n\n\n<p><em><strong>Colaborou: <\/strong>Fabiano Rosa Campos<\/em><\/p>\n\n\n\n<p><strong><em>FONTES:<\/em><\/strong><em> Google Maps\/2010 &#8211; C\u00e2mara Municipal do Rio de Janeiro &#8211; O Fluminense &#8211; Correio da Manh\u00e3 <\/em><\/p>\n","protected":false},"excerpt":{"rendered":"<p>O\u00a0Esporte Clube Oity foi uma agremia\u00e7\u00e3o da cidade do Rio de Janeiro (RJ). O \u2018Oityense Alviceleste\u2019 foi\u00a0Fundado na sexta-feira, do dia 14 de Outubro de 1938. A sua\u00a0Sede\u00a0e a\u00a0Pra\u00e7a de Esportes\u00a0ficavam localizados na\u00a0Avenida Santa Cruz n\u00ba 500 (atual n\u00ba 12.516), no Bairro de Senador Vasconcelos, na Zona Rural (atual Zona Oeste) do Rio. O espa\u00e7o\u00a0(campo [&hellip;]<\/p>\n","protected":false},"author":55,"featured_media":0,"comment_status":"open","ping_status":"closed","sticky":false,"template":"","format":"standard","meta":{"footnotes":""},"categories":[203,83,59,345,3,47,76],"tags":[],"class_list":["post-125193","post","type-post","status-publish","format-standard","hentry","category-sergio-mello","category-x9-curiosidades","category-escudos","category-fotos-historicas","category-historia-do-futebol","category-rio-de-janeiro","category-antigo-estado-do-rio"],"_links":{"self":[{"href":"https:\/\/historiadofutebol.com\/blog\/index.php?rest_route=\/wp\/v2\/posts\/125193","targetHints":{"allow":["GET"]}}],"collection":[{"href":"https:\/\/historiadofutebol.com\/blog\/index.php?rest_route=\/wp\/v2\/posts"}],"about":[{"href":"https:\/\/historiadofutebol.com\/blog\/index.php?rest_route=\/wp\/v2\/types\/post"}],"author":[{"embeddable":true,"href":"https:\/\/historiadofutebol.com\/blog\/index.php?rest_route=\/wp\/v2\/users\/55"}],"replies":[{"embeddable":true,"href":"https:\/\/historiadofutebol.com\/blog\/index.php?rest_route=%2Fwp%2Fv2%2Fcomments&post=125193"}],"version-history":[{"count":1,"href":"https:\/\/historiadofutebol.com\/blog\/index.php?rest_route=\/wp\/v2\/posts\/125193\/revisions"}],"predecessor-version":[{"id":125197,"href":"https:\/\/historiadofutebol.com\/blog\/index.php?rest_route=\/wp\/v2\/posts\/125193\/revisions\/125197"}],"wp:attachment":[{"href":"https:\/\/historiadofutebol.com\/blog\/index.php?rest_route=%2Fwp%2Fv2%2Fmedia&parent=125193"}],"wp:term":[{"taxonomy":"category","embeddable":true,"href":"https:\/\/historiadofutebol.com\/blog\/index.php?rest_route=%2Fwp%2Fv2%2Fcategories&post=125193"},{"taxonomy":"post_tag","embeddable":true,"href":"https:\/\/historiadofutebol.com\/blog\/index.php?rest_route=%2Fwp%2Fv2%2Ftags&post=125193"}],"curies":[{"name":"wp","href":"https:\/\/api.w.org\/{rel}","templated":true}]}}