{"id":124854,"date":"2022-02-19T00:50:55","date_gmt":"2022-02-19T03:50:55","guid":{"rendered":"https:\/\/historiadofutebol.com\/blog\/?p=124854"},"modified":"2024-06-05T18:18:25","modified_gmt":"2024-06-05T21:18:25","slug":"centenario-esporte-clube-parelhas-rn-tres-participacoes-da-2a-divisao-potiguar","status":"publish","type":"post","link":"https:\/\/historiadofutebol.com\/blog\/?p=124854","title":{"rendered":"Centen\u00e1rio Esporte Clube &#8211; Parelhas (RN): Tr\u00eas participa\u00e7\u00f5es na 2\u00aa Divis\u00e3o Potiguar"},"content":{"rendered":"<div class=\"wp-block-image\">\n<figure class=\"aligncenter size-large\"><img loading=\"lazy\" decoding=\"async\" width=\"464\" height=\"500\" src=\"https:\/\/historiadofutebol.com\/blog\/wp-content\/uploads\/2022\/02\/2121-1-464x500.jpg\" alt=\"\" class=\"wp-image-124855\" srcset=\"https:\/\/historiadofutebol.com\/blog\/wp-content\/uploads\/2022\/02\/2121-1-464x500.jpg 464w, https:\/\/historiadofutebol.com\/blog\/wp-content\/uploads\/2022\/02\/2121-1-278x300.jpg 278w, https:\/\/historiadofutebol.com\/blog\/wp-content\/uploads\/2022\/02\/2121-1.jpg 616w\" sizes=\"auto, (max-width: 464px) 100vw, 464px\" \/><\/figure><\/div>\n\n\n<p><mark style=\"background-color:rgba(0, 0, 0, 0);color:#000000\" class=\"has-inline-color\">O <\/mark><strong><em><mark style=\"background-color:rgba(0, 0, 0, 0);color:#2733b5\" class=\"has-inline-color\">Centen\u00e1rio Esporte Clube<\/mark><\/em><\/strong><mark style=\"background-color:rgba(0, 0, 0, 0);color:#000000\" class=\"has-inline-color\"> &#8220;<strong><em>Centen\u00e1rio de Parelhas<\/em><\/strong>&#8221; \u00e9 uma agremia\u00e7\u00e3o do munic\u00edpio de Parelhas (RN). A sua <strong><em>Sede<\/em><\/strong> est\u00e1 localizada na <strong><em>Rua Jos\u00e9 Roque, s\/n, no Centro, em Parelhas<\/em><\/strong>.<\/mark><\/p>\n\n\n\n<p><mark style=\"background-color:rgba(0, 0, 0, 0);color:#000000\" class=\"has-inline-color\">O clube manda os seus jogos no <strong><em>Est\u00e1dio Jos\u00e9 Nazareno do Nascimento<\/em><\/strong>, o &#8220;<strong><em>Nazaren\u00e3o<\/em><\/strong>&#8220;, com capacidade para 7 mil pessoas, localizado no munic\u00edpio de Goianinha. O &#8220;<strong><em>Azul\u00e3o do Serid\u00f3<\/em><\/strong>&#8221; foi <strong><em>Fundado na quinta-feira, do dia 19 de Janeiro de\u00a01956<\/em><\/strong>. Por\u00e9m, s\u00f3 deu in\u00edcio as atividades futebolistas oito anos depois da sua funda\u00e7\u00e3o, <em>na quarta-feira, do dia 04 de mar\u00e7o de 1964.<\/em><\/mark><\/p>\n\n\n\n<p><mark style=\"background-color:rgba(0, 0, 0, 0);color:#000000\" class=\"has-inline-color\">O clube surgiu no futebol amador e nele obteve destaque, na <em>regi\u00e3o serid\u00f3<\/em>, ganhando a alcunha de \u201c<strong><em>O Pap\u00e3o de t\u00edtulos do interior<\/em><\/strong>\u201d conquistando t\u00edtulos importantes como o <strong><em>tricampeonato interiorano<\/em><\/strong> de futebol em <strong><em>1988, 1989 e 1990<\/em><\/strong>, a maior competi\u00e7\u00e3o amadora do estado na \u00e9poca.<\/mark><\/p>\n\n\n\n<p><mark style=\"background-color:rgba(0, 0, 0, 0);color:#000000\" class=\"has-inline-color\">O<strong><em> time Seridoense <\/em><\/strong>teve quatro <strong><em>t\u00edtulos de campe\u00e3o (1968, 1988, 1989 e 1990) <\/em><\/strong>e <strong><em>dois vice-campeonatos (1985 e 1987) <\/em><\/strong>do <strong><em>Matut\u00e3o<\/em><\/strong>. A equipe comandada sempre pelo saudoso <em>H\u00e9lcio Jacar\u00e9<\/em>, comandou o futebol do interior na <em>d\u00e9cada de 80<\/em>.<\/mark><\/p>\n\n\n\n<figure class=\"wp-block-image size-large is-resized\"><img loading=\"lazy\" decoding=\"async\" width=\"500\" height=\"375\" src=\"https:\/\/historiadofutebol.com\/blog\/wp-content\/uploads\/2022\/02\/272747892_983480795929678_7808101695946988999_n-500x375.jpg\" alt=\"\" class=\"wp-image-124856\" style=\"width:626px;height:470px\" srcset=\"https:\/\/historiadofutebol.com\/blog\/wp-content\/uploads\/2022\/02\/272747892_983480795929678_7808101695946988999_n-500x375.jpg 500w, https:\/\/historiadofutebol.com\/blog\/wp-content\/uploads\/2022\/02\/272747892_983480795929678_7808101695946988999_n-300x225.jpg 300w, https:\/\/historiadofutebol.com\/blog\/wp-content\/uploads\/2022\/02\/272747892_983480795929678_7808101695946988999_n-768x576.jpg 768w, https:\/\/historiadofutebol.com\/blog\/wp-content\/uploads\/2022\/02\/272747892_983480795929678_7808101695946988999_n-624x468.jpg 624w, https:\/\/historiadofutebol.com\/blog\/wp-content\/uploads\/2022\/02\/272747892_983480795929678_7808101695946988999_n.jpg 960w\" sizes=\"auto, (max-width: 500px) 100vw, 500px\" \/><\/figure>\n\n\n\n<h2 class=\"wp-block-heading\"><strong><mark style=\"background-color:rgba(0, 0, 0, 0);color:#202bb2\" class=\"has-inline-color\">Man\u00e9 Garrincha jogou pelo Potiguar<\/mark><\/strong><\/h2>\n\n\n\n<p><mark style=\"background-color:rgba(0, 0, 0, 0);color:#000000\" class=\"has-inline-color\">Um dos maiores jogadores de todos os tempos do futebol brasileiro e mundial <em>Man\u00e9 Garrincha<\/em> vestiu a camisa do <strong><em>Potiguar<\/em><\/strong> nos anos 70, para disputar um amistoso contra o seu maior rival na \u00e9poca o tradicional <strong><em>Centen\u00e1rio de Parelhas<\/em><\/strong>.<\/mark><\/p>\n\n\n\n<h2 class=\"wp-block-heading\"><strong><mark style=\"background-color:rgba(0, 0, 0, 0);color:#1c18c4\" class=\"has-inline-color\">Celeiro de craques<\/mark><\/strong><\/h2>\n\n\n\n<p><mark style=\"background-color:rgba(0, 0, 0, 0);color:#000000\" class=\"has-inline-color\">\u200bO clube revelou grandes craques ao longo dos anos, muitos se tornaram profissionais e obtiveram sucesso em clubes da regi\u00e3o e outros, chegaram at\u00e9 ser <strong><em>campe\u00e3o Brasileiro<\/em><\/strong> por grandes clubes como <strong><em>Corinthians<\/em><\/strong> em 1998, como foi o caso do atacante <em>Didi<\/em>. Al\u00e9m dele, teve <em>Canteiro, Didi Potiguar, Elian, Evil\u00e1sio, Hermes, J\u00fanior Potiguar, Luiz Eduardo<\/em>, entre outros.\u00a0<\/mark><\/p>\n\n\n\n<h2 class=\"wp-block-heading\"><strong><mark style=\"background-color:rgba(0, 0, 0, 0);color:#1c269b\" class=\"has-inline-color\">Clube jogou a Segundona Potiguar<\/mark><\/strong><\/h2>\n\n\n\n<p><mark style=\"background-color:rgba(0, 0, 0, 0);color:#000000\" class=\"has-inline-color\">O <strong><em>Centen\u00e1rio de Parelhas<\/em><\/strong> foi filiado a <strong><em>FNF (Federa\u00e7\u00e3o norte-rio-grandense de Futebol)<\/em><\/strong> entre\u00a0 o 2010 e 2011. Ap\u00f3s comprar o CNPJ do <strong><em>V\u00eanus Esporte Clube<\/em><\/strong> se profissionalizou e disputou <strong><em>tr\u00eas<\/em><\/strong> <strong><em>Campeonatos\u00a0 da<\/em><\/strong> <strong><em>Segunda Divis\u00e3o estadual:<\/em><\/strong> <strong><em>2010<\/em><\/strong><em> (jogando como<strong> V\u00eanus Esporte Clube<\/strong>), <strong>2011<\/strong> e <strong>2019<\/strong><\/em>, contudo nunca chegou na elite. Sem apoio financeiro foi desfiliado da <strong><em>FNF<\/em><\/strong>.<\/mark><\/p>\n\n\n\n<p><mark style=\"background-color:rgba(0, 0, 0, 0);color:#000000\" class=\"has-inline-color\">\u200b<em>Em 03 de agosto de 2016<\/em>, o\u00a0 Presidente do clube da gest\u00e3o anterior, Sr. Francisco De Sales Valentim, iniciou tratativas para a cess\u00e3o permanente do clube aos interessados em realizarem a refilia\u00e7\u00e3o e conseq\u00fcentemente a retomada das atividades.<\/mark><\/p>\n\n\n\n<h2 class=\"wp-block-heading\"><strong><mark style=\"background-color:rgba(0, 0, 0, 0);color:#0f1e90\" class=\"has-inline-color\">Reestrutura\u00e7\u00e3o<\/mark><\/strong><\/h2>\n\n\n<div class=\"wp-block-image\">\n<figure class=\"aligncenter size-full is-resized\"><img loading=\"lazy\" decoding=\"async\" width=\"272\" height=\"185\" src=\"https:\/\/historiadofutebol.com\/blog\/wp-content\/uploads\/2022\/02\/download.jpg\" alt=\"\" class=\"wp-image-124857\" style=\"width:465px;height:316px\"\/><\/figure><\/div>\n\n\n<p><mark style=\"background-color:rgba(0, 0, 0, 0);color:#000000\" class=\"has-inline-color\">Fechada essas negocia\u00e7\u00f5es e, no primeiro semestre de 2019, os Srs<em>., Jean Lima Pinheiro e Alexandre de Souza<\/em>, realizaram a refilia\u00e7\u00e3o &#8211; com recursos pr\u00f3prios &#8211;\u00a0 junto\u00a0 a <strong><em>Federa\u00e7\u00e3o Norte-rio-grandense de Futebol<\/em><\/strong>, e anunciaram a sua volta\u00a0\u00a0a <strong><em>Segunda Divis\u00e3o\/Sub-19<\/em><\/strong>\u00a0 potiguar no 2\u00ba semestre de 2019.<\/mark><\/p>\n\n\n\n<p><mark style=\"background-color:rgba(0, 0, 0, 0);color:#000000\" class=\"has-inline-color\">\u200bPor\u00e9m no mesmo ano em quest\u00e3o, ocorreram algumas diverg\u00eancias no clube por parte de alguns diretores que criaram resist\u00eancia em seguir os modelos de gest\u00e3o \u00a0e moderniza\u00e7\u00e3o, implantadas pelo <em>presidente e gestor Jean Pinheiro<\/em>.<\/mark><\/p>\n\n\n\n<p><mark style=\"background-color:rgba(0, 0, 0, 0);color:#000000\" class=\"has-inline-color\">\u200bAp\u00f3s reuni\u00e3o realizado <em>em 10 de agosto de 2019<\/em>, a qual foi convocada para definir os destinos da ent\u00e3o comiss\u00e3o t\u00e9cnica, contratada aleatoriamente por\u00a0\u00a0membros dessa diretoria sem contar com a anu\u00eancia do Presidente do Clube.<\/mark><\/p>\n\n\n\n<p><mark style=\"background-color:rgba(0, 0, 0, 0);color:#000000\" class=\"has-inline-color\">Por este motivo o <em>Presidente (Jean Pinheiro)<\/em>, encaminhou atrav\u00e9s de e-mail junto \u00e0 <strong><em>Federa\u00e7\u00e3o de Futebol Norte Rio-grandense<\/em><\/strong>, o comunicado de seu afastamento da presid\u00eancia do clube, no \u00a0de <em>10 de agosto de 2019 \u00e0 31 de Janeiro de 2020<\/em>.<\/mark><\/p>\n\n\n\n<p><mark style=\"background-color:rgba(0, 0, 0, 0);color:#000000\" class=\"has-inline-color\">Sendo assim, passou todas as responsabilidades para quem conduziu esses trabalhos, uma vez que n\u00e3o assinou nenhum tipo de contrato elaborado nessa gest\u00e3o. Todas as responsabilidades (fiscais, tributarias e jur\u00eddicas)\u00a0\u00a0do clube nesse perdido ficaram a cargo dos diretores nomeados para tal, <em>Alexandre de Souza, Marcos Ant\u00f4nio do Nascimento e Francisco de Sales<\/em>.<\/mark><\/p>\n\n\n\n<p><mark style=\"background-color:rgba(0, 0, 0, 0);color:#000000\" class=\"has-inline-color\">\u200bEm 2020 com o retorno do presidente <em>Jean Pinheiro<\/em>, a suas atribui\u00e7\u00f5es, o clube iniciou\u00a0 uma reformula\u00e7\u00e3o estrutural e administrativa, com a\u00e7\u00f5es a serem realizadas tanto a dist\u00e2ncia como &#8220;no Local&#8221; com parcerias, alian\u00e7as e interc\u00e2mbios, dando oportunidades aos jovens a realizarem seu anseios no futebol ou em outros atividades.<\/mark><\/p>\n\n\n\n<p><mark style=\"background-color:rgba(0, 0, 0, 0);color:#000000\" class=\"has-inline-color\">Como \u00e9 o caso de estudarem em pa\u00edses como Estados Unidos e Canad\u00e1. Tem como principal objetivo a constru\u00e7\u00e3o de um modero centro de treinamento para que o time seja reconhecido como formador de jogadores.<\/mark><\/p>\n\n\n\n<p><mark style=\"background-color:rgba(0, 0, 0, 0);color:#000000\" class=\"has-inline-color\">Ou seja, formar atletas de alto n\u00edvel para o futebol Nacional e Internacional, com descobrimento\u00a0e\u00a0desenvolvimento do talento do atleta e tamb\u00e9m\u00a0\u00a0a sua forma\u00e7\u00e3o como cidad\u00e3o. As categorias de base do\u00a0<strong><em><strong><em><mark style=\"background-color:rgba(0, 0, 0, 0);color:#2733b5\" class=\"has-inline-color\">Centen\u00e1rio Esporte Clube<\/mark><\/em><\/strong><\/em><\/strong> s\u00e3o formadas por atletas entre\u00a0\u200b14 e 20 anos.<\/mark><\/p>\n\n\n\n<p><mark style=\"background-color:rgba(0, 0, 0, 0);color:#000000\" class=\"has-inline-color\">No mesmo ano, a atual diretoria, composta pelo <em>Presidente (Jean Pinheiro)<\/em>, <em>Vice-presidente (Alexandre Souza) e (CEO)\u00a0Diretor Executivo: Wallace Alc\u00e2ntara<\/em>, j\u00e1 realizou o desenvolvimento da nova website do clube, atrav\u00e9s de recursos pr\u00f3prios para reformula\u00e7\u00e3o da logo antiga e a constru\u00e7\u00e3o de uma nova logo como mascote. Tamb\u00e9m concretizou parcerias com clube na R\u00fassia, centro de treinamento na \u00c1frica e no Brasil com a Investimentos <em>Rio Soccer United<\/em>.<\/mark><\/p>\n\n\n\n<p><mark style=\"background-color:rgba(0, 0, 0, 0);color:#9e2525\" class=\"has-inline-color\">\u200b<strong><em><u>Colaborou<\/u>:<\/em><\/strong><em> Adeilton Alves<\/em><\/mark><\/p>\n\n\n\n<p><strong><mark style=\"background-color:rgba(0, 0, 0, 0);color:#291382\" class=\"has-inline-color\"><em><u>FONTES<\/u>:<\/em><\/mark><\/strong><em><mark style=\"background-color:rgba(0, 0, 0, 0);color:#291382\" class=\"has-inline-color\"> Terradaxelita com informa\u00e7\u00f5es do Di\u00e1rio de Natal &#8211; Marcos Trindade &#8211; Ja\u00edlson e atletas da \u00e9poca &#8211; Site do clube<\/mark><\/em><\/p>\n","protected":false},"excerpt":{"rendered":"<p>O Centen\u00e1rio Esporte Clube &#8220;Centen\u00e1rio de Parelhas&#8221; \u00e9 uma agremia\u00e7\u00e3o do munic\u00edpio de Parelhas (RN). A sua Sede est\u00e1 localizada na Rua Jos\u00e9 Roque, s\/n, no Centro, em Parelhas. O clube manda os seus jogos no Est\u00e1dio Jos\u00e9 Nazareno do Nascimento, o &#8220;Nazaren\u00e3o&#8220;, com capacidade para 7 mil pessoas, localizado no munic\u00edpio de Goianinha. O [&hellip;]<\/p>\n","protected":false},"author":55,"featured_media":0,"comment_status":"open","ping_status":"closed","sticky":false,"template":"","format":"standard","meta":{"footnotes":""},"categories":[203,531,83,59,345,45],"tags":[],"class_list":["post-124854","post","type-post","status-publish","format-standard","hentry","category-sergio-mello","category-carencias","category-x9-curiosidades","category-escudos","category-fotos-historicas","category-rg-do-norte"],"_links":{"self":[{"href":"https:\/\/historiadofutebol.com\/blog\/index.php?rest_route=\/wp\/v2\/posts\/124854","targetHints":{"allow":["GET"]}}],"collection":[{"href":"https:\/\/historiadofutebol.com\/blog\/index.php?rest_route=\/wp\/v2\/posts"}],"about":[{"href":"https:\/\/historiadofutebol.com\/blog\/index.php?rest_route=\/wp\/v2\/types\/post"}],"author":[{"embeddable":true,"href":"https:\/\/historiadofutebol.com\/blog\/index.php?rest_route=\/wp\/v2\/users\/55"}],"replies":[{"embeddable":true,"href":"https:\/\/historiadofutebol.com\/blog\/index.php?rest_route=%2Fwp%2Fv2%2Fcomments&post=124854"}],"version-history":[{"count":10,"href":"https:\/\/historiadofutebol.com\/blog\/index.php?rest_route=\/wp\/v2\/posts\/124854\/revisions"}],"predecessor-version":[{"id":132444,"href":"https:\/\/historiadofutebol.com\/blog\/index.php?rest_route=\/wp\/v2\/posts\/124854\/revisions\/132444"}],"wp:attachment":[{"href":"https:\/\/historiadofutebol.com\/blog\/index.php?rest_route=%2Fwp%2Fv2%2Fmedia&parent=124854"}],"wp:term":[{"taxonomy":"category","embeddable":true,"href":"https:\/\/historiadofutebol.com\/blog\/index.php?rest_route=%2Fwp%2Fv2%2Fcategories&post=124854"},{"taxonomy":"post_tag","embeddable":true,"href":"https:\/\/historiadofutebol.com\/blog\/index.php?rest_route=%2Fwp%2Fv2%2Ftags&post=124854"}],"curies":[{"name":"wp","href":"https:\/\/api.w.org\/{rel}","templated":true}]}}