{"id":124321,"date":"2021-10-24T19:48:34","date_gmt":"2021-10-24T22:48:34","guid":{"rendered":"https:\/\/historiadofutebol.com\/blog\/?p=124321"},"modified":"2021-10-24T19:48:36","modified_gmt":"2021-10-24T22:48:36","slug":"escudo-e-uniformes-de-1965-esporte-clube-xv-de-novembro-de-piracicaba-piracicaba-sp","status":"publish","type":"post","link":"https:\/\/historiadofutebol.com\/blog\/?p=124321","title":{"rendered":"Escudo e uniformes, de 1965: Esporte Clube XV de Novembro de Piracicaba &#8211; Piracicaba (SP)"},"content":{"rendered":"\n<div class=\"wp-block-image\"><figure class=\"aligncenter size-large\"><img loading=\"lazy\" decoding=\"async\" width=\"500\" height=\"225\" src=\"https:\/\/historiadofutebol.com\/blog\/wp-content\/uploads\/2021\/10\/21-2-500x225.jpg\" alt=\"\" class=\"wp-image-124322\" srcset=\"https:\/\/historiadofutebol.com\/blog\/wp-content\/uploads\/2021\/10\/21-2-500x225.jpg 500w, https:\/\/historiadofutebol.com\/blog\/wp-content\/uploads\/2021\/10\/21-2-300x135.jpg 300w, https:\/\/historiadofutebol.com\/blog\/wp-content\/uploads\/2021\/10\/21-2-624x280.jpg 624w, https:\/\/historiadofutebol.com\/blog\/wp-content\/uploads\/2021\/10\/21-2.jpg 752w\" sizes=\"auto, (max-width: 500px) 100vw, 500px\" \/><\/figure><\/div>\n\n\n\n<p>O <strong>Esporte Clube XV de Novembro de Piracicaba<\/strong> \u00e9 uma agremia\u00e7\u00e3o da cidade de Piracicaba, no Interior do estado de S\u00e3o Paulo. O &#8220;<strong><em>Nh\u00f4 Quim<\/em><\/strong>&#8221; foi <strong><em>Fundado no s\u00e1bado, do dia 15 de Novembro de 1913<\/em><\/strong>. A sua <strong><em>Sede<\/em><\/strong> est\u00e1 localizada na <strong><em>Rua Silva Jardim, n\u00ba 849, no Bairro Alto<\/em><\/strong><strong><em>, em Piracicaba (SP)<\/em><\/strong>. A equipe manda os seus jogos no <strong><em>Est\u00e1dio Bar\u00e3o da Serra Negra<\/em><\/strong>, com <strong><em>Capacidade para 18 mil pessoas<\/em><\/strong>.<\/p>\n\n\n\n<p><em>No s\u00e1bado, do dia 11 de Outubro de 1913<\/em>, a <strong><em>Gazeta<\/em><\/strong> e o <strong><em>Jornal de Piracicaba<\/em><\/strong> publicaram a nota: \u201c<em>Ser\u00e1 inaugurado hoje, nesta cidade, mais um clube de foot-ball, intitulado 15 de Novembro<\/em>\u201d.&nbsp;Nascia o time que viraria a paix\u00e3o dos piracicabanos e que viria a ter a maior torcida do interior do estado de S\u00e3o Paulo. A data oficial de <em>funda\u00e7\u00e3o \u00e9 15 de novembro de 1913<\/em>.<\/p>\n\n\n\n<p>A hist\u00f3ria do esporte em Piracicaba come\u00e7a em 1903, com a funda\u00e7\u00e3o do <strong><em>Club Sportivo Piracicaba<\/em><\/strong>, onde os associados realizavam corridas na antiga Raia do Salto e praticavam futebol com material vindo da Inglaterra.<\/p>\n\n\n\n<p>Alguns anos depois, na d\u00e9cada de 10, funcion\u00e1rios de uma marcenaria aproveitavam o hor\u00e1rio de almo\u00e7o para se divertirem, jogando futebol com uma bola feita de meia. Eles jogavam no quintal, no mesmo espa\u00e7o onde as mulheres costumam pendurar as roupas no varal.<\/p>\n\n\n\n<p>S\u00f3 que, muitas vezes, a bola batia no tecido e acabava sujando a roupa outra vez, causando um desconforto com as mulheres. Com isso, os empregados, que deram \u00e0 equipe o nome de 12 de Outubro, passaram a realizar as partidas na <em>Rua Regente Feij\u00f3<\/em>. O que antes era um pasto, eles transformaram em um campo, que se tornaria o primeiro do <strong><em>XV de Piracicaba<\/em><\/strong>.<\/p>\n\n\n\n<p>Nessa mesma \u00e9poca, havia outro grupo de apaixonados por futebol na cidade: o <strong><em>Esporte Clube Vergueirense<\/em><\/strong>, pertencente \u00e0 fam\u00edlia Pousa. Os dois times realizavam partidas entre si. Mas a amizade entre ambos e a paix\u00e3o pelo esporte falaram mais alto. Da uni\u00e3o entre <em>12 de Outubro<\/em>, <em>da fam\u00edlia Guerrini<\/em>, e <em>Vergueirense<\/em>, nascia o <strong><em>Esporte Clube XV de Novembro de Piracicaba<\/em><\/strong>.<\/p>\n\n\n\n<p>Representantes dos Guerrini e dos Pousa convidaram, ent\u00e3o, o capit\u00e3o Carlos Wingeter, cirurgi\u00e3o dentista, integrante da Guarda Nacional, para se tornar presidente do clube que acabara de surgir. Wingeter aceitou prontamente, impondo apenas uma condi\u00e7\u00e3o: o time deveria ser intitulado <strong><em>XV de Novembro<\/em><\/strong>, em homenagem \u00e0 data da <em>Proclama\u00e7\u00e3o da Rep\u00fablica do Brasil<\/em>.<\/p>\n\n\n\n<p>O capit\u00e3o era filho de <em>Jac\u00f3 Filipe Wingeter e Madalene Soares de Carvalho<\/em>. Ele foi casado com <em>Margarida Buller Wingeter Abrah\u00e3o<\/em> e morreu no dia 7 de Janeiro de 1931, aos 62 anos de idade.<\/p>\n\n\n\n<p>Na \u00e9poca, Piracicaba tinha cerca de 40 mil habitantes. A economia local baseava-se na agricultura canavieira para produ\u00e7\u00e3o de a\u00e7\u00facar e aguardente, e do caf\u00e9, o que lhe rendia o apelido de \u201c<strong><em>P\u00e9rola Paulista<\/em><\/strong>\u201d. O reconhecimento dos piracicabanos ao time de futebol aconteceu de imediato, at\u00e9 mesmo pelo envolvimento de fam\u00edlias tradicionais na agremia\u00e7\u00e3o, o que rendeu ao <strong><em>XV<\/em><\/strong> afinidade \u00edmpar pela identifica\u00e7\u00e3o que o munic\u00edpio tinha com seus integrantes. Mais de 100 anos se passaram e hoje os irm\u00e3os Pousa e Guerrini s\u00e3o respons\u00e1veis por existir uma torcida apaixonada pelo clube de sua cidade.<\/p>\n\n\n\n<p><strong>Primeiros passos:<\/strong><strong><\/strong><\/p>\n\n\n\n<p>No primeiro ano de vida, o <strong><em>Alvinegro<\/em><\/strong> sofreu duas derrotas. A primeira delas foi <em>em 16 de outubro de 1913<\/em>, no campo do <strong><em>Sport Recreio Normalista<\/em><\/strong>, situado na <em>ch\u00e1cara Diogo, no bairro dos Alem\u00e3es<\/em>, por <strong><em>2 a 0<\/em><\/strong>.<\/p>\n\n\n\n<p>A segunda aconteceu <em>em 23 de novembro<\/em>, uma semana ap\u00f3s o primeiro rev\u00e9s. O time enfrentou um&nbsp;<em>scratch<\/em>&nbsp;e perdeu novamente por <strong>2 a 0<\/strong>. O jogo foi realizado no campo da <em>Rua Piracicaba<\/em>.<\/p>\n\n\n\n<p><em>Em 18 de outubro de 1914<\/em>, o <strong><em>XV<\/em><\/strong> conquista sua primeira vit\u00f3ria, sobre a <strong><em>Associa\u00e7\u00e3o Piracicabana de Esportes Atl\u00e9ticos<\/em><\/strong>, por <strong><em>3 a 2<\/em><\/strong>, levando assim o t\u00edtulo de <strong><em>Campe\u00e3o da Cidade<\/em><\/strong>. Pereira foi quem fez os tr\u00eas gols da partida. A <strong><em>Associa\u00e7\u00e3o<\/em><\/strong> sempre vencia os advers\u00e1rios, ent\u00e3o os torcedores <em>quinzistas<\/em> festejaram muito a conquista.<\/p>\n\n\n\n<p><em>No dia 20 de mar\u00e7o de 1918<\/em>, o time se filiou \u00e0 <strong><em>APEA (Associa\u00e7\u00e3o Paulista de Esportes Atl\u00e9ticos)<\/em><\/strong>, passando a enfrentar equipes da capital e a tomar parte nos campeonatos do interior.<\/p>\n\n\n\n<p><strong>1\u00aa Diretoria do Esporte Clube de Novembro de Piracicaba<\/strong><\/p>\n\n\n\n<p>Em 4 de dezembro de 1913 foi publicada na imprensa piracicabana a seguinte <strong>rela\u00e7\u00e3o:<\/strong><\/p>\n\n\n\n<p><strong><em>Presidente \u2013<\/em><\/strong><em> Capit\u00e3o Carlos Wingeter;<\/em><\/p>\n\n\n\n<p><strong><em>Vice-presidente \u2013<\/em><\/strong><em> Tib\u00farcio de Oliveira;<\/em><\/p>\n\n\n\n<p><strong><em>1\u00ba Secret\u00e1rio \u2013<\/em><\/strong><em> Erothides de Campos;<\/em><\/p>\n\n\n\n<p><strong><em>2\u00ba Secret\u00e1rio \u2013<\/em><\/strong><em> Francisco Rigato;<\/em><\/p>\n\n\n\n<p><strong><em>1\u00ba Fiscal \u2013<\/em><\/strong><em> Jer\u00f4nimo Huffenbaecher;<\/em><\/p>\n\n\n\n<p><strong><em>2\u00ba Fiscal \u2013<\/em><\/strong><em> Luciano Servija;<\/em><\/p>\n\n\n\n<p><strong><em>Capit\u00e3o \u2013<\/em><\/strong><em> Francisco Pelegrino (Paco);<\/em><\/p>\n\n\n\n<p><strong><em>Vice-Capit\u00e3o \u2013<\/em><\/strong><em> Francisco Pousa;<\/em><\/p>\n\n\n\n<p><strong><em>Tesoureiro \u2013<\/em><\/strong><em> Am\u00e9rico Guerrini;<\/em><\/p>\n\n\n\n<p><strong><em>Procurador \u2013<\/em><\/strong><em> Alberto C\u00e9sar de Oliveira.<\/em><\/p>\n\n\n\n<figure class=\"wp-block-image size-large is-resized\"><img loading=\"lazy\" decoding=\"async\" src=\"https:\/\/historiadofutebol.com\/blog\/wp-content\/uploads\/2021\/10\/A-Gazeta-Esportiva-Ilustrada-SP-1965-1-350x500.jpg\" alt=\"\" class=\"wp-image-124323\" width=\"652\" height=\"931\" srcset=\"https:\/\/historiadofutebol.com\/blog\/wp-content\/uploads\/2021\/10\/A-Gazeta-Esportiva-Ilustrada-SP-1965-1-350x500.jpg 350w, https:\/\/historiadofutebol.com\/blog\/wp-content\/uploads\/2021\/10\/A-Gazeta-Esportiva-Ilustrada-SP-1965-1-210x300.jpg 210w, https:\/\/historiadofutebol.com\/blog\/wp-content\/uploads\/2021\/10\/A-Gazeta-Esportiva-Ilustrada-SP-1965-1-768x1097.jpg 768w, https:\/\/historiadofutebol.com\/blog\/wp-content\/uploads\/2021\/10\/A-Gazeta-Esportiva-Ilustrada-SP-1965-1-1075x1536.jpg 1075w, https:\/\/historiadofutebol.com\/blog\/wp-content\/uploads\/2021\/10\/A-Gazeta-Esportiva-Ilustrada-SP-1965-1-1434x2048.jpg 1434w, https:\/\/historiadofutebol.com\/blog\/wp-content\/uploads\/2021\/10\/A-Gazeta-Esportiva-Ilustrada-SP-1965-1-624x891.jpg 624w, https:\/\/historiadofutebol.com\/blog\/wp-content\/uploads\/2021\/10\/A-Gazeta-Esportiva-Ilustrada-SP-1965-1-scaled.jpg 1792w\" sizes=\"auto, (max-width: 652px) 100vw, 652px\" \/><\/figure>\n\n\n\n<figure class=\"wp-block-image size-large is-resized\"><img loading=\"lazy\" decoding=\"async\" src=\"https:\/\/historiadofutebol.com\/blog\/wp-content\/uploads\/2021\/10\/A-Gazeta-Esportiva-Ilustrada-SP-1965-2-351x500.jpg\" alt=\"\" class=\"wp-image-124324\" width=\"653\" height=\"930\" srcset=\"https:\/\/historiadofutebol.com\/blog\/wp-content\/uploads\/2021\/10\/A-Gazeta-Esportiva-Ilustrada-SP-1965-2-351x500.jpg 351w, https:\/\/historiadofutebol.com\/blog\/wp-content\/uploads\/2021\/10\/A-Gazeta-Esportiva-Ilustrada-SP-1965-2-211x300.jpg 211w, https:\/\/historiadofutebol.com\/blog\/wp-content\/uploads\/2021\/10\/A-Gazeta-Esportiva-Ilustrada-SP-1965-2-768x1094.jpg 768w, https:\/\/historiadofutebol.com\/blog\/wp-content\/uploads\/2021\/10\/A-Gazeta-Esportiva-Ilustrada-SP-1965-2-1078x1536.jpg 1078w, https:\/\/historiadofutebol.com\/blog\/wp-content\/uploads\/2021\/10\/A-Gazeta-Esportiva-Ilustrada-SP-1965-2-1437x2048.jpg 1437w, https:\/\/historiadofutebol.com\/blog\/wp-content\/uploads\/2021\/10\/A-Gazeta-Esportiva-Ilustrada-SP-1965-2-624x889.jpg 624w, https:\/\/historiadofutebol.com\/blog\/wp-content\/uploads\/2021\/10\/A-Gazeta-Esportiva-Ilustrada-SP-1965-2-scaled.jpg 1797w\" sizes=\"auto, (max-width: 653px) 100vw, 653px\" \/><\/figure>\n\n\n\n<figure class=\"wp-block-image size-large is-resized\"><img loading=\"lazy\" decoding=\"async\" src=\"https:\/\/historiadofutebol.com\/blog\/wp-content\/uploads\/2021\/10\/A-Gazeta-Esportiva-Ilustrada-SP-1965-3-351x500.jpg\" alt=\"\" class=\"wp-image-124326\" width=\"654\" height=\"932\" srcset=\"https:\/\/historiadofutebol.com\/blog\/wp-content\/uploads\/2021\/10\/A-Gazeta-Esportiva-Ilustrada-SP-1965-3-351x500.jpg 351w, https:\/\/historiadofutebol.com\/blog\/wp-content\/uploads\/2021\/10\/A-Gazeta-Esportiva-Ilustrada-SP-1965-3-211x300.jpg 211w, https:\/\/historiadofutebol.com\/blog\/wp-content\/uploads\/2021\/10\/A-Gazeta-Esportiva-Ilustrada-SP-1965-3-768x1094.jpg 768w, https:\/\/historiadofutebol.com\/blog\/wp-content\/uploads\/2021\/10\/A-Gazeta-Esportiva-Ilustrada-SP-1965-3-1078x1536.jpg 1078w, https:\/\/historiadofutebol.com\/blog\/wp-content\/uploads\/2021\/10\/A-Gazeta-Esportiva-Ilustrada-SP-1965-3-1437x2048.jpg 1437w, https:\/\/historiadofutebol.com\/blog\/wp-content\/uploads\/2021\/10\/A-Gazeta-Esportiva-Ilustrada-SP-1965-3-624x889.jpg 624w, https:\/\/historiadofutebol.com\/blog\/wp-content\/uploads\/2021\/10\/A-Gazeta-Esportiva-Ilustrada-SP-1965-3-scaled.jpg 1797w\" sizes=\"auto, (max-width: 654px) 100vw, 654px\" \/><\/figure>\n\n\n\n<figure class=\"wp-block-image size-large is-resized\"><img loading=\"lazy\" decoding=\"async\" src=\"https:\/\/historiadofutebol.com\/blog\/wp-content\/uploads\/2021\/10\/A-Gazeta-Esportiva-Ilustrada-SP-1965-4-356x500.jpg\" alt=\"\" class=\"wp-image-124327\" width=\"653\" height=\"917\" srcset=\"https:\/\/historiadofutebol.com\/blog\/wp-content\/uploads\/2021\/10\/A-Gazeta-Esportiva-Ilustrada-SP-1965-4-356x500.jpg 356w, https:\/\/historiadofutebol.com\/blog\/wp-content\/uploads\/2021\/10\/A-Gazeta-Esportiva-Ilustrada-SP-1965-4-214x300.jpg 214w, https:\/\/historiadofutebol.com\/blog\/wp-content\/uploads\/2021\/10\/A-Gazeta-Esportiva-Ilustrada-SP-1965-4-768x1078.jpg 768w, https:\/\/historiadofutebol.com\/blog\/wp-content\/uploads\/2021\/10\/A-Gazeta-Esportiva-Ilustrada-SP-1965-4-1094x1536.jpg 1094w, https:\/\/historiadofutebol.com\/blog\/wp-content\/uploads\/2021\/10\/A-Gazeta-Esportiva-Ilustrada-SP-1965-4-1459x2048.jpg 1459w, https:\/\/historiadofutebol.com\/blog\/wp-content\/uploads\/2021\/10\/A-Gazeta-Esportiva-Ilustrada-SP-1965-4-624x876.jpg 624w, https:\/\/historiadofutebol.com\/blog\/wp-content\/uploads\/2021\/10\/A-Gazeta-Esportiva-Ilustrada-SP-1965-4-scaled.jpg 1824w\" sizes=\"auto, (max-width: 653px) 100vw, 653px\" \/><\/figure>\n\n\n\n<p><strong><em><u>FONTES<\/u><\/em><\/strong><strong><em>:<\/em><\/strong><em> Site do clube &#8211; Livro oficial do XV de Piracicaba (100 anos \u2013 Destemido e Valente) e Centro Cultural Martha Watts &#8211; Mariana Neves &#8211; Rosemary Bars &#8211; A Gazeta Esportiva (Ilustrada)<\/em><em><\/em><\/p>\n","protected":false},"excerpt":{"rendered":"<p>O Esporte Clube XV de Novembro de Piracicaba \u00e9 uma agremia\u00e7\u00e3o da cidade de Piracicaba, no Interior do estado de S\u00e3o Paulo. O &#8220;Nh\u00f4 Quim&#8221; foi Fundado no s\u00e1bado, do dia 15 de Novembro de 1913. A sua Sede est\u00e1 localizada na Rua Silva Jardim, n\u00ba 849, no Bairro Alto, em Piracicaba (SP). A equipe [&hellip;]<\/p>\n","protected":false},"author":55,"featured_media":0,"comment_status":"open","ping_status":"closed","sticky":false,"template":"","format":"standard","meta":{"footnotes":""},"categories":[203,531,83,59,345,3,51],"tags":[],"class_list":["post-124321","post","type-post","status-publish","format-standard","hentry","category-sergio-mello","category-carencias","category-x9-curiosidades","category-escudos","category-fotos-historicas","category-historia-do-futebol","category-sao-paulo"],"_links":{"self":[{"href":"https:\/\/historiadofutebol.com\/blog\/index.php?rest_route=\/wp\/v2\/posts\/124321","targetHints":{"allow":["GET"]}}],"collection":[{"href":"https:\/\/historiadofutebol.com\/blog\/index.php?rest_route=\/wp\/v2\/posts"}],"about":[{"href":"https:\/\/historiadofutebol.com\/blog\/index.php?rest_route=\/wp\/v2\/types\/post"}],"author":[{"embeddable":true,"href":"https:\/\/historiadofutebol.com\/blog\/index.php?rest_route=\/wp\/v2\/users\/55"}],"replies":[{"embeddable":true,"href":"https:\/\/historiadofutebol.com\/blog\/index.php?rest_route=%2Fwp%2Fv2%2Fcomments&post=124321"}],"version-history":[{"count":1,"href":"https:\/\/historiadofutebol.com\/blog\/index.php?rest_route=\/wp\/v2\/posts\/124321\/revisions"}],"predecessor-version":[{"id":124328,"href":"https:\/\/historiadofutebol.com\/blog\/index.php?rest_route=\/wp\/v2\/posts\/124321\/revisions\/124328"}],"wp:attachment":[{"href":"https:\/\/historiadofutebol.com\/blog\/index.php?rest_route=%2Fwp%2Fv2%2Fmedia&parent=124321"}],"wp:term":[{"taxonomy":"category","embeddable":true,"href":"https:\/\/historiadofutebol.com\/blog\/index.php?rest_route=%2Fwp%2Fv2%2Fcategories&post=124321"},{"taxonomy":"post_tag","embeddable":true,"href":"https:\/\/historiadofutebol.com\/blog\/index.php?rest_route=%2Fwp%2Fv2%2Ftags&post=124321"}],"curies":[{"name":"wp","href":"https:\/\/api.w.org\/{rel}","templated":true}]}}