{"id":124307,"date":"2021-10-23T00:27:17","date_gmt":"2021-10-23T03:27:17","guid":{"rendered":"https:\/\/historiadofutebol.com\/blog\/?p=124307"},"modified":"2023-03-21T20:50:23","modified_gmt":"2023-03-21T23:50:23","slug":"voce-sabia-esporte-clube-ypiranga-salvador-ba-mudou-o-nome-e-as-cores-em-1962","status":"publish","type":"post","link":"https:\/\/historiadofutebol.com\/blog\/?p=124307","title":{"rendered":"Voc\u00ea Sabia? Esporte Clube Ypiranga &#8211; Salvador (BA), mudou o nome e as cores em 1962"},"content":{"rendered":"<div class=\"wp-block-image\">\n<figure class=\"aligncenter size-large\"><img loading=\"lazy\" decoding=\"async\" width=\"500\" height=\"321\" src=\"https:\/\/historiadofutebol.com\/blog\/wp-content\/uploads\/2021\/10\/CFY-022-500x321.jpg\" alt=\"\" class=\"wp-image-124308\" srcset=\"https:\/\/historiadofutebol.com\/blog\/wp-content\/uploads\/2021\/10\/CFY-022-500x321.jpg 500w, https:\/\/historiadofutebol.com\/blog\/wp-content\/uploads\/2021\/10\/CFY-022-300x193.jpg 300w, https:\/\/historiadofutebol.com\/blog\/wp-content\/uploads\/2021\/10\/CFY-022-624x401.jpg 624w, https:\/\/historiadofutebol.com\/blog\/wp-content\/uploads\/2021\/10\/CFY-022.jpg 682w\" sizes=\"auto, (max-width: 500px) 100vw, 500px\" \/><\/figure><\/div>\n\n\n<p>O&nbsp;<strong><em>Esporte Clube Ypiranga<\/em><\/strong>&nbsp;\u00e9 uma agremia\u00e7\u00e3o da Cidade de Salvador (BA). O&nbsp;<em><strong>Aurinegro<\/strong><\/em>, clube do cora\u00e7\u00e3o de&nbsp;<em>Jorge Amado<\/em>&nbsp;<em>(um dos maiores escritores do pa\u00eds)<\/em>, \u00e9 o&nbsp;<em><strong>3\u00ba clube<\/strong><\/em><strong><em>&nbsp;com mais t\u00edtulos baianos<\/em><\/strong>, depois do&nbsp;<em><strong>Bahia<\/strong><\/em>&nbsp;e do&nbsp;<em><strong>Vit\u00f3ria<\/strong><\/em>, com 10 conquistas.<\/p>\n\n\n\n<p>E tamb\u00e9m um dos mais tradicionais clubes baianos. No in\u00edcio do <em>s\u00e9culo XX<\/em>, jovens exclu\u00eddos da sociedade por v\u00e1rios motivos, principalmente por fatores \u00e9tnicos, sociais e econ\u00f4micos e por conta disso, impedidos de participaram de clubes de futebol no Brasil.<\/p>\n\n\n\n<p>Com isso, decidiram fundar um clube que unisse o povo pobre da cidade em detrimento dos privil\u00e9gios das elites, surgiu o&nbsp;<em><strong>Sport Club Sete de Setembro<\/strong><\/em>,&nbsp;<em><strong>em 17 de abril de 1904<\/strong><\/em>, mas que em<em>&nbsp;<strong>07 de Setembro de<\/strong><\/em><em><strong>&nbsp;<\/strong><\/em><strong><em>1906<\/em><\/strong>, surge uma nova equipe, agora chamada de&nbsp;<em><strong>Sport Club Ypiranga<\/strong><\/em>, nome escolhido de forma emblem\u00e1tica, fruto do momento conjuntural de constru\u00e7\u00e3o da identidade nacional.<\/p>\n\n\n<div class=\"wp-block-image\">\n<figure class=\"aligncenter size-large is-resized\"><img loading=\"lazy\" decoding=\"async\" src=\"https:\/\/historiadofutebol.com\/blog\/wp-content\/uploads\/2021\/10\/ypiranga-da-bahia-65-500x431.jpg\" alt=\"\" class=\"wp-image-124317\" width=\"658\" height=\"567\" srcset=\"https:\/\/historiadofutebol.com\/blog\/wp-content\/uploads\/2021\/10\/ypiranga-da-bahia-65-500x431.jpg 500w, https:\/\/historiadofutebol.com\/blog\/wp-content\/uploads\/2021\/10\/ypiranga-da-bahia-65-300x258.jpg 300w, https:\/\/historiadofutebol.com\/blog\/wp-content\/uploads\/2021\/10\/ypiranga-da-bahia-65-624x538.jpg 624w, https:\/\/historiadofutebol.com\/blog\/wp-content\/uploads\/2021\/10\/ypiranga-da-bahia-65.jpg 693w\" sizes=\"auto, (max-width: 658px) 100vw, 658px\" \/><\/figure><\/div>\n\n\n<p>O <strong><em>Esporte Clube Ypiranga<\/em><\/strong> \u00e9 a s\u00edntese da uni\u00e3o dos exclu\u00eddos da cidade, que querem se integrar construindo um tempo novo, rompendo com privil\u00e9gios das elites arraigadas pelo escravismo do antigo regime imperial.<\/p>\n\n\n<div class=\"wp-block-image\">\n<figure class=\"aligncenter size-large\"><img loading=\"lazy\" decoding=\"async\" width=\"500\" height=\"356\" src=\"https:\/\/historiadofutebol.com\/blog\/wp-content\/uploads\/2021\/10\/66779de9-4d01-443d-9901-d9c7f3a81257-500x356.jpg\" alt=\"\" class=\"wp-image-124316\" srcset=\"https:\/\/historiadofutebol.com\/blog\/wp-content\/uploads\/2021\/10\/66779de9-4d01-443d-9901-d9c7f3a81257-500x356.jpg 500w, https:\/\/historiadofutebol.com\/blog\/wp-content\/uploads\/2021\/10\/66779de9-4d01-443d-9901-d9c7f3a81257-300x214.jpg 300w, https:\/\/historiadofutebol.com\/blog\/wp-content\/uploads\/2021\/10\/66779de9-4d01-443d-9901-d9c7f3a81257.jpg 616w\" sizes=\"auto, (max-width: 500px) 100vw, 500px\" \/><\/figure><\/div>\n\n\n<p>A partir da\u00ed ent\u00e3o o&nbsp;<strong><em>Esporte Clube Ypiranga<\/em><\/strong>&nbsp;figurou como destaque no cen\u00e1rio baiano, <strong><em>ganhando<\/em>&nbsp;<em>10 t\u00edtulos estaduais<\/em><\/strong>&nbsp;<em><strong>(sete de forma invicta)<\/strong><\/em>, nos anos de <strong><em>1917, 1918, 1920, 1921, 1925, 1928,1929, 1932, 1939 e 1951<\/em><\/strong>.<\/p>\n\n\n\n<p>Assim como tamb\u00e9m <strong><em>10 vezes<\/em><\/strong> ficou com o <strong><em>vice-campeonato<\/em><\/strong>. O time tamb\u00e9m conquistou o <strong><em>Campeonato do Norte-Nordeste<\/em><\/strong> em <strong><em>1951<\/em><\/strong>, e, o <strong><em>Torneio In\u00edcio<\/em><\/strong> em oito oportunidades: <strong><em>1919, 1922, 1929, 1933, 1947, 1956, 1959 e 1963<\/em><\/strong>.<\/p>\n\n\n<div class=\"wp-block-image\">\n<figure class=\"aligncenter size-large\"><img loading=\"lazy\" decoding=\"async\" width=\"500\" height=\"319\" src=\"https:\/\/historiadofutebol.com\/blog\/wp-content\/uploads\/2021\/10\/CFY-02-500x319.jpg\" alt=\"\" class=\"wp-image-124309\" srcset=\"https:\/\/historiadofutebol.com\/blog\/wp-content\/uploads\/2021\/10\/CFY-02-500x319.jpg 500w, https:\/\/historiadofutebol.com\/blog\/wp-content\/uploads\/2021\/10\/CFY-02-300x192.jpg 300w, https:\/\/historiadofutebol.com\/blog\/wp-content\/uploads\/2021\/10\/CFY-02-624x398.jpg 624w, https:\/\/historiadofutebol.com\/blog\/wp-content\/uploads\/2021\/10\/CFY-02.jpg 689w\" sizes=\"auto, (max-width: 500px) 100vw, 500px\" \/><\/figure><\/div>\n\n\n<p><strong>Em 1962, o clube muda o nome e as cores<\/strong><\/p>\n\n\n\n<p>Poucas pessoas sabem, mas&nbsp; o <strong><em>Esporte Clube Ypiranga<\/em><\/strong>, de Salvador (BA), alterou o seu tome e tamb\u00e9m as cores. Em <strong><em>1962<\/em><\/strong>, a diretoria mudou para &#8220;<strong><em>Clube de Futebol Ypiranga<\/em><\/strong>&#8221; e trocou o <strong><em>amarelo<\/em> <\/strong>e <em><strong>preto<\/strong><\/em> para o <strong><em>verde<\/em> <\/strong>e <em><strong>branco<\/strong><\/em>.<\/p>\n\n\n\n<p>No in\u00edcio do<em><strong> m\u00eas de setembro de 1963<\/strong><\/em>, o <strong><em>CND (Conselho Nacional de Desportos)<\/em><\/strong>, que na \u00e9poca era a \u00faltima inst\u00e2ncia no esporte brasileiro, autorizou a mudan\u00e7a do nome e das cores. Vale lembrar que as federa\u00e7\u00f5es n\u00e3o tinham autonomia para dar a \u00faltima palavra em quest\u00f5es jur\u00eddicas sem o aval do <strong><em>CND<\/em><\/strong>.<\/p>\n\n\n<div class=\"wp-block-image\">\n<figure class=\"aligncenter size-large is-resized\"><img loading=\"lazy\" decoding=\"async\" src=\"https:\/\/historiadofutebol.com\/blog\/wp-content\/uploads\/2021\/10\/c6c0da6f-38f5-4f06-9738-afe49cd1f6b3-500x392.jpg\" alt=\"\" class=\"wp-image-124315\" width=\"591\" height=\"463\" srcset=\"https:\/\/historiadofutebol.com\/blog\/wp-content\/uploads\/2021\/10\/c6c0da6f-38f5-4f06-9738-afe49cd1f6b3-500x392.jpg 500w, https:\/\/historiadofutebol.com\/blog\/wp-content\/uploads\/2021\/10\/c6c0da6f-38f5-4f06-9738-afe49cd1f6b3-300x235.jpg 300w, https:\/\/historiadofutebol.com\/blog\/wp-content\/uploads\/2021\/10\/c6c0da6f-38f5-4f06-9738-afe49cd1f6b3-768x601.jpg 768w, https:\/\/historiadofutebol.com\/blog\/wp-content\/uploads\/2021\/10\/c6c0da6f-38f5-4f06-9738-afe49cd1f6b3-624x489.jpg 624w, https:\/\/historiadofutebol.com\/blog\/wp-content\/uploads\/2021\/10\/c6c0da6f-38f5-4f06-9738-afe49cd1f6b3.jpg 1369w\" sizes=\"auto, (max-width: 591px) 100vw, 591px\" \/><\/figure><\/div>\n\n\n<p>O \u00f3rg\u00e3o foi respons\u00e1vel pela regula\u00e7\u00e3o e regulamenta\u00e7\u00e3o de todos os esportes e suas respectivas federa\u00e7\u00f5es e confedera\u00e7\u00f5es no Brasil. Ap\u00f3s sua extin\u00e7\u00e3o, em 1993, nenhum \u00f3rg\u00e3o assumiu suas fun\u00e7\u00f5es.<\/p>\n\n\n\n<figure class=\"wp-block-image size-large is-resized\"><img loading=\"lazy\" decoding=\"async\" src=\"https:\/\/historiadofutebol.com\/blog\/wp-content\/uploads\/2021\/10\/d27ebde5-7793-408d-b05e-935691162502-500x254.jpg\" alt=\"\" class=\"wp-image-124314\" width=\"646\" height=\"328\" srcset=\"https:\/\/historiadofutebol.com\/blog\/wp-content\/uploads\/2021\/10\/d27ebde5-7793-408d-b05e-935691162502-500x254.jpg 500w, https:\/\/historiadofutebol.com\/blog\/wp-content\/uploads\/2021\/10\/d27ebde5-7793-408d-b05e-935691162502-300x153.jpg 300w, https:\/\/historiadofutebol.com\/blog\/wp-content\/uploads\/2021\/10\/d27ebde5-7793-408d-b05e-935691162502-768x391.jpg 768w, https:\/\/historiadofutebol.com\/blog\/wp-content\/uploads\/2021\/10\/d27ebde5-7793-408d-b05e-935691162502-624x317.jpg 624w, https:\/\/historiadofutebol.com\/blog\/wp-content\/uploads\/2021\/10\/d27ebde5-7793-408d-b05e-935691162502.jpg 1536w\" sizes=\"auto, (max-width: 646px) 100vw, 646px\" \/><\/figure>\n\n\n\n<p>A estreia aconteceu na tarde de <strong><em>domingo, do dia 30 de Setembro de 1962<\/em><\/strong>, no cl\u00e1ssico baiano, diante do rival <strong><em>Vit\u00f3ria<\/em><\/strong>, no est\u00e1dio da Fonte Nova. O descontentamento, em rela\u00e7\u00e3o \u00e0s cores, pode ser visto at\u00e9 na imprensa local, como foi o caso do <strong><em>Jornal A Tarde<\/em><\/strong>, que destacou na sua manchete: &#8220;<em>Can\u00e1rios camuflados de periquitos pegaram os le\u00f5es pelo p\u00e9, na Fonte Nova<\/em>&#8220;.<\/p>\n\n\n<div class=\"wp-block-image\">\n<figure class=\"aligncenter size-large\"><img loading=\"lazy\" decoding=\"async\" width=\"500\" height=\"487\" src=\"https:\/\/historiadofutebol.com\/blog\/wp-content\/uploads\/2021\/10\/21-500x487.jpg\" alt=\"\" class=\"wp-image-124311\" srcset=\"https:\/\/historiadofutebol.com\/blog\/wp-content\/uploads\/2021\/10\/21-500x487.jpg 500w, https:\/\/historiadofutebol.com\/blog\/wp-content\/uploads\/2021\/10\/21-300x292.jpg 300w, https:\/\/historiadofutebol.com\/blog\/wp-content\/uploads\/2021\/10\/21-768x748.jpg 768w, https:\/\/historiadofutebol.com\/blog\/wp-content\/uploads\/2021\/10\/21-624x607.jpg 624w, https:\/\/historiadofutebol.com\/blog\/wp-content\/uploads\/2021\/10\/21.jpg 900w\" sizes=\"auto, (max-width: 500px) 100vw, 500px\" \/><\/figure><\/div>\n\n\n<p>A torcida tamb\u00e9m n\u00e3o aceitou a mudan\u00e7a das cores, tempos depois o <em><strong>clube <\/strong><\/em>voltou atr\u00e1s, retornando ao <em><strong>aurinegro<\/strong><\/em>. O que n\u00e3o se sabe \u00e9 o tempo que durou o <strong><em>alviverde<\/em><\/strong>. J\u00e1 o nome durou cerca de uma d\u00e9cada, quando a diretoria voltou ao nome anterior: <strong><em>Esporte Clube Ypiranga<\/em><\/strong>.<\/p>\n\n\n<div class=\"wp-block-image\">\n<figure class=\"aligncenter size-large\"><img loading=\"lazy\" decoding=\"async\" width=\"500\" height=\"318\" src=\"https:\/\/historiadofutebol.com\/blog\/wp-content\/uploads\/2021\/10\/CFY-011-500x318.jpg\" alt=\"\" class=\"wp-image-124312\" srcset=\"https:\/\/historiadofutebol.com\/blog\/wp-content\/uploads\/2021\/10\/CFY-011-500x318.jpg 500w, https:\/\/historiadofutebol.com\/blog\/wp-content\/uploads\/2021\/10\/CFY-011-300x191.jpg 300w, https:\/\/historiadofutebol.com\/blog\/wp-content\/uploads\/2021\/10\/CFY-011-624x397.jpg 624w, https:\/\/historiadofutebol.com\/blog\/wp-content\/uploads\/2021\/10\/CFY-011.jpg 692w\" sizes=\"auto, (max-width: 500px) 100vw, 500px\" \/><\/figure><\/div>\n\n\n<p><strong>Grave crise financeira gerou o decl\u00ednio<\/strong><\/p>\n\n\n\n<p>Nos anos que se seguiram o <strong><em>Ypiranga<\/em><\/strong> enfrentou forte crise financeira, estrutural e administrativa e deixou de figurar entre os clubes vencedores do futebol baiano e nordestino.<\/p>\n\n\n\n<p>Por\u00e9m, \u00e9 ineg\u00e1vel nos dias de hoje o reconhecimento da tradi\u00e7\u00e3o que o clube preserva entre os amantes do futebol. Por todos esses motivos, profissionais competentes, vision\u00e1rios, amantes do futebol e da hist\u00f3ria desse centen\u00e1rio e glorioso clube, que faz parte da cultura, da sociedade e do esporte baiano, v\u00eam tomando a frente da administra\u00e7\u00e3o do clube, a fim de torn\u00e1-lo grande novamente.<\/p>\n\n\n\n<p>J\u00e1 no&nbsp;<em><strong>Campeonato Baiano da 2\u00aa Divis\u00e3o<\/strong><\/em>, o clube det\u00e9m <strong><em>2 t\u00edtulos<\/em><\/strong>, um conquistado em <strong><em>1983<\/em><\/strong> e outro em <strong><em>1990<\/em><\/strong> (<em>de forma invicta<\/em>). A categoria Juvenil do&nbsp;<strong><em>Ypiranga<\/em><\/strong>&nbsp;tamb\u00e9m conquistou diversos t\u00edtulos ao longo dos anos.<\/p>\n\n\n<div class=\"wp-block-image\">\n<figure class=\"aligncenter size-large\"><img loading=\"lazy\" decoding=\"async\" width=\"500\" height=\"321\" src=\"https:\/\/historiadofutebol.com\/blog\/wp-content\/uploads\/2021\/10\/CFY-01-500x321.jpg\" alt=\"\" class=\"wp-image-124313\" srcset=\"https:\/\/historiadofutebol.com\/blog\/wp-content\/uploads\/2021\/10\/CFY-01-500x321.jpg 500w, https:\/\/historiadofutebol.com\/blog\/wp-content\/uploads\/2021\/10\/CFY-01-300x193.jpg 300w, https:\/\/historiadofutebol.com\/blog\/wp-content\/uploads\/2021\/10\/CFY-01-624x401.jpg 624w, https:\/\/historiadofutebol.com\/blog\/wp-content\/uploads\/2021\/10\/CFY-01.jpg 683w\" sizes=\"auto, (max-width: 500px) 100vw, 500px\" \/><\/figure><\/div>\n\n\n<figure class=\"wp-block-image size-large is-resized\"><img loading=\"lazy\" decoding=\"async\" src=\"https:\/\/historiadofutebol.com\/blog\/wp-content\/uploads\/2021\/10\/21-1-415x500.jpg\" alt=\"\" class=\"wp-image-124318\" width=\"631\" height=\"760\" srcset=\"https:\/\/historiadofutebol.com\/blog\/wp-content\/uploads\/2021\/10\/21-1-415x500.jpg 415w, https:\/\/historiadofutebol.com\/blog\/wp-content\/uploads\/2021\/10\/21-1-249x300.jpg 249w, https:\/\/historiadofutebol.com\/blog\/wp-content\/uploads\/2021\/10\/21-1.jpg 498w\" sizes=\"auto, (max-width: 631px) 100vw, 631px\" \/><figcaption class=\"wp-element-caption\"><strong><em>HINO DO CLUBE<\/em><\/strong><\/figcaption><\/figure>\n\n\n\n<p><strong><em>ATUALIDADE<\/em><\/strong><\/p>\n\n\n\n<p>A administra\u00e7\u00e3o de <em>Emerson Ferretti (ex-jogador) <\/em>e <em>Valdemar Filho<\/em> tem trabalhado para recuperar os tempos de gl\u00f3rias e vitorias, o time profissional disputou o&nbsp;<em><strong>Campeonato da Segunda Divis\u00e3o de 2010<\/strong><\/em>&nbsp;depois de 3 anos ausente, em <strong><em>2011<\/em><\/strong> quase subiu para a primeira ficando em terceiro. Na&nbsp;<em><strong>Segunda Divis\u00e3o de 2012<\/strong><\/em>, o&nbsp;<strong><em>Ypiranga<\/em><\/strong>&nbsp;conseguiu chegar \u00e0s&nbsp;<em>semifinais<\/em>.<\/p>\n\n\n\n<p>Contudo, foi eliminado pela&nbsp;<em><strong>Jacuipense<\/strong><\/em>, que mais tarde seria derrotada na final pelo&nbsp;<em><strong>Botafogo<\/strong><\/em>. O time juvenil j\u00e1 disputou a <strong><em>Copa 2 de Julho<\/em><\/strong> duas vezes, competi\u00e7\u00e3o internacional realizada na Bahia, e tamb\u00e9m disputou, junto com o time infantil, o&nbsp;<em><strong>Campeonato Baiano<\/strong><\/em><em> da categoria<\/em>.<\/p>\n\n\n\n<p>Em mar\u00e7o de <em>2012<\/em>, assinou contrato com a fornecedora de material esportivo <em>italiana Lotto<\/em>. Por\u00e9m, em fevereiro de <em>2013<\/em>, o clube fechou um novo contrato com a <em>brasileira Super Bolla<\/em>.<\/p>\n\n\n\n<p>No fim de 2013, focando na competi\u00e7\u00e3o de 2014, o clube se reformulou administrativamente contratando novos diretores para as \u00e1reas jur\u00eddica, de futebol e de marketing. No jur\u00eddico assumiu como diretor o <em>advogado Ricardo Maracaj\u00e1<\/em>, especialista em direito tribut\u00e1rio e administrativo, com ele veio o novo gerente <em>jur\u00eddico Fernando Santos<\/em>, advogado especialista em direito civil.<\/p>\n\n\n\n<p>Com o lan\u00e7amento do plano de s\u00f3cio-contribuinte, ser\u00e1 iniciada a reestrutura\u00e7\u00e3o do <strong><em>CT da Vila Can\u00e1ria<\/em><\/strong> e, assim, poder disponibilizar seu parque aqu\u00e1tico aos seus associados e tamb\u00e9m modernizar a estrutura do futebol.<\/p>\n\n\n\n<p><strong><em><u>FONTES<\/u><\/em><\/strong><strong><em>:<\/em><\/strong><em> Jornal da Tarde (BA) &#8211; Jornal dos Sports &#8211; Site do clube &#8211; pesquisador Ubiratan Brito<\/em><em><\/em><\/p>\n","protected":false},"excerpt":{"rendered":"<p>O&nbsp;Esporte Clube Ypiranga&nbsp;\u00e9 uma agremia\u00e7\u00e3o da Cidade de Salvador (BA). O&nbsp;Aurinegro, clube do cora\u00e7\u00e3o de&nbsp;Jorge Amado&nbsp;(um dos maiores escritores do pa\u00eds), \u00e9 o&nbsp;3\u00ba clube&nbsp;com mais t\u00edtulos baianos, depois do&nbsp;Bahia&nbsp;e do&nbsp;Vit\u00f3ria, com 10 conquistas. E tamb\u00e9m um dos mais tradicionais clubes baianos. No in\u00edcio do s\u00e9culo XX, jovens exclu\u00eddos da sociedade por v\u00e1rios motivos, principalmente por [&hellip;]<\/p>\n","protected":false},"author":55,"featured_media":0,"comment_status":"open","ping_status":"closed","sticky":false,"template":"","format":"standard","meta":{"footnotes":""},"categories":[203,30,531,83,59,345,3],"tags":[],"class_list":["post-124307","post","type-post","status-publish","format-standard","hentry","category-sergio-mello","category-bahia","category-carencias","category-x9-curiosidades","category-escudos","category-fotos-historicas","category-historia-do-futebol"],"_links":{"self":[{"href":"https:\/\/historiadofutebol.com\/blog\/index.php?rest_route=\/wp\/v2\/posts\/124307","targetHints":{"allow":["GET"]}}],"collection":[{"href":"https:\/\/historiadofutebol.com\/blog\/index.php?rest_route=\/wp\/v2\/posts"}],"about":[{"href":"https:\/\/historiadofutebol.com\/blog\/index.php?rest_route=\/wp\/v2\/types\/post"}],"author":[{"embeddable":true,"href":"https:\/\/historiadofutebol.com\/blog\/index.php?rest_route=\/wp\/v2\/users\/55"}],"replies":[{"embeddable":true,"href":"https:\/\/historiadofutebol.com\/blog\/index.php?rest_route=%2Fwp%2Fv2%2Fcomments&post=124307"}],"version-history":[{"count":5,"href":"https:\/\/historiadofutebol.com\/blog\/index.php?rest_route=\/wp\/v2\/posts\/124307\/revisions"}],"predecessor-version":[{"id":129384,"href":"https:\/\/historiadofutebol.com\/blog\/index.php?rest_route=\/wp\/v2\/posts\/124307\/revisions\/129384"}],"wp:attachment":[{"href":"https:\/\/historiadofutebol.com\/blog\/index.php?rest_route=%2Fwp%2Fv2%2Fmedia&parent=124307"}],"wp:term":[{"taxonomy":"category","embeddable":true,"href":"https:\/\/historiadofutebol.com\/blog\/index.php?rest_route=%2Fwp%2Fv2%2Fcategories&post=124307"},{"taxonomy":"post_tag","embeddable":true,"href":"https:\/\/historiadofutebol.com\/blog\/index.php?rest_route=%2Fwp%2Fv2%2Ftags&post=124307"}],"curies":[{"name":"wp","href":"https:\/\/api.w.org\/{rel}","templated":true}]}}