{"id":123622,"date":"2021-03-19T00:00:51","date_gmt":"2021-03-19T03:00:51","guid":{"rendered":"https:\/\/historiadofutebol.com\/blog\/?p=123622"},"modified":"2021-03-20T00:27:44","modified_gmt":"2021-03-20T03:27:44","slug":"inedito-sportivo-santa-cruz-rio-de-janeiro-rj-campeao-da-liga-metropolitana-de-desportos-terrestres-de-1930","status":"publish","type":"post","link":"https:\/\/historiadofutebol.com\/blog\/?p=123622","title":{"rendered":"In\u00e9dito!!! Sportivo Santa Cruz &#8211; Rio de Janeiro (RJ): Campe\u00e3o da Liga Metropolitana de Desportos terrestres de 1930!"},"content":{"rendered":"\n<div class=\"wp-block-image\"><figure class=\"aligncenter size-large\"><img loading=\"lazy\" decoding=\"async\" width=\"500\" height=\"336\" src=\"https:\/\/historiadofutebol.com\/blog\/wp-content\/uploads\/2021\/03\/Sportivo-Santa-Cruz-500x336.jpg\" alt=\"\" class=\"wp-image-123624\" srcset=\"https:\/\/historiadofutebol.com\/blog\/wp-content\/uploads\/2021\/03\/Sportivo-Santa-Cruz-500x336.jpg 500w, https:\/\/historiadofutebol.com\/blog\/wp-content\/uploads\/2021\/03\/Sportivo-Santa-Cruz-300x201.jpg 300w, https:\/\/historiadofutebol.com\/blog\/wp-content\/uploads\/2021\/03\/Sportivo-Santa-Cruz-624x419.jpg 624w, https:\/\/historiadofutebol.com\/blog\/wp-content\/uploads\/2021\/03\/Sportivo-Santa-Cruz.jpg 682w\" sizes=\"auto, (max-width: 500px) 100vw, 500px\" \/><\/figure><\/div>\n\n\n\n<p><em><strong>IMPORTANTE! <\/strong>Caso compartilhe d\u00ea os devidos cr\u00e9ditos ao autor (S\u00e9rgio Mello) e ao blog (Hist\u00f3ria do Futebol). Vamos valorizar quem pesquisa, quem redesenha e quem busca apresentar raridades aos aficionados pela hist\u00f3ria, pelos escudos, pelo futebol em si! Obrigado!   <\/em><\/p>\n\n\n\n<p>O <strong>Sportivo Santa Cruz<\/strong> foi uma agremia\u00e7\u00e3o da cidade do Rio de Janeiro (RJ). O &#8220;<strong><em>Alvinegro Santacruzense<\/em><\/strong>&#8221; foi <strong>Fundado no s\u00e1bado, do dia 27 de Mar\u00e7o de 1926, <\/strong>por um grupo de militares <em>do 2\u00ba Regimento de Artilharia Montada<\/em>. A sua <strong><em>Sede<\/em><\/strong> ficava na <strong><em>Rua Senador C\u00e2mara, n\u00ba 41\/ sobrado depois 71-A, no bairro de Santa Cruz (esta\u00e7\u00e3o de Santa Cruz), na Zona Oeste do Rio (RJ)<\/em><\/strong>.<\/p>\n\n\n\n<p>O seu <strong><em>Estadium do 2\u00ba Regimento de Artilharia Montada<\/em><\/strong>, ficava localizado na <strong><em>Rua do Prado, n\u00ba 35, no bairro de Santa Cruz (esta\u00e7\u00e3o de Santa Cruz), na Zona Oeste do Rio (RJ)<\/em><\/strong>. O <strong><em>1\u00ba Presidente<\/em><\/strong> foi o <em>Sr. Ernesto Huergo<\/em>. O seu grande rival, indiscutivelmente foi o <strong><em>Oriente Athletico Club<\/em><\/strong>. Os jogos entre essas duas equipes era chamado de o &#8220;<strong><em>Fla-Flu Santacruzense<\/em><\/strong>&#8220;. &nbsp;<\/p>\n\n\n\n<p><strong>Hist\u00f3ria do escudo e uniforme<\/strong><\/p>\n\n\n\n<p>A descoberta do escudo, que parecia que jamais seria encontrado, foi casual. O amigo, pesquisador e historiador, <em><strong>Auriel de Almeida<\/strong><\/em> fazendo suas pesquisas, se deparou no site do <strong><em>Esporte Clube Guanabara <\/em><\/strong>a explica\u00e7\u00e3o do distintivo, que somado ao estatuto encontrado pelo pr\u00f3prio, equacionou e assim foi poss\u00edvel redesenhar de forma fidedigna.<\/p>\n\n\n\n<p>No site faz o seguinte esclarecimento: &#8220;<em>O <strong>Esporte Clube Guanabara<\/strong> foi fundado oficialmente no dia 7 de setembro de 1941, mas o time j\u00e1 existia desde 1940 como <strong>Guanabara Futebol Clube<\/strong>, criado&nbsp;por iniciativa do Dr. C\u00e9sar Augusto Marta, apaixonado pelo futebol da localidade de Santa Cruz e fan\u00e1tico torcedor do<strong> Sportivo<\/strong>, clube que havia fechado as portas em 1937.<\/em><\/p>\n\n\n\n<p><em>O escudo e o uniforme da equipe, ali\u00e1s, eram id\u00eanticos aos do <strong>Sportivo<\/strong>, mudando apenas as cores: ao inv\u00e9s de preto e branco, vermelho e branco, cores do <strong>Oriente<\/strong>, maior rival do <strong>Sportivo<\/strong>.<\/em><\/p>\n\n\n\n<p><em>Explica-se: por um longo tempo <strong>Oriente<\/strong> e <strong>Sportivo<\/strong> fizeram o &#8220;derby de Santa Cruz&#8221;, sendo o <strong>Oriente<\/strong> o clube do frigor\u00edfico, com camisas vermelhas da cor do sangue, e o <strong>Sportivo<\/strong> o clube dos militares, com s\u00f3brias camisas listradas pretas e brancas. O cl\u00e1ssico entre os times dividia o bairro entre os campos da Rua Nestor e da Rua do Prado.<\/em><\/p>\n\n\n\n<p><em>Quando o <strong>Sportivo<\/strong> entrou em crise, o <strong>Oriente<\/strong> se ofereceu para ajudar, mas o orgulho fez o <strong>Alvinegro<\/strong> preferir a extin\u00e7\u00e3o \u00e0 ajuda do rival, fechando as portas em 1937.<\/em><\/p>\n\n\n\n<p><em>Em mem\u00f3ria deste triste fato, e simbolizando a uni\u00e3o ideal entre os clubes do bairro, o Esporte Clube Guanabara adotou os s\u00edmbolos do <strong>Sportivo<\/strong> com as cores do Oriente<\/em>&#8220;.&nbsp;<\/p>\n\n\n\n<p><strong>Os primeiros passos: jogos amistosos e incr\u00edveis goleadas<\/strong><\/p>\n\n\n\n<p>Um dos primeiros jogos amistosos, aconteceu <em>no domingo, do dia 19 de Setembro de 1926<\/em>, quando o <strong><em>Sportivo Santa Cruz<\/em><\/strong> goleou o <strong><em>Sport Club Netos do Esperan\u00e7a<\/em><\/strong>, pelo placar de <strong><em>13 a 1<\/em><\/strong>. A partida foi arbitrada pelo <em>Sr. Benedicto Serra<\/em>. Na preliminar, o <em>Segundos Quadros<\/em> do <strong><em>Sportivo<\/em><\/strong> tamb\u00e9m goleou o advers\u00e1rio por <strong><em>12 a 0<\/em><\/strong>.<\/p>\n\n\n\n<p><strong>Campe\u00e3o do Torneio In\u00edcio da Associa\u00e7\u00e3o Santacruzense de 1927<\/strong><\/p>\n\n\n\n<p>Filiado a <strong><em>Associa\u00e7\u00e3o Santacruzense<\/em><\/strong>, o <strong><em>Sportivo<\/em><\/strong> se <strong><em>sagrou campe\u00e3o<\/em><\/strong> do <strong><em>Torneio Initium<\/em><\/strong>, <em>no domingo, do dia 02 de Outubro de 1927<\/em>, no campo do <strong><em>Esperan\u00e7a Football Club<\/em><\/strong>, no bairro de Santa Cruz.<\/p>\n\n\n\n<p>A competi\u00e7\u00e3o contou com a participa\u00e7\u00e3o de <em>sete equipes<\/em>. Na decis\u00e3o, o <strong><em>Sportivo<\/em><\/strong> bateu o <strong><em>Ideal Football Club<\/em><\/strong>, faturando o caneco. O time formou: <em>Alves; Pequenino e Allem\u00e3o (Dantas); Montinero, Inglez e Irineu; Cruz, Zaz\u00e1, Amaral I, Amaral II e Gradim<\/em>.<\/p>\n\n\n\n<p><strong>Filia\u00e7\u00e3o na LMDT<\/strong><\/p>\n\n\n\n<p>Nos primeiros anos, o clube realizava diversos eventos e participava de outros, entre eles o futebol. O <strong><em>Sportivo Santa Cruz<\/em><\/strong> ingressou na <strong><em>Liga Metropolitana de Desportos Terrestres (LMDT)<\/em><\/strong>, <strong><em>na quinta-feira, do dia 21 de mar\u00e7o de<\/em><\/strong> <strong><em>1929<\/em><\/strong>.<\/p>\n\n\n\n<p><strong>Estreia aconteceu no Torneio In\u00edcio de 1929<\/strong><\/p>\n\n\n\n<p>Doze dias depois estreou no <strong><em>Torneio Initium<\/em><\/strong> <strong><em>da Divis\u00e3o Emmanuel Coelho Neto<\/em><\/strong>, <em>no domingo do dia 21 de abril de 1930<\/em>, no campo do <strong><em>Fidalgo Football Club<\/em><\/strong>, situado na Rua Domingos Lopez, em Madureira, na zona norte do Rio.<\/p>\n\n\n\n<p>Enfrentou, \u00e0s 14h15min., e venceu o <strong><em>Sport Club Anchieta<\/em><\/strong>, por <strong><em>1 a 0<\/em><\/strong>, com arbitragem de <em>Alberto Fernandes<\/em>.<\/p>\n\n\n\n<p>Nas semifinais, acabou sendo eliminado ao perder para o <strong><em>Sport Club Boa Vista<\/em><\/strong> por <strong><em>3 a 2<\/em><\/strong>, na prorroga\u00e7\u00e3o. <em>Antonio Drummond (do Anchieta)<\/em> foi o \u00e1rbitro. Na final, o <strong><em>Central<\/em><\/strong> bateu o <strong><em>Boa Vista<\/em><\/strong> por <strong><em>2 a 0<\/em><\/strong>, ficando com o <strong><em>t\u00edtulo<\/em><\/strong>.<\/p>\n\n\n\n<p>O <strong><em>time<\/em><\/strong> formou com: <em>Heitor; Levy e Sebasti\u00e3o; Joaquim, Hil\u00e1rio e Antonio; Amaral, Romualdo, Mozart, Jorge e Jo\u00e3o<\/em>.<\/p>\n\n\n\n<p><strong>Debutou no Campeonato da LMDT de 1929<\/strong><\/p>\n\n\n\n<p>No <strong><em>Campeonato da Divis\u00e3o &#8220;Mano&#8221;<\/em><\/strong>, <strong><em>da LMDT<\/em><\/strong>, a estreia, em casa, no domingo, <em>do dia 19 de maio de 1929<\/em>, diante do <strong><em>campe\u00e3o de 1928<\/em><\/strong>: <strong><em>Sport Club Am\u00e9rica<\/em><\/strong>.<\/p>\n\n\n\n<figure class=\"wp-block-image size-large is-resized\"><img loading=\"lazy\" decoding=\"async\" src=\"https:\/\/historiadofutebol.com\/blog\/wp-content\/uploads\/2021\/03\/1o-Turno-LMDT-1929-267x500.jpg\" alt=\"\" class=\"wp-image-123629\" width=\"656\" height=\"1228\" srcset=\"https:\/\/historiadofutebol.com\/blog\/wp-content\/uploads\/2021\/03\/1o-Turno-LMDT-1929-267x500.jpg 267w, https:\/\/historiadofutebol.com\/blog\/wp-content\/uploads\/2021\/03\/1o-Turno-LMDT-1929-160x300.jpg 160w, https:\/\/historiadofutebol.com\/blog\/wp-content\/uploads\/2021\/03\/1o-Turno-LMDT-1929-768x1439.jpg 768w, https:\/\/historiadofutebol.com\/blog\/wp-content\/uploads\/2021\/03\/1o-Turno-LMDT-1929-820x1536.jpg 820w, https:\/\/historiadofutebol.com\/blog\/wp-content\/uploads\/2021\/03\/1o-Turno-LMDT-1929-1093x2048.jpg 1093w, https:\/\/historiadofutebol.com\/blog\/wp-content\/uploads\/2021\/03\/1o-Turno-LMDT-1929-624x1169.jpg 624w, https:\/\/historiadofutebol.com\/blog\/wp-content\/uploads\/2021\/03\/1o-Turno-LMDT-1929.jpg 1096w\" sizes=\"auto, (max-width: 656px) 100vw, 656px\" \/><\/figure>\n\n\n\n<figure class=\"wp-block-image size-large is-resized\"><img loading=\"lazy\" decoding=\"async\" src=\"https:\/\/historiadofutebol.com\/blog\/wp-content\/uploads\/2021\/03\/2o-Turno-LMDT-1929-356x500.jpg\" alt=\"\" class=\"wp-image-123625\" width=\"666\" height=\"935\" srcset=\"https:\/\/historiadofutebol.com\/blog\/wp-content\/uploads\/2021\/03\/2o-Turno-LMDT-1929-356x500.jpg 356w, https:\/\/historiadofutebol.com\/blog\/wp-content\/uploads\/2021\/03\/2o-Turno-LMDT-1929-213x300.jpg 213w\" sizes=\"auto, (max-width: 666px) 100vw, 666px\" \/><\/figure>\n\n\n\n<p>Apesar da derrota por <strong><em>3 a 2<\/em><\/strong>, o <strong><em>Sportivo<\/em><\/strong> mostrou que seria uma &#8220;<em>pedra na chuteira<\/em>&#8221; dos seus advers\u00e1rios. Com arbitragem de <em>Honorato Barbosa<\/em>, os gols foram assinalados por <em>M\u00e1rio<\/em>, duas vezes, e <em>Arantes<\/em> pra o <em>Am\u00e9rica<\/em>; enquanto <em>Juquinha<\/em> e <em>Zaz\u00e1<\/em> marcaram para o <strong><em>time alvinegro<\/em><\/strong>.<\/p>\n\n\n\n<p><strong><em>Sportivo:<\/em><\/strong><em> Frango; Dantas e Belinho; Gradim, Hil\u00e1rio e Quinzinho; Eustachio, Zizinho, Juquinha, Zaz\u00e1 e Ga\u00facho<\/em>.<\/p>\n\n\n\n<p><strong><em>Am\u00e9rica:<\/em><\/strong><em> Jayme; Serra e Dam\u00e1sio; Bery, Lucena e Admas; Canedo, Nen\u00ea, M\u00e1rio, Arantes e Camarim<\/em>.<\/p>\n\n\n\n<p><em>No domingo, do dia 30 de junho<\/em>, o <strong><em>Sportivo<\/em><\/strong> perdeu nos seus dom\u00ednios para o <strong><em>Sport Club Boa Vista<\/em><\/strong> por <strong><em>3 a 2<\/em><\/strong>, no campo do <strong><em>Oriente Athletico Club<\/em><\/strong><em> (na Rua Nestor, n\u00ba 29, em Santa Cruz)<\/em>.<\/p>\n\n\n\n<p><em>No domingo, do dia 21 de julho<\/em>, o <strong><em>Sportivo<\/em><\/strong> venceu o <strong><em>Sport Club Anchieta<\/em><\/strong> por <strong><em>2 a 0<\/em><\/strong>, no campo da Rua Nestor, n\u00ba 29, em Santa Cruz. Os gols foram marcados por <em>Juquinha<\/em> e <em>Bajara, de p\u00eanalti<\/em>.<\/p>\n\n\n\n<p><em>No domingo, do dia 06 de outubro<\/em>, o <strong><em>Sportivo<\/em><\/strong> foi derrotado pelo <strong><em>Oriente Athletico Club<\/em><\/strong> por <strong><em>2 a 1<\/em><\/strong>, fora de casa.<\/p>\n\n\n\n<p><em>No domingo, do dia 10 de novembro<\/em>, o <strong><em>Sportivo<\/em><\/strong> derrotou, fora de casa, o <strong><em>Club Athletico Central <\/em><\/strong>por <strong><em>3 a 1<\/em><\/strong>.<\/p>\n\n\n\n<p><strong>Sportivo foi vice-campe\u00e3o do Torneio In\u00edcio de 1930<\/strong><\/p>\n\n\n\n<p>Jogou o <strong><em>Torneio Initium<\/em><\/strong> <strong><em>da Divis\u00e3o &#8220;Mano&#8221;<\/em><\/strong>, da <strong><em>LMDT<\/em><\/strong>, <em>no domingo do dia 27 de abril de 1930<\/em>, no campo do <strong><em>Sport Club Am\u00e9rica<\/em><\/strong>, na Rua Isolina Meyer -esta\u00e7\u00e3o do M\u00e9ier, na zona norte do Rio.<\/p>\n\n\n\n<p>O <strong><em>Sportivo<\/em><\/strong> estreou com vit\u00f3ria de 1 a 0, no <strong><em>Brasil Football Club<\/em><\/strong>, \u00e0s 14 horas, com arbitragem de <em>Homero Arcuri<\/em>. Na fase seguinte, num jogo acirrado, o <strong><em>Sportivo<\/em><\/strong> passou pelo <strong><em>Oriente<\/em><\/strong>, na 2\u00aa prorroga\u00e7\u00e3o, por 3 escanteios a um.<\/p>\n\n\n\n<p>Na decis\u00e3o, foi uma boa partida, bem arbitrada pelo <em>Sr. Antonio Augusto de Almeida<\/em>, triunfou o <strong><em>Associa\u00e7\u00e3o Esportiva<\/em><\/strong> <strong><em>Ferrovi\u00e1ria <\/em><\/strong><em>(nas cores azul e preto), que ap\u00f3s o empate <\/em>em <strong><em>1 a 1 <\/em><\/strong>com o <strong><em>Sportivo<\/em><\/strong>, conquistou o t\u00edtulo, com <em>um escanteio<\/em> e a <em>zero<\/em>. Os gols foram de <strong><em>Jaburuzinho<\/em><\/strong> para o <strong><em>Ferrovi\u00e1rio<\/em><\/strong> e <em>Tilco<\/em> para&nbsp; os <strong><em>alvinegros<\/em><\/strong>.<\/p>\n\n\n\n<p>O <strong><em>Sportivo<\/em><\/strong> jogou: <em>Jaj\u00e1; Barroso e Ga\u00facho; Humberto, Guerra e Gradim; Tilco, Sebasti\u00e3o, Almir Mituca, Aquino e Zaz\u00e1<\/em>.<\/p>\n\n\n\n<p><strong>Muitos jogadores dos grandes do Rio defendiam as equipes da LMDT<\/strong><\/p>\n\n\n\n<p>Uma curiosidade \u00e9 que o atacante ora chamado por <em>Almir e ora chamado por &#8216;Mituca&#8217; <\/em>era jogador do <strong><em>Botafogo Football Club<\/em><\/strong>, que tamb\u00e9m defendia as cores do <strong><em>Sportivo<\/em><\/strong>, na d\u00e9cada de 30.<\/p>\n\n\n\n<p>Ali\u00e1s, \u00e9 importante informar que naquela \u00e9poca era comum jogadores dos grandes clubes defenderem os clubes da <strong><em>Liga Metropolitana<\/em><\/strong>. S\u00f3 para exemplificar, o maior jogador daquela \u00e9poca, <em>Le\u00f4nidas da Silva<\/em>, o &#8220;<em>Diamante Negro<\/em>&#8221; jogou no <strong><em>Jornal do Commercio Football Club<\/em><\/strong>.<\/p>\n\n\n\n<p><strong>Sportivo Campe\u00e3o de 1930, <em>na Divis\u00e3o &#8220;Emmanuel Coelho Neto&#8221;, <\/em>nos Primeiros e Segundos Quadros<\/strong><\/p>\n\n\n\n<p>O <strong><em>Sportivo Santa Cruz <\/em><\/strong>debutou em grande estilo e no final, faturou o in\u00e9dito t\u00edtulo! O <strong><em>Campeonato da Divis\u00e3o &#8220;Emmanuel Coelho Neto&#8221;, da Liga Metropolitana<\/em><\/strong>, contou com a participa\u00e7\u00e3o de <strong><em>nove clubes<\/em><\/strong>:<\/p>\n\n\n\n<p><strong><em>Athletico Club Cordovil<\/em><\/strong> <em>(Rua Oliveira Mello &#8211; bairro de Cordovil)<\/em>;<\/p>\n\n\n\n<p><strong><em>Associa\u00e7\u00e3o Sportiva Ferrovi\u00e1ria<\/em><\/strong><em> (bairro do Riachuelo \/ cores: azul e preto)<\/em>;<\/p>\n\n\n\n<p><strong><em>Brasil Football Club <\/em><\/strong><em>(Rua S\u00e1)<\/em>;<\/p>\n\n\n\n<p><strong><em>Esperan\u00e7a Football Club<\/em><\/strong><em> (bairro de Santa Cruz \/ cores: verde e branco)<\/em>;<\/p>\n\n\n\n<p><strong><em>Guanabara Athletico Club<\/em><\/strong><em> (Rua da Lapa &#8211; bairro da Lapa \/cores: azul e branco)<\/em>;<\/p>\n\n\n\n<p><strong><em>Iraj\u00e1 Athletico Club<\/em><\/strong><em> (Rua Monsenhor F\u00e9lix &#8211; bairro de Iraj\u00e1 \/ cores: vermelho e branco)<\/em>;<\/p>\n\n\n\n<p><strong><em>Oriente Athletico Club <\/em><\/strong><em>(bairro de Santa Cruz \/ cores: vermelho e branco)<\/em>;<\/p>\n\n\n\n<p><strong><em>Sport Club Anchieta<\/em><\/strong> <em>(bairro de Anchieta \/ cores: vermelho e preto)<\/em>;<\/p>\n\n\n\n<p><strong><em>Sportivo Santa Cruz <\/em><\/strong><em>(bairro de Santa Cruz \/ cores: preto e branco)<\/em>.<\/p>\n\n\n\n<p>O in\u00edcio do <strong><em>Sportivo Santa Cruz<\/em><\/strong> foi avassalador! Os sete jogos primeiros jogos, foram 100% de aproveitamento. Sendo que em quatro com goleadas. Citando algumas, diante da <strong><em>Ferrovi\u00e1ria<\/em><\/strong> <em>(algoz na final do Torneio In\u00edcio)<\/em>, foi 4 a 1. Os gols foram&nbsp; de <em>Almir Mituca, Aquino, Heitor e Edmundo<\/em>; enquanto <em>Jaburu<\/em> fez o de honra para o <strong><em>negro-anil<\/em><\/strong>.<\/p>\n\n\n\n<p>N\u00e3o podemos esquecer da maior goleada do certame: no domingo, <em>do dia 08 de junho de 1930<\/em>, o <strong><em>Sportivo<\/em><\/strong> sapecou <strong><em>11 a 1<\/em><\/strong> no <strong><em>Brasil Football Club<\/em><\/strong>. Os gols foram de <em>Aquino (quatro vezes)<\/em>; <em>Zaz\u00e1, Almir Mituca e Edmundo (duas vezes cada)<\/em>; <em>Heitor<\/em> um tento. <em>Orestino<\/em> fez o de honra para o <strong><em>Brasil<\/em><\/strong>.<\/p>\n\n\n\n<p><em>No domingo, do dia 22 de Junho de 1930<\/em>, o jogo valia a lideran\u00e7a isolada. E deu <strong><em>Sportivo<\/em><\/strong>! Mesmo como visitante, bateu o <strong><em>Anchieta<\/em><\/strong> &nbsp;por <strong><em>3 a 1<\/em><\/strong>. Os gols foram: Zaz\u00e1 aos 30 segundos de jogo; Gradim (contra), empatou; Edmundo aos 13 minutos; Heitor aos 44 minutos todos os tento no 1\u00ba tempo.<\/p>\n\n\n\n<p>A invencibilidade caiu somente na \u00faltima rodada do primeiro turno e para o seu maior rival. <em>No domingo, do dia 27 de Julho de 1930<\/em>, o <strong><em>Oriente<\/em><\/strong> venceu por <strong><em>1 a 0<\/em><\/strong>, o <strong><em>Sportivo<\/em><\/strong>, no Est\u00e1dio da Rua Nestor, n\u00ba 29, em Santa Cruz.<\/p>\n\n\n\n<p>No returno, o <strong><em>Sportivo<\/em><\/strong> n\u00e3o come\u00e7ou bem, ao perder, em casa, para o <strong><em>Iraj\u00e1 Athletico Clube<\/em><\/strong> por <strong><em>4 a 2<\/em><\/strong>.&nbsp; Os gols: <em>Almir Mituca<\/em> e <em>Pl\u00ednio<\/em>, de p\u00eanalti, para o <strong><em>alvinegro<\/em><\/strong>. Enquanto <em>Mineiro, Esquerdinha, Gringo e Edmundo (contra)<\/em> para o <strong><em>alvirrubros<\/em><\/strong>.<\/p>\n\n\n\n<p>No entanto, <em>no dia 13 de setembro<\/em>, a <strong><em>Liga Metropolitana<\/em><\/strong> deu os pontos desse jogo ao <strong><em>Sportivo<\/em><\/strong>, de acordo com o <em>artigo 27 letra A, do regulamento de Football<\/em>.<\/p>\n\n\n\n<p>Num jogo muito catimbado, <em>no domingo, do dia 31 de Agosto de 1930<\/em>, <strong><em>Brasil FC<\/em><\/strong> e <strong><em>Sportivo<\/em><\/strong> ficaram no empate em 1 a 1. <em>Arnaldo<\/em> fez o gol para o <strong><em>Brasil<\/em><\/strong>, enquanto <strong><em>Edmundo<\/em><\/strong> assinalou para o <strong><em>alvinegro<\/em><\/strong>.<\/p>\n\n\n\n<p>No dia 14 de setembro, a vit\u00f3ria do <strong><em>Sportivo<\/em><\/strong> por <strong><em>WO<\/em><\/strong> em cima do <strong><em>Anchieta<\/em><\/strong>, somado a derrota do <strong><em>Oriente<\/em><\/strong> por <strong><em>1 a 0<\/em><\/strong>, para o <strong><em>Brasil<\/em><\/strong>, recolocou o <strong><em>alvinegro<\/em><\/strong> na lideran\u00e7a isolada.<\/p>\n\n\n\n<p>Na rodada seguinte, <em>no dia 21 de setembro<\/em>, outro cl\u00e1ssico de <strong><em>Santa Cruz<\/em><\/strong>! E o <strong><em>Sportivo<\/em><\/strong> derrotou o <strong><em>Esperan\u00e7a Football Club<\/em><\/strong> por <strong><em>1 a 0<\/em><\/strong>.<\/p>\n\n\n\n<p>Quando parecia que o t\u00edtulo viria com tranquilidade, no dia 12 de outubro, o <strong><em>Sportivo<\/em><\/strong> foi at\u00e9 a <em>Rua Oliveira Mello<\/em>, e acabou derrotada por <strong><em>3 a 2<\/em><\/strong> para o <strong><em>Athletico Club Cordovil<\/em><\/strong>.<\/p>\n\n\n\n<p>Por\u00e9m, o que parecia ser um &#8220;<em>duro golpe<\/em>&#8221; se reverteu em al\u00edvio, em dose dupla. Explico! Dias depois, tanto o <strong><em>Cordovil<\/em><\/strong> quanto o <strong><em>Brasil<\/em><\/strong> desistiram de seguir no certame.&nbsp;<\/p>\n\n\n\n<p>Segundo o regulamento, quando um clube desistia da competi\u00e7\u00e3o todos os jogos realizados, os pontos seriam repassados aos seus oponentes. Assim, nos dois jogos nesse returno, o <strong><em>Sportivo<\/em><\/strong> tinha somado um ponto nos dois jogos contra o <strong><em>Brasil<\/em><\/strong> e <strong><em>Cordovil<\/em><\/strong>. Assim o <strong><em>Sportivo<\/em><\/strong> faturou quatro pontos valiosos.<\/p>\n\n\n\n<p>A \u00faltima rodada, n\u00e3o poderia ser mais empolgante! Decidir o t\u00edtulo da <strong><em>Divis\u00e3o &#8220;Emmanuel Coelho Neto&#8221;, <\/em><\/strong>&nbsp;contra o maior rival! A princ\u00edpio, o jogo estava marcado para o dia 10 de Outubro. Por\u00e9m, acabou remarcado para o m\u00eas seguinte.<\/p>\n\n\n\n<p>Ent\u00e3o, no domingo, do dia 16 de novembro, \u00e0s 15h30min., O <strong><em>Sportivo<\/em><\/strong> <em>(com um ponto de vantagem)<\/em>, enfrentou o <strong><em>Oriente Athletico Club<\/em><\/strong>. Apesar de ser o mandante, o jogo foi realizado no campo da <em>Rua Nestor, n\u00ba 29, em Santa C<\/em>ruz <em>(de propriedade do Oriente)<\/em>, uma vez que o seu <em>Est\u00e1dio<\/em> n\u00e3o foi aprovado pela <strong><em>LMDT<\/em><\/strong>.<\/p>\n\n\n\n<p>Com arbitragem de Jo\u00e3o Alves Pereira, o 1\u00ba tempo foi marcado pela press\u00e3o exercida pelo <strong><em>Oriente<\/em><\/strong>. No final, ap\u00f3s uma infelicidade de <em>Guerra<\/em>, conseguiam os <strong><em>rubros<\/em><\/strong>&nbsp; abrir o placar por interm\u00e9dio de <em>Josino<\/em>.<\/p>\n\n\n\n<p>Na etapa final, aos 31 minutos, <em>Oscarino<\/em> <em>(jogador da Sele\u00e7\u00e3o Brasileira) <\/em>colocou a m\u00e3o na bola, dentro da \u00e1rea. P\u00eanalti, que <em>Guerra<\/em> cobrou para empatar a peleja. Fim de jogo, empate em <strong><em>1 a 1<\/em><\/strong>, e o <strong><em>Sportivo Santa Cruz<\/em><\/strong> conquistou&nbsp; <strong><em>o in\u00e9dito t\u00edtulo<\/em><\/strong> do <strong><em>Campeonato da Divis\u00e3o &#8220;Mano&#8221; da LMDT<\/em><\/strong>!<\/p>\n\n\n\n<p>Na preliminar, o <strong><em>Sportivo<\/em><\/strong> venceu o <strong><em>Oriente<\/em><\/strong> por <strong><em>3 a 0<\/em><\/strong>, e tamb\u00e9m se sagrou <strong><em>campe\u00e3o nos Segundos Teams<\/em><\/strong>. O <strong><em>time secund\u00e1rio campe\u00e3o<\/em><\/strong> formou: <em>Annibal; Dantas e Cabrito; Acindino, Ratinho e Quinzinho; Nolinha, Ernani, Zizinho, Zequinha e Vivi<\/em>.<\/p>\n\n\n\n<p>Os times dos <strong><em>Primeiros Quadros<\/em><\/strong> jogaram assim:&nbsp;<\/p>\n\n\n\n<p><strong>Sportivo:<\/strong> Jaj\u00e1; Guerra e Orlando; Gradim, Sant&#8217;Anna e Z\u00e9 Maria; Pl\u00ednio, Edmundo, Mituca, Zaz\u00e1 e Tit\u00e9o.<\/p>\n\n\n\n<p><strong>Oriente:<\/strong> En\u00e9as; Domingos (Bangu) e S\u00e1 Pinto (Bangu); Sim\u00e3o, Oscarino (Sele\u00e7\u00e3o Brasileira) e Gud\u00e3o (Fluminense); Barth\u00f4, Landislau (Bangu), Modesto (Brasil), Ernani e Josino.<\/p>\n\n\n\n<p><strong>Resultados do 1\u00ba Turno<\/strong><\/p>\n\n\n\n<figure class=\"wp-block-table\"><table><tbody><tr><td><strong>DATAS<\/strong><\/td><td><strong>RESULTADOS<\/strong><\/td><td><strong>LOCAIS<\/strong><\/td><\/tr><tr><td>11\/05\/30<\/td><td>Iraj\u00e1 AC<\/td><td>1<\/td><td>X<\/td><td>2<\/td><td>Sportivo<\/td><td>Rua Monsenhor F\u00e9lix<\/td><\/tr><tr><td>18\/05\/30<\/td><td>Guanabara<\/td><td>1<\/td><td>X<\/td><td>6<\/td><td>Sportivo<\/td><td>Rua Bar\u00e3o de Itapagipe<\/td><\/tr><tr><td>1\u00ba\/06\/30<\/td><td>Sportivo<\/td><td>4<\/td><td>X<\/td><td>1<\/td><td>AS Ferrovi\u00e1ria<\/td><td>Rua Nestor, n\u00ba 29 &#8211; Santa Cruz<\/td><\/tr><tr><td>08\/06\/30<\/td><td>Sportivo<\/td><td>11<\/td><td>X<\/td><td>1<\/td><td>Brasil FC<\/td><td>Rua Nestor, n\u00ba 29 &#8211; Santa Cruz<\/td><\/tr><tr><td>22\/06\/30<\/td><td>Anchieta<\/td><td>1<\/td><td>X<\/td><td>3<\/td><td>Sportivo<\/td><td>Rua Arnaldo Murinelli &#8211; em Anchieta<\/td><\/tr><tr><td>29\/06\/30<\/td><td>Sportivo<\/td><td>3<\/td><td>X<\/td><td>2<\/td><td>Esperan\u00e7a FC<\/td><td>Rua Nestor, n\u00ba 29 &#8211; Santa Cruz<\/td><\/tr><tr><td>20\/07\/30<\/td><td>Sportivo<\/td><td>6<\/td><td>X<\/td><td>1<\/td><td>AC Cordovil<\/td><td>Rua Nestor, n\u00ba 29 &#8211; Santa Cruz<\/td><\/tr><tr><td>27\/07\/30<\/td><td>Oriente AC<\/td><td>1<\/td><td>X<\/td><td>0<\/td><td>Sportivo<\/td><td>Rua Nestor, n\u00ba 29 &#8211; Santa Cruz<\/td><\/tr><\/tbody><\/table><\/figure>\n\n\n\n<p><strong>Resultados do 2\u00ba Turno<\/strong><\/p>\n\n\n\n<figure class=\"wp-block-table\"><table><tbody><tr><td><strong>DATAS<\/strong><\/td><td><strong>RESULTADOS<\/strong><\/td><td><strong>LOCAIS<\/strong><\/td><\/tr><tr><td>03\/08\/30<\/td><td>Sportivo<\/td><td>2<\/td><td>X<\/td><td>4<\/td><td>Iraj\u00e1 AC<\/td><td>Rua Monsenhor F\u00e9lix<\/td><\/tr><tr><td>10\/08\/30<\/td><td>Sportivo<\/td><td>&#8211;<\/td><td>X<\/td><td>&#8211;<\/td><td>Guanabara<\/td><td><em>Resultado n\u00e3o foi encontrado<\/em><\/td><\/tr><tr><td>24\/08\/30<\/td><td>Ferrovi\u00e1ria<\/td><td>&#8211;<\/td><td>X<\/td><td>&#8211;<\/td><td>Sportivo<\/td><td><em>Resultado n\u00e3o foi encontrado<\/em><\/td><\/tr><tr><td>31\/08\/30<\/td><td>Brasil FC<\/td><td>1<\/td><td>X<\/td><td>1<\/td><td>Sportivo <strong>*<\/strong><\/td><td>Rua S\u00e1<\/td><\/tr><tr><td>14\/09\/30<\/td><td>Sportivo<\/td><td>WO<\/td><td>X<\/td><td>&#8211;<\/td><td>Anchieta<\/td><td>O Anchieta entregou os pontos nos primeiros e segundos quadros<\/td><\/tr><tr><td>21\/09\/30<\/td><td>Esperan\u00e7a<\/td><td>0<\/td><td>X<\/td><td>1<\/td><td>Sportivo<\/td><td>Rua Nestor, n\u00ba 29 &#8211; Santa Cruz<\/td><\/tr><tr><td>12\/10\/30<\/td><td>Cordovil<\/td><td>3<\/td><td>X<\/td><td>2<\/td><td>Sportivo <strong>*<\/strong><\/td><td>Rua Oliveira Mello, em Cordovil<\/td><\/tr><tr><td>16\/11\/30<\/td><td>Sportivo<\/td><td>1<\/td><td>X<\/td><td>1<\/td><td>Oriente AC<\/td><td>Rua Nestor, n\u00ba 29 &#8211; Santa Cruz<\/td><\/tr><\/tbody><\/table><\/figure>\n\n\n\n<p>* O <strong><em>Brasil<\/em><\/strong> e <strong><em>Cordovil<\/em><\/strong> desistiram de seguir na competi\u00e7\u00e3o. Com isso, os pontos foram repassados ao <strong><em>Sportivo, com placar de 1 a 0<\/em><\/strong><em>.<\/em><\/p>\n\n\n\n<figure class=\"wp-block-image size-large is-resized\"><img loading=\"lazy\" decoding=\"async\" src=\"https:\/\/historiadofutebol.com\/blog\/wp-content\/uploads\/2021\/03\/Sportivo-Santa-Cruz-vice-campeao-do-Torneio-Inicio-de-1930-500x284.jpg\" alt=\"\" class=\"wp-image-123626\" width=\"653\" height=\"371\" srcset=\"https:\/\/historiadofutebol.com\/blog\/wp-content\/uploads\/2021\/03\/Sportivo-Santa-Cruz-vice-campeao-do-Torneio-Inicio-de-1930-500x284.jpg 500w, https:\/\/historiadofutebol.com\/blog\/wp-content\/uploads\/2021\/03\/Sportivo-Santa-Cruz-vice-campeao-do-Torneio-Inicio-de-1930-300x171.jpg 300w, https:\/\/historiadofutebol.com\/blog\/wp-content\/uploads\/2021\/03\/Sportivo-Santa-Cruz-vice-campeao-do-Torneio-Inicio-de-1930-768x437.jpg 768w, https:\/\/historiadofutebol.com\/blog\/wp-content\/uploads\/2021\/03\/Sportivo-Santa-Cruz-vice-campeao-do-Torneio-Inicio-de-1930-624x355.jpg 624w, https:\/\/historiadofutebol.com\/blog\/wp-content\/uploads\/2021\/03\/Sportivo-Santa-Cruz-vice-campeao-do-Torneio-Inicio-de-1930.jpg 1066w\" sizes=\"auto, (max-width: 653px) 100vw, 653px\" \/><figcaption><strong><em>Sportivo Santa Cruz &#8211; vice-campe\u00e3o do Torneio Inicio; Campe\u00e3o da Divis\u00e3o &#8220;Emmanuel Coelho Neto&#8221; de 1930; Campe\u00e3o da Liga Metropolitana de Desportos Terrestres de 1930 <\/em><\/strong><\/figcaption><\/figure>\n\n\n\n<p><strong>Sportivo Campe\u00e3o de 1930, da Liga Metropolitana, nos Primeiros e Segundos Quadros<\/strong><\/p>\n\n\n\n<p>Como resultado, o <strong><em>Sportivo Santa Cruz<\/em><\/strong> <em>(campe\u00e3o da Divis\u00e3o &#8220;Emmanuel Coelho Neto&#8221;) <\/em>enfrentaria na decis\u00e3o o <strong><em>Sport Club Am\u00e9rica, do Lins de Vasconcellos <\/em><\/strong><em>(campe\u00e3o da Divis\u00e3o Emmanuel Nery)<\/em>, para definir o grande campe\u00e3o.<\/p>\n\n\n\n<p><em>No domingo, do dia 03 de Maio de 1931<\/em>, 15h15min., no campo do <strong><em>Fidalgo Football Club<\/em><\/strong>, na Rua Domingos Lopes, n\u00ba 149, em Madureira. o <strong><em>Sportivo<\/em><\/strong> bateu o <strong><em>Am\u00e9rica<\/em><\/strong> por <strong><em>2 a 0<\/em><\/strong>, se sagrando o <strong><em>campe\u00e3o da Liga Metropolitana de 1930<\/em><\/strong>. Alcides Sanches foi o \u00e1rbitro <em>(Jornal do Commercio F.C.)<\/em> da partida.<\/p>\n\n\n\n<p>O jogo come\u00e7ou e o <strong><em>Sportivo<\/em><\/strong> tratou de impor o seu ritmo de jogo. O 1\u00ba gol saiu na metade da primeira etapa. <em>Guerra<\/em> bateu a falta para <em>Jaguar\u00e3o<\/em> que soltou a bomba para estufar as redes!<\/p>\n\n\n\n<p>O <strong><em>Am\u00e9rica<\/em><\/strong> partiu para cima e quase empatou quando <em>Arantes<\/em> chutou forte, carimbado a trave de <em>Jaj\u00e1<\/em>. A resposta do <strong><em>Sportivo<\/em><\/strong> foi letal. <em>Jaguar\u00e3o<\/em> cobrou o escanteio na \u00e1rea e <em>Sant&#8217;Anna<\/em> testou de forma inapel\u00e1vel, ampliando o marcador.<\/p>\n\n\n\n<p>Na etapa final, o <strong><em>Am\u00e9rica<\/em><\/strong> pressionou, mas o <strong><em>Sportivo<\/em><\/strong> levava perigo nos contragolpes. Final de jogo, e o <strong><em>Sportivo Santa Cruz<\/em><\/strong> festejou mais um t\u00edtulo em dose dupla, uma vez que na preliminar o <em>Segundos Quadros<\/em> do <strong><em>alvinegro<\/em><\/strong> venceu o <strong><em>Magno por 3 a 1<\/em><\/strong>, e tamb\u00e9m ergueu a ta\u00e7a!<\/p>\n\n\n\n<p>&nbsp;<strong>Sportivo:<\/strong> Jaj\u00e1; Orlando e Ga\u00facho; Barroso, Sant&#8217;Anna e Guerra; Pl\u00ednio, Edmundo, Almir Mituca, Zaz\u00e1 e Jaguar\u00e3o.<\/p>\n\n\n\n<p><strong>SC Am\u00e9rica:<\/strong> Evaristo; Serra e Belleza; Zeca, Lucena e Camisa; Arantes, Mario, Goulart, Nen\u00e9m e Ramos.<\/p>\n\n\n\n<p><strong>Vice-campe\u00e3o do Torneio In\u00edcio da LMDT de 1931<\/strong><\/p>\n\n\n\n<figure class=\"wp-block-image size-large is-resized\"><img loading=\"lazy\" decoding=\"async\" src=\"https:\/\/historiadofutebol.com\/blog\/wp-content\/uploads\/2021\/03\/Sportivo-Santa-Cruz-vice-campeao-do-Torneio-Inicio-de-1931-500x344.jpg\" alt=\"\" class=\"wp-image-123627\" width=\"649\" height=\"447\" srcset=\"https:\/\/historiadofutebol.com\/blog\/wp-content\/uploads\/2021\/03\/Sportivo-Santa-Cruz-vice-campeao-do-Torneio-Inicio-de-1931-500x344.jpg 500w, https:\/\/historiadofutebol.com\/blog\/wp-content\/uploads\/2021\/03\/Sportivo-Santa-Cruz-vice-campeao-do-Torneio-Inicio-de-1931-300x206.jpg 300w, https:\/\/historiadofutebol.com\/blog\/wp-content\/uploads\/2021\/03\/Sportivo-Santa-Cruz-vice-campeao-do-Torneio-Inicio-de-1931-768x528.jpg 768w, https:\/\/historiadofutebol.com\/blog\/wp-content\/uploads\/2021\/03\/Sportivo-Santa-Cruz-vice-campeao-do-Torneio-Inicio-de-1931-1536x1057.jpg 1536w, https:\/\/historiadofutebol.com\/blog\/wp-content\/uploads\/2021\/03\/Sportivo-Santa-Cruz-vice-campeao-do-Torneio-Inicio-de-1931-624x429.jpg 624w, https:\/\/historiadofutebol.com\/blog\/wp-content\/uploads\/2021\/03\/Sportivo-Santa-Cruz-vice-campeao-do-Torneio-Inicio-de-1931.jpg 1788w\" sizes=\"auto, (max-width: 649px) 100vw, 649px\" \/><\/figure>\n\n\n\n<p><em>No domingo do dia 24 de maio de 1931<\/em>, o <strong><em>Sportivo<\/em><\/strong> ficou com <strong><em>vice<\/em><\/strong> do <strong><em>Torneio Initium<\/em><\/strong> da <strong><em>Liga Metropolitana de Desportos Terrestres (LMDT)<\/em><\/strong>, realizado no campo da <strong><em>ABEL<\/em><\/strong><em> (Associa\u00e7\u00e3o Beneficente dos Empregados da Light)<\/em>, na Rua Figueira de Melo, n\u00ba 406, em S\u00e3o Crist\u00f3v\u00e3o, na zona norte do Rio.<\/p>\n\n\n\n<p>No <strong><em>2\u00ba jogo<\/em><\/strong>, \u00e0s 13h25min., com arbitragem <em>Benedicto Parreiras<\/em>, o <strong><em>Sportivo<\/em><\/strong> venceu o <strong><em>Sudan Athletico Club (Cascadura)<\/em><\/strong> por <strong><em>1 a 0<\/em><\/strong> <em>(um escanteio pr\u00f3)<\/em>. <strong><em>Gol<\/em><\/strong> de <em>Aderne<\/em>.<\/p>\n\n\n\n<p>\u00c0s 15h05min., com Alcides Sanchez no apito, o <strong><em>Sportivo<\/em><\/strong> voltou ao campo para enfrentar o <strong><em>Magno Football Club (Madureira) <\/em><\/strong>e vencer por <strong><em>2 a 0<\/em><\/strong>. Os gols foram assinalados por <em>Zaz\u00e1<\/em> e <em>Boto<\/em>.<\/p>\n\n\n\n<p>Pelas <strong><em>semifinais<\/em><\/strong>, \u00e0s 16h10min., sob \u00e0s ordens de <em>Benedicto Parreiras<\/em>, o <strong><em>Sportivo<\/em><\/strong> superou o <strong><em>Sport Club<\/em><\/strong> <strong><em>Campinho<\/em><\/strong> por <strong><em>1 a 0<\/em><\/strong>. O gol da vit\u00f3ria foi de <em>Aderne<\/em>.<\/p>\n\n\n\n<p>Na grande final, \u00e0s 16h50min., tendo <em>Jo\u00e3o Alves Pereira (do Magno)<\/em> no apito, <strong><em>Sportivo<\/em><\/strong> <strong><em>Santa Cruz <\/em><\/strong>e <strong><em>Jornal do Commercio Football Club (Gamboa)<\/em><\/strong> ficaram no empate sem gols.&nbsp; Por\u00e9m, nos escanteios, o <strong><em>alvirrubro da Gamboa<\/em><\/strong> levou a melhor por <strong><em>3 a 0<\/em><\/strong>, ficando com o <strong><em>t\u00edtulo<\/em><\/strong>.<\/p>\n\n\n\n<p>Apesar do vice, o <strong><em>Sportivo<\/em><\/strong> fechou a competi\u00e7\u00e3o de forma invicto e sem sofrer nenhum gol: <em>foram quatro jogos, com tr\u00eas vit\u00f3rias e um empate; marcando quatro gols e nenhum tento sofrido<\/em>.&nbsp;<\/p>\n\n\n\n<p>O <strong><em>Sportivo<\/em><\/strong> jogou assim: <em>Jaj\u00e1; Barroso e Dantas; Calado, Guerra e Ratinho; Aderne, Gradim, Zaz\u00e1, Zaquita e Boto<\/em>.<\/p>\n\n\n\n<p>No <strong><em>Campeonato da Liga Metropolitana <\/em><\/strong>de 1931 <em>(Campe\u00e3o foi o <strong>Oriente Athletico Club<\/strong>)<\/em> contou com 11 participantes:<\/p>\n\n\n\n<p><strong><em>Deodoro Athletico Club;<\/em><\/strong><\/p>\n\n\n\n<p><strong><em>Esperan\u00e7a Football Club <\/em><\/strong><em>(alviverde);<\/em><\/p>\n\n\n\n<p><strong><em>Fidalgo Sport Club;<\/em><\/strong><\/p>\n\n\n\n<p><strong><em>Jornal do Commercio Football Club;<\/em><\/strong><\/p>\n\n\n\n<p><strong><em>Magno Football Club;<\/em><\/strong><\/p>\n\n\n\n<p><strong><em>Oriente Athletico Club;<\/em><\/strong><\/p>\n\n\n\n<p><strong><em>Sport Club Boa Vista;<\/em><\/strong><\/p>\n\n\n\n<p><strong><em>Sport Club Campinho;<\/em><\/strong><\/p>\n\n\n\n<p><strong><em>Sport Club S\u00e3o Jos\u00e9;<\/em><\/strong><\/p>\n\n\n\n<p><strong><em>Sportivo Santa Cruz;<\/em><\/strong><\/p>\n\n\n\n<p><strong><em>Sudan Athletico Club<\/em><\/strong>.<\/p>\n\n\n\n<p>A estreia, no dia 21 de junho, o <strong><em>Sportivo<\/em><\/strong> venceu por 3 a 1 o <strong><em>Sport Club Boa Vista<\/em><\/strong>. Gols: <em>Campista<\/em> para o <strong><em>Boa Vista<\/em><\/strong>; <em>Zaz\u00e1, Almir Mituca e Pinto<\/em> para os <strong><em>alvinegros<\/em><\/strong>.<\/p>\n\n\n\n<p>O time seguiu embalado, batendo o <strong><em>Jornal do Commercio<\/em><\/strong> (6 a 2), <strong><em>Esperan\u00e7a<\/em><\/strong> (4 a 1), empatando com o grande rival <strong><em>Oriente<\/em><\/strong> (3 a 3), novo triunfo em cima do <strong><em>S\u00e3o Jos\u00e9<\/em><\/strong> (2 a 1), at\u00e9 tomar para o <strong><em>Deodoro<\/em><\/strong> (5 a 2) e <strong><em>Sport Club&nbsp; Campinho<\/em><\/strong> (1 a 0).&nbsp;<\/p>\n\n\n\n<p>O <strong><em>Sportivo<\/em><\/strong> voltou a vencer o <strong><em>Magno Football Club<\/em><\/strong> (5 a 2), depois empatou com <strong><em>Fidalgo<\/em><\/strong> (3 a 3), novo triunfo em cima do <strong><em>Sudan<\/em><\/strong> (3 a 2) e fechou o turno com derrota para o <strong><em>Campinho<\/em><\/strong> (1 a 0), por\u00e9m na lideran\u00e7a. &nbsp;&nbsp;<\/p>\n\n\n\n<p>O segundo turno, o <strong><em>Sportivo Santa Cruz<\/em><\/strong> encontrou um grande advers\u00e1rio: <strong><em>Liga Metropolitana de Desportes Terrestres (LMTD)<\/em><\/strong>. As atua\u00e7\u00f5es da arbitragem somada a indiferen\u00e7a da <strong><em>LMTD<\/em><\/strong> foi minando a diretoria <strong><em>alvinegra<\/em><\/strong>.<\/p>\n\n\n\n<p>Apesar de grandes vit\u00f3rias sobre o <strong><em>Boa Vista<\/em><\/strong> (1 a 0), <strong><em>S\u00e3o Jos\u00e9<\/em><\/strong> (3 a 0), <strong><em>Oriente<\/em><\/strong> (3 a 1), <strong><em>Esperan\u00e7a<\/em><\/strong> (1 a 0) e <strong><em>Sudan<\/em><\/strong> (5 a 4), renderiam um total de 27 pontos, o que lhe daria o t\u00edtulo com folga.<\/p>\n\n\n\n<p>No entanto, restando um jogo diante do <strong><em>Fidalgo<\/em><\/strong>, em casa, a diretoria do <strong><em>Sportivo<\/em><\/strong> Insatisfeitos com as decis\u00f5es da <strong><em>Liga<\/em><\/strong>, <em>no dia 25 de Janeiro<\/em>, tomaram a decis\u00e3o dr\u00e1stica de se retirar da competi\u00e7\u00e3o.<\/p>\n\n\n\n<p>Com isso, &#8220;<em>entregaram de bandeja<\/em>&#8221; os <strong><em>t\u00edtulos<\/em><\/strong> dos <em>Primeiros<\/em> e <em>Segundos Quadros <\/em>para o arqui-rival: <strong><em>Oriente Athletico Club<\/em><\/strong>. Para piorar, como o <strong><em>Sportivo<\/em><\/strong> se retirou, mesmo restando um jogo, o clube perdeu todos os pontos, saindo da lideran\u00e7a para a \u00faltima coloca\u00e7\u00e3o.<\/p>\n\n\n\n<p><strong>Resultados do 1\u00ba Turno<\/strong><\/p>\n\n\n\n<figure class=\"wp-block-table\"><table><tbody><tr><td><strong>DATAS<\/strong><\/td><td><strong>RESULTADOS<\/strong><\/td><td><strong>LOCAIS<\/strong><\/td><\/tr><tr><td>21\/06\/31<\/td><td>Boa Vista<\/td><td>1<\/td><td>X<\/td><td>3<\/td><td>Sportivo<\/td><td>Estrada das Furnas, no Alto da Boa Vista<\/td><\/tr><tr><td>28\/06\/31<\/td><td>Sportivo<\/td><td>6<\/td><td>X<\/td><td>2<\/td><td>Jornal do Commercio FC<\/td><td>Rua Nestor, n\u00ba 29 &#8211; Santa Cruz<\/td><\/tr><tr><td>12\/07\/31<\/td><td>Esperan\u00e7a<\/td><td>1<\/td><td>X<\/td><td>4<\/td><td>Sportivo<\/td><td>Rua Nestor, n\u00ba 29 &#8211; Santa Cruz<\/td><\/tr><tr><td>19\/07\/31<\/td><td>Oriente AC<\/td><td>3<\/td><td>X<\/td><td>3<\/td><td>Sportivo<\/td><td>Rua Nestor, n\u00ba 29 &#8211; Santa Cruz<\/td><\/tr><tr><td>26\/07\/31<\/td><td>S\u00e3o Jos\u00e9<\/td><td>1<\/td><td>X<\/td><td>2<\/td><td>Sportivo<\/td><td>Bairro de Magalh\u00e3es Bastos<\/td><\/tr><tr><td>02\/08\/31<\/td><td>Deodoro<\/td><td>5<\/td><td>X<\/td><td>2<\/td><td>Sportivo<\/td><td>Estrada de Nazareth &#8211; Deodoro<\/td><\/tr><tr><td>09\/08\/31<\/td><td>Campinho<\/td><td>1<\/td><td>X<\/td><td>0<\/td><td>Sportivo<\/td><td>Rua Mendes Aguiar, n\u00ba 18<\/td><\/tr><tr><td>16\/08\/31<\/td><td>Sportivo<\/td><td>5<\/td><td>X<\/td><td>2<\/td><td>Magno FC<\/td><td>Rua Nestor, n\u00ba 29 &#8211; Santa Cruz<\/td><\/tr><tr><td>23\/08\/31<\/td><td>Fidalgo<\/td><td>3<\/td><td>X<\/td><td>3<\/td><td>Sportivo<\/td><td>Rua Domingos Lopez &#8211; Madureira<\/td><\/tr><tr><td>30\/08\/31<\/td><td>Sudan AC<\/td><td>2<\/td><td>X<\/td><td>3<\/td><td>Sportivo<\/td><td>Bairro de Cascadura<\/td><\/tr><\/tbody><\/table><\/figure>\n\n\n\n<p><strong>Resultados do 2\u00ba Turno<\/strong><\/p>\n\n\n\n<figure class=\"wp-block-table\"><table><tbody><tr><td><strong>DATAS<\/strong><\/td><td><strong>RESULTADOS<\/strong><\/td><td><strong>LOCAIS<\/strong><\/td><\/tr><tr><td>20\/09\/31<\/td><td>Sportivo<\/td><td>1<\/td><td>X<\/td><td>0<\/td><td>Boa Vista<\/td><td>Rua Nestor, n\u00ba 29 &#8211; Santa Cruz<\/td><\/tr><tr><td>04\/10\/31<\/td><td>Sportivo<\/td><td>3<\/td><td>X<\/td><td>0<\/td><td>S\u00e3o Jos\u00e9<\/td><td>Rua Nestor, n\u00ba 29 &#8211; Santa Cruz<\/td><\/tr><tr><td>11\/10\/31<\/td><td>Sportivo<\/td><td>5<\/td><td>X<\/td><td>3<\/td><td>Campinho<\/td><td>Rua Nestor, n\u00ba 29 &#8211; Santa Cruz<\/td><\/tr><tr><td>18\/10\/31<\/td><td>Jornal do Commercio<\/td><td>3<\/td><td>X<\/td><td>1<\/td><td>Sportivo<\/td><td>Av. Francisco Bicalho &#8211; Santo Cristo<\/td><\/tr><tr><td>25\/10\/31<\/td><td>Sportivo<\/td><td>5<\/td><td>X<\/td><td>4<\/td><td>Sudan AC<\/td><td>Rua Nestor, n\u00ba 29 &#8211; Santa Cruz<\/td><\/tr><tr><td>08\/11\/31<\/td><td>Magno FC<\/td><td>4<\/td><td>X<\/td><td>1<\/td><td>Sportivo<\/td><td>Madureira<\/td><\/tr><tr><td>1\u00ba\/11\/31<\/td><td>Sportivo<\/td><td>3<\/td><td>X<\/td><td>1<\/td><td>Oriente AC<\/td><td>Rua Nestor, n\u00ba 29 &#8211; Santa Cruz<\/td><\/tr><tr><td>27\/12\/31<\/td><td>Sportivo<\/td><td>1<\/td><td>X<\/td><td>0<\/td><td>Esperan\u00e7a<\/td><td>Rua Nestor, n\u00ba 29 &#8211; Santa Cruz<\/td><\/tr><tr><td>17\/01\/32<\/td><td>Sportivo<\/td><td>2<\/td><td>X<\/td><td>2<\/td><td>Deodoro<\/td><td>Estrada de Nazareth &#8211; Deodoro<\/td><\/tr><tr><td>25\/01\/32<\/td><td>Sportivo<\/td><td>&#8211;<\/td><td>X<\/td><td>&#8211;<\/td><td>Fidalgo<\/td><td>Cancelado, porque o Sportivo abandonou o certame<\/td><\/tr><\/tbody><\/table><\/figure>\n\n\n\n<p><strong>Torneio In\u00edcio da LMDT de 1932<\/strong><\/p>\n\n\n\n<figure class=\"wp-block-image size-large is-resized\"><img loading=\"lazy\" decoding=\"async\" src=\"https:\/\/historiadofutebol.com\/blog\/wp-content\/uploads\/2021\/03\/Sportivo-Santa-Cruz-1931-299x500.jpg\" alt=\"\" class=\"wp-image-123628\" width=\"647\" height=\"1082\" srcset=\"https:\/\/historiadofutebol.com\/blog\/wp-content\/uploads\/2021\/03\/Sportivo-Santa-Cruz-1931-299x500.jpg 299w, https:\/\/historiadofutebol.com\/blog\/wp-content\/uploads\/2021\/03\/Sportivo-Santa-Cruz-1931-179x300.jpg 179w, https:\/\/historiadofutebol.com\/blog\/wp-content\/uploads\/2021\/03\/Sportivo-Santa-Cruz-1931-768x1286.jpg 768w, https:\/\/historiadofutebol.com\/blog\/wp-content\/uploads\/2021\/03\/Sportivo-Santa-Cruz-1931-624x1045.jpg 624w\" sizes=\"auto, (max-width: 647px) 100vw, 647px\" \/><\/figure>\n\n\n\n<p><em>No domingo, do dia 15 de maio de 1932<\/em>, aconteceu o <strong><em>Torneio Initium<\/em><\/strong>, no campo do <strong><em>Deodoro Athletico Club, <\/em><\/strong><em>na Estrada de Nazareth, na Esta\u00e7\u00e3o de Deodoro<\/em>. O <strong><em>Sportivo<\/em><\/strong> enfrentou, \u00e0s 13h40min., o <strong><em>Magno Football Club<\/em><\/strong><em> (Madureira)<\/em>. Por\u00e9m, o <strong><em>alvinegro<\/em><\/strong> caiu por <strong><em>1 a 0<\/em><\/strong>. Na final, o <strong><em>Deodoro<\/em><\/strong> foi o <strong><em>campe\u00e3o<\/em><\/strong> e o <strong><em>Oriente<\/em><\/strong>, ficou com o <strong><em>vice<\/em><\/strong>.<\/p>\n\n\n\n<p>O <strong><em>Campeonato da Liga Metropolitana<\/em><\/strong> em 1932, foi marcado pelo descontentamento de diversos clubes que no final foram abandonando o certame, inclusive o <strong><em>Sportivo Santa Cruz<\/em><\/strong>.<\/p>\n\n\n\n<p>Uma curiosidade \u00e9 que o <strong><em>Curva do Mattoso Football Club<\/em><\/strong> no meio da competi\u00e7\u00e3o alterou o seu nome para <strong><em>Sportivo Campo Grande<\/em><\/strong> &#8211; <em>na sexta-feira, do dia 28 de outubro de 1932<\/em> &#8211; em homenagem ao bairro onde a agremia\u00e7\u00e3o tinha sede.<\/p>\n\n\n\n<p><strong>Resultados do 1\u00ba Turno<\/strong><\/p>\n\n\n\n<figure class=\"wp-block-table\"><table><tbody><tr><td><strong>DATAS<\/strong><\/td><td><strong>RESULTADOS<\/strong><\/td><td><strong>LOCAIS<\/strong><\/td><\/tr><tr><td>26\/06\/32<\/td><td>Esperan\u00e7a<\/td><td>1<\/td><td>X<\/td><td>2<\/td><td>Sportivo<\/td><td>Rua Nestor, n\u00ba 29 &#8211; Santa Cruz<\/td><\/tr><tr><td>03\/07\/32<\/td><td>Sportivo<\/td><td>1<\/td><td>X<\/td><td>2<\/td><td>Campinho<\/td><td>Rua Nestor, n\u00ba 29 &#8211; Santa Cruz<\/td><\/tr><tr><td>10\/07\/32<\/td><td>Magno FC<\/td><td>3<\/td><td>X<\/td><td>0<\/td><td>Sportivo<\/td><td>Bairro de Madureira<\/td><\/tr><tr><td>17\/07\/32<\/td><td>Sudan AC<\/td><td>3<\/td><td>X<\/td><td>2<\/td><td>Sportivo<\/td><td>Bairro de Cascadura<\/td><\/tr><tr><td>24\/07\/32<\/td><td>S\u00e3o Jos\u00e9<\/td><td>1<\/td><td>X<\/td><td>1<\/td><td>Sportivo<\/td><td>Bairro de Magalh\u00e3es Bastos<\/td><\/tr><tr><td>07\/08\/32<\/td><td>Oriente AC<\/td><td>1<\/td><td>X<\/td><td>1<\/td><td>Sportivo<\/td><td>Rua Nestor, n\u00ba 29 &#8211; Santa Cruz<\/td><\/tr><tr><td>14\/08\/32<\/td><td>Sportivo<\/td><td>4<\/td><td>X<\/td><td>1<\/td><td>Vasquinho FC<\/td><td>Rua Nestor, n\u00ba 29 &#8211; Santa Cruz<\/td><\/tr><tr><td>21\/08\/32<\/td><td>Rio S\u00e3o Paulo FC<\/td><td>3<\/td><td>X<\/td><td>2<\/td><td>Sportivo<\/td><td>Bairro de Madureira<\/td><\/tr><tr><td>28\/08\/32<\/td><td>Boa Vista<\/td><td>4<\/td><td>X<\/td><td>0<\/td><td>Sportivo<\/td><td>Estrada das Furnas, no Alto da Boa Vista<\/td><\/tr><tr><td>04\/09\/32<\/td><td>Sportivo<\/td><td>&#8211;<\/td><td>X<\/td><td>&#8211;<\/td><td>Deodoro<\/td><td>Rua Nestor, n\u00ba 29 &#8211; Santa Cruz<\/td><\/tr><tr><td>11\/09\/32<\/td><td>Sportivo<\/td><td>2<\/td><td>X<\/td><td>1<\/td><td>Curva do Mattoso<\/td><td>Rua Nestor, n\u00ba 29 &#8211; Santa Cruz<\/td><\/tr><tr><td>18\/09\/32<\/td><td>Tri\u00e2ngulo Azul FC<\/td><td>2<\/td><td>X<\/td><td>3<\/td><td>Sportivo<\/td><td>Bairro: Centro<\/td><\/tr><\/tbody><\/table><\/figure>\n\n\n\n<p><strong>Resultados do 2\u00ba Turno<\/strong><\/p>\n\n\n\n<figure class=\"wp-block-table\"><table><tbody><tr><td><strong>DATAS<\/strong><\/td><td><strong>RESULTADOS<\/strong><\/td><td><strong>LOCAIS<\/strong><\/td><\/tr><tr><td>02\/10\/32<\/td><td>Sportivo<\/td><td>2<\/td><td>X<\/td><td>1<\/td><td>Esperan\u00e7a<\/td><td>Rua Nestor, n\u00ba 29 &#8211; Santa Cruz<\/td><\/tr><tr><td>09\/10\/32<\/td><td>Campinho<\/td><td>3<\/td><td>X<\/td><td>1<\/td><td>Sportivo<\/td><td>Rua Mendes Aguiar, n\u00ba 18<\/td><\/tr><tr><td>16\/10\/32<\/td><td>Sportivo<\/td><td>1<\/td><td>X<\/td><td>2<\/td><td>Magno FC<\/td><td>Rua Nestor, n\u00ba 29 &#8211; Santa Cruz<\/td><\/tr><tr><td>23\/10\/32<\/td><td>Sportivo<\/td><td>2<\/td><td>X<\/td><td>2<\/td><td>Sudan AC<\/td><td>Rua Nestor, n\u00ba 29 &#8211; Santa Cruz<\/td><\/tr><tr><td>30\/10\/32<\/td><td>Sportivo<\/td><td>5<\/td><td>X<\/td><td>1<\/td><td>SC S\u00e3o Jos\u00e9<\/td><td>Rua Nestor, n\u00ba 29 &#8211; Santa Cruz<\/td><\/tr><tr><td>05\/11\/32<\/td><td>Deodoro<\/td><td>&#8211;<\/td><td>X<\/td><td>&#8211;<\/td><td>Sportivo<\/td><td>Estrada de Nazareth &#8211; Deodoro<\/td><\/tr><tr><td>15\/11\/32<\/td><td>Sportivo<\/td><td>2<\/td><td>X<\/td><td>1<\/td><td>Oriente AC<\/td><td>Rua Nestor, n\u00ba 29 &#8211; Santa Cruz<\/td><\/tr><tr><td>20\/11\/32<\/td><td>Vasquinho<\/td><td>1<\/td><td>X<\/td><td>1<\/td><td>Sportivo<\/td><td>Bairro do Engenho de Dentro<\/td><\/tr><tr><td>27\/11\/32<\/td><td>Sportivo<\/td><td>1<\/td><td>X<\/td><td>0<\/td><td>Rio S\u00e3o Paulo<\/td><td>Rua Nestor, n\u00ba 29 &#8211; Santa Cruz<\/td><\/tr><tr><td>04\/12\/32<\/td><td>Sportivo<\/td><td>&#8211;<\/td><td>X<\/td><td>&#8211;<\/td><td>Boa Vista<\/td><td>Rua Nestor, n\u00ba 29 &#8211; Santa Cruz<\/td><\/tr><tr><td>18\/12\/32<\/td><td>Campo Grande<\/td><td>4<\/td><td>X<\/td><td>2<\/td><td>Sportivo<\/td><td>Bairro de Campo Grande<\/td><\/tr><tr><td>25\/12\/32<\/td><td>Sportivo<\/td><td>&#8211;<\/td><td>X<\/td><td>&#8211;<\/td><td>Tri\u00e2ngulo Azul<\/td><td>Cancelado, porque o Sportivo abandonou o certame<\/td><\/tr><\/tbody><\/table><\/figure>\n\n\n\n<figure class=\"wp-block-image size-large is-resized\"><img loading=\"lazy\" decoding=\"async\" src=\"https:\/\/historiadofutebol.com\/blog\/wp-content\/uploads\/2021\/03\/Classificacao-1932-226x500.jpg\" alt=\"\" class=\"wp-image-123630\" width=\"656\" height=\"1451\" srcset=\"https:\/\/historiadofutebol.com\/blog\/wp-content\/uploads\/2021\/03\/Classificacao-1932-226x500.jpg 226w, https:\/\/historiadofutebol.com\/blog\/wp-content\/uploads\/2021\/03\/Classificacao-1932-135x300.jpg 135w\" sizes=\"auto, (max-width: 656px) 100vw, 656px\" \/><\/figure>\n\n\n\n<p><strong>Torneio In\u00edcio da LMDT de 1933<\/strong><\/p>\n\n\n\n<p>Pelo <strong><em>Torneio Initium da LDMT<\/em><\/strong>, <em>no domingo, \u00e0s 11 horas, do dia 30 de abril de 1933<\/em>, no campo do Bangu, o <strong><em>Sportivo<\/em><\/strong> caiu na estreia, ao perder para o <strong><em>Sportivo Campo Grande<\/em><\/strong> por <strong><em>1 a 0<\/em><\/strong>. Sr. <em>Francisco Antonio<\/em> foi o \u00e1rbitro. O <strong><em>Sportivo<\/em><\/strong> jogou: <em>Oswaldo; Dantas e Euclydes; Jacy, Joaquim e Sebasti\u00e3o; Pl\u00ednio, Mozart, Vieira e Rubem<\/em>.<\/p>\n\n\n\n<p>No <strong><em>Campeonato da Liga Metropolitana em 1933<\/em><\/strong>, o <strong><em>Sportivo Santa Cruz<\/em><\/strong> fez parta da <strong><em>Divis\u00e3o Belfort Duarte<\/em><\/strong>. Nesse momento, o clube j\u00e1 apresentava dificuldades, sobretudo, no quesito estrutural.<\/p>\n\n\n\n<p>E logo na estreia, foi &#8220;<em>pintado um retrato<\/em>&#8221; de como seria a temporada do <strong><em>alvinegro Santacruzense<\/em><\/strong>! <em>No domingo, do dia 11 de junho de 1933<\/em>, os jogadores dos primeiros e segundos quadros do <strong><em>Sportivo<\/em><\/strong> n\u00e3o compareceram no jogo, diante do <strong><em>Sport Club S\u00e3o Jos\u00e9<\/em><\/strong>, em Magalh\u00e3es Bastos, e perderam por <strong><em>W.O. (placar de 1 a 0)<\/em><\/strong>.<\/p>\n\n\n\n<p><strong>Datas dos jogos<\/strong><\/p>\n\n\n\n<p>18 de junho de 1933, Sportivo x SC Albano<\/p>\n\n\n\n<p>25 de junho de 1933, Sportivo x Esperan\u00e7a<\/p>\n\n\n\n<p>02 de julho de 1933, Oriente x Sportivo<\/p>\n\n\n\n<p>09 de julho de 1933, Sportivo x Magno<\/p>\n\n\n\n<p>16 de julho de 1933, Sportivo x Campinho<\/p>\n\n\n\n<p>23 de julho de 1933, SC Parames x Sportivo<\/p>\n\n\n\n<p>06 de agosto de 1933, Deodoro x Sportivo<\/p>\n\n\n\n<p>13 de agosto de 1933, Sportivo 1 x 3 Campo Grande<\/p>\n\n\n\n<p>10 de setembro de 1933, Sportivo x S\u00e3o Jos\u00e9<\/p>\n\n\n\n<p>1\u00ba de outubro de 1933, Oriente 3 x 1 Sportivo<\/p>\n\n\n\n<p><strong>No dia em que o Sportivo Santa Cruz enfrentou o Flamengo<\/strong><\/p>\n\n\n\n<p>Em 1933, foram realizados obras para aumentar as arquibancadas do campo<\/p>\n\n\n\n<p><em>No domingo, do dia 15 de outubro de 1933<\/em>, no <em>Est\u00e1dio do Fluminense, em Laranjeiras<\/em>, o <strong><em>Bangu<\/em><\/strong> venceu o <strong><em>Flamengo<\/em><\/strong> por <strong><em>3 a 1<\/em><\/strong>, v\u00e1lido pelo <strong><em>Campeonato Carioca<\/em><\/strong>. Na preliminar, o <strong><em>Sportivo<\/em><\/strong> enfrentou, em amistosos, os amadores do <strong><em>Clube de Regatas Flamengo<\/em><\/strong>. A vit\u00f3ria foi <strong><em>rubro-negra<\/em><\/strong> pelo placar de <strong><em>3 a 2<\/em><\/strong>.<\/p>\n\n\n\n<p><em>No domingo, do dia 29 de outubro de 1933<\/em>, no <em>Est\u00e1dio de S\u00e3o Janu\u00e1rio<\/em>, na preliminar da vit\u00f3ria do <strong><em>Palestra (SP) <\/em><\/strong>por<strong><em> 3 a 1, no Bonsucesso,<\/em><\/strong> v\u00e1lido pelo <strong><em>Torneio Rio-S\u00e3o Paulo<\/em><\/strong>. o <strong><em>Sportivo<\/em><\/strong> goleou o <strong><em>Vasquinho<\/em><\/strong>, por 5 a 0, pelo <strong><em>Campeonato da Liga Metropolitana<\/em><\/strong>.<\/p>\n\n\n\n<p><em>No in\u00edcio de fevereiro de 1934<\/em>, a <strong><em>Liga Metropolitana de Desportos Terrestres (LMDT)<\/em><\/strong>, suspendeu o <strong><em>Sportivo<\/em><\/strong> por n\u00e3o comparecer nas assembl\u00e9ias e do n\u00e3o pagamento das multas.<\/p>\n\n\n\n<p><strong>Oriente tentou ajudar o Sportivo a n\u00e3o ser extinto<\/strong><\/p>\n\n\n\n<p>O <strong><em>Oriente Athletico Club<\/em><\/strong> era o grande rival do <strong><em>Sportivo<\/em><\/strong>, no bairro de Santa Cruz. Por\u00e9m, ao perceber que o clube co-irm\u00e3o estava agonizando o presidente do <strong><em>Oriente<\/em><\/strong>, <em>Sylvio Duarte de Moraes<\/em>, tratou de ajudar, realizando um festival.<\/p>\n\n\n\n<p>Naquele momento o <strong><em>Sportivo<\/em><\/strong> tinha se afastado das competi\u00e7\u00f5es e com ajuda de abnegados s\u00f3cios: <em>Dr. Jo\u00e3o Gualberto do Amaral<\/em>, <em>Jo\u00e3o Martins de Andrade<\/em> e <em>Almir Augusto Amaral<\/em>, tentou se reorganizar e voltar ao conv\u00edvio do desporto carioca.<\/p>\n\n\n\n<p><em>No domingo, \u00e0s 16 horas, do dia 07 de novembro de 1937<\/em>, no campo da <em>Rua Nestor, n\u00ba 29, em Santa Cruz<\/em>, foi realizado o festival organizado pelo <strong><em>Oriente<\/em><\/strong>. Na partida de fundo, <strong><em>Oriente<\/em><\/strong> e <strong><em>Sportivo Santa Cruz<\/em><\/strong> empataram em <strong><em>1 a 1<\/em><\/strong>. Os gols foram assinalados por <em>Bugeca<\/em> para o <strong><em>Oriente<\/em><\/strong>, <em>enquanto Jos\u00e9 Moura Costa<\/em> <em>(campe\u00e3o pelo Fluminense em 1924)<\/em>, de p\u00eanalti, marcou para o <strong><em>Sportivo<\/em><\/strong>.&nbsp;&nbsp;&nbsp; &nbsp;<\/p>\n\n\n\n<p>Depois, realizaram uma disputa, numa melhor de quatro jogos. No <strong><em>1\u00ba jogo<\/em><\/strong>, <em>no domingo, do dia 21 de novembro de 1937<\/em>, &nbsp;o <strong><em>Sportivo<\/em><\/strong> venceu o <strong><em>Oriente<\/em><\/strong> por <strong><em>1 a 0. <\/em><\/strong>No <strong><em>2\u00ba jogo<\/em><\/strong>, <em>no domingo, do dia 28 de novembro de 1937<\/em>, &nbsp;as duas equipes empataram em <strong><em>1 a 1<\/em><\/strong>. &nbsp;&nbsp;<\/p>\n\n\n\n<p><em>No domingo, do dia 28 de novembro de 1937<\/em>, no campo da Rua Nestor, <strong><em>n\u00ba 2 jogo<\/em><\/strong>, em Santa Cruz, o \u00faltimo jogo entre <strong><em>Sportivo<\/em><\/strong> e <strong><em>Oriente<\/em><\/strong>, empate em <strong><em>1 a 1<\/em><\/strong>. Com isso, nos tr\u00eas jogos, o <strong><em>Sportivo<\/em><\/strong> estava em vantagem com <em>uma vit\u00f3ria e dois empates<\/em>.<\/p>\n\n\n\n<p><em>No domingo, do dia 16 de janeiro de 1938<\/em>, <strong><em>Sportivo<\/em><\/strong> e <strong><em>Oriente<\/em><\/strong> se enfrentaram, v\u00e1lido pelo <strong><em>4\u00ba jogo<\/em><\/strong>, no <em>Est\u00e1dio da Rua Nestor, n\u00ba 29, em Santa Cruz<\/em>. E o <strong><em>Sportivo<\/em><\/strong> venceu o seu grande rival pelo placar de <strong><em>3 a 1<\/em><\/strong>, faturando o <strong><em>trof\u00e9u Antonio Joaquim da Costa<\/em><\/strong>. Assim, nos quatro jogos, o <strong><em>Sportivo Santa Cruz<\/em><\/strong> <em>venceu duas partidas e empatou as outras duas; seis gols pr\u00f3 e tr\u00eas contra<\/em>.&nbsp;&nbsp;&nbsp;<\/p>\n\n\n\n<p><strong>Adeus Sportivo Santa Cruz<\/strong><\/p>\n\n\n\n<p>Apesar do seu \u00faltimo cap\u00edtulo ter sido com a conquista da ta\u00e7a (<strong><em>trof\u00e9u Antonio Joaquim da Costa<\/em><\/strong>), n\u00e3o suficiente para reverter o quadro! E assim, sem nenhum alarde e nem nenhuma despedida, desapareceu para sempre o <strong>Sportivo Santa Cruz, <\/strong>em 1938.<\/p>\n\n\n\n<p><strong><u>Algumas forma\u00e7\u00f5es<\/u><\/strong><\/p>\n\n\n\n<figure class=\"wp-block-image size-large is-resized\"><img loading=\"lazy\" decoding=\"async\" src=\"https:\/\/historiadofutebol.com\/blog\/wp-content\/uploads\/2021\/03\/Campo-do-Sportivo-Santa-Cruz-atualmente-2019-500x214.jpg\" alt=\"\" class=\"wp-image-123635\" width=\"651\" height=\"279\" srcset=\"https:\/\/historiadofutebol.com\/blog\/wp-content\/uploads\/2021\/03\/Campo-do-Sportivo-Santa-Cruz-atualmente-2019-500x214.jpg 500w, https:\/\/historiadofutebol.com\/blog\/wp-content\/uploads\/2021\/03\/Campo-do-Sportivo-Santa-Cruz-atualmente-2019-300x128.jpg 300w, https:\/\/historiadofutebol.com\/blog\/wp-content\/uploads\/2021\/03\/Campo-do-Sportivo-Santa-Cruz-atualmente-2019-768x328.jpg 768w, https:\/\/historiadofutebol.com\/blog\/wp-content\/uploads\/2021\/03\/Campo-do-Sportivo-Santa-Cruz-atualmente-2019-624x267.jpg 624w, https:\/\/historiadofutebol.com\/blog\/wp-content\/uploads\/2021\/03\/Campo-do-Sportivo-Santa-Cruz-atualmente-2019.jpg 1338w\" sizes=\"auto, (max-width: 651px) 100vw, 651px\" \/><figcaption>Foto de 2019: Aqui ficava o campo, na Rua do Prado, n\u00ba 35, em Santa Cruz, zona oeste do Rio (RJ)<\/figcaption><\/figure>\n\n\n\n<p><strong><em>Time base de 1926:<\/em><\/strong><em> Irineu; Titeo e Dantas; Allem\u00e3o, Pequenino (Zequita) e Leite; Zizinho, Moutinho, Mituca, Zaz\u00e1 e Chiquito (Augusto)<\/em>.<\/p>\n\n\n\n<p><strong><em>Time base de 1927:<\/em><\/strong><em> Irineu (Alves ou Quidoca); Dantas (Togo) e Pequenino (Russinho ou Montinero); Allem\u00e3o (Inglez ou Penha), Machado (Cruz ou Zequita) e Moutinho (Amaral); Zizinho (Euclides), Leite (Amaral II ou Pinto), Mituca (Jo\u00e3o), Zaz\u00e1 (Gradim) e Juquinha (Augusto)<\/em>.<\/p>\n\n\n\n<p><strong><em>Time base de 1928:<\/em><\/strong><em> Geraldo; Pequenino e Dantas; Machado, Martins e Moutinho; Gradim, Zizinho, Mituca, Zaz\u00e1 e Ign\u00e1cio<\/em>.<\/p>\n\n\n\n<p><strong><em>Time base de 1929:<\/em><\/strong><em> Heitor (Frango); Levy (Dantas) e Sebasti\u00e3o (Belinho); Joaquim (Gradim), Hil\u00e1rio e Antonio (Quinzinho); Amaral (Eustachio), Romualdo (Zizinho), Mozart (Juquinha), Jorge (Zaz\u00e1) e Jo\u00e3o (Ga\u00facho)<\/em>.<\/p>\n\n\n\n<p><strong><em>Time base de 1930:<\/em><\/strong><em> Jaj\u00e1; Barroso (Guerra) e Ga\u00facho; Gradim (Barbosa), Pl\u00ednio e Gringo; Zizinho (Aquino), Edmundo (Walter), Almir &#8216;Mituca&#8217; (Aquino), Zaz\u00e1 (Vidal) e Heitor (Cap.)<\/em>.<\/p>\n\n\n\n<p><strong><em>Time base de 1931:<\/em><\/strong><em> Jaj\u00e1; Orlando (Barroso) e Dantas; Mituca (Calado), Guerra (Gamb\u00e1) e Ratinho (Gringo); Aderne (Heitor), Gradim (Annibal), Zaz\u00e1 (Titeo), Almir Mituca (Zaquita) e Pinto (Boto ou Cabrito)<\/em>.<\/p>\n\n\n\n<p><strong><em>Time base de 1932:<\/em><\/strong><em> Stemi; Zezinho e Dantas; Gradim, Sapinho e Gringo; Pl\u00ednio, Heitor, Zaz\u00e1, Vivi e Moura.<\/em><\/p>\n\n\n\n<p><strong><em>Time base de 1933:<\/em><\/strong><em> Zez\u00e9 (Oswaldo); Durval (Dantas) e Guerra I (Euclydes); Gradim (Jacy), Feiti\u00e7o (Luizinho ou Joaquim) e Guerra II (Sebasti\u00e3o); Hermes (Pl\u00ednio), Waldemar (Mozart ou Yaya), Zaz\u00e1 (Vieira), Andr\u00e9 (Rubem) e Camarim (Isaac)<\/em>.<\/p>\n\n\n\n<p><strong><em>Time base de 1937:<\/em><\/strong><em> En\u00e9as; Ernesto (Nula) e Jos\u00e9 (Zez\u00e9); Z\u00e9 Carlos (Jo\u00e3o Coelho), Jo\u00e3o e J\u00falio; Lulu, Andr\u00e9, Heitor, Albininho (Lulu) e Jos\u00e9 Moura Costa (Coelho)<\/em>.<\/p>\n\n\n\n<p><em><strong>Colabora\u00e7\u00e3o: <\/strong>Auriel de Almeida<\/em><\/p>\n\n\n\n<p><em><strong>Trabalho de pesquisa, desenho do escudo e uniforme:<\/strong> S\u00e9rgio Mello<\/em><\/p>\n\n\n\n<p><strong><em><u>FONTES<\/u><\/em><\/strong><strong><em>:<\/em><\/strong><em> A Batalha (RJ) &#8211; A Esquerda (RJ) &#8211; A Noite (RJ) &#8211; A Rua (RJ) &#8211; A Manh\u00e3 (RJ) &#8211; Correio da Manh\u00e3 (RJ) &#8211; Critica (RJ) &#8211; Correio Paulistano (SP) &#8211; Di\u00e1rio Carioca (RJ) &#8211; Di\u00e1rio da Noite (RJ) &#8211; Di\u00e1rio de Not\u00edcias (RJ) &#8211; Gazeta de Not\u00edcias (RJ) &#8211; Jornal do Brasil (RJ) &#8211; Jornal do Commercio (RJ) &#8211; Jornal dos Sports (RJ) &#8211; O Imparcial (RJ) &#8211; O Jornal (RJ) &#8211; O Paiz (RJ) &#8211; O Radical (RJ) &#8211; Revista do E.C. Guanabara de 1983  &#8211; Google Maps<\/em><\/p>\n","protected":false},"excerpt":{"rendered":"<p>IMPORTANTE! Caso compartilhe d\u00ea os devidos cr\u00e9ditos ao autor (S\u00e9rgio Mello) e ao blog (Hist\u00f3ria do Futebol). Vamos valorizar quem pesquisa, quem redesenha e quem busca apresentar raridades aos aficionados pela hist\u00f3ria, pelos escudos, pelo futebol em si! Obrigado! O Sportivo Santa Cruz foi uma agremia\u00e7\u00e3o da cidade do Rio de Janeiro (RJ). O &#8220;Alvinegro [&hellip;]<\/p>\n","protected":false},"author":55,"featured_media":0,"comment_status":"open","ping_status":"closed","sticky":false,"template":"","format":"standard","meta":{"footnotes":""},"categories":[203,91,531,83,59,75,345,3,47,76],"tags":[],"class_list":["post-123622","post","type-post","status-publish","format-standard","hentry","category-sergio-mello","category-campanhas-dos-campeoes-nordeste","category-carencias","category-x9-curiosidades","category-escudos","category-x3-estadios","category-fotos-historicas","category-historia-do-futebol","category-rio-de-janeiro","category-antigo-estado-do-rio"],"_links":{"self":[{"href":"https:\/\/historiadofutebol.com\/blog\/index.php?rest_route=\/wp\/v2\/posts\/123622","targetHints":{"allow":["GET"]}}],"collection":[{"href":"https:\/\/historiadofutebol.com\/blog\/index.php?rest_route=\/wp\/v2\/posts"}],"about":[{"href":"https:\/\/historiadofutebol.com\/blog\/index.php?rest_route=\/wp\/v2\/types\/post"}],"author":[{"embeddable":true,"href":"https:\/\/historiadofutebol.com\/blog\/index.php?rest_route=\/wp\/v2\/users\/55"}],"replies":[{"embeddable":true,"href":"https:\/\/historiadofutebol.com\/blog\/index.php?rest_route=%2Fwp%2Fv2%2Fcomments&post=123622"}],"version-history":[{"count":8,"href":"https:\/\/historiadofutebol.com\/blog\/index.php?rest_route=\/wp\/v2\/posts\/123622\/revisions"}],"predecessor-version":[{"id":123646,"href":"https:\/\/historiadofutebol.com\/blog\/index.php?rest_route=\/wp\/v2\/posts\/123622\/revisions\/123646"}],"wp:attachment":[{"href":"https:\/\/historiadofutebol.com\/blog\/index.php?rest_route=%2Fwp%2Fv2%2Fmedia&parent=123622"}],"wp:term":[{"taxonomy":"category","embeddable":true,"href":"https:\/\/historiadofutebol.com\/blog\/index.php?rest_route=%2Fwp%2Fv2%2Fcategories&post=123622"},{"taxonomy":"post_tag","embeddable":true,"href":"https:\/\/historiadofutebol.com\/blog\/index.php?rest_route=%2Fwp%2Fv2%2Ftags&post=123622"}],"curies":[{"name":"wp","href":"https:\/\/api.w.org\/{rel}","templated":true}]}}